{"id":9810,"date":"2018-04-10T06:00:18","date_gmt":"2018-04-10T06:00:18","guid":{"rendered":"http:\/\/vr-room.ch\/?p=9810"},"modified":"2018-03-30T18:38:17","modified_gmt":"2018-03-30T18:38:17","slug":"mittendrin-im-fluechtlingstrack","status":"publish","type":"post","link":"https:\/\/vr-room.ch\/it\/2018\/04\/10\/mittendrin-im-fluechtlingstrack\/","title":{"rendered":"Nel mezzo della pista per rifugiati"},"content":{"rendered":"<h3 id=\"carne-y-arena-fleisch-und-sand-heisst-die-ausstellung-in-los-angeles-county-museum-die-man-nur-mit-einer-virtual-reality-brille-erleben-kann-regisseur-inarritu-erzaehlt\">&#8222;Carne y Arena&#8220;, &#8222;Fleisch und Sand&#8220; heisst die Ausstellung in Los Angeles County Museum, die man nur mit einer Virtual-Reality-Brille erleben kann. Regisseur I\u00f1\u00e1rritu erz\u00e4hlt darin von der Flucht \u00fcber die Grenze von Mexiko &#8211; f\u00fcr die Museumsbesucher eine fast schmerzhaft sp\u00fcrbare Erfahrung.<\/h3>\n<p><!--more--><\/p>\n<p>Schon die ersten Sekunden der virtuellen Ausstellung fesseln erz\u00e4hlt die Redaktorin von Deutschlandrundufunk, Katharina Wilhelm:\u00a0&#8222;Bis vor ein paar Sekunden war ich noch in einem dunklen Raum mitten im County Museum in Los Angeles. Als ich die Augen wieder \u00f6ffne, stehe ich mitten in einer W\u00fcste. Es ist Nacht, ich sehe, wie sich eine Gruppe Menschen in meine Richtung bewegt. Eine Frau scheint verletzt, auf Spanisch ruft sie um Hilfe. Ein kleines M\u00e4dchen weint. Der Sand unter meinen F\u00fcssen ist grob und steinig, ein leichter Wind weht. Ich vergesse, dass ich eine riesige Virtual-Reality-Brille trage.&#8220;<\/p>\n<p>&#8222;Carne y Arena&#8220;, \u00fcbersetzt &#8222;Fleisch und Sand&#8220;, heisst die virtuelle Ausstellung des mexikanischen Regisseurs Alejandro Gonz\u00e1lez I\u00f1\u00e1rritu. Die Geschichte basiert auf Gespr\u00e4chen, die er mit Menschen gef\u00fchrt hat, die \u00fcber die Grenze von Mexiko in die USA gefl\u00fcchtet sind: &#8222;Jeder Satz, jede einzelne Geschichte war tief bewegend. Die Menschen waren bereit, ihr Leben zu riskieren, auch das ihrer Kinder.&#8220; Das erl\u00e4utert der Regisseur bei seiner Dankesrede vor der Oscar Academy. F\u00fcr seine Installation hatte er einen Ehren-Oscar erhalten.<\/p>\n<h3 id=\"die-geschichte-ist-koerperlich-zu-spueren\">La storia pu\u00f2 essere percepita fisicamente<\/h3>\n<p>Bereits in seinem Film &#8222;Babel&#8220; hatte I\u00f1\u00e1rritu das Thema Flucht aufgegriffen. Mit &#8222;Fleisch und Sand&#8220; will er den Zuschauer aus seiner beobachtenden Position locken, ihn mittenhinein holen und damit auch herausfordern. Anders als in Computerspielen, die mit einer Virtual-Reality-Brille gespielt werden, sorgt I\u00f1\u00e1rritu daf\u00fcr, dass wir seine Geschichte k\u00f6rperlich sp\u00fcren k\u00f6nnen. Im Vorraum der Ausstellung m\u00fcssen die Besucher ihre Schuhe und Str\u00fcmpfe ausziehen, um das echte Feeling zu erhalten. Der Raum ist dem als &#8222;Eisschrank&#8220; bekannten Haftr\u00e4umen f\u00fcr Fl\u00fcchtlinge nachempfunden, die es entlang der Grenze gibt. Im Ausstellungsraum sorgt ein Gebl\u00e4se und heftiger Sound daf\u00fcr, dass man den Hubschrauber, der \u00fcber einem und den Fl\u00fcchtenden kreist, wirklich f\u00fchle.<\/p>\n<p>&#8222;Unsere Intention war, einen der \u00e4ltesten Konflikte der Menschheit mit der neusten Technik zu erz\u00e4hlen. Ich bin nicht an Technik interessiert, die uns aus der Realit\u00e4t fl\u00fcchten l\u00e4sst, sondern die uns einen Teil unserer komplexen Realit\u00e4t zeigt&#8220;, so I\u00f1\u00e1rritu.<\/p>\n<p>Come visitatore VR, potete almeno prendere una decisione: Volete stare accanto ai fuggitivi o girarvi, ignorare il tutto o addirittura togliervi gli occhiali?<\/p>\n<h3 id=\"ein-starkes-beispiel-dafuer-wie-vr-empathie-weckt\">Un potente esempio di come la VR risvegli l'empatia<\/h3>\n<p>L'esperienza virtuale dura poco meno di sette minuti.  Naturalmente, l'intenzione del regista \u00e8 quella di suscitare empatia. Ma \u00e8 anche una dichiarazione politica, in California, al confine con il Messico. Trump vuole costruire il suo muro anche l\u00ec; in nessun luogo ci sono tanti immigrati latinoamericani come in California. Per I\u00f1\u00e1rritu, la realt\u00e0 virtuale \u00e8 un'opportunit\u00e0 per il qui e ora e allo stesso tempo la strada per il futuro:<\/p>\n<p>&#8222;Wir stehen Anfang einer neuen Kunstform, deren Sprache und visuelle Grammatik wir noch verstehen m\u00fcssen. Doch die n\u00e4chste Generation wird diese erkunden und uns in neue Welten entf\u00fchren k\u00f6nnen.&#8220;<\/p>\n<p>Die VR-Installation &#8222;Carne y Arena&#8220; war bis Januar 2018 in der <a class=\"dradioLink\" href=\"http:\/\/www.fondazioneprada.org\/?lang=en\" target=\"_blank\" rel=\"noopener noreferrer\">Fondazione Prada<\/a> a Milano e attualmente \u00e8 visibile nel <a class=\"dradioLink\" href=\"http:\/\/www.lacma.org\/carne-y-arena#landing\" target=\"_blank\" rel=\"noopener noreferrer\">Museo d'arte della contea di Los Angeles<\/a> essere visitati.<\/p>\n<p>Fonte: Deutschlandfunk<\/p>","protected":false},"excerpt":{"rendered":"&#8222;Carne y Arena&#8220;, &#8222;Fleisch und Sand&#8220; heisst die Ausstellung in Los Angeles County Museum, die man nur mit&hellip;","protected":false},"author":12,"featured_media":9813,"comment_status":"open","ping_status":"open","sticky":false,"template":"","format":"standard","meta":{"footnotes":""},"categories":[67,3],"tags":[],"class_list":{"0":"post-9810","1":"post","2":"type-post","3":"status-publish","4":"format-standard","5":"has-post-thumbnail","7":"category-virtual-reality-gesellschaft","8":"category-virtual-reality-kunst","9":"cs-entry","10":"cs-video-wrap"},"yoast_head":"<!-- This site is optimized with the Yoast SEO plugin v27.4 - https:\/\/yoast.com\/product\/yoast-seo-wordpress\/ -->\n<title>Mittendrin im Fl\u00fcchtlingstrack - Schweizer Virtual Reality News<\/title>\n<meta name=\"robots\" content=\"index, follow, max-snippet:-1, max-image-preview:large, max-video-preview:-1\" \/>\n<link rel=\"canonical\" href=\"http:\/\/vr-room.ch\/it\/2018\/04\/10\/mittendrin-im-fluechtlingstrack\/\" \/>\n<meta property=\"og:locale\" content=\"it_IT\" \/>\n<meta property=\"og:type\" content=\"article\" \/>\n<meta property=\"og:title\" content=\"Mittendrin im Fl\u00fcchtlingstrack - Schweizer Virtual Reality News\" \/>\n<meta property=\"og:description\" content=\"&#8222;Carne y Arena&#8220;, &#8222;Fleisch und Sand&#8220; heisst die Ausstellung in Los Angeles County Museum, die man nur mit&hellip;\" \/>\n<meta property=\"og:url\" content=\"http:\/\/vr-room.ch\/it\/2018\/04\/10\/mittendrin-im-fluechtlingstrack\/\" \/>\n<meta property=\"og:site_name\" content=\"Schweizer Virtual Reality News\" \/>\n<meta property=\"article:published_time\" content=\"2018-04-10T06:00:18+00:00\" \/>\n<meta property=\"og:image\" content=\"https:\/\/vr-room.ch\/wp-content\/uploads\/2018\/03\/5346d8bc0a92327d30506db396a92a79v1_max_755x425_b3535db83dc50e27c1bb1392364c95a2.jpg\" \/>\n\t<meta property=\"og:image:width\" content=\"755\" \/>\n\t<meta property=\"og:image:height\" content=\"425\" \/>\n\t<meta property=\"og:image:type\" content=\"image\/jpeg\" \/>\n<meta name=\"author\" content=\"Nathalie\" \/>\n<meta name=\"twitter:card\" content=\"summary_large_image\" \/>\n<meta name=\"twitter:label1\" content=\"Scritto da\" \/>\n\t<meta name=\"twitter:data1\" content=\"Nathalie\" \/>\n\t<meta name=\"twitter:label2\" content=\"Tempo di lettura stimato\" \/>\n\t<meta name=\"twitter:data2\" content=\"3 minuti\" \/>\n<script type=\"application\/ld+json\" class=\"yoast-schema-graph\">{\"@context\":\"https:\\\/\\\/schema.org\",\"@graph\":[{\"@type\":\"Article\",\"@id\":\"http:\\\/\\\/vr-room.ch\\\/en\\\/2018\\\/04\\\/10\\\/mittendrin-im-fluechtlingstrack\\\/#article\",\"isPartOf\":{\"@id\":\"http:\\\/\\\/vr-room.ch\\\/en\\\/2018\\\/04\\\/10\\\/mittendrin-im-fluechtlingstrack\\\/\"},\"author\":{\"name\":\"Nathalie\",\"@id\":\"http:\\\/\\\/vr-room.ch\\\/en\\\/#\\\/schema\\\/person\\\/1a03b3a6ced429fb4831f60fa2b37599\"},\"headline\":\"Mittendrin im Fl\u00fcchtlingstrack\",\"datePublished\":\"2018-04-10T06:00:18+00:00\",\"mainEntityOfPage\":{\"@id\":\"http:\\\/\\\/vr-room.ch\\\/en\\\/2018\\\/04\\\/10\\\/mittendrin-im-fluechtlingstrack\\\/\"},\"wordCount\":583,\"commentCount\":0,\"image\":{\"@id\":\"http:\\\/\\\/vr-room.ch\\\/en\\\/2018\\\/04\\\/10\\\/mittendrin-im-fluechtlingstrack\\\/#primaryimage\"},\"thumbnailUrl\":\"https:\\\/\\\/vr-room.ch\\\/wp-content\\\/uploads\\\/2018\\\/03\\\/5346d8bc0a92327d30506db396a92a79v1_max_755x425_b3535db83dc50e27c1bb1392364c95a2.jpg\",\"articleSection\":[\"Gesellschaft\",\"Kunst\"],\"inLanguage\":\"it-IT\",\"potentialAction\":[{\"@type\":\"CommentAction\",\"name\":\"Comment\",\"target\":[\"http:\\\/\\\/vr-room.ch\\\/en\\\/2018\\\/04\\\/10\\\/mittendrin-im-fluechtlingstrack\\\/#respond\"]}]},{\"@type\":\"WebPage\",\"@id\":\"http:\\\/\\\/vr-room.ch\\\/en\\\/2018\\\/04\\\/10\\\/mittendrin-im-fluechtlingstrack\\\/\",\"url\":\"http:\\\/\\\/vr-room.ch\\\/en\\\/2018\\\/04\\\/10\\\/mittendrin-im-fluechtlingstrack\\\/\",\"name\":\"Mittendrin im Fl\u00fcchtlingstrack - Schweizer Virtual Reality News\",\"isPartOf\":{\"@id\":\"http:\\\/\\\/vr-room.ch\\\/en\\\/#website\"},\"primaryImageOfPage\":{\"@id\":\"http:\\\/\\\/vr-room.ch\\\/en\\\/2018\\\/04\\\/10\\\/mittendrin-im-fluechtlingstrack\\\/#primaryimage\"},\"image\":{\"@id\":\"http:\\\/\\\/vr-room.ch\\\/en\\\/2018\\\/04\\\/10\\\/mittendrin-im-fluechtlingstrack\\\/#primaryimage\"},\"thumbnailUrl\":\"https:\\\/\\\/vr-room.ch\\\/wp-content\\\/uploads\\\/2018\\\/03\\\/5346d8bc0a92327d30506db396a92a79v1_max_755x425_b3535db83dc50e27c1bb1392364c95a2.jpg\",\"datePublished\":\"2018-04-10T06:00:18+00:00\",\"author\":{\"@id\":\"http:\\\/\\\/vr-room.ch\\\/en\\\/#\\\/schema\\\/person\\\/1a03b3a6ced429fb4831f60fa2b37599\"},\"breadcrumb\":{\"@id\":\"http:\\\/\\\/vr-room.ch\\\/en\\\/2018\\\/04\\\/10\\\/mittendrin-im-fluechtlingstrack\\\/#breadcrumb\"},\"inLanguage\":\"it-IT\",\"potentialAction\":[{\"@type\":\"ReadAction\",\"target\":[\"http:\\\/\\\/vr-room.ch\\\/en\\\/2018\\\/04\\\/10\\\/mittendrin-im-fluechtlingstrack\\\/\"]}]},{\"@type\":\"ImageObject\",\"inLanguage\":\"it-IT\",\"@id\":\"http:\\\/\\\/vr-room.ch\\\/en\\\/2018\\\/04\\\/10\\\/mittendrin-im-fluechtlingstrack\\\/#primaryimage\",\"url\":\"https:\\\/\\\/vr-room.ch\\\/wp-content\\\/uploads\\\/2018\\\/03\\\/5346d8bc0a92327d30506db396a92a79v1_max_755x425_b3535db83dc50e27c1bb1392364c95a2.jpg\",\"contentUrl\":\"https:\\\/\\\/vr-room.ch\\\/wp-content\\\/uploads\\\/2018\\\/03\\\/5346d8bc0a92327d30506db396a92a79v1_max_755x425_b3535db83dc50e27c1bb1392364c95a2.jpg\",\"width\":755,\"height\":425},{\"@type\":\"BreadcrumbList\",\"@id\":\"http:\\\/\\\/vr-room.ch\\\/en\\\/2018\\\/04\\\/10\\\/mittendrin-im-fluechtlingstrack\\\/#breadcrumb\",\"itemListElement\":[{\"@type\":\"ListItem\",\"position\":1,\"name\":\"Startseite\",\"item\":\"http:\\\/\\\/vr-room.ch\\\/en\\\/\"},{\"@type\":\"ListItem\",\"position\":2,\"name\":\"Mittendrin im Fl\u00fcchtlingstrack\"}]},{\"@type\":\"WebSite\",\"@id\":\"http:\\\/\\\/vr-room.ch\\\/en\\\/#website\",\"url\":\"http:\\\/\\\/vr-room.ch\\\/en\\\/\",\"name\":\"Schweizer Virtual Reality News\",\"description\":\"\",\"potentialAction\":[{\"@type\":\"SearchAction\",\"target\":{\"@type\":\"EntryPoint\",\"urlTemplate\":\"http:\\\/\\\/vr-room.ch\\\/en\\\/?s={search_term_string}\"},\"query-input\":{\"@type\":\"PropertyValueSpecification\",\"valueRequired\":true,\"valueName\":\"search_term_string\"}}],\"inLanguage\":\"it-IT\"},{\"@type\":\"Person\",\"@id\":\"http:\\\/\\\/vr-room.ch\\\/en\\\/#\\\/schema\\\/person\\\/1a03b3a6ced429fb4831f60fa2b37599\",\"name\":\"Nathalie\",\"image\":{\"@type\":\"ImageObject\",\"inLanguage\":\"it-IT\",\"@id\":\"https:\\\/\\\/vr-room.ch\\\/wp-content\\\/uploads\\\/2017\\\/01\\\/avatar_user_12_1484159890-96x96.jpg\",\"url\":\"https:\\\/\\\/vr-room.ch\\\/wp-content\\\/uploads\\\/2017\\\/01\\\/avatar_user_12_1484159890-96x96.jpg\",\"contentUrl\":\"https:\\\/\\\/vr-room.ch\\\/wp-content\\\/uploads\\\/2017\\\/01\\\/avatar_user_12_1484159890-96x96.jpg\",\"caption\":\"Nathalie\"},\"url\":\"https:\\\/\\\/vr-room.ch\\\/it\\\/author\\\/nathalie\\\/\"}]}<\/script>\n<!-- \/ Yoast SEO plugin. -->","yoast_head_json":{"title":"Mittendrin im Fl\u00fcchtlingstrack - Schweizer Virtual Reality News","robots":{"index":"index","follow":"follow","max-snippet":"max-snippet:-1","max-image-preview":"max-image-preview:large","max-video-preview":"max-video-preview:-1"},"canonical":"http:\/\/vr-room.ch\/it\/2018\/04\/10\/mittendrin-im-fluechtlingstrack\/","og_locale":"it_IT","og_type":"article","og_title":"Mittendrin im Fl\u00fcchtlingstrack - Schweizer Virtual Reality News","og_description":"&#8222;Carne y Arena&#8220;, &#8222;Fleisch und Sand&#8220; heisst die Ausstellung in Los Angeles County Museum, die man nur mit&hellip;","og_url":"http:\/\/vr-room.ch\/it\/2018\/04\/10\/mittendrin-im-fluechtlingstrack\/","og_site_name":"Schweizer Virtual Reality News","article_published_time":"2018-04-10T06:00:18+00:00","og_image":[{"width":755,"height":425,"url":"https:\/\/vr-room.ch\/wp-content\/uploads\/2018\/03\/5346d8bc0a92327d30506db396a92a79v1_max_755x425_b3535db83dc50e27c1bb1392364c95a2.jpg","type":"image\/jpeg"}],"author":"Nathalie","twitter_card":"summary_large_image","twitter_misc":{"Scritto da":"Nathalie","Tempo di lettura stimato":"3 minuti"},"schema":{"@context":"https:\/\/schema.org","@graph":[{"@type":"Article","@id":"http:\/\/vr-room.ch\/en\/2018\/04\/10\/mittendrin-im-fluechtlingstrack\/#article","isPartOf":{"@id":"http:\/\/vr-room.ch\/en\/2018\/04\/10\/mittendrin-im-fluechtlingstrack\/"},"author":{"name":"Nathalie","@id":"http:\/\/vr-room.ch\/en\/#\/schema\/person\/1a03b3a6ced429fb4831f60fa2b37599"},"headline":"Mittendrin im Fl\u00fcchtlingstrack","datePublished":"2018-04-10T06:00:18+00:00","mainEntityOfPage":{"@id":"http:\/\/vr-room.ch\/en\/2018\/04\/10\/mittendrin-im-fluechtlingstrack\/"},"wordCount":583,"commentCount":0,"image":{"@id":"http:\/\/vr-room.ch\/en\/2018\/04\/10\/mittendrin-im-fluechtlingstrack\/#primaryimage"},"thumbnailUrl":"https:\/\/vr-room.ch\/wp-content\/uploads\/2018\/03\/5346d8bc0a92327d30506db396a92a79v1_max_755x425_b3535db83dc50e27c1bb1392364c95a2.jpg","articleSection":["Gesellschaft","Kunst"],"inLanguage":"it-IT","potentialAction":[{"@type":"CommentAction","name":"Comment","target":["http:\/\/vr-room.ch\/en\/2018\/04\/10\/mittendrin-im-fluechtlingstrack\/#respond"]}]},{"@type":"WebPage","@id":"http:\/\/vr-room.ch\/en\/2018\/04\/10\/mittendrin-im-fluechtlingstrack\/","url":"http:\/\/vr-room.ch\/en\/2018\/04\/10\/mittendrin-im-fluechtlingstrack\/","name":"Mittendrin im Fl\u00fcchtlingstrack - Schweizer Virtual Reality News","isPartOf":{"@id":"http:\/\/vr-room.ch\/en\/#website"},"primaryImageOfPage":{"@id":"http:\/\/vr-room.ch\/en\/2018\/04\/10\/mittendrin-im-fluechtlingstrack\/#primaryimage"},"image":{"@id":"http:\/\/vr-room.ch\/en\/2018\/04\/10\/mittendrin-im-fluechtlingstrack\/#primaryimage"},"thumbnailUrl":"https:\/\/vr-room.ch\/wp-content\/uploads\/2018\/03\/5346d8bc0a92327d30506db396a92a79v1_max_755x425_b3535db83dc50e27c1bb1392364c95a2.jpg","datePublished":"2018-04-10T06:00:18+00:00","author":{"@id":"http:\/\/vr-room.ch\/en\/#\/schema\/person\/1a03b3a6ced429fb4831f60fa2b37599"},"breadcrumb":{"@id":"http:\/\/vr-room.ch\/en\/2018\/04\/10\/mittendrin-im-fluechtlingstrack\/#breadcrumb"},"inLanguage":"it-IT","potentialAction":[{"@type":"ReadAction","target":["http:\/\/vr-room.ch\/en\/2018\/04\/10\/mittendrin-im-fluechtlingstrack\/"]}]},{"@type":"ImageObject","inLanguage":"it-IT","@id":"http:\/\/vr-room.ch\/en\/2018\/04\/10\/mittendrin-im-fluechtlingstrack\/#primaryimage","url":"https:\/\/vr-room.ch\/wp-content\/uploads\/2018\/03\/5346d8bc0a92327d30506db396a92a79v1_max_755x425_b3535db83dc50e27c1bb1392364c95a2.jpg","contentUrl":"https:\/\/vr-room.ch\/wp-content\/uploads\/2018\/03\/5346d8bc0a92327d30506db396a92a79v1_max_755x425_b3535db83dc50e27c1bb1392364c95a2.jpg","width":755,"height":425},{"@type":"BreadcrumbList","@id":"http:\/\/vr-room.ch\/en\/2018\/04\/10\/mittendrin-im-fluechtlingstrack\/#breadcrumb","itemListElement":[{"@type":"ListItem","position":1,"name":"Startseite","item":"http:\/\/vr-room.ch\/en\/"},{"@type":"ListItem","position":2,"name":"Mittendrin im Fl\u00fcchtlingstrack"}]},{"@type":"WebSite","@id":"http:\/\/vr-room.ch\/en\/#website","url":"http:\/\/vr-room.ch\/en\/","name":"Notizie sulla realt\u00e0 virtuale in Svizzera","description":"","potentialAction":[{"@type":"SearchAction","target":{"@type":"EntryPoint","urlTemplate":"http:\/\/vr-room.ch\/en\/?s={search_term_string}"},"query-input":{"@type":"PropertyValueSpecification","valueRequired":true,"valueName":"search_term_string"}}],"inLanguage":"it-IT"},{"@type":"Person","@id":"http:\/\/vr-room.ch\/en\/#\/schema\/person\/1a03b3a6ced429fb4831f60fa2b37599","name":"Nathalie","image":{"@type":"ImageObject","inLanguage":"it-IT","@id":"https:\/\/vr-room.ch\/wp-content\/uploads\/2017\/01\/avatar_user_12_1484159890-96x96.jpg","url":"https:\/\/vr-room.ch\/wp-content\/uploads\/2017\/01\/avatar_user_12_1484159890-96x96.jpg","contentUrl":"https:\/\/vr-room.ch\/wp-content\/uploads\/2017\/01\/avatar_user_12_1484159890-96x96.jpg","caption":"Nathalie"},"url":"https:\/\/vr-room.ch\/it\/author\/nathalie\/"}]}},"_links":{"self":[{"href":"https:\/\/vr-room.ch\/it\/wp-json\/wp\/v2\/posts\/9810","targetHints":{"allow":["GET"]}}],"collection":[{"href":"https:\/\/vr-room.ch\/it\/wp-json\/wp\/v2\/posts"}],"about":[{"href":"https:\/\/vr-room.ch\/it\/wp-json\/wp\/v2\/types\/post"}],"author":[{"embeddable":true,"href":"https:\/\/vr-room.ch\/it\/wp-json\/wp\/v2\/users\/12"}],"replies":[{"embeddable":true,"href":"https:\/\/vr-room.ch\/it\/wp-json\/wp\/v2\/comments?post=9810"}],"version-history":[{"count":0,"href":"https:\/\/vr-room.ch\/it\/wp-json\/wp\/v2\/posts\/9810\/revisions"}],"wp:featuredmedia":[{"embeddable":true,"href":"https:\/\/vr-room.ch\/it\/wp-json\/wp\/v2\/media\/9813"}],"wp:attachment":[{"href":"https:\/\/vr-room.ch\/it\/wp-json\/wp\/v2\/media?parent=9810"}],"wp:term":[{"taxonomy":"category","embeddable":true,"href":"https:\/\/vr-room.ch\/it\/wp-json\/wp\/v2\/categories?post=9810"},{"taxonomy":"post_tag","embeddable":true,"href":"https:\/\/vr-room.ch\/it\/wp-json\/wp\/v2\/tags?post=9810"}],"curies":[{"name":"wp","href":"https:\/\/api.w.org\/{rel}","templated":true}]}}