{"id":9327,"date":"2018-02-09T06:57:53","date_gmt":"2018-02-09T06:57:53","guid":{"rendered":"http:\/\/vr-room.ch\/?p=9327"},"modified":"2018-02-06T12:24:20","modified_gmt":"2018-02-06T12:24:20","slug":"klimts-bildwelt-in-vr-erleben","status":"publish","type":"post","link":"https:\/\/vr-room.ch\/it\/2018\/02\/09\/klimts-bildwelt-in-vr-erleben\/","title":{"rendered":"Vivere il mondo delle immagini di Klimt in VR"},"content":{"rendered":"<h3 id=\"der-vr-kuenstler-und-filmemacher-frederick-baker-hat-fuer-das-museum-fuer-angewandte-kunst-anlaesslich-des-100-todestags-von-gustav-klimt-eines-seiner-hauptwerke-in-eine-landschaft-verwandelt-d\">In occasione del centenario della morte di Gustav Klimt, l'artista e regista VR Frederick Baker ha trasformato una delle sue opere principali in un paesaggio visitabile con occhiali VR per il Museum of Applied Arts.<\/h3>\n<p><!--more--><\/p>\n<p>Unire arte e vita, avvolgere le persone nella bellezza, era un obiettivo dichiarato dell'Art Nouveau. Ecco perch\u00e9 l'artista digitale Frederick Baker \u00e8 abbastanza sicuro che Gustav Klimt (1862-1918) sarebbe stato entusiasta della VR. E soprattutto, ovviamente, dell'installazione Klimt's Magic Garden, che Baker presenta al Museo di Arti Applicate (Mak) in occasione del centenario della nascita di Klimt: Chiunque indossi gli occhiali VR si trover\u00e0 al centro del mondo visivo di Klimt.<\/p>\n<p>Il pavimento di questo paesaggio collinare \u00e8 costellato di scintillanti ornamenti dorati; alberi a spirale e ornati svettano tutt'intorno. Modelli triangolari scendono come cascate e a un certo punto ci si ritrova sotto una pioggia di occhi e ghirigori. Il viaggio in VR, orrendamente kitsch ma che vale la pena di sperimentare, \u00e8 ispirato al fregio a mosaico di Klimt per il Palais Stoclet di Bruxelles. Baker ha combinato i pezzi del set per creare una fantasia a met\u00e0 tra la post-apocalisse e Alice nel Paese delle Meraviglie (nello stile di Tim Burton).<\/p>\n<div id='gallery-1' class='gallery galleryid-9327 gallery-columns-3 gallery-size-thumbnail'><figure class='gallery-item'>\n\t\t\t<div class='gallery-icon landscape'>\n\t\t\t\t<a href='https:\/\/vr-room.ch\/it\/2018\/02\/09\/klimts-bildwelt-in-vr-erleben\/baker-4\/'><img loading=\"lazy\" decoding=\"async\" width=\"150\" height=\"150\" src=\"https:\/\/vr-room.ch\/wp-content\/uploads\/2018\/02\/baker-4-150x150.jpg\" class=\"attachment-thumbnail size-thumbnail\" alt=\"\" srcset=\"https:\/\/vr-room.ch\/wp-content\/uploads\/2018\/02\/baker-4-150x150.jpg 150w, https:\/\/vr-room.ch\/wp-content\/uploads\/2018\/02\/baker-4-539x538.jpg 539w, https:\/\/vr-room.ch\/wp-content\/uploads\/2018\/02\/baker-4-350x350.jpg 350w, https:\/\/vr-room.ch\/wp-content\/uploads\/2018\/02\/baker-4-254x254.jpg 254w, https:\/\/vr-room.ch\/wp-content\/uploads\/2018\/02\/baker-4-125x125.jpg 125w\" sizes=\"auto, (max-width: 150px) 100vw, 150px\" \/><\/a>\n\t\t\t<\/div><\/figure><figure class='gallery-item'>\n\t\t\t<div class='gallery-icon landscape'>\n\t\t\t\t<a href='https:\/\/vr-room.ch\/it\/2018\/02\/09\/klimts-bildwelt-in-vr-erleben\/baker-3_1\/'><img loading=\"lazy\" decoding=\"async\" width=\"150\" height=\"150\" src=\"https:\/\/vr-room.ch\/wp-content\/uploads\/2018\/02\/baker-3_1-150x150.jpg\" class=\"attachment-thumbnail size-thumbnail\" alt=\"\" srcset=\"https:\/\/vr-room.ch\/wp-content\/uploads\/2018\/02\/baker-3_1-150x150.jpg 150w, https:\/\/vr-room.ch\/wp-content\/uploads\/2018\/02\/baker-3_1-539x538.jpg 539w, https:\/\/vr-room.ch\/wp-content\/uploads\/2018\/02\/baker-3_1-350x350.jpg 350w, https:\/\/vr-room.ch\/wp-content\/uploads\/2018\/02\/baker-3_1-254x254.jpg 254w, https:\/\/vr-room.ch\/wp-content\/uploads\/2018\/02\/baker-3_1-125x125.jpg 125w\" sizes=\"auto, (max-width: 150px) 100vw, 150px\" \/><\/a>\n\t\t\t<\/div><\/figure><figure class='gallery-item'>\n\t\t\t<div class='gallery-icon landscape'>\n\t\t\t\t<a href='https:\/\/vr-room.ch\/it\/2018\/02\/09\/klimts-bildwelt-in-vr-erleben\/baker-2_1\/'><img loading=\"lazy\" decoding=\"async\" width=\"150\" height=\"150\" src=\"https:\/\/vr-room.ch\/wp-content\/uploads\/2018\/02\/baker-2_1-150x150.jpg\" class=\"attachment-thumbnail size-thumbnail\" alt=\"\" srcset=\"https:\/\/vr-room.ch\/wp-content\/uploads\/2018\/02\/baker-2_1-150x150.jpg 150w, https:\/\/vr-room.ch\/wp-content\/uploads\/2018\/02\/baker-2_1-539x538.jpg 539w, https:\/\/vr-room.ch\/wp-content\/uploads\/2018\/02\/baker-2_1-350x350.jpg 350w, https:\/\/vr-room.ch\/wp-content\/uploads\/2018\/02\/baker-2_1-254x254.jpg 254w, https:\/\/vr-room.ch\/wp-content\/uploads\/2018\/02\/baker-2_1-125x125.jpg 125w\" sizes=\"auto, (max-width: 150px) 100vw, 150px\" \/><\/a>\n\t\t\t<\/div><\/figure>\n\t\t<\/div>\n\n<h3 id=\"ego-flaneur-statt-ego-shooter\">Flaneur in prima persona anzich\u00e9 sparatutto in prima persona<\/h3>\n<p>Auch die Narration der interaktiven virtuellen Reise \u2013 &#8222;Erwartung und Erf\u00fcllung&#8220; \u2013 ist an Klimt angelehnt. Der Digitalk\u00fcnstler habe sich hierbei \u00fcberlegt, wie so eine Landschaft zum Thema Erwartung und wie eine zu Erf\u00fcllung aussehen k\u00f6nnte. Der Weg, den Betrachter durch die virtuelle Welt nehmen, ist frei w\u00e4hlbar.<\/p>\n<p>Questo spinge Baker e il direttore del Mak Christoph Thun-Hohenstein a filosofeggiare sulla non linearit\u00e0, su nuovi concetti di lavoro e su prospettive insolite dell'originale di Klimt, che il lavoro ben congegnato di Baker rende certamente possibile. L'opera si basa anche sui molti anni di ricerca dell'artista sulle narrazioni alternative in VR.<\/p>\n<p>Klimt&#8217;s Magic Garden ist mitunter auch ein Versuch, VR einem breiten Publikum m\u00f6glichst niedrigschwellig nahezubringen und sie als Kunstform zu etablieren. Dies ist der Grund, warum Baker sich darum bem\u00fcht, Computerspielklischees zu durchbrechen: &#8222;Ego-Flaneur statt Ego-Shooter&#8220;, so beschreibt er seinen Ansatz, der mehr auf alternative Verwendungsweisen und weniger auf den schnellen Rausch zielt.<\/p>\n<p>Fonte: derstandard<\/p>","protected":false},"excerpt":{"rendered":"L'artista e regista VR Frederick Baker ha creato un film per il Museo di Arti Applicate in occasione del 100\u00b0 anniversario della morte di Gustav...","protected":false},"author":12,"featured_media":9328,"comment_status":"open","ping_status":"open","sticky":false,"template":"","format":"standard","meta":{"footnotes":""},"categories":[3],"tags":[],"class_list":{"0":"post-9327","1":"post","2":"type-post","3":"status-publish","4":"format-standard","5":"has-post-thumbnail","7":"category-virtual-reality-kunst","8":"cs-entry","9":"cs-video-wrap"},"yoast_head":"<!-- This site is optimized with the Yoast SEO plugin v27.4 - https:\/\/yoast.com\/product\/yoast-seo-wordpress\/ -->\n<title>Klimts Bildwelt in VR erleben - Schweizer Virtual Reality News<\/title>\n<meta name=\"robots\" content=\"index, follow, max-snippet:-1, max-image-preview:large, max-video-preview:-1\" \/>\n<link rel=\"canonical\" href=\"https:\/\/vr-room.ch\/it\/2018\/02\/09\/klimts-bildwelt-in-vr-erleben\/\" \/>\n<meta property=\"og:locale\" content=\"it_IT\" \/>\n<meta property=\"og:type\" content=\"article\" \/>\n<meta property=\"og:title\" content=\"Klimts Bildwelt in VR erleben - Schweizer Virtual Reality News\" \/>\n<meta property=\"og:description\" content=\"Der VR-K\u00fcnstler und Filmemacher Frederick Baker hat f\u00fcr das Museum f\u00fcr angewandte Kunst anl\u00e4sslich des 100. Todestags von\u00a0Gustav&hellip;\" \/>\n<meta property=\"og:url\" content=\"https:\/\/vr-room.ch\/it\/2018\/02\/09\/klimts-bildwelt-in-vr-erleben\/\" \/>\n<meta property=\"og:site_name\" content=\"Schweizer Virtual Reality News\" \/>\n<meta property=\"article:published_time\" content=\"2018-02-09T06:57:53+00:00\" \/>\n<meta property=\"og:image\" content=\"https:\/\/vr-room.ch\/wp-content\/uploads\/2018\/02\/baker-1_1.jpg\" \/>\n\t<meta property=\"og:image:width\" content=\"1200\" \/>\n\t<meta property=\"og:image:height\" content=\"675\" \/>\n\t<meta property=\"og:image:type\" content=\"image\/jpeg\" \/>\n<meta name=\"author\" content=\"Nathalie\" \/>\n<meta name=\"twitter:card\" content=\"summary_large_image\" \/>\n<meta name=\"twitter:label1\" content=\"Scritto da\" \/>\n\t<meta name=\"twitter:data1\" content=\"Nathalie\" \/>\n\t<meta name=\"twitter:label2\" content=\"Tempo di lettura stimato\" \/>\n\t<meta name=\"twitter:data2\" content=\"2 minuti\" \/>\n<script type=\"application\/ld+json\" class=\"yoast-schema-graph\">{\"@context\":\"https:\\\/\\\/schema.org\",\"@graph\":[{\"@type\":\"Article\",\"@id\":\"https:\\\/\\\/vr-room.ch\\\/2018\\\/02\\\/09\\\/klimts-bildwelt-in-vr-erleben\\\/#article\",\"isPartOf\":{\"@id\":\"https:\\\/\\\/vr-room.ch\\\/2018\\\/02\\\/09\\\/klimts-bildwelt-in-vr-erleben\\\/\"},\"author\":{\"name\":\"Nathalie\",\"@id\":\"http:\\\/\\\/vr-room.ch\\\/en\\\/#\\\/schema\\\/person\\\/1a03b3a6ced429fb4831f60fa2b37599\"},\"headline\":\"Klimts Bildwelt in VR erleben\",\"datePublished\":\"2018-02-09T06:57:53+00:00\",\"mainEntityOfPage\":{\"@id\":\"https:\\\/\\\/vr-room.ch\\\/2018\\\/02\\\/09\\\/klimts-bildwelt-in-vr-erleben\\\/\"},\"wordCount\":355,\"commentCount\":0,\"image\":{\"@id\":\"https:\\\/\\\/vr-room.ch\\\/2018\\\/02\\\/09\\\/klimts-bildwelt-in-vr-erleben\\\/#primaryimage\"},\"thumbnailUrl\":\"https:\\\/\\\/vr-room.ch\\\/wp-content\\\/uploads\\\/2018\\\/02\\\/baker-1_1.jpg\",\"articleSection\":[\"Kunst\"],\"inLanguage\":\"it-IT\",\"potentialAction\":[{\"@type\":\"CommentAction\",\"name\":\"Comment\",\"target\":[\"https:\\\/\\\/vr-room.ch\\\/2018\\\/02\\\/09\\\/klimts-bildwelt-in-vr-erleben\\\/#respond\"]}]},{\"@type\":\"WebPage\",\"@id\":\"https:\\\/\\\/vr-room.ch\\\/2018\\\/02\\\/09\\\/klimts-bildwelt-in-vr-erleben\\\/\",\"url\":\"https:\\\/\\\/vr-room.ch\\\/2018\\\/02\\\/09\\\/klimts-bildwelt-in-vr-erleben\\\/\",\"name\":\"Klimts Bildwelt in VR erleben - Schweizer Virtual Reality News\",\"isPartOf\":{\"@id\":\"http:\\\/\\\/vr-room.ch\\\/en\\\/#website\"},\"primaryImageOfPage\":{\"@id\":\"https:\\\/\\\/vr-room.ch\\\/2018\\\/02\\\/09\\\/klimts-bildwelt-in-vr-erleben\\\/#primaryimage\"},\"image\":{\"@id\":\"https:\\\/\\\/vr-room.ch\\\/2018\\\/02\\\/09\\\/klimts-bildwelt-in-vr-erleben\\\/#primaryimage\"},\"thumbnailUrl\":\"https:\\\/\\\/vr-room.ch\\\/wp-content\\\/uploads\\\/2018\\\/02\\\/baker-1_1.jpg\",\"datePublished\":\"2018-02-09T06:57:53+00:00\",\"author\":{\"@id\":\"http:\\\/\\\/vr-room.ch\\\/en\\\/#\\\/schema\\\/person\\\/1a03b3a6ced429fb4831f60fa2b37599\"},\"breadcrumb\":{\"@id\":\"https:\\\/\\\/vr-room.ch\\\/2018\\\/02\\\/09\\\/klimts-bildwelt-in-vr-erleben\\\/#breadcrumb\"},\"inLanguage\":\"it-IT\",\"potentialAction\":[{\"@type\":\"ReadAction\",\"target\":[\"https:\\\/\\\/vr-room.ch\\\/2018\\\/02\\\/09\\\/klimts-bildwelt-in-vr-erleben\\\/\"]}]},{\"@type\":\"ImageObject\",\"inLanguage\":\"it-IT\",\"@id\":\"https:\\\/\\\/vr-room.ch\\\/2018\\\/02\\\/09\\\/klimts-bildwelt-in-vr-erleben\\\/#primaryimage\",\"url\":\"https:\\\/\\\/vr-room.ch\\\/wp-content\\\/uploads\\\/2018\\\/02\\\/baker-1_1.jpg\",\"contentUrl\":\"https:\\\/\\\/vr-room.ch\\\/wp-content\\\/uploads\\\/2018\\\/02\\\/baker-1_1.jpg\",\"width\":1200,\"height\":675},{\"@type\":\"BreadcrumbList\",\"@id\":\"https:\\\/\\\/vr-room.ch\\\/2018\\\/02\\\/09\\\/klimts-bildwelt-in-vr-erleben\\\/#breadcrumb\",\"itemListElement\":[{\"@type\":\"ListItem\",\"position\":1,\"name\":\"Startseite\",\"item\":\"http:\\\/\\\/vr-room.ch\\\/en\\\/\"},{\"@type\":\"ListItem\",\"position\":2,\"name\":\"Klimts Bildwelt in VR erleben\"}]},{\"@type\":\"WebSite\",\"@id\":\"http:\\\/\\\/vr-room.ch\\\/en\\\/#website\",\"url\":\"http:\\\/\\\/vr-room.ch\\\/en\\\/\",\"name\":\"Schweizer Virtual Reality News\",\"description\":\"\",\"potentialAction\":[{\"@type\":\"SearchAction\",\"target\":{\"@type\":\"EntryPoint\",\"urlTemplate\":\"http:\\\/\\\/vr-room.ch\\\/en\\\/?s={search_term_string}\"},\"query-input\":{\"@type\":\"PropertyValueSpecification\",\"valueRequired\":true,\"valueName\":\"search_term_string\"}}],\"inLanguage\":\"it-IT\"},{\"@type\":\"Person\",\"@id\":\"http:\\\/\\\/vr-room.ch\\\/en\\\/#\\\/schema\\\/person\\\/1a03b3a6ced429fb4831f60fa2b37599\",\"name\":\"Nathalie\",\"image\":{\"@type\":\"ImageObject\",\"inLanguage\":\"it-IT\",\"@id\":\"https:\\\/\\\/vr-room.ch\\\/wp-content\\\/uploads\\\/2017\\\/01\\\/avatar_user_12_1484159890-96x96.jpg\",\"url\":\"https:\\\/\\\/vr-room.ch\\\/wp-content\\\/uploads\\\/2017\\\/01\\\/avatar_user_12_1484159890-96x96.jpg\",\"contentUrl\":\"https:\\\/\\\/vr-room.ch\\\/wp-content\\\/uploads\\\/2017\\\/01\\\/avatar_user_12_1484159890-96x96.jpg\",\"caption\":\"Nathalie\"},\"url\":\"https:\\\/\\\/vr-room.ch\\\/it\\\/author\\\/nathalie\\\/\"}]}<\/script>\n<!-- \/ Yoast SEO plugin. -->","yoast_head_json":{"title":"Klimts Bildwelt in VR erleben - Schweizer Virtual Reality News","robots":{"index":"index","follow":"follow","max-snippet":"max-snippet:-1","max-image-preview":"max-image-preview:large","max-video-preview":"max-video-preview:-1"},"canonical":"https:\/\/vr-room.ch\/it\/2018\/02\/09\/klimts-bildwelt-in-vr-erleben\/","og_locale":"it_IT","og_type":"article","og_title":"Klimts Bildwelt in VR erleben - Schweizer Virtual Reality News","og_description":"Der VR-K\u00fcnstler und Filmemacher Frederick Baker hat f\u00fcr das Museum f\u00fcr angewandte Kunst anl\u00e4sslich des 100. Todestags von\u00a0Gustav&hellip;","og_url":"https:\/\/vr-room.ch\/it\/2018\/02\/09\/klimts-bildwelt-in-vr-erleben\/","og_site_name":"Schweizer Virtual Reality News","article_published_time":"2018-02-09T06:57:53+00:00","og_image":[{"width":1200,"height":675,"url":"https:\/\/vr-room.ch\/wp-content\/uploads\/2018\/02\/baker-1_1.jpg","type":"image\/jpeg"}],"author":"Nathalie","twitter_card":"summary_large_image","twitter_misc":{"Scritto da":"Nathalie","Tempo di lettura stimato":"2 minuti"},"schema":{"@context":"https:\/\/schema.org","@graph":[{"@type":"Article","@id":"https:\/\/vr-room.ch\/2018\/02\/09\/klimts-bildwelt-in-vr-erleben\/#article","isPartOf":{"@id":"https:\/\/vr-room.ch\/2018\/02\/09\/klimts-bildwelt-in-vr-erleben\/"},"author":{"name":"Nathalie","@id":"http:\/\/vr-room.ch\/en\/#\/schema\/person\/1a03b3a6ced429fb4831f60fa2b37599"},"headline":"Klimts Bildwelt in VR erleben","datePublished":"2018-02-09T06:57:53+00:00","mainEntityOfPage":{"@id":"https:\/\/vr-room.ch\/2018\/02\/09\/klimts-bildwelt-in-vr-erleben\/"},"wordCount":355,"commentCount":0,"image":{"@id":"https:\/\/vr-room.ch\/2018\/02\/09\/klimts-bildwelt-in-vr-erleben\/#primaryimage"},"thumbnailUrl":"https:\/\/vr-room.ch\/wp-content\/uploads\/2018\/02\/baker-1_1.jpg","articleSection":["Kunst"],"inLanguage":"it-IT","potentialAction":[{"@type":"CommentAction","name":"Comment","target":["https:\/\/vr-room.ch\/2018\/02\/09\/klimts-bildwelt-in-vr-erleben\/#respond"]}]},{"@type":"WebPage","@id":"https:\/\/vr-room.ch\/2018\/02\/09\/klimts-bildwelt-in-vr-erleben\/","url":"https:\/\/vr-room.ch\/2018\/02\/09\/klimts-bildwelt-in-vr-erleben\/","name":"Klimts Bildwelt in VR erleben - Schweizer Virtual Reality News","isPartOf":{"@id":"http:\/\/vr-room.ch\/en\/#website"},"primaryImageOfPage":{"@id":"https:\/\/vr-room.ch\/2018\/02\/09\/klimts-bildwelt-in-vr-erleben\/#primaryimage"},"image":{"@id":"https:\/\/vr-room.ch\/2018\/02\/09\/klimts-bildwelt-in-vr-erleben\/#primaryimage"},"thumbnailUrl":"https:\/\/vr-room.ch\/wp-content\/uploads\/2018\/02\/baker-1_1.jpg","datePublished":"2018-02-09T06:57:53+00:00","author":{"@id":"http:\/\/vr-room.ch\/en\/#\/schema\/person\/1a03b3a6ced429fb4831f60fa2b37599"},"breadcrumb":{"@id":"https:\/\/vr-room.ch\/2018\/02\/09\/klimts-bildwelt-in-vr-erleben\/#breadcrumb"},"inLanguage":"it-IT","potentialAction":[{"@type":"ReadAction","target":["https:\/\/vr-room.ch\/2018\/02\/09\/klimts-bildwelt-in-vr-erleben\/"]}]},{"@type":"ImageObject","inLanguage":"it-IT","@id":"https:\/\/vr-room.ch\/2018\/02\/09\/klimts-bildwelt-in-vr-erleben\/#primaryimage","url":"https:\/\/vr-room.ch\/wp-content\/uploads\/2018\/02\/baker-1_1.jpg","contentUrl":"https:\/\/vr-room.ch\/wp-content\/uploads\/2018\/02\/baker-1_1.jpg","width":1200,"height":675},{"@type":"BreadcrumbList","@id":"https:\/\/vr-room.ch\/2018\/02\/09\/klimts-bildwelt-in-vr-erleben\/#breadcrumb","itemListElement":[{"@type":"ListItem","position":1,"name":"Startseite","item":"http:\/\/vr-room.ch\/en\/"},{"@type":"ListItem","position":2,"name":"Klimts Bildwelt in VR erleben"}]},{"@type":"WebSite","@id":"http:\/\/vr-room.ch\/en\/#website","url":"http:\/\/vr-room.ch\/en\/","name":"Notizie sulla realt\u00e0 virtuale in Svizzera","description":"","potentialAction":[{"@type":"SearchAction","target":{"@type":"EntryPoint","urlTemplate":"http:\/\/vr-room.ch\/en\/?s={search_term_string}"},"query-input":{"@type":"PropertyValueSpecification","valueRequired":true,"valueName":"search_term_string"}}],"inLanguage":"it-IT"},{"@type":"Person","@id":"http:\/\/vr-room.ch\/en\/#\/schema\/person\/1a03b3a6ced429fb4831f60fa2b37599","name":"Nathalie","image":{"@type":"ImageObject","inLanguage":"it-IT","@id":"https:\/\/vr-room.ch\/wp-content\/uploads\/2017\/01\/avatar_user_12_1484159890-96x96.jpg","url":"https:\/\/vr-room.ch\/wp-content\/uploads\/2017\/01\/avatar_user_12_1484159890-96x96.jpg","contentUrl":"https:\/\/vr-room.ch\/wp-content\/uploads\/2017\/01\/avatar_user_12_1484159890-96x96.jpg","caption":"Nathalie"},"url":"https:\/\/vr-room.ch\/it\/author\/nathalie\/"}]}},"_links":{"self":[{"href":"https:\/\/vr-room.ch\/it\/wp-json\/wp\/v2\/posts\/9327","targetHints":{"allow":["GET"]}}],"collection":[{"href":"https:\/\/vr-room.ch\/it\/wp-json\/wp\/v2\/posts"}],"about":[{"href":"https:\/\/vr-room.ch\/it\/wp-json\/wp\/v2\/types\/post"}],"author":[{"embeddable":true,"href":"https:\/\/vr-room.ch\/it\/wp-json\/wp\/v2\/users\/12"}],"replies":[{"embeddable":true,"href":"https:\/\/vr-room.ch\/it\/wp-json\/wp\/v2\/comments?post=9327"}],"version-history":[{"count":0,"href":"https:\/\/vr-room.ch\/it\/wp-json\/wp\/v2\/posts\/9327\/revisions"}],"wp:featuredmedia":[{"embeddable":true,"href":"https:\/\/vr-room.ch\/it\/wp-json\/wp\/v2\/media\/9328"}],"wp:attachment":[{"href":"https:\/\/vr-room.ch\/it\/wp-json\/wp\/v2\/media?parent=9327"}],"wp:term":[{"taxonomy":"category","embeddable":true,"href":"https:\/\/vr-room.ch\/it\/wp-json\/wp\/v2\/categories?post=9327"},{"taxonomy":"post_tag","embeddable":true,"href":"https:\/\/vr-room.ch\/it\/wp-json\/wp\/v2\/tags?post=9327"}],"curies":[{"name":"wp","href":"https:\/\/api.w.org\/{rel}","templated":true}]}}