{"id":9061,"date":"2018-01-17T06:02:04","date_gmt":"2018-01-17T06:02:04","guid":{"rendered":"http:\/\/vr-room.ch\/?p=9061"},"modified":"2018-01-12T07:28:20","modified_gmt":"2018-01-12T07:28:20","slug":"karrieremesse-mal-anders","status":"publish","type":"post","link":"https:\/\/vr-room.ch\/it\/2018\/01\/17\/karrieremesse-mal-anders\/","title":{"rendered":"Fiera delle carriere con una differenza"},"content":{"rendered":"<h3 id=\"mit-jobunication-vr-kommt-die-erste-virtual-reality-karrieremesse-auf-den-markt-welche-rund-um-die-uhr-verfuegbar-sein-wird\">Jobunication VR \u00e8 la prima fiera delle carriere in realt\u00e0 virtuale ad essere lanciata sul mercato, che sar\u00e0 disponibile 24 ore su 24. <!--more--><\/h3>\n<p>La start-up di Francoforte <a href=\"http:\/\/jobunication.online\/\" target=\"_blank\" rel=\"nofollow noopener noreferrer\">Comunicazione di lavoro VR<\/a> ha iniziato a organizzare le tradizionali fiere della carriera tre anni fa. Le aziende prenotavano gli stand con l'obiettivo di ispirare studenti e giovani professionisti. Il resto non cambiava: la fiera era seguita da colloqui personali e da un programma di supporto costituito da conferenze, keynote e tavole rotonde. Ma nell'era digitale di oggi \u00e8 possibile fare di pi\u00f9!<\/p>\n<p>Nel frattempo, si nota spesso che le aziende sono passate alla valutazione online nel processo di candidatura. Allora perch\u00e9 non creare una piattaforma che sostituisca la fiera tradizionale? Un mondo fieristico \"realistico\" che permetta un approccio diretto, che sia permanentemente online e che quindi si rivolga in particolare a un gruppo target giovane o avventuroso? \u00c8 nata l'idea di Jobunication! Per inciso, il nome \u00e8 un acronimo composto dalle parole \"Job\", \"Uni\" e \"(Edu)cation\".<\/p>\n<h3 id=\"24-7-online-karrieremesse-und-4-live-events-pro-jahr\">Fiera delle carriere online 24\/7 - e 4 eventi dal vivo all'anno<\/h3>\n<p>Il mondo virtuale di Jobunication VR \u00e8 allestito come una fiera realistica. Lo sforzo per i visitatori e le aziende \u00e8 minore di quanto si possa pensare: la tecnologia \u00e8 disponibile per tutti i visitatori senza la necessit\u00e0 di scaricare alcun programma o plug-in. I visitatori si registrano su <a href=\"http:\/\/jobunication.online\/\" target=\"_blank\" rel=\"nofollow noopener noreferrer\">jobunication.online<\/a>ed \u00e8 possibile accedere alla fiera virtuale a partire dal 25 gennaio 2018.<\/p>\n<p>La fiera VR \u00e8 accessibile 24 ore su 24, 7 giorni su 7, 365 giorni all'anno, e funge quindi da piattaforma informativa permanente. Naturalmente non \u00e8 aperta tutti i giorni, ma ci sono eventi in diretta. Gli espositori sono presenti online a un evento intensamente pubblicizzato per trimestre, con tutti i dipendenti che desiderano interagire direttamente con i visitatori.<\/p>\n<p><img loading=\"lazy\" decoding=\"async\" class=\"alignnone  wp-image-9062\" src=\"http:\/\/vr-room.ch\/wp-content\/uploads\/2018\/01\/jobunication-1-300x200.jpg\" alt=\"\" width=\"567\" height=\"378\" srcset=\"https:\/\/vr-room.ch\/wp-content\/uploads\/2018\/01\/jobunication-1-300x200.jpg 300w, https:\/\/vr-room.ch\/wp-content\/uploads\/2018\/01\/jobunication-1-539x359.jpg 539w, https:\/\/vr-room.ch\/wp-content\/uploads\/2018\/01\/jobunication-1-350x233.jpg 350w, https:\/\/vr-room.ch\/wp-content\/uploads\/2018\/01\/jobunication-1-254x169.jpg 254w, https:\/\/vr-room.ch\/wp-content\/uploads\/2018\/01\/jobunication-1-125x83.jpg 125w, https:\/\/vr-room.ch\/wp-content\/uploads\/2018\/01\/jobunication-1.jpg 620w\" sizes=\"auto, (max-width: 567px) 100vw, 567px\" \/><\/p>\n<h3 id=\"permanent-flexible-gestaltung-der-messe-staende\">Design sempre flessibile degli stand fieristici<\/h3>\n<p>Gli stand espositivi sono personalizzati in base all'identit\u00e0 aziendale dell'espositore con un allestimento unico. In altre parole, \u00e8 possibile scegliere diversi design di stand e personalizzarli con loghi, immagini, video, annunci di lavoro e prodotti opzionali. Tutti i contenuti possono essere modificati e scaricati in modo permanente.<\/p>\n<h3 id=\"einfache-kommunikation-ohne-preis\">Comunicazione semplice senza prezzo<\/h3>\n<p>Per alcune persone entrare in contatto potrebbe essere pi\u00f9 facile che nella vita reale. Basta un clic sull'avatar e si ha la possibilit\u00e0 di chattare, chiamare l'avatar (senza software o plugin esterni) o scambiare biglietti da visita. I candidati possono persino aggiungere il proprio CV al biglietto da visita e inviarlo all'intervistatore con un semplice clic.<\/p>\n<p>Il tutto \u00e8 ovviamente pratico anche se, ad esempio, si \u00e8 raffreddati o non si pu\u00f2 partecipare alla fiera per motivi di tempo. La fiera pu\u00f2 essere visitata anche da qualsiasi luogo.<\/p>\n<p><iframe loading=\"lazy\" title=\"Jobunication VR - Fiera delle carriere in realt\u00e0 virtuale\" width=\"1200\" height=\"675\" src=\"https:\/\/www.youtube.com\/embed\/81fDpxhOCqc?feature=oembed\" frameborder=\"0\" allow=\"accelerometer; autoplay; clipboard-write; encrypted-media; gyroscope; picture-in-picture\" allowfullscreen><\/iframe><\/p>\n<p>Chiunque pensi di dover acquistare le migliori attrezzature VR e di doversi permettere un account costoso si sbaglia di grosso: non servono occhiali VR per utilizzare la piattaforma e Jobunication VR \u00e8 e rimane gratuito per i candidati!<\/p>\n<p>Fonte: Gr\u00fcnderszene<\/p>\n<p>&nbsp;<\/p>","protected":false},"excerpt":{"rendered":"Jobunication VR \u00e8 la prima fiera della carriera in realt\u00e0 virtuale disponibile 24 ore su 24....","protected":false},"author":12,"featured_media":9066,"comment_status":"open","ping_status":"open","sticky":false,"template":"","format":"standard","meta":{"footnotes":""},"categories":[67],"tags":[],"class_list":{"0":"post-9061","1":"post","2":"type-post","3":"status-publish","4":"format-standard","5":"has-post-thumbnail","7":"category-virtual-reality-gesellschaft","8":"cs-entry","9":"cs-video-wrap"},"yoast_head":"<!-- This site is optimized with the Yoast SEO plugin v27.4 - https:\/\/yoast.com\/product\/yoast-seo-wordpress\/ -->\n<title>Karrieremesse mal anders - Schweizer Virtual Reality News<\/title>\n<meta name=\"robots\" content=\"index, follow, max-snippet:-1, max-image-preview:large, max-video-preview:-1\" \/>\n<link rel=\"canonical\" href=\"https:\/\/vr-room.ch\/it\/2018\/01\/17\/karrieremesse-mal-anders\/\" \/>\n<meta property=\"og:locale\" content=\"it_IT\" \/>\n<meta property=\"og:type\" content=\"article\" \/>\n<meta property=\"og:title\" content=\"Karrieremesse mal anders - Schweizer Virtual Reality News\" \/>\n<meta property=\"og:description\" content=\"Mit Jobunication VR kommt die erste Virtual Reality Karrieremesse auf den Markt, welche rund um die Uhr verf\u00fcgbar&hellip;\" \/>\n<meta property=\"og:url\" content=\"https:\/\/vr-room.ch\/it\/2018\/01\/17\/karrieremesse-mal-anders\/\" \/>\n<meta property=\"og:site_name\" content=\"Schweizer Virtual Reality News\" \/>\n<meta property=\"article:published_time\" content=\"2018-01-17T06:02:04+00:00\" \/>\n<meta property=\"og:image\" content=\"https:\/\/vr-room.ch\/wp-content\/uploads\/2018\/01\/titelbild-jobunication-startseite.jpg\" \/>\n\t<meta property=\"og:image:width\" content=\"820\" \/>\n\t<meta property=\"og:image:height\" content=\"428\" \/>\n\t<meta property=\"og:image:type\" content=\"image\/jpeg\" \/>\n<meta name=\"author\" content=\"Nathalie\" \/>\n<meta name=\"twitter:card\" content=\"summary_large_image\" \/>\n<meta name=\"twitter:label1\" content=\"Scritto da\" \/>\n\t<meta name=\"twitter:data1\" content=\"Nathalie\" \/>\n\t<meta name=\"twitter:label2\" content=\"Tempo di lettura stimato\" \/>\n\t<meta name=\"twitter:data2\" content=\"2 minuti\" \/>\n<script type=\"application\/ld+json\" class=\"yoast-schema-graph\">{\"@context\":\"https:\\\/\\\/schema.org\",\"@graph\":[{\"@type\":\"Article\",\"@id\":\"https:\\\/\\\/vr-room.ch\\\/2018\\\/01\\\/17\\\/karrieremesse-mal-anders\\\/#article\",\"isPartOf\":{\"@id\":\"https:\\\/\\\/vr-room.ch\\\/2018\\\/01\\\/17\\\/karrieremesse-mal-anders\\\/\"},\"author\":{\"name\":\"Nathalie\",\"@id\":\"http:\\\/\\\/vr-room.ch\\\/en\\\/#\\\/schema\\\/person\\\/1a03b3a6ced429fb4831f60fa2b37599\"},\"headline\":\"Karrieremesse mal anders\",\"datePublished\":\"2018-01-17T06:02:04+00:00\",\"mainEntityOfPage\":{\"@id\":\"https:\\\/\\\/vr-room.ch\\\/2018\\\/01\\\/17\\\/karrieremesse-mal-anders\\\/\"},\"wordCount\":484,\"commentCount\":0,\"image\":{\"@id\":\"https:\\\/\\\/vr-room.ch\\\/2018\\\/01\\\/17\\\/karrieremesse-mal-anders\\\/#primaryimage\"},\"thumbnailUrl\":\"https:\\\/\\\/vr-room.ch\\\/wp-content\\\/uploads\\\/2018\\\/01\\\/titelbild-jobunication-startseite.jpg\",\"articleSection\":[\"Gesellschaft\"],\"inLanguage\":\"it-IT\",\"potentialAction\":[{\"@type\":\"CommentAction\",\"name\":\"Comment\",\"target\":[\"https:\\\/\\\/vr-room.ch\\\/2018\\\/01\\\/17\\\/karrieremesse-mal-anders\\\/#respond\"]}]},{\"@type\":\"WebPage\",\"@id\":\"https:\\\/\\\/vr-room.ch\\\/2018\\\/01\\\/17\\\/karrieremesse-mal-anders\\\/\",\"url\":\"https:\\\/\\\/vr-room.ch\\\/2018\\\/01\\\/17\\\/karrieremesse-mal-anders\\\/\",\"name\":\"Karrieremesse mal anders - Schweizer Virtual Reality News\",\"isPartOf\":{\"@id\":\"http:\\\/\\\/vr-room.ch\\\/en\\\/#website\"},\"primaryImageOfPage\":{\"@id\":\"https:\\\/\\\/vr-room.ch\\\/2018\\\/01\\\/17\\\/karrieremesse-mal-anders\\\/#primaryimage\"},\"image\":{\"@id\":\"https:\\\/\\\/vr-room.ch\\\/2018\\\/01\\\/17\\\/karrieremesse-mal-anders\\\/#primaryimage\"},\"thumbnailUrl\":\"https:\\\/\\\/vr-room.ch\\\/wp-content\\\/uploads\\\/2018\\\/01\\\/titelbild-jobunication-startseite.jpg\",\"datePublished\":\"2018-01-17T06:02:04+00:00\",\"author\":{\"@id\":\"http:\\\/\\\/vr-room.ch\\\/en\\\/#\\\/schema\\\/person\\\/1a03b3a6ced429fb4831f60fa2b37599\"},\"breadcrumb\":{\"@id\":\"https:\\\/\\\/vr-room.ch\\\/2018\\\/01\\\/17\\\/karrieremesse-mal-anders\\\/#breadcrumb\"},\"inLanguage\":\"it-IT\",\"potentialAction\":[{\"@type\":\"ReadAction\",\"target\":[\"https:\\\/\\\/vr-room.ch\\\/2018\\\/01\\\/17\\\/karrieremesse-mal-anders\\\/\"]}]},{\"@type\":\"ImageObject\",\"inLanguage\":\"it-IT\",\"@id\":\"https:\\\/\\\/vr-room.ch\\\/2018\\\/01\\\/17\\\/karrieremesse-mal-anders\\\/#primaryimage\",\"url\":\"https:\\\/\\\/vr-room.ch\\\/wp-content\\\/uploads\\\/2018\\\/01\\\/titelbild-jobunication-startseite.jpg\",\"contentUrl\":\"https:\\\/\\\/vr-room.ch\\\/wp-content\\\/uploads\\\/2018\\\/01\\\/titelbild-jobunication-startseite.jpg\",\"width\":820,\"height\":428},{\"@type\":\"BreadcrumbList\",\"@id\":\"https:\\\/\\\/vr-room.ch\\\/2018\\\/01\\\/17\\\/karrieremesse-mal-anders\\\/#breadcrumb\",\"itemListElement\":[{\"@type\":\"ListItem\",\"position\":1,\"name\":\"Startseite\",\"item\":\"http:\\\/\\\/vr-room.ch\\\/en\\\/\"},{\"@type\":\"ListItem\",\"position\":2,\"name\":\"Karrieremesse mal anders\"}]},{\"@type\":\"WebSite\",\"@id\":\"http:\\\/\\\/vr-room.ch\\\/en\\\/#website\",\"url\":\"http:\\\/\\\/vr-room.ch\\\/en\\\/\",\"name\":\"Schweizer Virtual Reality News\",\"description\":\"\",\"potentialAction\":[{\"@type\":\"SearchAction\",\"target\":{\"@type\":\"EntryPoint\",\"urlTemplate\":\"http:\\\/\\\/vr-room.ch\\\/en\\\/?s={search_term_string}\"},\"query-input\":{\"@type\":\"PropertyValueSpecification\",\"valueRequired\":true,\"valueName\":\"search_term_string\"}}],\"inLanguage\":\"it-IT\"},{\"@type\":\"Person\",\"@id\":\"http:\\\/\\\/vr-room.ch\\\/en\\\/#\\\/schema\\\/person\\\/1a03b3a6ced429fb4831f60fa2b37599\",\"name\":\"Nathalie\",\"image\":{\"@type\":\"ImageObject\",\"inLanguage\":\"it-IT\",\"@id\":\"https:\\\/\\\/vr-room.ch\\\/wp-content\\\/uploads\\\/2017\\\/01\\\/avatar_user_12_1484159890-96x96.jpg\",\"url\":\"https:\\\/\\\/vr-room.ch\\\/wp-content\\\/uploads\\\/2017\\\/01\\\/avatar_user_12_1484159890-96x96.jpg\",\"contentUrl\":\"https:\\\/\\\/vr-room.ch\\\/wp-content\\\/uploads\\\/2017\\\/01\\\/avatar_user_12_1484159890-96x96.jpg\",\"caption\":\"Nathalie\"},\"url\":\"https:\\\/\\\/vr-room.ch\\\/it\\\/author\\\/nathalie\\\/\"}]}<\/script>\n<!-- \/ Yoast SEO plugin. -->","yoast_head_json":{"title":"Karrieremesse mal anders - Schweizer Virtual Reality News","robots":{"index":"index","follow":"follow","max-snippet":"max-snippet:-1","max-image-preview":"max-image-preview:large","max-video-preview":"max-video-preview:-1"},"canonical":"https:\/\/vr-room.ch\/it\/2018\/01\/17\/karrieremesse-mal-anders\/","og_locale":"it_IT","og_type":"article","og_title":"Karrieremesse mal anders - Schweizer Virtual Reality News","og_description":"Mit Jobunication VR kommt die erste Virtual Reality Karrieremesse auf den Markt, welche rund um die Uhr verf\u00fcgbar&hellip;","og_url":"https:\/\/vr-room.ch\/it\/2018\/01\/17\/karrieremesse-mal-anders\/","og_site_name":"Schweizer Virtual Reality News","article_published_time":"2018-01-17T06:02:04+00:00","og_image":[{"width":820,"height":428,"url":"https:\/\/vr-room.ch\/wp-content\/uploads\/2018\/01\/titelbild-jobunication-startseite.jpg","type":"image\/jpeg"}],"author":"Nathalie","twitter_card":"summary_large_image","twitter_misc":{"Scritto da":"Nathalie","Tempo di lettura stimato":"2 minuti"},"schema":{"@context":"https:\/\/schema.org","@graph":[{"@type":"Article","@id":"https:\/\/vr-room.ch\/2018\/01\/17\/karrieremesse-mal-anders\/#article","isPartOf":{"@id":"https:\/\/vr-room.ch\/2018\/01\/17\/karrieremesse-mal-anders\/"},"author":{"name":"Nathalie","@id":"http:\/\/vr-room.ch\/en\/#\/schema\/person\/1a03b3a6ced429fb4831f60fa2b37599"},"headline":"Karrieremesse mal anders","datePublished":"2018-01-17T06:02:04+00:00","mainEntityOfPage":{"@id":"https:\/\/vr-room.ch\/2018\/01\/17\/karrieremesse-mal-anders\/"},"wordCount":484,"commentCount":0,"image":{"@id":"https:\/\/vr-room.ch\/2018\/01\/17\/karrieremesse-mal-anders\/#primaryimage"},"thumbnailUrl":"https:\/\/vr-room.ch\/wp-content\/uploads\/2018\/01\/titelbild-jobunication-startseite.jpg","articleSection":["Gesellschaft"],"inLanguage":"it-IT","potentialAction":[{"@type":"CommentAction","name":"Comment","target":["https:\/\/vr-room.ch\/2018\/01\/17\/karrieremesse-mal-anders\/#respond"]}]},{"@type":"WebPage","@id":"https:\/\/vr-room.ch\/2018\/01\/17\/karrieremesse-mal-anders\/","url":"https:\/\/vr-room.ch\/2018\/01\/17\/karrieremesse-mal-anders\/","name":"Karrieremesse mal anders - Schweizer Virtual Reality News","isPartOf":{"@id":"http:\/\/vr-room.ch\/en\/#website"},"primaryImageOfPage":{"@id":"https:\/\/vr-room.ch\/2018\/01\/17\/karrieremesse-mal-anders\/#primaryimage"},"image":{"@id":"https:\/\/vr-room.ch\/2018\/01\/17\/karrieremesse-mal-anders\/#primaryimage"},"thumbnailUrl":"https:\/\/vr-room.ch\/wp-content\/uploads\/2018\/01\/titelbild-jobunication-startseite.jpg","datePublished":"2018-01-17T06:02:04+00:00","author":{"@id":"http:\/\/vr-room.ch\/en\/#\/schema\/person\/1a03b3a6ced429fb4831f60fa2b37599"},"breadcrumb":{"@id":"https:\/\/vr-room.ch\/2018\/01\/17\/karrieremesse-mal-anders\/#breadcrumb"},"inLanguage":"it-IT","potentialAction":[{"@type":"ReadAction","target":["https:\/\/vr-room.ch\/2018\/01\/17\/karrieremesse-mal-anders\/"]}]},{"@type":"ImageObject","inLanguage":"it-IT","@id":"https:\/\/vr-room.ch\/2018\/01\/17\/karrieremesse-mal-anders\/#primaryimage","url":"https:\/\/vr-room.ch\/wp-content\/uploads\/2018\/01\/titelbild-jobunication-startseite.jpg","contentUrl":"https:\/\/vr-room.ch\/wp-content\/uploads\/2018\/01\/titelbild-jobunication-startseite.jpg","width":820,"height":428},{"@type":"BreadcrumbList","@id":"https:\/\/vr-room.ch\/2018\/01\/17\/karrieremesse-mal-anders\/#breadcrumb","itemListElement":[{"@type":"ListItem","position":1,"name":"Startseite","item":"http:\/\/vr-room.ch\/en\/"},{"@type":"ListItem","position":2,"name":"Karrieremesse mal anders"}]},{"@type":"WebSite","@id":"http:\/\/vr-room.ch\/en\/#website","url":"http:\/\/vr-room.ch\/en\/","name":"Notizie sulla realt\u00e0 virtuale in Svizzera","description":"","potentialAction":[{"@type":"SearchAction","target":{"@type":"EntryPoint","urlTemplate":"http:\/\/vr-room.ch\/en\/?s={search_term_string}"},"query-input":{"@type":"PropertyValueSpecification","valueRequired":true,"valueName":"search_term_string"}}],"inLanguage":"it-IT"},{"@type":"Person","@id":"http:\/\/vr-room.ch\/en\/#\/schema\/person\/1a03b3a6ced429fb4831f60fa2b37599","name":"Nathalie","image":{"@type":"ImageObject","inLanguage":"it-IT","@id":"https:\/\/vr-room.ch\/wp-content\/uploads\/2017\/01\/avatar_user_12_1484159890-96x96.jpg","url":"https:\/\/vr-room.ch\/wp-content\/uploads\/2017\/01\/avatar_user_12_1484159890-96x96.jpg","contentUrl":"https:\/\/vr-room.ch\/wp-content\/uploads\/2017\/01\/avatar_user_12_1484159890-96x96.jpg","caption":"Nathalie"},"url":"https:\/\/vr-room.ch\/it\/author\/nathalie\/"}]}},"_links":{"self":[{"href":"https:\/\/vr-room.ch\/it\/wp-json\/wp\/v2\/posts\/9061","targetHints":{"allow":["GET"]}}],"collection":[{"href":"https:\/\/vr-room.ch\/it\/wp-json\/wp\/v2\/posts"}],"about":[{"href":"https:\/\/vr-room.ch\/it\/wp-json\/wp\/v2\/types\/post"}],"author":[{"embeddable":true,"href":"https:\/\/vr-room.ch\/it\/wp-json\/wp\/v2\/users\/12"}],"replies":[{"embeddable":true,"href":"https:\/\/vr-room.ch\/it\/wp-json\/wp\/v2\/comments?post=9061"}],"version-history":[{"count":0,"href":"https:\/\/vr-room.ch\/it\/wp-json\/wp\/v2\/posts\/9061\/revisions"}],"wp:featuredmedia":[{"embeddable":true,"href":"https:\/\/vr-room.ch\/it\/wp-json\/wp\/v2\/media\/9066"}],"wp:attachment":[{"href":"https:\/\/vr-room.ch\/it\/wp-json\/wp\/v2\/media?parent=9061"}],"wp:term":[{"taxonomy":"category","embeddable":true,"href":"https:\/\/vr-room.ch\/it\/wp-json\/wp\/v2\/categories?post=9061"},{"taxonomy":"post_tag","embeddable":true,"href":"https:\/\/vr-room.ch\/it\/wp-json\/wp\/v2\/tags?post=9061"}],"curies":[{"name":"wp","href":"https:\/\/api.w.org\/{rel}","templated":true}]}}