{"id":5991,"date":"2017-06-26T08:10:20","date_gmt":"2017-06-26T08:10:20","guid":{"rendered":"http:\/\/vr-room.ch\/?p=5991"},"modified":"2017-06-25T08:14:41","modified_gmt":"2017-06-25T08:14:41","slug":"moskauer-kuenstlerin-wird-fuer-das-tragen-einer-vr-brille-verhaftet","status":"publish","type":"post","link":"https:\/\/vr-room.ch\/it\/2017\/06\/26\/moskauer-kuenstlerin-wird-fuer-das-tragen-einer-vr-brille-verhaftet\/","title":{"rendered":"Artista moscovita arrestato per aver indossato occhiali VR"},"content":{"rendered":"<h3 id=\"die-moskauer-kuenstlerin-ekaterina-nenasheva-wurde-verhaftet-und-in-eine-psychiatrische-klinik-gebracht-das-verbrechen-sie-weigerte-sich-die-vr-brille-abzunehmen\">L'artista moscovita <a href=\"https:\/\/www.facebook.com\/katrin.nenasheva\">Ekaterina Nenasheva<\/a> \u00e8 stato arrestato e portato in un ospedale psichiatrico. Il crimine? Si \u00e8 rifiutata di togliersi gli occhiali VR.<\/h3>\n<p><!--more--><\/p>\n<p>Camminare con gli occhiali VR in testa sembra essere pericoloso - almeno in Russia. Katrin Nenasheva, artista e attivista, sta lavorando a un progetto sui malati mentali in Russia e per questo ha fatto una passeggiata con gli occhiali VR.<\/p>\n<p>In questa passeggiata, che fa parte di una performance per il progetto \"<a href=\"https:\/\/katrinnenasheva.tumblr.com\/\">Tra qui e l\u00e0<\/a>\u00e8 stata arrestata a Mosca e successivamente ricoverata in un ospedale psichiatrico dopo essersi rifiutata di rimuovere una cuffia VR. L'incidente \u00e8 avvenuto fuori dalle mura del Cremlino.<\/p>\n<h3 id=\"soziale-normen-verletzten\">Violazione delle norme sociali<\/h3>\n<p>Ha riferito su Facebook che un funzionario ha detto: \"\u00c8 severamente vietato essere in realt\u00e0 virtuale negli spazi pubblici. Questa \u00e8 la realt\u00e0\". Le \u00e8 stato chiesto: \"Sei nella realt\u00e0? In quella o in questa? Pensi che sia giusto infrangere le norme sociali? \"<\/p>\n<p>Gli agenti hanno cercato di farle credere che con la sua azione stava danneggiando gli altri. L'artista ha preso l'intero dramma con filosofia: descrive l'esperienza su Facebook e promuove il suo progetto.<\/p>\n<p>I medici dell'ospedale la dimisero poco tempo dopo. Tutto era normale per lei.<\/p>\n<p>Eppure la storia solleva importanti interrogativi. In futuro sar\u00e0 tollerato indossare occhiali VR in pubblico? Quali regole e leggi hanno senso?<\/p>\n<p>Fonte: VRscout \/ Euronews<\/p>","protected":false},"excerpt":{"rendered":"L'artista moscovita Ekaterina Nenasheva \u00e8 stata arrestata e portata in un ospedale psichiatrico. Il reato? Si \u00e8 rifiutata di...","protected":false},"author":12,"featured_media":5992,"comment_status":"open","ping_status":"open","sticky":false,"template":"","format":"standard","meta":{"footnotes":""},"categories":[3],"tags":[],"class_list":{"0":"post-5991","1":"post","2":"type-post","3":"status-publish","4":"format-standard","5":"has-post-thumbnail","7":"category-virtual-reality-kunst","8":"cs-entry","9":"cs-video-wrap"},"yoast_head":"<!-- This site is optimized with the Yoast SEO plugin v27.4 - https:\/\/yoast.com\/product\/yoast-seo-wordpress\/ -->\n<title>Moskauer K\u00fcnstlerin wird f\u00fcr das Tragen einer VR Brille verhaftet - Schweizer Virtual Reality News<\/title>\n<meta name=\"robots\" content=\"index, follow, max-snippet:-1, max-image-preview:large, max-video-preview:-1\" \/>\n<link rel=\"canonical\" href=\"https:\/\/vr-room.ch\/it\/2017\/06\/26\/moskauer-kuenstlerin-wird-fuer-das-tragen-einer-vr-brille-verhaftet\/\" \/>\n<meta property=\"og:locale\" content=\"it_IT\" \/>\n<meta property=\"og:type\" content=\"article\" \/>\n<meta property=\"og:title\" content=\"Moskauer K\u00fcnstlerin wird f\u00fcr das Tragen einer VR Brille verhaftet - Schweizer Virtual Reality News\" \/>\n<meta property=\"og:description\" content=\"Die Moskauer K\u00fcnstlerin Ekaterina Nenasheva wurde verhaftet und in eine psychiatrische Klinik gebracht. Das Verbrechen? Sie weigerte sich,&hellip;\" \/>\n<meta property=\"og:url\" content=\"https:\/\/vr-room.ch\/it\/2017\/06\/26\/moskauer-kuenstlerin-wird-fuer-das-tragen-einer-vr-brille-verhaftet\/\" \/>\n<meta property=\"og:site_name\" content=\"Schweizer Virtual Reality News\" \/>\n<meta property=\"article:published_time\" content=\"2017-06-26T08:10:20+00:00\" \/>\n<meta property=\"og:image\" content=\"https:\/\/vr-room.ch\/wp-content\/uploads\/2017\/06\/russland-k\u00fcnstlerin-vr-verhaftet.jpg\" \/>\n\t<meta property=\"og:image:width\" content=\"750\" \/>\n\t<meta property=\"og:image:height\" content=\"499\" \/>\n\t<meta property=\"og:image:type\" content=\"image\/jpeg\" \/>\n<meta name=\"author\" content=\"Nathalie\" \/>\n<meta name=\"twitter:card\" content=\"summary_large_image\" \/>\n<meta name=\"twitter:label1\" content=\"Scritto da\" \/>\n\t<meta name=\"twitter:data1\" content=\"Nathalie\" \/>\n\t<meta name=\"twitter:label2\" content=\"Tempo di lettura stimato\" \/>\n\t<meta name=\"twitter:data2\" content=\"1 minuto\" \/>\n<script type=\"application\/ld+json\" class=\"yoast-schema-graph\">{\"@context\":\"https:\\\/\\\/schema.org\",\"@graph\":[{\"@type\":\"Article\",\"@id\":\"https:\\\/\\\/vr-room.ch\\\/fr\\\/2017\\\/06\\\/26\\\/moskauer-kuenstlerin-wird-fuer-das-tragen-einer-vr-brille-verhaftet\\\/#article\",\"isPartOf\":{\"@id\":\"https:\\\/\\\/vr-room.ch\\\/fr\\\/2017\\\/06\\\/26\\\/moskauer-kuenstlerin-wird-fuer-das-tragen-einer-vr-brille-verhaftet\\\/\"},\"author\":{\"name\":\"Nathalie\",\"@id\":\"http:\\\/\\\/vr-room.ch\\\/en\\\/#\\\/schema\\\/person\\\/1a03b3a6ced429fb4831f60fa2b37599\"},\"headline\":\"Moskauer K\u00fcnstlerin wird f\u00fcr das Tragen einer VR Brille verhaftet\",\"datePublished\":\"2017-06-26T08:10:20+00:00\",\"mainEntityOfPage\":{\"@id\":\"https:\\\/\\\/vr-room.ch\\\/fr\\\/2017\\\/06\\\/26\\\/moskauer-kuenstlerin-wird-fuer-das-tragen-einer-vr-brille-verhaftet\\\/\"},\"wordCount\":259,\"commentCount\":0,\"image\":{\"@id\":\"https:\\\/\\\/vr-room.ch\\\/fr\\\/2017\\\/06\\\/26\\\/moskauer-kuenstlerin-wird-fuer-das-tragen-einer-vr-brille-verhaftet\\\/#primaryimage\"},\"thumbnailUrl\":\"https:\\\/\\\/vr-room.ch\\\/wp-content\\\/uploads\\\/2017\\\/06\\\/russland-k\u00fcnstlerin-vr-verhaftet.jpg\",\"articleSection\":[\"Kunst\"],\"inLanguage\":\"it-IT\",\"potentialAction\":[{\"@type\":\"CommentAction\",\"name\":\"Comment\",\"target\":[\"https:\\\/\\\/vr-room.ch\\\/fr\\\/2017\\\/06\\\/26\\\/moskauer-kuenstlerin-wird-fuer-das-tragen-einer-vr-brille-verhaftet\\\/#respond\"]}]},{\"@type\":\"WebPage\",\"@id\":\"https:\\\/\\\/vr-room.ch\\\/fr\\\/2017\\\/06\\\/26\\\/moskauer-kuenstlerin-wird-fuer-das-tragen-einer-vr-brille-verhaftet\\\/\",\"url\":\"https:\\\/\\\/vr-room.ch\\\/fr\\\/2017\\\/06\\\/26\\\/moskauer-kuenstlerin-wird-fuer-das-tragen-einer-vr-brille-verhaftet\\\/\",\"name\":\"Moskauer K\u00fcnstlerin wird f\u00fcr das Tragen einer VR Brille verhaftet - Schweizer Virtual Reality News\",\"isPartOf\":{\"@id\":\"http:\\\/\\\/vr-room.ch\\\/en\\\/#website\"},\"primaryImageOfPage\":{\"@id\":\"https:\\\/\\\/vr-room.ch\\\/fr\\\/2017\\\/06\\\/26\\\/moskauer-kuenstlerin-wird-fuer-das-tragen-einer-vr-brille-verhaftet\\\/#primaryimage\"},\"image\":{\"@id\":\"https:\\\/\\\/vr-room.ch\\\/fr\\\/2017\\\/06\\\/26\\\/moskauer-kuenstlerin-wird-fuer-das-tragen-einer-vr-brille-verhaftet\\\/#primaryimage\"},\"thumbnailUrl\":\"https:\\\/\\\/vr-room.ch\\\/wp-content\\\/uploads\\\/2017\\\/06\\\/russland-k\u00fcnstlerin-vr-verhaftet.jpg\",\"datePublished\":\"2017-06-26T08:10:20+00:00\",\"author\":{\"@id\":\"http:\\\/\\\/vr-room.ch\\\/en\\\/#\\\/schema\\\/person\\\/1a03b3a6ced429fb4831f60fa2b37599\"},\"breadcrumb\":{\"@id\":\"https:\\\/\\\/vr-room.ch\\\/fr\\\/2017\\\/06\\\/26\\\/moskauer-kuenstlerin-wird-fuer-das-tragen-einer-vr-brille-verhaftet\\\/#breadcrumb\"},\"inLanguage\":\"it-IT\",\"potentialAction\":[{\"@type\":\"ReadAction\",\"target\":[\"https:\\\/\\\/vr-room.ch\\\/fr\\\/2017\\\/06\\\/26\\\/moskauer-kuenstlerin-wird-fuer-das-tragen-einer-vr-brille-verhaftet\\\/\"]}]},{\"@type\":\"ImageObject\",\"inLanguage\":\"it-IT\",\"@id\":\"https:\\\/\\\/vr-room.ch\\\/fr\\\/2017\\\/06\\\/26\\\/moskauer-kuenstlerin-wird-fuer-das-tragen-einer-vr-brille-verhaftet\\\/#primaryimage\",\"url\":\"https:\\\/\\\/vr-room.ch\\\/wp-content\\\/uploads\\\/2017\\\/06\\\/russland-k\u00fcnstlerin-vr-verhaftet.jpg\",\"contentUrl\":\"https:\\\/\\\/vr-room.ch\\\/wp-content\\\/uploads\\\/2017\\\/06\\\/russland-k\u00fcnstlerin-vr-verhaftet.jpg\",\"width\":750,\"height\":499},{\"@type\":\"BreadcrumbList\",\"@id\":\"https:\\\/\\\/vr-room.ch\\\/fr\\\/2017\\\/06\\\/26\\\/moskauer-kuenstlerin-wird-fuer-das-tragen-einer-vr-brille-verhaftet\\\/#breadcrumb\",\"itemListElement\":[{\"@type\":\"ListItem\",\"position\":1,\"name\":\"Startseite\",\"item\":\"http:\\\/\\\/vr-room.ch\\\/en\\\/\"},{\"@type\":\"ListItem\",\"position\":2,\"name\":\"Moskauer K\u00fcnstlerin wird f\u00fcr das Tragen einer VR Brille verhaftet\"}]},{\"@type\":\"WebSite\",\"@id\":\"http:\\\/\\\/vr-room.ch\\\/en\\\/#website\",\"url\":\"http:\\\/\\\/vr-room.ch\\\/en\\\/\",\"name\":\"Schweizer Virtual Reality News\",\"description\":\"\",\"potentialAction\":[{\"@type\":\"SearchAction\",\"target\":{\"@type\":\"EntryPoint\",\"urlTemplate\":\"http:\\\/\\\/vr-room.ch\\\/en\\\/?s={search_term_string}\"},\"query-input\":{\"@type\":\"PropertyValueSpecification\",\"valueRequired\":true,\"valueName\":\"search_term_string\"}}],\"inLanguage\":\"it-IT\"},{\"@type\":\"Person\",\"@id\":\"http:\\\/\\\/vr-room.ch\\\/en\\\/#\\\/schema\\\/person\\\/1a03b3a6ced429fb4831f60fa2b37599\",\"name\":\"Nathalie\",\"image\":{\"@type\":\"ImageObject\",\"inLanguage\":\"it-IT\",\"@id\":\"https:\\\/\\\/vr-room.ch\\\/wp-content\\\/uploads\\\/2017\\\/01\\\/avatar_user_12_1484159890-96x96.jpg\",\"url\":\"https:\\\/\\\/vr-room.ch\\\/wp-content\\\/uploads\\\/2017\\\/01\\\/avatar_user_12_1484159890-96x96.jpg\",\"contentUrl\":\"https:\\\/\\\/vr-room.ch\\\/wp-content\\\/uploads\\\/2017\\\/01\\\/avatar_user_12_1484159890-96x96.jpg\",\"caption\":\"Nathalie\"},\"url\":\"https:\\\/\\\/vr-room.ch\\\/it\\\/author\\\/nathalie\\\/\"}]}<\/script>\n<!-- \/ Yoast SEO plugin. -->","yoast_head_json":{"title":"Moskauer K\u00fcnstlerin wird f\u00fcr das Tragen einer VR Brille verhaftet - Schweizer Virtual Reality News","robots":{"index":"index","follow":"follow","max-snippet":"max-snippet:-1","max-image-preview":"max-image-preview:large","max-video-preview":"max-video-preview:-1"},"canonical":"https:\/\/vr-room.ch\/it\/2017\/06\/26\/moskauer-kuenstlerin-wird-fuer-das-tragen-einer-vr-brille-verhaftet\/","og_locale":"it_IT","og_type":"article","og_title":"Moskauer K\u00fcnstlerin wird f\u00fcr das Tragen einer VR Brille verhaftet - Schweizer Virtual Reality News","og_description":"Die Moskauer K\u00fcnstlerin Ekaterina Nenasheva wurde verhaftet und in eine psychiatrische Klinik gebracht. Das Verbrechen? Sie weigerte sich,&hellip;","og_url":"https:\/\/vr-room.ch\/it\/2017\/06\/26\/moskauer-kuenstlerin-wird-fuer-das-tragen-einer-vr-brille-verhaftet\/","og_site_name":"Schweizer Virtual Reality News","article_published_time":"2017-06-26T08:10:20+00:00","og_image":[{"width":750,"height":499,"url":"https:\/\/vr-room.ch\/wp-content\/uploads\/2017\/06\/russland-k\u00fcnstlerin-vr-verhaftet.jpg","type":"image\/jpeg"}],"author":"Nathalie","twitter_card":"summary_large_image","twitter_misc":{"Scritto da":"Nathalie","Tempo di lettura stimato":"1 minuto"},"schema":{"@context":"https:\/\/schema.org","@graph":[{"@type":"Article","@id":"https:\/\/vr-room.ch\/fr\/2017\/06\/26\/moskauer-kuenstlerin-wird-fuer-das-tragen-einer-vr-brille-verhaftet\/#article","isPartOf":{"@id":"https:\/\/vr-room.ch\/fr\/2017\/06\/26\/moskauer-kuenstlerin-wird-fuer-das-tragen-einer-vr-brille-verhaftet\/"},"author":{"name":"Nathalie","@id":"http:\/\/vr-room.ch\/en\/#\/schema\/person\/1a03b3a6ced429fb4831f60fa2b37599"},"headline":"Moskauer K\u00fcnstlerin wird f\u00fcr das Tragen einer VR Brille verhaftet","datePublished":"2017-06-26T08:10:20+00:00","mainEntityOfPage":{"@id":"https:\/\/vr-room.ch\/fr\/2017\/06\/26\/moskauer-kuenstlerin-wird-fuer-das-tragen-einer-vr-brille-verhaftet\/"},"wordCount":259,"commentCount":0,"image":{"@id":"https:\/\/vr-room.ch\/fr\/2017\/06\/26\/moskauer-kuenstlerin-wird-fuer-das-tragen-einer-vr-brille-verhaftet\/#primaryimage"},"thumbnailUrl":"https:\/\/vr-room.ch\/wp-content\/uploads\/2017\/06\/russland-k\u00fcnstlerin-vr-verhaftet.jpg","articleSection":["Kunst"],"inLanguage":"it-IT","potentialAction":[{"@type":"CommentAction","name":"Comment","target":["https:\/\/vr-room.ch\/fr\/2017\/06\/26\/moskauer-kuenstlerin-wird-fuer-das-tragen-einer-vr-brille-verhaftet\/#respond"]}]},{"@type":"WebPage","@id":"https:\/\/vr-room.ch\/fr\/2017\/06\/26\/moskauer-kuenstlerin-wird-fuer-das-tragen-einer-vr-brille-verhaftet\/","url":"https:\/\/vr-room.ch\/fr\/2017\/06\/26\/moskauer-kuenstlerin-wird-fuer-das-tragen-einer-vr-brille-verhaftet\/","name":"Moskauer K\u00fcnstlerin wird f\u00fcr das Tragen einer VR Brille verhaftet - Schweizer Virtual Reality News","isPartOf":{"@id":"http:\/\/vr-room.ch\/en\/#website"},"primaryImageOfPage":{"@id":"https:\/\/vr-room.ch\/fr\/2017\/06\/26\/moskauer-kuenstlerin-wird-fuer-das-tragen-einer-vr-brille-verhaftet\/#primaryimage"},"image":{"@id":"https:\/\/vr-room.ch\/fr\/2017\/06\/26\/moskauer-kuenstlerin-wird-fuer-das-tragen-einer-vr-brille-verhaftet\/#primaryimage"},"thumbnailUrl":"https:\/\/vr-room.ch\/wp-content\/uploads\/2017\/06\/russland-k\u00fcnstlerin-vr-verhaftet.jpg","datePublished":"2017-06-26T08:10:20+00:00","author":{"@id":"http:\/\/vr-room.ch\/en\/#\/schema\/person\/1a03b3a6ced429fb4831f60fa2b37599"},"breadcrumb":{"@id":"https:\/\/vr-room.ch\/fr\/2017\/06\/26\/moskauer-kuenstlerin-wird-fuer-das-tragen-einer-vr-brille-verhaftet\/#breadcrumb"},"inLanguage":"it-IT","potentialAction":[{"@type":"ReadAction","target":["https:\/\/vr-room.ch\/fr\/2017\/06\/26\/moskauer-kuenstlerin-wird-fuer-das-tragen-einer-vr-brille-verhaftet\/"]}]},{"@type":"ImageObject","inLanguage":"it-IT","@id":"https:\/\/vr-room.ch\/fr\/2017\/06\/26\/moskauer-kuenstlerin-wird-fuer-das-tragen-einer-vr-brille-verhaftet\/#primaryimage","url":"https:\/\/vr-room.ch\/wp-content\/uploads\/2017\/06\/russland-k\u00fcnstlerin-vr-verhaftet.jpg","contentUrl":"https:\/\/vr-room.ch\/wp-content\/uploads\/2017\/06\/russland-k\u00fcnstlerin-vr-verhaftet.jpg","width":750,"height":499},{"@type":"BreadcrumbList","@id":"https:\/\/vr-room.ch\/fr\/2017\/06\/26\/moskauer-kuenstlerin-wird-fuer-das-tragen-einer-vr-brille-verhaftet\/#breadcrumb","itemListElement":[{"@type":"ListItem","position":1,"name":"Startseite","item":"http:\/\/vr-room.ch\/en\/"},{"@type":"ListItem","position":2,"name":"Moskauer K\u00fcnstlerin wird f\u00fcr das Tragen einer VR Brille verhaftet"}]},{"@type":"WebSite","@id":"http:\/\/vr-room.ch\/en\/#website","url":"http:\/\/vr-room.ch\/en\/","name":"Notizie sulla realt\u00e0 virtuale in Svizzera","description":"","potentialAction":[{"@type":"SearchAction","target":{"@type":"EntryPoint","urlTemplate":"http:\/\/vr-room.ch\/en\/?s={search_term_string}"},"query-input":{"@type":"PropertyValueSpecification","valueRequired":true,"valueName":"search_term_string"}}],"inLanguage":"it-IT"},{"@type":"Person","@id":"http:\/\/vr-room.ch\/en\/#\/schema\/person\/1a03b3a6ced429fb4831f60fa2b37599","name":"Nathalie","image":{"@type":"ImageObject","inLanguage":"it-IT","@id":"https:\/\/vr-room.ch\/wp-content\/uploads\/2017\/01\/avatar_user_12_1484159890-96x96.jpg","url":"https:\/\/vr-room.ch\/wp-content\/uploads\/2017\/01\/avatar_user_12_1484159890-96x96.jpg","contentUrl":"https:\/\/vr-room.ch\/wp-content\/uploads\/2017\/01\/avatar_user_12_1484159890-96x96.jpg","caption":"Nathalie"},"url":"https:\/\/vr-room.ch\/it\/author\/nathalie\/"}]}},"_links":{"self":[{"href":"https:\/\/vr-room.ch\/it\/wp-json\/wp\/v2\/posts\/5991","targetHints":{"allow":["GET"]}}],"collection":[{"href":"https:\/\/vr-room.ch\/it\/wp-json\/wp\/v2\/posts"}],"about":[{"href":"https:\/\/vr-room.ch\/it\/wp-json\/wp\/v2\/types\/post"}],"author":[{"embeddable":true,"href":"https:\/\/vr-room.ch\/it\/wp-json\/wp\/v2\/users\/12"}],"replies":[{"embeddable":true,"href":"https:\/\/vr-room.ch\/it\/wp-json\/wp\/v2\/comments?post=5991"}],"version-history":[{"count":0,"href":"https:\/\/vr-room.ch\/it\/wp-json\/wp\/v2\/posts\/5991\/revisions"}],"wp:featuredmedia":[{"embeddable":true,"href":"https:\/\/vr-room.ch\/it\/wp-json\/wp\/v2\/media\/5992"}],"wp:attachment":[{"href":"https:\/\/vr-room.ch\/it\/wp-json\/wp\/v2\/media?parent=5991"}],"wp:term":[{"taxonomy":"category","embeddable":true,"href":"https:\/\/vr-room.ch\/it\/wp-json\/wp\/v2\/categories?post=5991"},{"taxonomy":"post_tag","embeddable":true,"href":"https:\/\/vr-room.ch\/it\/wp-json\/wp\/v2\/tags?post=5991"}],"curies":[{"name":"wp","href":"https:\/\/api.w.org\/{rel}","templated":true}]}}