{"id":3020,"date":"2016-10-27T16:37:54","date_gmt":"2016-10-27T16:37:54","guid":{"rendered":"http:\/\/vr-room.ch\/?p=3020"},"modified":"2017-01-12T16:05:29","modified_gmt":"2017-01-12T16:05:29","slug":"microsoft-setzt-nun-doch-auch-noch-auf-vr","status":"publish","type":"post","link":"https:\/\/vr-room.ch\/it\/2016\/10\/27\/microsoft-setzt-nun-doch-auch-noch-auf-vr\/","title":{"rendered":"Anche Microsoft punta sulla VR, dopo tutto"},"content":{"rendered":"<p>Beim gestrigen Windows 10 Event in New York wurde unter anderem auch bekannt gegeben, dass Microsoft nun doch auch VR unterst\u00fctzt wird. Dies geschieht innerhalb des n\u00e4chsten &#8222;Windows 10 Creators&#8220; Update im Fr\u00fchjahr 2017. Das bedeutet aber nicht, dass Microsoft selber VR Brillen herstellen wird. Sie sind vielmehr mit Drittherstellern eine Zusammenarbeit eingegangen. Partner wie HP, Asus, Lenovo, Acer oder Dell werden Windows 10 kompatible VR Brillen auf den Markt bringen. Leider wurde noch nichts gesagt \u00fcber die Leistung dieser Brillen. Einzig der Preis soll bei $299.&#8211; liegen. Das w\u00e4re somit auch weit unter dem Preis von PlayStation VR.<\/p>\n<p>Non credo che ci si possa aspettare molto da questo hardware. Ma sicuramente aiuter\u00e0 l'ulteriore diffusione della VR. Siamo in attesa di ulteriori dettagli, che sicuramente verranno annunciati presto.<\/p>\n<p>Fonte: mspoweruser.com, ibtimes.com<\/p>\n<p>&nbsp;<\/p>","protected":false},"excerpt":{"rendered":"All'evento Windows 10 di ieri a New York, tra le altre cose, \u00e8 stato anche annunciato che Microsoft...","protected":false},"author":2,"featured_media":3941,"comment_status":"open","ping_status":"open","sticky":false,"template":"","format":"standard","meta":{"footnotes":""},"categories":[11],"tags":[],"class_list":{"0":"post-3020","1":"post","2":"type-post","3":"status-publish","4":"format-standard","5":"has-post-thumbnail","7":"category-virtual-reality-industrie","8":"cs-entry","9":"cs-video-wrap"},"yoast_head":"<!-- This site is optimized with the Yoast SEO plugin v27.4 - https:\/\/yoast.com\/product\/yoast-seo-wordpress\/ -->\n<title>Microsoft setzt nun doch auch auf VR - Schweizer Virtual Reality News<\/title>\n<meta name=\"robots\" content=\"index, follow, max-snippet:-1, max-image-preview:large, max-video-preview:-1\" \/>\n<link rel=\"canonical\" href=\"https:\/\/vr-room.ch\/it\/2016\/10\/27\/microsoft-setzt-nun-doch-auch-noch-auf-vr\/\" \/>\n<meta property=\"og:locale\" content=\"it_IT\" \/>\n<meta property=\"og:type\" content=\"article\" \/>\n<meta property=\"og:title\" content=\"Microsoft setzt nun doch auch auf VR - Schweizer Virtual Reality News\" \/>\n<meta property=\"og:description\" content=\"Beim gestrigen Windows 10 Event in New York wurde unter anderem auch bekannt gegeben, dass Microsoft nun doch&hellip;\" \/>\n<meta property=\"og:url\" content=\"https:\/\/vr-room.ch\/it\/2016\/10\/27\/microsoft-setzt-nun-doch-auch-noch-auf-vr\/\" \/>\n<meta property=\"og:site_name\" content=\"Schweizer Virtual Reality News\" \/>\n<meta property=\"article:published_time\" content=\"2016-10-27T16:37:54+00:00\" \/>\n<meta property=\"article:modified_time\" content=\"2017-01-12T16:05:29+00:00\" \/>\n<meta property=\"og:image\" content=\"https:\/\/vr-room.ch\/wp-content\/uploads\/2017\/01\/Microsoft_VR.png\" \/>\n\t<meta property=\"og:image:width\" content=\"1012\" \/>\n\t<meta property=\"og:image:height\" content=\"549\" \/>\n\t<meta property=\"og:image:type\" content=\"image\/png\" \/>\n<meta name=\"author\" content=\"Sascha\" \/>\n<meta name=\"twitter:card\" content=\"summary_large_image\" \/>\n<meta name=\"twitter:label1\" content=\"Scritto da\" \/>\n\t<meta name=\"twitter:data1\" content=\"Sascha\" \/>\n\t<meta name=\"twitter:label2\" content=\"Tempo di lettura stimato\" \/>\n\t<meta name=\"twitter:data2\" content=\"1 minuto\" \/>\n<script type=\"application\/ld+json\" class=\"yoast-schema-graph\">{\"@context\":\"https:\\\/\\\/schema.org\",\"@graph\":[{\"@type\":\"Article\",\"@id\":\"https:\\\/\\\/vr-room.ch\\\/fr\\\/2016\\\/10\\\/27\\\/microsoft-setzt-nun-doch-auch-noch-auf-vr\\\/#article\",\"isPartOf\":{\"@id\":\"https:\\\/\\\/vr-room.ch\\\/fr\\\/2016\\\/10\\\/27\\\/microsoft-setzt-nun-doch-auch-noch-auf-vr\\\/\"},\"author\":{\"name\":\"Sascha\",\"@id\":\"http:\\\/\\\/vr-room.ch\\\/en\\\/#\\\/schema\\\/person\\\/293e661a980709559283b39ebfb74758\"},\"headline\":\"Microsoft setzt nun doch auch auf VR\",\"datePublished\":\"2016-10-27T16:37:54+00:00\",\"dateModified\":\"2017-01-12T16:05:29+00:00\",\"mainEntityOfPage\":{\"@id\":\"https:\\\/\\\/vr-room.ch\\\/fr\\\/2016\\\/10\\\/27\\\/microsoft-setzt-nun-doch-auch-noch-auf-vr\\\/\"},\"wordCount\":145,\"commentCount\":0,\"image\":{\"@id\":\"https:\\\/\\\/vr-room.ch\\\/fr\\\/2016\\\/10\\\/27\\\/microsoft-setzt-nun-doch-auch-noch-auf-vr\\\/#primaryimage\"},\"thumbnailUrl\":\"https:\\\/\\\/vr-room.ch\\\/wp-content\\\/uploads\\\/2017\\\/01\\\/Microsoft_VR.png\",\"articleSection\":[\"Industrie\"],\"inLanguage\":\"it-IT\",\"potentialAction\":[{\"@type\":\"CommentAction\",\"name\":\"Comment\",\"target\":[\"https:\\\/\\\/vr-room.ch\\\/fr\\\/2016\\\/10\\\/27\\\/microsoft-setzt-nun-doch-auch-noch-auf-vr\\\/#respond\"]}]},{\"@type\":\"WebPage\",\"@id\":\"https:\\\/\\\/vr-room.ch\\\/fr\\\/2016\\\/10\\\/27\\\/microsoft-setzt-nun-doch-auch-noch-auf-vr\\\/\",\"url\":\"https:\\\/\\\/vr-room.ch\\\/fr\\\/2016\\\/10\\\/27\\\/microsoft-setzt-nun-doch-auch-noch-auf-vr\\\/\",\"name\":\"Microsoft setzt nun doch auch auf VR - Schweizer Virtual Reality News\",\"isPartOf\":{\"@id\":\"http:\\\/\\\/vr-room.ch\\\/en\\\/#website\"},\"primaryImageOfPage\":{\"@id\":\"https:\\\/\\\/vr-room.ch\\\/fr\\\/2016\\\/10\\\/27\\\/microsoft-setzt-nun-doch-auch-noch-auf-vr\\\/#primaryimage\"},\"image\":{\"@id\":\"https:\\\/\\\/vr-room.ch\\\/fr\\\/2016\\\/10\\\/27\\\/microsoft-setzt-nun-doch-auch-noch-auf-vr\\\/#primaryimage\"},\"thumbnailUrl\":\"https:\\\/\\\/vr-room.ch\\\/wp-content\\\/uploads\\\/2017\\\/01\\\/Microsoft_VR.png\",\"datePublished\":\"2016-10-27T16:37:54+00:00\",\"dateModified\":\"2017-01-12T16:05:29+00:00\",\"author\":{\"@id\":\"http:\\\/\\\/vr-room.ch\\\/en\\\/#\\\/schema\\\/person\\\/293e661a980709559283b39ebfb74758\"},\"breadcrumb\":{\"@id\":\"https:\\\/\\\/vr-room.ch\\\/fr\\\/2016\\\/10\\\/27\\\/microsoft-setzt-nun-doch-auch-noch-auf-vr\\\/#breadcrumb\"},\"inLanguage\":\"it-IT\",\"potentialAction\":[{\"@type\":\"ReadAction\",\"target\":[\"https:\\\/\\\/vr-room.ch\\\/fr\\\/2016\\\/10\\\/27\\\/microsoft-setzt-nun-doch-auch-noch-auf-vr\\\/\"]}]},{\"@type\":\"ImageObject\",\"inLanguage\":\"it-IT\",\"@id\":\"https:\\\/\\\/vr-room.ch\\\/fr\\\/2016\\\/10\\\/27\\\/microsoft-setzt-nun-doch-auch-noch-auf-vr\\\/#primaryimage\",\"url\":\"https:\\\/\\\/vr-room.ch\\\/wp-content\\\/uploads\\\/2017\\\/01\\\/Microsoft_VR.png\",\"contentUrl\":\"https:\\\/\\\/vr-room.ch\\\/wp-content\\\/uploads\\\/2017\\\/01\\\/Microsoft_VR.png\",\"width\":1012,\"height\":549},{\"@type\":\"BreadcrumbList\",\"@id\":\"https:\\\/\\\/vr-room.ch\\\/fr\\\/2016\\\/10\\\/27\\\/microsoft-setzt-nun-doch-auch-noch-auf-vr\\\/#breadcrumb\",\"itemListElement\":[{\"@type\":\"ListItem\",\"position\":1,\"name\":\"Startseite\",\"item\":\"http:\\\/\\\/vr-room.ch\\\/en\\\/\"},{\"@type\":\"ListItem\",\"position\":2,\"name\":\"Microsoft setzt nun doch auch auf VR\"}]},{\"@type\":\"WebSite\",\"@id\":\"http:\\\/\\\/vr-room.ch\\\/en\\\/#website\",\"url\":\"http:\\\/\\\/vr-room.ch\\\/en\\\/\",\"name\":\"Schweizer Virtual Reality News\",\"description\":\"\",\"potentialAction\":[{\"@type\":\"SearchAction\",\"target\":{\"@type\":\"EntryPoint\",\"urlTemplate\":\"http:\\\/\\\/vr-room.ch\\\/en\\\/?s={search_term_string}\"},\"query-input\":{\"@type\":\"PropertyValueSpecification\",\"valueRequired\":true,\"valueName\":\"search_term_string\"}}],\"inLanguage\":\"it-IT\"},{\"@type\":\"Person\",\"@id\":\"http:\\\/\\\/vr-room.ch\\\/en\\\/#\\\/schema\\\/person\\\/293e661a980709559283b39ebfb74758\",\"name\":\"Sascha\",\"image\":{\"@type\":\"ImageObject\",\"inLanguage\":\"it-IT\",\"@id\":\"https:\\\/\\\/vr-room.ch\\\/wp-content\\\/uploads\\\/2017\\\/01\\\/Sascha_Avatar-96x96.jpg\",\"url\":\"https:\\\/\\\/vr-room.ch\\\/wp-content\\\/uploads\\\/2017\\\/01\\\/Sascha_Avatar-96x96.jpg\",\"contentUrl\":\"https:\\\/\\\/vr-room.ch\\\/wp-content\\\/uploads\\\/2017\\\/01\\\/Sascha_Avatar-96x96.jpg\",\"caption\":\"Sascha\"},\"url\":\"https:\\\/\\\/vr-room.ch\\\/it\\\/author\\\/sascha\\\/\"}]}<\/script>\n<!-- \/ Yoast SEO plugin. -->","yoast_head_json":{"title":"Microsoft setzt nun doch auch auf VR - Schweizer Virtual Reality News","robots":{"index":"index","follow":"follow","max-snippet":"max-snippet:-1","max-image-preview":"max-image-preview:large","max-video-preview":"max-video-preview:-1"},"canonical":"https:\/\/vr-room.ch\/it\/2016\/10\/27\/microsoft-setzt-nun-doch-auch-noch-auf-vr\/","og_locale":"it_IT","og_type":"article","og_title":"Microsoft setzt nun doch auch auf VR - Schweizer Virtual Reality News","og_description":"Beim gestrigen Windows 10 Event in New York wurde unter anderem auch bekannt gegeben, dass Microsoft nun doch&hellip;","og_url":"https:\/\/vr-room.ch\/it\/2016\/10\/27\/microsoft-setzt-nun-doch-auch-noch-auf-vr\/","og_site_name":"Schweizer Virtual Reality News","article_published_time":"2016-10-27T16:37:54+00:00","article_modified_time":"2017-01-12T16:05:29+00:00","og_image":[{"width":1012,"height":549,"url":"https:\/\/vr-room.ch\/wp-content\/uploads\/2017\/01\/Microsoft_VR.png","type":"image\/png"}],"author":"Sascha","twitter_card":"summary_large_image","twitter_misc":{"Scritto da":"Sascha","Tempo di lettura stimato":"1 minuto"},"schema":{"@context":"https:\/\/schema.org","@graph":[{"@type":"Article","@id":"https:\/\/vr-room.ch\/fr\/2016\/10\/27\/microsoft-setzt-nun-doch-auch-noch-auf-vr\/#article","isPartOf":{"@id":"https:\/\/vr-room.ch\/fr\/2016\/10\/27\/microsoft-setzt-nun-doch-auch-noch-auf-vr\/"},"author":{"name":"Sascha","@id":"http:\/\/vr-room.ch\/en\/#\/schema\/person\/293e661a980709559283b39ebfb74758"},"headline":"Microsoft setzt nun doch auch auf VR","datePublished":"2016-10-27T16:37:54+00:00","dateModified":"2017-01-12T16:05:29+00:00","mainEntityOfPage":{"@id":"https:\/\/vr-room.ch\/fr\/2016\/10\/27\/microsoft-setzt-nun-doch-auch-noch-auf-vr\/"},"wordCount":145,"commentCount":0,"image":{"@id":"https:\/\/vr-room.ch\/fr\/2016\/10\/27\/microsoft-setzt-nun-doch-auch-noch-auf-vr\/#primaryimage"},"thumbnailUrl":"https:\/\/vr-room.ch\/wp-content\/uploads\/2017\/01\/Microsoft_VR.png","articleSection":["Industrie"],"inLanguage":"it-IT","potentialAction":[{"@type":"CommentAction","name":"Comment","target":["https:\/\/vr-room.ch\/fr\/2016\/10\/27\/microsoft-setzt-nun-doch-auch-noch-auf-vr\/#respond"]}]},{"@type":"WebPage","@id":"https:\/\/vr-room.ch\/fr\/2016\/10\/27\/microsoft-setzt-nun-doch-auch-noch-auf-vr\/","url":"https:\/\/vr-room.ch\/fr\/2016\/10\/27\/microsoft-setzt-nun-doch-auch-noch-auf-vr\/","name":"Microsoft setzt nun doch auch auf VR - Schweizer Virtual Reality News","isPartOf":{"@id":"http:\/\/vr-room.ch\/en\/#website"},"primaryImageOfPage":{"@id":"https:\/\/vr-room.ch\/fr\/2016\/10\/27\/microsoft-setzt-nun-doch-auch-noch-auf-vr\/#primaryimage"},"image":{"@id":"https:\/\/vr-room.ch\/fr\/2016\/10\/27\/microsoft-setzt-nun-doch-auch-noch-auf-vr\/#primaryimage"},"thumbnailUrl":"https:\/\/vr-room.ch\/wp-content\/uploads\/2017\/01\/Microsoft_VR.png","datePublished":"2016-10-27T16:37:54+00:00","dateModified":"2017-01-12T16:05:29+00:00","author":{"@id":"http:\/\/vr-room.ch\/en\/#\/schema\/person\/293e661a980709559283b39ebfb74758"},"breadcrumb":{"@id":"https:\/\/vr-room.ch\/fr\/2016\/10\/27\/microsoft-setzt-nun-doch-auch-noch-auf-vr\/#breadcrumb"},"inLanguage":"it-IT","potentialAction":[{"@type":"ReadAction","target":["https:\/\/vr-room.ch\/fr\/2016\/10\/27\/microsoft-setzt-nun-doch-auch-noch-auf-vr\/"]}]},{"@type":"ImageObject","inLanguage":"it-IT","@id":"https:\/\/vr-room.ch\/fr\/2016\/10\/27\/microsoft-setzt-nun-doch-auch-noch-auf-vr\/#primaryimage","url":"https:\/\/vr-room.ch\/wp-content\/uploads\/2017\/01\/Microsoft_VR.png","contentUrl":"https:\/\/vr-room.ch\/wp-content\/uploads\/2017\/01\/Microsoft_VR.png","width":1012,"height":549},{"@type":"BreadcrumbList","@id":"https:\/\/vr-room.ch\/fr\/2016\/10\/27\/microsoft-setzt-nun-doch-auch-noch-auf-vr\/#breadcrumb","itemListElement":[{"@type":"ListItem","position":1,"name":"Startseite","item":"http:\/\/vr-room.ch\/en\/"},{"@type":"ListItem","position":2,"name":"Microsoft setzt nun doch auch auf VR"}]},{"@type":"WebSite","@id":"http:\/\/vr-room.ch\/en\/#website","url":"http:\/\/vr-room.ch\/en\/","name":"Notizie sulla realt\u00e0 virtuale in Svizzera","description":"","potentialAction":[{"@type":"SearchAction","target":{"@type":"EntryPoint","urlTemplate":"http:\/\/vr-room.ch\/en\/?s={search_term_string}"},"query-input":{"@type":"PropertyValueSpecification","valueRequired":true,"valueName":"search_term_string"}}],"inLanguage":"it-IT"},{"@type":"Person","@id":"http:\/\/vr-room.ch\/en\/#\/schema\/person\/293e661a980709559283b39ebfb74758","name":"Sascha","image":{"@type":"ImageObject","inLanguage":"it-IT","@id":"https:\/\/vr-room.ch\/wp-content\/uploads\/2017\/01\/Sascha_Avatar-96x96.jpg","url":"https:\/\/vr-room.ch\/wp-content\/uploads\/2017\/01\/Sascha_Avatar-96x96.jpg","contentUrl":"https:\/\/vr-room.ch\/wp-content\/uploads\/2017\/01\/Sascha_Avatar-96x96.jpg","caption":"Sascha"},"url":"https:\/\/vr-room.ch\/it\/author\/sascha\/"}]}},"_links":{"self":[{"href":"https:\/\/vr-room.ch\/it\/wp-json\/wp\/v2\/posts\/3020","targetHints":{"allow":["GET"]}}],"collection":[{"href":"https:\/\/vr-room.ch\/it\/wp-json\/wp\/v2\/posts"}],"about":[{"href":"https:\/\/vr-room.ch\/it\/wp-json\/wp\/v2\/types\/post"}],"author":[{"embeddable":true,"href":"https:\/\/vr-room.ch\/it\/wp-json\/wp\/v2\/users\/2"}],"replies":[{"embeddable":true,"href":"https:\/\/vr-room.ch\/it\/wp-json\/wp\/v2\/comments?post=3020"}],"version-history":[{"count":0,"href":"https:\/\/vr-room.ch\/it\/wp-json\/wp\/v2\/posts\/3020\/revisions"}],"wp:featuredmedia":[{"embeddable":true,"href":"https:\/\/vr-room.ch\/it\/wp-json\/wp\/v2\/media\/3941"}],"wp:attachment":[{"href":"https:\/\/vr-room.ch\/it\/wp-json\/wp\/v2\/media?parent=3020"}],"wp:term":[{"taxonomy":"category","embeddable":true,"href":"https:\/\/vr-room.ch\/it\/wp-json\/wp\/v2\/categories?post=3020"},{"taxonomy":"post_tag","embeddable":true,"href":"https:\/\/vr-room.ch\/it\/wp-json\/wp\/v2\/tags?post=3020"}],"curies":[{"name":"wp","href":"https:\/\/api.w.org\/{rel}","templated":true}]}}