{"id":21748,"date":"2023-10-22T08:09:13","date_gmt":"2023-10-22T08:09:13","guid":{"rendered":"https:\/\/vr-room.ch\/?p=21748"},"modified":"2023-10-19T17:34:22","modified_gmt":"2023-10-19T17:34:22","slug":"ausstellungsbesuch-bei-herzog-de-meuron-mit-erweiterter-realitaet","status":"publish","type":"post","link":"https:\/\/vr-room.ch\/it\/2023\/10\/22\/ausstellungsbesuch-bei-herzog-de-meuron-mit-erweiterter-realitaet\/","title":{"rendered":"Visita alla mostra di Herzog &amp; de Meuron con la realt\u00e0 aumentata"},"content":{"rendered":"<h3 id=\"die-werkschau-von-herzog-de-meuron-hat-mit-einer-augmented-reality-ar-applikation-besucht-werden-koennen\" class=\"articlelead\">La mostra di opere di Herzog &amp; de Meuron pu\u00f2 essere visitata con un'applicazione di realt\u00e0 aumentata (AR).<\/h3>\n<p><span data-sheets-value=\"{&quot;1&quot;:2,&quot;2&quot;:&quot;\u00abLook behind the scenes of Herzog &amp; de Meuron and immerse yourself in one of the most revered architecture practices in the world.\u00bb So wird die Ausstellung von Herzog &amp; de Meuron in der Royal Academy London angek\u00fcndigt. Gemeinsam mit H&amp;dM haben wir eine Augmented-Reality-App entwickelt, welche die Ausstellung mit digitalen Inhalten erweitert und macht die Architektur von Herzog &amp; de Meuron auf neuartige Weise erlebbar macht. Beispielsweise mit 360\u00b0-Bildern, mit 3D-Modellen von Geb\u00e4uden wie der Elbphilharmonie \u2013 oder mit einem begehbaren 1:1-Modell eines Zimmers des neuen Z\u00fcrcher Kinderspitals. Von der Er\u00f6ffnung am 17. Juli bis zum 23. August wurde die App 5\u2019940 mal heruntergeladen (davon 5\u2019115 iOS- und 825 Android-Downloads). Die Ausstellung dauert noch bis zum 15. Oktober.&quot;}\" data-sheets-userformat=\"{&quot;2&quot;:9089,&quot;3&quot;:{&quot;1&quot;:0},&quot;10&quot;:0,&quot;11&quot;:4,&quot;12&quot;:0,&quot;16&quot;:8}\">\"Guardate dietro le quinte di Herzog &amp; de Meuron e immergetevi in uno degli studi di architettura pi\u00f9 venerati al mondo\". <\/span><\/p>\n<p><span data-sheets-value=\"{&quot;1&quot;:2,&quot;2&quot;:&quot;\u00abLook behind the scenes of Herzog &amp; de Meuron and immerse yourself in one of the most revered architecture practices in the world.\u00bb So wird die Ausstellung von Herzog &amp; de Meuron in der Royal Academy London angek\u00fcndigt. Gemeinsam mit H&amp;dM haben wir eine Augmented-Reality-App entwickelt, welche die Ausstellung mit digitalen Inhalten erweitert und macht die Architektur von Herzog &amp; de Meuron auf neuartige Weise erlebbar macht. Beispielsweise mit 360\u00b0-Bildern, mit 3D-Modellen von Geb\u00e4uden wie der Elbphilharmonie \u2013 oder mit einem begehbaren 1:1-Modell eines Zimmers des neuen Z\u00fcrcher Kinderspitals. Von der Er\u00f6ffnung am 17. Juli bis zum 23. August wurde die App 5\u2019940 mal heruntergeladen (davon 5\u2019115 iOS- und 825 Android-Downloads). Die Ausstellung dauert noch bis zum 15. Oktober.&quot;}\" data-sheets-userformat=\"{&quot;2&quot;:9089,&quot;3&quot;:{&quot;1&quot;:0},&quot;10&quot;:0,&quot;11&quot;:4,&quot;12&quot;:0,&quot;16&quot;:8}\">Cos\u00ec \u00e8 stata annunciata la mostra di Herzog &amp; de Meuron alla Royal Academy di Londra. <\/span>Dal 14 luglio, una mostra alla Royal Academy di Londra \u00e8 dedicata al lavoro degli architetti basilesi Herzog &amp; de Meuron. Questa domenica la mostra si conclude. Grazie a un'applicazione di realt\u00e0 aumentata, la mostra ha avuto anche una componente digitale e interattiva. Pi\u00f9 di 10.000 visitatori hanno installato l'applicazione sui loro smartphone e hanno cos\u00ec sperimentato l'architettura di Herzog &amp; de Meuron in un modo nuovo, ad esempio con immagini a 360 gradi, con modelli 3D di edifici come la Elbphilharmonie o con un modello calpestabile 1:1 di una stanza del nuovo ospedale pediatrico di Zurigo.<\/p>\n<p><iframe loading=\"lazy\" title=\"H&amp;dM AR\" width=\"1200\" height=\"675\" src=\"https:\/\/www.youtube.com\/embed\/lIWYOiQDypA?feature=oembed\" frameborder=\"0\" allow=\"accelerometer; autoplay; clipboard-write; encrypted-media; gyroscope; picture-in-picture; web-share\" allowfullscreen><\/iframe><\/p>\n<p>Per lo sviluppo dell'applicazione, Herzog &amp; de Meuron ha collaborato per la seconda volta con l'agenzia AR\/VR di Zurigo Bandara, come scrive in un comunicato stampa. Il risultato della collaborazione \u00e8 stato accolto molto bene alla mostra di Londra. La NZZ am Sonntag, ad esempio, ha scritto: \"La terza stanza con l'ospedale pediatrico di Zurigo \u00e8 uno schianto anche sotto altri aspetti. Perch\u00e9 qui si pu\u00f2 camminare attraverso le future stanze dell'ospedale con l'aiuto della realt\u00e0 aumentata e del proprio cellulare. Qui c'\u00e8 il letto, qui c'\u00e8 il lavandino, qui c'\u00e8 la sala riunioni, le cui finestre a tutta altezza offrono una vista sul verde\".<\/p>\n<p>Fonte: Bandara \/ Personale \/ Youtube<\/p>","protected":false},"excerpt":{"rendered":"La mostra di opere di Herzog &amp; de Meuron pu\u00f2 essere visitata con un'applicazione di realt\u00e0 aumentata (AR). \"Guarda...","protected":false},"author":12,"featured_media":21749,"comment_status":"closed","ping_status":"closed","sticky":false,"template":"","format":"standard","meta":{"footnotes":""},"categories":[68],"tags":[],"class_list":{"0":"post-21748","1":"post","2":"type-post","3":"status-publish","4":"format-standard","5":"has-post-thumbnail","7":"category-virtual-reality-schweiz","8":"cs-entry","9":"cs-video-wrap"},"yoast_head":"<!-- This site is optimized with the Yoast SEO plugin v27.4 - https:\/\/yoast.com\/product\/yoast-seo-wordpress\/ -->\n<title>Ausstellungsbesuch bei Herzog &amp; de Meuron mit erweiterter Realit\u00e4t - Schweizer Virtual Reality News<\/title>\n<meta name=\"description\" content=\"Die Werkschau von Herzog &amp; de Meuron hat mit einer Augmented Reality (AR) -Applikation besucht werden k\u00f6nnen.\" \/>\n<meta name=\"robots\" content=\"index, follow, max-snippet:-1, max-image-preview:large, max-video-preview:-1\" \/>\n<link rel=\"canonical\" href=\"https:\/\/vr-room.ch\/it\/2023\/10\/22\/ausstellungsbesuch-bei-herzog-de-meuron-mit-erweiterter-realitaet\/\" \/>\n<meta property=\"og:locale\" content=\"it_IT\" \/>\n<meta property=\"og:type\" content=\"article\" \/>\n<meta property=\"og:title\" content=\"Ausstellungsbesuch bei Herzog &amp; de Meuron mit erweiterter Realit\u00e4t - Schweizer Virtual Reality News\" \/>\n<meta property=\"og:description\" content=\"Die Werkschau von Herzog &amp; de Meuron hat mit einer Augmented Reality (AR) -Applikation besucht werden k\u00f6nnen.\" \/>\n<meta property=\"og:url\" content=\"https:\/\/vr-room.ch\/it\/2023\/10\/22\/ausstellungsbesuch-bei-herzog-de-meuron-mit-erweiterter-realitaet\/\" \/>\n<meta property=\"og:site_name\" content=\"Schweizer Virtual Reality News\" \/>\n<meta property=\"article:published_time\" content=\"2023-10-22T08:09:13+00:00\" \/>\n<meta property=\"og:image\" content=\"https:\/\/vr-room.ch\/wp-content\/uploads\/2023\/10\/messebesuch-mit-erweiterter-realitat-3044.jpg\" \/>\n\t<meta property=\"og:image:width\" content=\"940\" \/>\n\t<meta property=\"og:image:height\" content=\"528\" \/>\n\t<meta property=\"og:image:type\" content=\"image\/jpeg\" \/>\n<meta name=\"author\" content=\"Nathalie\" \/>\n<meta name=\"twitter:card\" content=\"summary_large_image\" \/>\n<meta name=\"twitter:label1\" content=\"Scritto da\" \/>\n\t<meta name=\"twitter:data1\" content=\"Nathalie\" \/>\n\t<meta name=\"twitter:label2\" content=\"Tempo di lettura stimato\" \/>\n\t<meta name=\"twitter:data2\" content=\"2 minuti\" \/>\n<script type=\"application\/ld+json\" class=\"yoast-schema-graph\">{\"@context\":\"https:\\\/\\\/schema.org\",\"@graph\":[{\"@type\":\"Article\",\"@id\":\"https:\\\/\\\/vr-room.ch\\\/2023\\\/10\\\/22\\\/ausstellungsbesuch-bei-herzog-de-meuron-mit-erweiterter-realitaet\\\/#article\",\"isPartOf\":{\"@id\":\"https:\\\/\\\/vr-room.ch\\\/2023\\\/10\\\/22\\\/ausstellungsbesuch-bei-herzog-de-meuron-mit-erweiterter-realitaet\\\/\"},\"author\":{\"name\":\"Nathalie\",\"@id\":\"http:\\\/\\\/vr-room.ch\\\/en\\\/#\\\/schema\\\/person\\\/1a03b3a6ced429fb4831f60fa2b37599\"},\"headline\":\"Ausstellungsbesuch bei Herzog &amp; de Meuron mit erweiterter Realit\u00e4t\",\"datePublished\":\"2023-10-22T08:09:13+00:00\",\"mainEntityOfPage\":{\"@id\":\"https:\\\/\\\/vr-room.ch\\\/2023\\\/10\\\/22\\\/ausstellungsbesuch-bei-herzog-de-meuron-mit-erweiterter-realitaet\\\/\"},\"wordCount\":275,\"image\":{\"@id\":\"https:\\\/\\\/vr-room.ch\\\/2023\\\/10\\\/22\\\/ausstellungsbesuch-bei-herzog-de-meuron-mit-erweiterter-realitaet\\\/#primaryimage\"},\"thumbnailUrl\":\"https:\\\/\\\/vr-room.ch\\\/wp-content\\\/uploads\\\/2023\\\/10\\\/messebesuch-mit-erweiterter-realitat-3044.jpg\",\"articleSection\":[\"Schweiz\"],\"inLanguage\":\"it-IT\"},{\"@type\":\"WebPage\",\"@id\":\"https:\\\/\\\/vr-room.ch\\\/2023\\\/10\\\/22\\\/ausstellungsbesuch-bei-herzog-de-meuron-mit-erweiterter-realitaet\\\/\",\"url\":\"https:\\\/\\\/vr-room.ch\\\/2023\\\/10\\\/22\\\/ausstellungsbesuch-bei-herzog-de-meuron-mit-erweiterter-realitaet\\\/\",\"name\":\"Ausstellungsbesuch bei Herzog &amp; de Meuron mit erweiterter Realit\u00e4t - Schweizer Virtual Reality News\",\"isPartOf\":{\"@id\":\"http:\\\/\\\/vr-room.ch\\\/en\\\/#website\"},\"primaryImageOfPage\":{\"@id\":\"https:\\\/\\\/vr-room.ch\\\/2023\\\/10\\\/22\\\/ausstellungsbesuch-bei-herzog-de-meuron-mit-erweiterter-realitaet\\\/#primaryimage\"},\"image\":{\"@id\":\"https:\\\/\\\/vr-room.ch\\\/2023\\\/10\\\/22\\\/ausstellungsbesuch-bei-herzog-de-meuron-mit-erweiterter-realitaet\\\/#primaryimage\"},\"thumbnailUrl\":\"https:\\\/\\\/vr-room.ch\\\/wp-content\\\/uploads\\\/2023\\\/10\\\/messebesuch-mit-erweiterter-realitat-3044.jpg\",\"datePublished\":\"2023-10-22T08:09:13+00:00\",\"author\":{\"@id\":\"http:\\\/\\\/vr-room.ch\\\/en\\\/#\\\/schema\\\/person\\\/1a03b3a6ced429fb4831f60fa2b37599\"},\"description\":\"Die Werkschau von Herzog & de Meuron hat mit einer Augmented Reality (AR) -Applikation besucht werden k\u00f6nnen.\",\"breadcrumb\":{\"@id\":\"https:\\\/\\\/vr-room.ch\\\/2023\\\/10\\\/22\\\/ausstellungsbesuch-bei-herzog-de-meuron-mit-erweiterter-realitaet\\\/#breadcrumb\"},\"inLanguage\":\"it-IT\",\"potentialAction\":[{\"@type\":\"ReadAction\",\"target\":[\"https:\\\/\\\/vr-room.ch\\\/2023\\\/10\\\/22\\\/ausstellungsbesuch-bei-herzog-de-meuron-mit-erweiterter-realitaet\\\/\"]}]},{\"@type\":\"ImageObject\",\"inLanguage\":\"it-IT\",\"@id\":\"https:\\\/\\\/vr-room.ch\\\/2023\\\/10\\\/22\\\/ausstellungsbesuch-bei-herzog-de-meuron-mit-erweiterter-realitaet\\\/#primaryimage\",\"url\":\"https:\\\/\\\/vr-room.ch\\\/wp-content\\\/uploads\\\/2023\\\/10\\\/messebesuch-mit-erweiterter-realitat-3044.jpg\",\"contentUrl\":\"https:\\\/\\\/vr-room.ch\\\/wp-content\\\/uploads\\\/2023\\\/10\\\/messebesuch-mit-erweiterter-realitat-3044.jpg\",\"width\":940,\"height\":528,\"caption\":\"Ausstellungsbesuch mit erweiterter Realit\u00e4t\"},{\"@type\":\"BreadcrumbList\",\"@id\":\"https:\\\/\\\/vr-room.ch\\\/2023\\\/10\\\/22\\\/ausstellungsbesuch-bei-herzog-de-meuron-mit-erweiterter-realitaet\\\/#breadcrumb\",\"itemListElement\":[{\"@type\":\"ListItem\",\"position\":1,\"name\":\"Startseite\",\"item\":\"http:\\\/\\\/vr-room.ch\\\/en\\\/\"},{\"@type\":\"ListItem\",\"position\":2,\"name\":\"Ausstellungsbesuch bei Herzog &amp; de Meuron mit erweiterter Realit\u00e4t\"}]},{\"@type\":\"WebSite\",\"@id\":\"http:\\\/\\\/vr-room.ch\\\/en\\\/#website\",\"url\":\"http:\\\/\\\/vr-room.ch\\\/en\\\/\",\"name\":\"Schweizer Virtual Reality News\",\"description\":\"\",\"potentialAction\":[{\"@type\":\"SearchAction\",\"target\":{\"@type\":\"EntryPoint\",\"urlTemplate\":\"http:\\\/\\\/vr-room.ch\\\/en\\\/?s={search_term_string}\"},\"query-input\":{\"@type\":\"PropertyValueSpecification\",\"valueRequired\":true,\"valueName\":\"search_term_string\"}}],\"inLanguage\":\"it-IT\"},{\"@type\":\"Person\",\"@id\":\"http:\\\/\\\/vr-room.ch\\\/en\\\/#\\\/schema\\\/person\\\/1a03b3a6ced429fb4831f60fa2b37599\",\"name\":\"Nathalie\",\"image\":{\"@type\":\"ImageObject\",\"inLanguage\":\"it-IT\",\"@id\":\"https:\\\/\\\/vr-room.ch\\\/wp-content\\\/uploads\\\/2017\\\/01\\\/avatar_user_12_1484159890-96x96.jpg\",\"url\":\"https:\\\/\\\/vr-room.ch\\\/wp-content\\\/uploads\\\/2017\\\/01\\\/avatar_user_12_1484159890-96x96.jpg\",\"contentUrl\":\"https:\\\/\\\/vr-room.ch\\\/wp-content\\\/uploads\\\/2017\\\/01\\\/avatar_user_12_1484159890-96x96.jpg\",\"caption\":\"Nathalie\"},\"url\":\"https:\\\/\\\/vr-room.ch\\\/it\\\/author\\\/nathalie\\\/\"}]}<\/script>\n<!-- \/ Yoast SEO plugin. -->","yoast_head_json":{"title":"Ausstellungsbesuch bei Herzog &amp; de Meuron mit erweiterter Realit\u00e4t - Schweizer Virtual Reality News","description":"Die Werkschau von Herzog & de Meuron hat mit einer Augmented Reality (AR) -Applikation besucht werden k\u00f6nnen.","robots":{"index":"index","follow":"follow","max-snippet":"max-snippet:-1","max-image-preview":"max-image-preview:large","max-video-preview":"max-video-preview:-1"},"canonical":"https:\/\/vr-room.ch\/it\/2023\/10\/22\/ausstellungsbesuch-bei-herzog-de-meuron-mit-erweiterter-realitaet\/","og_locale":"it_IT","og_type":"article","og_title":"Ausstellungsbesuch bei Herzog &amp; de Meuron mit erweiterter Realit\u00e4t - Schweizer Virtual Reality News","og_description":"Die Werkschau von Herzog & de Meuron hat mit einer Augmented Reality (AR) -Applikation besucht werden k\u00f6nnen.","og_url":"https:\/\/vr-room.ch\/it\/2023\/10\/22\/ausstellungsbesuch-bei-herzog-de-meuron-mit-erweiterter-realitaet\/","og_site_name":"Schweizer Virtual Reality News","article_published_time":"2023-10-22T08:09:13+00:00","og_image":[{"width":940,"height":528,"url":"https:\/\/vr-room.ch\/wp-content\/uploads\/2023\/10\/messebesuch-mit-erweiterter-realitat-3044.jpg","type":"image\/jpeg"}],"author":"Nathalie","twitter_card":"summary_large_image","twitter_misc":{"Scritto da":"Nathalie","Tempo di lettura stimato":"2 minuti"},"schema":{"@context":"https:\/\/schema.org","@graph":[{"@type":"Article","@id":"https:\/\/vr-room.ch\/2023\/10\/22\/ausstellungsbesuch-bei-herzog-de-meuron-mit-erweiterter-realitaet\/#article","isPartOf":{"@id":"https:\/\/vr-room.ch\/2023\/10\/22\/ausstellungsbesuch-bei-herzog-de-meuron-mit-erweiterter-realitaet\/"},"author":{"name":"Nathalie","@id":"http:\/\/vr-room.ch\/en\/#\/schema\/person\/1a03b3a6ced429fb4831f60fa2b37599"},"headline":"Ausstellungsbesuch bei Herzog &amp; de Meuron mit erweiterter Realit\u00e4t","datePublished":"2023-10-22T08:09:13+00:00","mainEntityOfPage":{"@id":"https:\/\/vr-room.ch\/2023\/10\/22\/ausstellungsbesuch-bei-herzog-de-meuron-mit-erweiterter-realitaet\/"},"wordCount":275,"image":{"@id":"https:\/\/vr-room.ch\/2023\/10\/22\/ausstellungsbesuch-bei-herzog-de-meuron-mit-erweiterter-realitaet\/#primaryimage"},"thumbnailUrl":"https:\/\/vr-room.ch\/wp-content\/uploads\/2023\/10\/messebesuch-mit-erweiterter-realitat-3044.jpg","articleSection":["Schweiz"],"inLanguage":"it-IT"},{"@type":"WebPage","@id":"https:\/\/vr-room.ch\/2023\/10\/22\/ausstellungsbesuch-bei-herzog-de-meuron-mit-erweiterter-realitaet\/","url":"https:\/\/vr-room.ch\/2023\/10\/22\/ausstellungsbesuch-bei-herzog-de-meuron-mit-erweiterter-realitaet\/","name":"Ausstellungsbesuch bei Herzog &amp; de Meuron mit erweiterter Realit\u00e4t - Schweizer Virtual Reality News","isPartOf":{"@id":"http:\/\/vr-room.ch\/en\/#website"},"primaryImageOfPage":{"@id":"https:\/\/vr-room.ch\/2023\/10\/22\/ausstellungsbesuch-bei-herzog-de-meuron-mit-erweiterter-realitaet\/#primaryimage"},"image":{"@id":"https:\/\/vr-room.ch\/2023\/10\/22\/ausstellungsbesuch-bei-herzog-de-meuron-mit-erweiterter-realitaet\/#primaryimage"},"thumbnailUrl":"https:\/\/vr-room.ch\/wp-content\/uploads\/2023\/10\/messebesuch-mit-erweiterter-realitat-3044.jpg","datePublished":"2023-10-22T08:09:13+00:00","author":{"@id":"http:\/\/vr-room.ch\/en\/#\/schema\/person\/1a03b3a6ced429fb4831f60fa2b37599"},"description":"Die Werkschau von Herzog & de Meuron hat mit einer Augmented Reality (AR) -Applikation besucht werden k\u00f6nnen.","breadcrumb":{"@id":"https:\/\/vr-room.ch\/2023\/10\/22\/ausstellungsbesuch-bei-herzog-de-meuron-mit-erweiterter-realitaet\/#breadcrumb"},"inLanguage":"it-IT","potentialAction":[{"@type":"ReadAction","target":["https:\/\/vr-room.ch\/2023\/10\/22\/ausstellungsbesuch-bei-herzog-de-meuron-mit-erweiterter-realitaet\/"]}]},{"@type":"ImageObject","inLanguage":"it-IT","@id":"https:\/\/vr-room.ch\/2023\/10\/22\/ausstellungsbesuch-bei-herzog-de-meuron-mit-erweiterter-realitaet\/#primaryimage","url":"https:\/\/vr-room.ch\/wp-content\/uploads\/2023\/10\/messebesuch-mit-erweiterter-realitat-3044.jpg","contentUrl":"https:\/\/vr-room.ch\/wp-content\/uploads\/2023\/10\/messebesuch-mit-erweiterter-realitat-3044.jpg","width":940,"height":528,"caption":"Ausstellungsbesuch mit erweiterter Realit\u00e4t"},{"@type":"BreadcrumbList","@id":"https:\/\/vr-room.ch\/2023\/10\/22\/ausstellungsbesuch-bei-herzog-de-meuron-mit-erweiterter-realitaet\/#breadcrumb","itemListElement":[{"@type":"ListItem","position":1,"name":"Startseite","item":"http:\/\/vr-room.ch\/en\/"},{"@type":"ListItem","position":2,"name":"Ausstellungsbesuch bei Herzog &amp; de Meuron mit erweiterter Realit\u00e4t"}]},{"@type":"WebSite","@id":"http:\/\/vr-room.ch\/en\/#website","url":"http:\/\/vr-room.ch\/en\/","name":"Notizie sulla realt\u00e0 virtuale in Svizzera","description":"","potentialAction":[{"@type":"SearchAction","target":{"@type":"EntryPoint","urlTemplate":"http:\/\/vr-room.ch\/en\/?s={search_term_string}"},"query-input":{"@type":"PropertyValueSpecification","valueRequired":true,"valueName":"search_term_string"}}],"inLanguage":"it-IT"},{"@type":"Person","@id":"http:\/\/vr-room.ch\/en\/#\/schema\/person\/1a03b3a6ced429fb4831f60fa2b37599","name":"Nathalie","image":{"@type":"ImageObject","inLanguage":"it-IT","@id":"https:\/\/vr-room.ch\/wp-content\/uploads\/2017\/01\/avatar_user_12_1484159890-96x96.jpg","url":"https:\/\/vr-room.ch\/wp-content\/uploads\/2017\/01\/avatar_user_12_1484159890-96x96.jpg","contentUrl":"https:\/\/vr-room.ch\/wp-content\/uploads\/2017\/01\/avatar_user_12_1484159890-96x96.jpg","caption":"Nathalie"},"url":"https:\/\/vr-room.ch\/it\/author\/nathalie\/"}]}},"_links":{"self":[{"href":"https:\/\/vr-room.ch\/it\/wp-json\/wp\/v2\/posts\/21748","targetHints":{"allow":["GET"]}}],"collection":[{"href":"https:\/\/vr-room.ch\/it\/wp-json\/wp\/v2\/posts"}],"about":[{"href":"https:\/\/vr-room.ch\/it\/wp-json\/wp\/v2\/types\/post"}],"author":[{"embeddable":true,"href":"https:\/\/vr-room.ch\/it\/wp-json\/wp\/v2\/users\/12"}],"replies":[{"embeddable":true,"href":"https:\/\/vr-room.ch\/it\/wp-json\/wp\/v2\/comments?post=21748"}],"version-history":[{"count":1,"href":"https:\/\/vr-room.ch\/it\/wp-json\/wp\/v2\/posts\/21748\/revisions"}],"predecessor-version":[{"id":21750,"href":"https:\/\/vr-room.ch\/it\/wp-json\/wp\/v2\/posts\/21748\/revisions\/21750"}],"wp:featuredmedia":[{"embeddable":true,"href":"https:\/\/vr-room.ch\/it\/wp-json\/wp\/v2\/media\/21749"}],"wp:attachment":[{"href":"https:\/\/vr-room.ch\/it\/wp-json\/wp\/v2\/media?parent=21748"}],"wp:term":[{"taxonomy":"category","embeddable":true,"href":"https:\/\/vr-room.ch\/it\/wp-json\/wp\/v2\/categories?post=21748"},{"taxonomy":"post_tag","embeddable":true,"href":"https:\/\/vr-room.ch\/it\/wp-json\/wp\/v2\/tags?post=21748"}],"curies":[{"name":"wp","href":"https:\/\/api.w.org\/{rel}","templated":true}]}}