{"id":18807,"date":"2021-02-04T10:03:52","date_gmt":"2021-02-04T10:03:52","guid":{"rendered":"https:\/\/vr-room.ch\/?p=18807"},"modified":"2021-02-04T10:07:16","modified_gmt":"2021-02-04T10:07:16","slug":"oculus-quest-2-legt-rekordquartal-hin","status":"publish","type":"post","link":"https:\/\/vr-room.ch\/it\/2021\/02\/04\/oculus-quest-2-legt-rekordquartal-hin\/","title":{"rendered":"Oculus Quest 2 registra un trimestre record"},"content":{"rendered":"<p>Secondo i ricercatori di mercato di SuperData, l'headset VR standalone Oculus Quest 2 ha registrato un trimestre record. Secondo il rapporto, il dispositivo VR ha avuto un grande successo durante la stagione natalizia 2020.<\/p>\n<p>Come riporta SuperData, Oculus Quest 2 ha venduto ben 1,098 milioni di unit\u00e0 in tutto il mondo nel quarto trimestre del 2020, seguito da PlayStation VR (125.000), Valve Index (61.000) e Oculus Rift\/Rift S (55.000). L'Oculus Quest 2 ha venduto pi\u00f9 unit\u00e0 in un solo trimestre di qualsiasi altro dispositivo VR non alimentato da uno smartphone. Il Samsung Gear VR detiene ancora il record assoluto con 1,4 milioni di unit\u00e0 nel quarto trimestre del 2016.<\/p>\n<p>\"Il Quest 2 ha beneficiato di un prezzo pi\u00f9 basso rispetto al suo predecessore e anche di una domanda repressa da parte di chi era interessato a entrare nel segmento VR\", si legge nel rapporto. \"Il Quest 2 \u00e8 stato anche il primo headset Oculus ad essere lanciato nel periodo natalizio, quindi il pubblico di riferimento comprendeva sia i regali che gli appassionati di VR\".<\/p>\n<p>SuperData prevede che le cuffie standalone come il Quest 2 rappresenteranno l'87% della quota di mercato VR nelle vendite di hardware nel 2021. Secondo i ricercatori di mercato: \"Poich\u00e9 il Quest 2 pu\u00f2 essere utilizzato per giocare a titoli VR per PC, si prevede che una percentuale significativa di giocatori PC sceglier\u00e0 il Quest e dispositivi ibridi simili quando acquister\u00e0 un headset VR in futuro. Gli appassionati pi\u00f9 accaniti continueranno probabilmente a preferire dispositivi di fascia alta come Valve Index e HP Reverb G2\".<\/p>\n<p>Fonte: <a href=\"https:\/\/www.superdataresearch.com\/blog\/superdata-xr-update\">SuperData<\/a><\/p>","protected":false},"excerpt":{"rendered":"Secondo i ricercatori di mercato di SuperData, l'headset VR standalone Oculus Quest 2 ha registrato un trimestre record. Secondo il rapporto, il dispositivo VR \u00e8 stato...","protected":false},"author":11,"featured_media":18810,"comment_status":"open","ping_status":"open","sticky":false,"template":"","format":"standard","meta":{"footnotes":""},"categories":[11],"tags":[],"class_list":{"0":"post-18807","1":"post","2":"type-post","3":"status-publish","4":"format-standard","5":"has-post-thumbnail","7":"category-virtual-reality-industrie","8":"cs-entry","9":"cs-video-wrap"},"yoast_head":"<!-- This site is optimized with the Yoast SEO plugin v27.4 - https:\/\/yoast.com\/product\/yoast-seo-wordpress\/ -->\n<title>Oculus Quest 2 legt Rekordquartal hin - Schweizer Virtual Reality News<\/title>\n<meta name=\"robots\" content=\"index, follow, max-snippet:-1, max-image-preview:large, max-video-preview:-1\" \/>\n<link rel=\"canonical\" href=\"https:\/\/vr-room.ch\/it\/2021\/02\/04\/oculus-quest-2-legt-rekordquartal-hin\/\" \/>\n<meta property=\"og:locale\" content=\"it_IT\" \/>\n<meta property=\"og:type\" content=\"article\" \/>\n<meta property=\"og:title\" content=\"Oculus Quest 2 legt Rekordquartal hin - Schweizer Virtual Reality News\" \/>\n<meta property=\"og:description\" content=\"Laut den Marktforschern bei SuperData hat das Standalone-VR-Headset Oculus Quest 2 ein Rekordquartal hingelegt. Demnach war das VR-Ger\u00e4t&hellip;\" \/>\n<meta property=\"og:url\" content=\"https:\/\/vr-room.ch\/it\/2021\/02\/04\/oculus-quest-2-legt-rekordquartal-hin\/\" \/>\n<meta property=\"og:site_name\" content=\"Schweizer Virtual Reality News\" \/>\n<meta property=\"article:published_time\" content=\"2021-02-04T10:03:52+00:00\" \/>\n<meta property=\"article:modified_time\" content=\"2021-02-04T10:07:16+00:00\" \/>\n<meta property=\"og:image\" content=\"https:\/\/vr-room.ch\/wp-content\/uploads\/2021\/02\/Oculus-Quest-2.jpg\" \/>\n\t<meta property=\"og:image:width\" content=\"1500\" \/>\n\t<meta property=\"og:image:height\" content=\"660\" \/>\n\t<meta property=\"og:image:type\" content=\"image\/jpeg\" \/>\n<meta name=\"author\" content=\"Michael\" \/>\n<meta name=\"twitter:card\" content=\"summary_large_image\" \/>\n<meta name=\"twitter:label1\" content=\"Scritto da\" \/>\n\t<meta name=\"twitter:data1\" content=\"Michael\" \/>\n\t<meta name=\"twitter:label2\" content=\"Tempo di lettura stimato\" \/>\n\t<meta name=\"twitter:data2\" content=\"1 minuto\" \/>\n<script type=\"application\/ld+json\" class=\"yoast-schema-graph\">{\"@context\":\"https:\\\/\\\/schema.org\",\"@graph\":[{\"@type\":\"Article\",\"@id\":\"https:\\\/\\\/vr-room.ch\\\/en\\\/2021\\\/02\\\/04\\\/oculus-quest-2-legt-rekordquartal-hin\\\/#article\",\"isPartOf\":{\"@id\":\"https:\\\/\\\/vr-room.ch\\\/en\\\/2021\\\/02\\\/04\\\/oculus-quest-2-legt-rekordquartal-hin\\\/\"},\"author\":{\"name\":\"Michael\",\"@id\":\"http:\\\/\\\/vr-room.ch\\\/en\\\/#\\\/schema\\\/person\\\/4022b4e1fba06681ac263b25c0f1e3d2\"},\"headline\":\"Oculus Quest 2 legt Rekordquartal hin\",\"datePublished\":\"2021-02-04T10:03:52+00:00\",\"dateModified\":\"2021-02-04T10:07:16+00:00\",\"mainEntityOfPage\":{\"@id\":\"https:\\\/\\\/vr-room.ch\\\/en\\\/2021\\\/02\\\/04\\\/oculus-quest-2-legt-rekordquartal-hin\\\/\"},\"wordCount\":226,\"commentCount\":0,\"image\":{\"@id\":\"https:\\\/\\\/vr-room.ch\\\/en\\\/2021\\\/02\\\/04\\\/oculus-quest-2-legt-rekordquartal-hin\\\/#primaryimage\"},\"thumbnailUrl\":\"https:\\\/\\\/vr-room.ch\\\/wp-content\\\/uploads\\\/2021\\\/02\\\/Oculus-Quest-2.jpg\",\"articleSection\":[\"Industrie\"],\"inLanguage\":\"it-IT\",\"potentialAction\":[{\"@type\":\"CommentAction\",\"name\":\"Comment\",\"target\":[\"https:\\\/\\\/vr-room.ch\\\/en\\\/2021\\\/02\\\/04\\\/oculus-quest-2-legt-rekordquartal-hin\\\/#respond\"]}]},{\"@type\":\"WebPage\",\"@id\":\"https:\\\/\\\/vr-room.ch\\\/en\\\/2021\\\/02\\\/04\\\/oculus-quest-2-legt-rekordquartal-hin\\\/\",\"url\":\"https:\\\/\\\/vr-room.ch\\\/en\\\/2021\\\/02\\\/04\\\/oculus-quest-2-legt-rekordquartal-hin\\\/\",\"name\":\"Oculus Quest 2 legt Rekordquartal hin - Schweizer Virtual Reality News\",\"isPartOf\":{\"@id\":\"http:\\\/\\\/vr-room.ch\\\/en\\\/#website\"},\"primaryImageOfPage\":{\"@id\":\"https:\\\/\\\/vr-room.ch\\\/en\\\/2021\\\/02\\\/04\\\/oculus-quest-2-legt-rekordquartal-hin\\\/#primaryimage\"},\"image\":{\"@id\":\"https:\\\/\\\/vr-room.ch\\\/en\\\/2021\\\/02\\\/04\\\/oculus-quest-2-legt-rekordquartal-hin\\\/#primaryimage\"},\"thumbnailUrl\":\"https:\\\/\\\/vr-room.ch\\\/wp-content\\\/uploads\\\/2021\\\/02\\\/Oculus-Quest-2.jpg\",\"datePublished\":\"2021-02-04T10:03:52+00:00\",\"dateModified\":\"2021-02-04T10:07:16+00:00\",\"author\":{\"@id\":\"http:\\\/\\\/vr-room.ch\\\/en\\\/#\\\/schema\\\/person\\\/4022b4e1fba06681ac263b25c0f1e3d2\"},\"breadcrumb\":{\"@id\":\"https:\\\/\\\/vr-room.ch\\\/en\\\/2021\\\/02\\\/04\\\/oculus-quest-2-legt-rekordquartal-hin\\\/#breadcrumb\"},\"inLanguage\":\"it-IT\",\"potentialAction\":[{\"@type\":\"ReadAction\",\"target\":[\"https:\\\/\\\/vr-room.ch\\\/en\\\/2021\\\/02\\\/04\\\/oculus-quest-2-legt-rekordquartal-hin\\\/\"]}]},{\"@type\":\"ImageObject\",\"inLanguage\":\"it-IT\",\"@id\":\"https:\\\/\\\/vr-room.ch\\\/en\\\/2021\\\/02\\\/04\\\/oculus-quest-2-legt-rekordquartal-hin\\\/#primaryimage\",\"url\":\"https:\\\/\\\/vr-room.ch\\\/wp-content\\\/uploads\\\/2021\\\/02\\\/Oculus-Quest-2.jpg\",\"contentUrl\":\"https:\\\/\\\/vr-room.ch\\\/wp-content\\\/uploads\\\/2021\\\/02\\\/Oculus-Quest-2.jpg\",\"width\":1500,\"height\":660,\"caption\":\"Oculus Quest 2 legt Rekordquartal hin\"},{\"@type\":\"BreadcrumbList\",\"@id\":\"https:\\\/\\\/vr-room.ch\\\/en\\\/2021\\\/02\\\/04\\\/oculus-quest-2-legt-rekordquartal-hin\\\/#breadcrumb\",\"itemListElement\":[{\"@type\":\"ListItem\",\"position\":1,\"name\":\"Startseite\",\"item\":\"http:\\\/\\\/vr-room.ch\\\/en\\\/\"},{\"@type\":\"ListItem\",\"position\":2,\"name\":\"Oculus Quest 2 legt Rekordquartal hin\"}]},{\"@type\":\"WebSite\",\"@id\":\"http:\\\/\\\/vr-room.ch\\\/en\\\/#website\",\"url\":\"http:\\\/\\\/vr-room.ch\\\/en\\\/\",\"name\":\"Schweizer Virtual Reality News\",\"description\":\"\",\"potentialAction\":[{\"@type\":\"SearchAction\",\"target\":{\"@type\":\"EntryPoint\",\"urlTemplate\":\"http:\\\/\\\/vr-room.ch\\\/en\\\/?s={search_term_string}\"},\"query-input\":{\"@type\":\"PropertyValueSpecification\",\"valueRequired\":true,\"valueName\":\"search_term_string\"}}],\"inLanguage\":\"it-IT\"},{\"@type\":\"Person\",\"@id\":\"http:\\\/\\\/vr-room.ch\\\/en\\\/#\\\/schema\\\/person\\\/4022b4e1fba06681ac263b25c0f1e3d2\",\"name\":\"Michael\",\"image\":{\"@type\":\"ImageObject\",\"inLanguage\":\"it-IT\",\"@id\":\"https:\\\/\\\/vr-room.ch\\\/wp-content\\\/uploads\\\/2019\\\/05\\\/avatar_user_11_1558711168-96x96.jpg\",\"url\":\"https:\\\/\\\/vr-room.ch\\\/wp-content\\\/uploads\\\/2019\\\/05\\\/avatar_user_11_1558711168-96x96.jpg\",\"contentUrl\":\"https:\\\/\\\/vr-room.ch\\\/wp-content\\\/uploads\\\/2019\\\/05\\\/avatar_user_11_1558711168-96x96.jpg\",\"caption\":\"Michael\"},\"url\":\"https:\\\/\\\/vr-room.ch\\\/it\\\/author\\\/michael\\\/\"}]}<\/script>\n<!-- \/ Yoast SEO plugin. -->","yoast_head_json":{"title":"Oculus Quest 2 legt Rekordquartal hin - Schweizer Virtual Reality News","robots":{"index":"index","follow":"follow","max-snippet":"max-snippet:-1","max-image-preview":"max-image-preview:large","max-video-preview":"max-video-preview:-1"},"canonical":"https:\/\/vr-room.ch\/it\/2021\/02\/04\/oculus-quest-2-legt-rekordquartal-hin\/","og_locale":"it_IT","og_type":"article","og_title":"Oculus Quest 2 legt Rekordquartal hin - Schweizer Virtual Reality News","og_description":"Laut den Marktforschern bei SuperData hat das Standalone-VR-Headset Oculus Quest 2 ein Rekordquartal hingelegt. Demnach war das VR-Ger\u00e4t&hellip;","og_url":"https:\/\/vr-room.ch\/it\/2021\/02\/04\/oculus-quest-2-legt-rekordquartal-hin\/","og_site_name":"Schweizer Virtual Reality News","article_published_time":"2021-02-04T10:03:52+00:00","article_modified_time":"2021-02-04T10:07:16+00:00","og_image":[{"width":1500,"height":660,"url":"https:\/\/vr-room.ch\/wp-content\/uploads\/2021\/02\/Oculus-Quest-2.jpg","type":"image\/jpeg"}],"author":"Michael","twitter_card":"summary_large_image","twitter_misc":{"Scritto da":"Michael","Tempo di lettura stimato":"1 minuto"},"schema":{"@context":"https:\/\/schema.org","@graph":[{"@type":"Article","@id":"https:\/\/vr-room.ch\/en\/2021\/02\/04\/oculus-quest-2-legt-rekordquartal-hin\/#article","isPartOf":{"@id":"https:\/\/vr-room.ch\/en\/2021\/02\/04\/oculus-quest-2-legt-rekordquartal-hin\/"},"author":{"name":"Michael","@id":"http:\/\/vr-room.ch\/en\/#\/schema\/person\/4022b4e1fba06681ac263b25c0f1e3d2"},"headline":"Oculus Quest 2 legt Rekordquartal hin","datePublished":"2021-02-04T10:03:52+00:00","dateModified":"2021-02-04T10:07:16+00:00","mainEntityOfPage":{"@id":"https:\/\/vr-room.ch\/en\/2021\/02\/04\/oculus-quest-2-legt-rekordquartal-hin\/"},"wordCount":226,"commentCount":0,"image":{"@id":"https:\/\/vr-room.ch\/en\/2021\/02\/04\/oculus-quest-2-legt-rekordquartal-hin\/#primaryimage"},"thumbnailUrl":"https:\/\/vr-room.ch\/wp-content\/uploads\/2021\/02\/Oculus-Quest-2.jpg","articleSection":["Industrie"],"inLanguage":"it-IT","potentialAction":[{"@type":"CommentAction","name":"Comment","target":["https:\/\/vr-room.ch\/en\/2021\/02\/04\/oculus-quest-2-legt-rekordquartal-hin\/#respond"]}]},{"@type":"WebPage","@id":"https:\/\/vr-room.ch\/en\/2021\/02\/04\/oculus-quest-2-legt-rekordquartal-hin\/","url":"https:\/\/vr-room.ch\/en\/2021\/02\/04\/oculus-quest-2-legt-rekordquartal-hin\/","name":"Oculus Quest 2 legt Rekordquartal hin - Schweizer Virtual Reality News","isPartOf":{"@id":"http:\/\/vr-room.ch\/en\/#website"},"primaryImageOfPage":{"@id":"https:\/\/vr-room.ch\/en\/2021\/02\/04\/oculus-quest-2-legt-rekordquartal-hin\/#primaryimage"},"image":{"@id":"https:\/\/vr-room.ch\/en\/2021\/02\/04\/oculus-quest-2-legt-rekordquartal-hin\/#primaryimage"},"thumbnailUrl":"https:\/\/vr-room.ch\/wp-content\/uploads\/2021\/02\/Oculus-Quest-2.jpg","datePublished":"2021-02-04T10:03:52+00:00","dateModified":"2021-02-04T10:07:16+00:00","author":{"@id":"http:\/\/vr-room.ch\/en\/#\/schema\/person\/4022b4e1fba06681ac263b25c0f1e3d2"},"breadcrumb":{"@id":"https:\/\/vr-room.ch\/en\/2021\/02\/04\/oculus-quest-2-legt-rekordquartal-hin\/#breadcrumb"},"inLanguage":"it-IT","potentialAction":[{"@type":"ReadAction","target":["https:\/\/vr-room.ch\/en\/2021\/02\/04\/oculus-quest-2-legt-rekordquartal-hin\/"]}]},{"@type":"ImageObject","inLanguage":"it-IT","@id":"https:\/\/vr-room.ch\/en\/2021\/02\/04\/oculus-quest-2-legt-rekordquartal-hin\/#primaryimage","url":"https:\/\/vr-room.ch\/wp-content\/uploads\/2021\/02\/Oculus-Quest-2.jpg","contentUrl":"https:\/\/vr-room.ch\/wp-content\/uploads\/2021\/02\/Oculus-Quest-2.jpg","width":1500,"height":660,"caption":"Oculus Quest 2 legt Rekordquartal hin"},{"@type":"BreadcrumbList","@id":"https:\/\/vr-room.ch\/en\/2021\/02\/04\/oculus-quest-2-legt-rekordquartal-hin\/#breadcrumb","itemListElement":[{"@type":"ListItem","position":1,"name":"Startseite","item":"http:\/\/vr-room.ch\/en\/"},{"@type":"ListItem","position":2,"name":"Oculus Quest 2 legt Rekordquartal hin"}]},{"@type":"WebSite","@id":"http:\/\/vr-room.ch\/en\/#website","url":"http:\/\/vr-room.ch\/en\/","name":"Notizie sulla realt\u00e0 virtuale in Svizzera","description":"","potentialAction":[{"@type":"SearchAction","target":{"@type":"EntryPoint","urlTemplate":"http:\/\/vr-room.ch\/en\/?s={search_term_string}"},"query-input":{"@type":"PropertyValueSpecification","valueRequired":true,"valueName":"search_term_string"}}],"inLanguage":"it-IT"},{"@type":"Person","@id":"http:\/\/vr-room.ch\/en\/#\/schema\/person\/4022b4e1fba06681ac263b25c0f1e3d2","name":"Michele","image":{"@type":"ImageObject","inLanguage":"it-IT","@id":"https:\/\/vr-room.ch\/wp-content\/uploads\/2019\/05\/avatar_user_11_1558711168-96x96.jpg","url":"https:\/\/vr-room.ch\/wp-content\/uploads\/2019\/05\/avatar_user_11_1558711168-96x96.jpg","contentUrl":"https:\/\/vr-room.ch\/wp-content\/uploads\/2019\/05\/avatar_user_11_1558711168-96x96.jpg","caption":"Michael"},"url":"https:\/\/vr-room.ch\/it\/author\/michael\/"}]}},"_links":{"self":[{"href":"https:\/\/vr-room.ch\/it\/wp-json\/wp\/v2\/posts\/18807","targetHints":{"allow":["GET"]}}],"collection":[{"href":"https:\/\/vr-room.ch\/it\/wp-json\/wp\/v2\/posts"}],"about":[{"href":"https:\/\/vr-room.ch\/it\/wp-json\/wp\/v2\/types\/post"}],"author":[{"embeddable":true,"href":"https:\/\/vr-room.ch\/it\/wp-json\/wp\/v2\/users\/11"}],"replies":[{"embeddable":true,"href":"https:\/\/vr-room.ch\/it\/wp-json\/wp\/v2\/comments?post=18807"}],"version-history":[{"count":0,"href":"https:\/\/vr-room.ch\/it\/wp-json\/wp\/v2\/posts\/18807\/revisions"}],"wp:featuredmedia":[{"embeddable":true,"href":"https:\/\/vr-room.ch\/it\/wp-json\/wp\/v2\/media\/18810"}],"wp:attachment":[{"href":"https:\/\/vr-room.ch\/it\/wp-json\/wp\/v2\/media?parent=18807"}],"wp:term":[{"taxonomy":"category","embeddable":true,"href":"https:\/\/vr-room.ch\/it\/wp-json\/wp\/v2\/categories?post=18807"},{"taxonomy":"post_tag","embeddable":true,"href":"https:\/\/vr-room.ch\/it\/wp-json\/wp\/v2\/tags?post=18807"}],"curies":[{"name":"wp","href":"https:\/\/api.w.org\/{rel}","templated":true}]}}