{"id":17947,"date":"2020-09-21T07:20:01","date_gmt":"2020-09-21T07:20:01","guid":{"rendered":"https:\/\/vr-room.ch\/?p=17947"},"modified":"2020-09-21T07:28:16","modified_gmt":"2020-09-21T07:28:16","slug":"oculus-quest-2-angekuendigt","status":"publish","type":"post","link":"https:\/\/vr-room.ch\/it\/2020\/09\/21\/oculus-quest-2-angekuendigt\/","title":{"rendered":"Annunciato Oculus Quest 2"},"content":{"rendered":"<p>Facebook ha annunciato Oculus Quest 2. L'auricolare VR sar\u00e0 lanciato il 13 ottobre 2020. I prezzi partono da 299 dollari USA e il <a href=\"https:\/\/www.oculus.com\/quest-2\/\">preordini internazionali<\/a> sono iniziati.<\/p>\n<p>Oculus Quest 2 \u00e8 alimentato dalla piattaforma Qualcomm Snapdragon XR2, con capacit\u00e0 AI superiori e 6 GB di RAM. Il nuovo display offre 1832 x 1920 pixel per occhio, la pi\u00f9 alta risoluzione finora raggiunta. \"Con il 50% di pixel in pi\u00f9 rispetto al Quest originale, tutto, dai giochi multiplayer alle app di produttivit\u00e0, fino ai video a 360 gradi, \u00e8 pi\u00f9 bello che mai\", spiega Facebook. Un altro vantaggio \u00e8 che Quest 2 \u00e8 pi\u00f9 leggero del 10% e dovrebbe essere pi\u00f9 comodo da indossare.<\/p>\n<p>Grazie alle maggiori prestazioni grafiche di Oculus Quest 2, il nuovo display \u00e8 in grado di supportare 90 Hz. \u00c8 possibile eseguire applicazioni di sistema a 90 Hz fin dal primo giorno. Anche i controller sono nuovi: \"Vivi la VR a modo tuo con i controller Oculus Touch ridisegnati e dotati di funzioni di tracciamento della mano all'avanguardia\". La durata della batteria dovrebbe essere fino a quattro volte superiore a quella dei precedenti controller Quest Touch.<\/p>\n<p>Naturalmente, Quest 2 funziona con i giochi del suo predecessore. Inoltre, \u00e8 possibile attendere titoli futuri come \"Star Wars: Tales from the Galaxy's Edge\", \"Myst\", \"Jurassic World Aftermath\", \"Warhammer 40.000: Battle Sister\", \"Pistol Whip: 2089\", \"The Climb 2\", \"Rez Infinite\" e molti altri. Quest 2 \u00e8 anche compatibile con Oculus Link, che consente di godere di giochi PCVR come \"Asgard's Wrath\", \"Stormland\" o \"Lone Echo\", oltre a titoli di prossima uscita come \"Lone Echo 2\" e \"Medal of Honor: Above and Beyond\".<\/p>\n<div style=\"width: 640px;\" class=\"wp-video\"><video class=\"wp-video-shortcode\" id=\"video-17947-1\" width=\"640\" height=\"360\" loop preload=\"metadata\" controls=\"controls\"><source type=\"video\/youtube\" src=\"https:\/\/www.youtube.com\/watch?v=ATVGl9wOJsM&#038;_=1\" \/><a href=\"https:\/\/www.youtube.com\/watch?v=ATVGl9wOJsM\">https:\/\/www.youtube.com\/watch?v=ATVGl9wOJsM<\/a><\/video><\/div>\n<p>Fonte: <a href=\"https:\/\/www.oculus.com\/blog\/introducing-oculus-quest-2-the-next-generation-of-all-in-one-vr-gaming\/\">Blog di Oculus<\/a><\/p>","protected":false},"excerpt":{"rendered":"Facebook ha annunciato Oculus Quest 2. L'auricolare VR sar\u00e0 lanciato il 13 ottobre 2020. Il...","protected":false},"author":11,"featured_media":17948,"comment_status":"open","ping_status":"open","sticky":false,"template":"","format":"standard","meta":{"footnotes":""},"categories":[11],"tags":[],"class_list":{"0":"post-17947","1":"post","2":"type-post","3":"status-publish","4":"format-standard","5":"has-post-thumbnail","7":"category-virtual-reality-industrie","8":"cs-entry","9":"cs-video-wrap"},"yoast_head":"<!-- This site is optimized with the Yoast SEO plugin v27.4 - https:\/\/yoast.com\/product\/yoast-seo-wordpress\/ -->\n<title>Oculus Quest 2 angek\u00fcndigt - Schweizer Virtual Reality News<\/title>\n<meta name=\"robots\" content=\"index, follow, max-snippet:-1, max-image-preview:large, max-video-preview:-1\" \/>\n<link rel=\"canonical\" href=\"http:\/\/vr-room.ch\/it\/2020\/09\/21\/oculus-quest-2-angekuendigt\/\" \/>\n<meta property=\"og:locale\" content=\"it_IT\" \/>\n<meta property=\"og:type\" content=\"article\" \/>\n<meta property=\"og:title\" content=\"Oculus Quest 2 angek\u00fcndigt - Schweizer Virtual Reality News\" \/>\n<meta property=\"og:description\" content=\"Facebook hat Oculus Quest 2 angek\u00fcndigt. Das VR-Headset wird am 13. Oktober 2020 auf den Markt kommen. Die&hellip;\" \/>\n<meta property=\"og:url\" content=\"http:\/\/vr-room.ch\/it\/2020\/09\/21\/oculus-quest-2-angekuendigt\/\" \/>\n<meta property=\"og:site_name\" content=\"Schweizer Virtual Reality News\" \/>\n<meta property=\"article:published_time\" content=\"2020-09-21T07:20:01+00:00\" \/>\n<meta property=\"article:modified_time\" content=\"2020-09-21T07:28:16+00:00\" \/>\n<meta property=\"og:image\" content=\"https:\/\/vr-room.ch\/wp-content\/uploads\/2020\/09\/Oculus-Quest-2.jpg\" \/>\n\t<meta property=\"og:image:width\" content=\"1923\" \/>\n\t<meta property=\"og:image:height\" content=\"1044\" \/>\n\t<meta property=\"og:image:type\" content=\"image\/jpeg\" \/>\n<meta name=\"author\" content=\"Michael\" \/>\n<meta name=\"twitter:card\" content=\"summary_large_image\" \/>\n<meta name=\"twitter:label1\" content=\"Scritto da\" \/>\n\t<meta name=\"twitter:data1\" content=\"Michael\" \/>\n\t<meta name=\"twitter:label2\" content=\"Tempo di lettura stimato\" \/>\n\t<meta name=\"twitter:data2\" content=\"1 minuto\" \/>\n<script type=\"application\/ld+json\" class=\"yoast-schema-graph\">{\"@context\":\"https:\\\/\\\/schema.org\",\"@graph\":[{\"@type\":\"Article\",\"@id\":\"http:\\\/\\\/vr-room.ch\\\/fr\\\/2020\\\/09\\\/21\\\/oculus-quest-2-angekuendigt\\\/#article\",\"isPartOf\":{\"@id\":\"http:\\\/\\\/vr-room.ch\\\/fr\\\/2020\\\/09\\\/21\\\/oculus-quest-2-angekuendigt\\\/\"},\"author\":{\"name\":\"Michael\",\"@id\":\"http:\\\/\\\/vr-room.ch\\\/en\\\/#\\\/schema\\\/person\\\/4022b4e1fba06681ac263b25c0f1e3d2\"},\"headline\":\"Oculus Quest 2 angek\u00fcndigt\",\"datePublished\":\"2020-09-21T07:20:01+00:00\",\"dateModified\":\"2020-09-21T07:28:16+00:00\",\"mainEntityOfPage\":{\"@id\":\"http:\\\/\\\/vr-room.ch\\\/fr\\\/2020\\\/09\\\/21\\\/oculus-quest-2-angekuendigt\\\/\"},\"wordCount\":271,\"commentCount\":0,\"image\":{\"@id\":\"http:\\\/\\\/vr-room.ch\\\/fr\\\/2020\\\/09\\\/21\\\/oculus-quest-2-angekuendigt\\\/#primaryimage\"},\"thumbnailUrl\":\"https:\\\/\\\/vr-room.ch\\\/wp-content\\\/uploads\\\/2020\\\/09\\\/Oculus-Quest-2.jpg\",\"articleSection\":[\"Industrie\"],\"inLanguage\":\"it-IT\",\"potentialAction\":[{\"@type\":\"CommentAction\",\"name\":\"Comment\",\"target\":[\"http:\\\/\\\/vr-room.ch\\\/fr\\\/2020\\\/09\\\/21\\\/oculus-quest-2-angekuendigt\\\/#respond\"]}]},{\"@type\":\"WebPage\",\"@id\":\"http:\\\/\\\/vr-room.ch\\\/fr\\\/2020\\\/09\\\/21\\\/oculus-quest-2-angekuendigt\\\/\",\"url\":\"http:\\\/\\\/vr-room.ch\\\/fr\\\/2020\\\/09\\\/21\\\/oculus-quest-2-angekuendigt\\\/\",\"name\":\"Oculus Quest 2 angek\u00fcndigt - Schweizer Virtual Reality News\",\"isPartOf\":{\"@id\":\"http:\\\/\\\/vr-room.ch\\\/en\\\/#website\"},\"primaryImageOfPage\":{\"@id\":\"http:\\\/\\\/vr-room.ch\\\/fr\\\/2020\\\/09\\\/21\\\/oculus-quest-2-angekuendigt\\\/#primaryimage\"},\"image\":{\"@id\":\"http:\\\/\\\/vr-room.ch\\\/fr\\\/2020\\\/09\\\/21\\\/oculus-quest-2-angekuendigt\\\/#primaryimage\"},\"thumbnailUrl\":\"https:\\\/\\\/vr-room.ch\\\/wp-content\\\/uploads\\\/2020\\\/09\\\/Oculus-Quest-2.jpg\",\"datePublished\":\"2020-09-21T07:20:01+00:00\",\"dateModified\":\"2020-09-21T07:28:16+00:00\",\"author\":{\"@id\":\"http:\\\/\\\/vr-room.ch\\\/en\\\/#\\\/schema\\\/person\\\/4022b4e1fba06681ac263b25c0f1e3d2\"},\"breadcrumb\":{\"@id\":\"http:\\\/\\\/vr-room.ch\\\/fr\\\/2020\\\/09\\\/21\\\/oculus-quest-2-angekuendigt\\\/#breadcrumb\"},\"inLanguage\":\"it-IT\",\"potentialAction\":[{\"@type\":\"ReadAction\",\"target\":[\"http:\\\/\\\/vr-room.ch\\\/fr\\\/2020\\\/09\\\/21\\\/oculus-quest-2-angekuendigt\\\/\"]}]},{\"@type\":\"ImageObject\",\"inLanguage\":\"it-IT\",\"@id\":\"http:\\\/\\\/vr-room.ch\\\/fr\\\/2020\\\/09\\\/21\\\/oculus-quest-2-angekuendigt\\\/#primaryimage\",\"url\":\"https:\\\/\\\/vr-room.ch\\\/wp-content\\\/uploads\\\/2020\\\/09\\\/Oculus-Quest-2.jpg\",\"contentUrl\":\"https:\\\/\\\/vr-room.ch\\\/wp-content\\\/uploads\\\/2020\\\/09\\\/Oculus-Quest-2.jpg\",\"width\":1923,\"height\":1044,\"caption\":\"Oculus Quest 2 angek\u00fcndigt\"},{\"@type\":\"BreadcrumbList\",\"@id\":\"http:\\\/\\\/vr-room.ch\\\/fr\\\/2020\\\/09\\\/21\\\/oculus-quest-2-angekuendigt\\\/#breadcrumb\",\"itemListElement\":[{\"@type\":\"ListItem\",\"position\":1,\"name\":\"Startseite\",\"item\":\"http:\\\/\\\/vr-room.ch\\\/en\\\/\"},{\"@type\":\"ListItem\",\"position\":2,\"name\":\"Oculus Quest 2 angek\u00fcndigt\"}]},{\"@type\":\"WebSite\",\"@id\":\"http:\\\/\\\/vr-room.ch\\\/en\\\/#website\",\"url\":\"http:\\\/\\\/vr-room.ch\\\/en\\\/\",\"name\":\"Schweizer Virtual Reality News\",\"description\":\"\",\"potentialAction\":[{\"@type\":\"SearchAction\",\"target\":{\"@type\":\"EntryPoint\",\"urlTemplate\":\"http:\\\/\\\/vr-room.ch\\\/en\\\/?s={search_term_string}\"},\"query-input\":{\"@type\":\"PropertyValueSpecification\",\"valueRequired\":true,\"valueName\":\"search_term_string\"}}],\"inLanguage\":\"it-IT\"},{\"@type\":\"Person\",\"@id\":\"http:\\\/\\\/vr-room.ch\\\/en\\\/#\\\/schema\\\/person\\\/4022b4e1fba06681ac263b25c0f1e3d2\",\"name\":\"Michael\",\"image\":{\"@type\":\"ImageObject\",\"inLanguage\":\"it-IT\",\"@id\":\"https:\\\/\\\/vr-room.ch\\\/wp-content\\\/uploads\\\/2019\\\/05\\\/avatar_user_11_1558711168-96x96.jpg\",\"url\":\"https:\\\/\\\/vr-room.ch\\\/wp-content\\\/uploads\\\/2019\\\/05\\\/avatar_user_11_1558711168-96x96.jpg\",\"contentUrl\":\"https:\\\/\\\/vr-room.ch\\\/wp-content\\\/uploads\\\/2019\\\/05\\\/avatar_user_11_1558711168-96x96.jpg\",\"caption\":\"Michael\"},\"url\":\"https:\\\/\\\/vr-room.ch\\\/it\\\/author\\\/michael\\\/\"}]}<\/script>\n<!-- \/ Yoast SEO plugin. -->","yoast_head_json":{"title":"Oculus Quest 2 angek\u00fcndigt - Schweizer Virtual Reality News","robots":{"index":"index","follow":"follow","max-snippet":"max-snippet:-1","max-image-preview":"max-image-preview:large","max-video-preview":"max-video-preview:-1"},"canonical":"http:\/\/vr-room.ch\/it\/2020\/09\/21\/oculus-quest-2-angekuendigt\/","og_locale":"it_IT","og_type":"article","og_title":"Oculus Quest 2 angek\u00fcndigt - Schweizer Virtual Reality News","og_description":"Facebook hat Oculus Quest 2 angek\u00fcndigt. Das VR-Headset wird am 13. Oktober 2020 auf den Markt kommen. Die&hellip;","og_url":"http:\/\/vr-room.ch\/it\/2020\/09\/21\/oculus-quest-2-angekuendigt\/","og_site_name":"Schweizer Virtual Reality News","article_published_time":"2020-09-21T07:20:01+00:00","article_modified_time":"2020-09-21T07:28:16+00:00","og_image":[{"width":1923,"height":1044,"url":"https:\/\/vr-room.ch\/wp-content\/uploads\/2020\/09\/Oculus-Quest-2.jpg","type":"image\/jpeg"}],"author":"Michael","twitter_card":"summary_large_image","twitter_misc":{"Scritto da":"Michael","Tempo di lettura stimato":"1 minuto"},"schema":{"@context":"https:\/\/schema.org","@graph":[{"@type":"Article","@id":"http:\/\/vr-room.ch\/fr\/2020\/09\/21\/oculus-quest-2-angekuendigt\/#article","isPartOf":{"@id":"http:\/\/vr-room.ch\/fr\/2020\/09\/21\/oculus-quest-2-angekuendigt\/"},"author":{"name":"Michael","@id":"http:\/\/vr-room.ch\/en\/#\/schema\/person\/4022b4e1fba06681ac263b25c0f1e3d2"},"headline":"Oculus Quest 2 angek\u00fcndigt","datePublished":"2020-09-21T07:20:01+00:00","dateModified":"2020-09-21T07:28:16+00:00","mainEntityOfPage":{"@id":"http:\/\/vr-room.ch\/fr\/2020\/09\/21\/oculus-quest-2-angekuendigt\/"},"wordCount":271,"commentCount":0,"image":{"@id":"http:\/\/vr-room.ch\/fr\/2020\/09\/21\/oculus-quest-2-angekuendigt\/#primaryimage"},"thumbnailUrl":"https:\/\/vr-room.ch\/wp-content\/uploads\/2020\/09\/Oculus-Quest-2.jpg","articleSection":["Industrie"],"inLanguage":"it-IT","potentialAction":[{"@type":"CommentAction","name":"Comment","target":["http:\/\/vr-room.ch\/fr\/2020\/09\/21\/oculus-quest-2-angekuendigt\/#respond"]}]},{"@type":"WebPage","@id":"http:\/\/vr-room.ch\/fr\/2020\/09\/21\/oculus-quest-2-angekuendigt\/","url":"http:\/\/vr-room.ch\/fr\/2020\/09\/21\/oculus-quest-2-angekuendigt\/","name":"Oculus Quest 2 angek\u00fcndigt - Schweizer Virtual Reality News","isPartOf":{"@id":"http:\/\/vr-room.ch\/en\/#website"},"primaryImageOfPage":{"@id":"http:\/\/vr-room.ch\/fr\/2020\/09\/21\/oculus-quest-2-angekuendigt\/#primaryimage"},"image":{"@id":"http:\/\/vr-room.ch\/fr\/2020\/09\/21\/oculus-quest-2-angekuendigt\/#primaryimage"},"thumbnailUrl":"https:\/\/vr-room.ch\/wp-content\/uploads\/2020\/09\/Oculus-Quest-2.jpg","datePublished":"2020-09-21T07:20:01+00:00","dateModified":"2020-09-21T07:28:16+00:00","author":{"@id":"http:\/\/vr-room.ch\/en\/#\/schema\/person\/4022b4e1fba06681ac263b25c0f1e3d2"},"breadcrumb":{"@id":"http:\/\/vr-room.ch\/fr\/2020\/09\/21\/oculus-quest-2-angekuendigt\/#breadcrumb"},"inLanguage":"it-IT","potentialAction":[{"@type":"ReadAction","target":["http:\/\/vr-room.ch\/fr\/2020\/09\/21\/oculus-quest-2-angekuendigt\/"]}]},{"@type":"ImageObject","inLanguage":"it-IT","@id":"http:\/\/vr-room.ch\/fr\/2020\/09\/21\/oculus-quest-2-angekuendigt\/#primaryimage","url":"https:\/\/vr-room.ch\/wp-content\/uploads\/2020\/09\/Oculus-Quest-2.jpg","contentUrl":"https:\/\/vr-room.ch\/wp-content\/uploads\/2020\/09\/Oculus-Quest-2.jpg","width":1923,"height":1044,"caption":"Oculus Quest 2 angek\u00fcndigt"},{"@type":"BreadcrumbList","@id":"http:\/\/vr-room.ch\/fr\/2020\/09\/21\/oculus-quest-2-angekuendigt\/#breadcrumb","itemListElement":[{"@type":"ListItem","position":1,"name":"Startseite","item":"http:\/\/vr-room.ch\/en\/"},{"@type":"ListItem","position":2,"name":"Oculus Quest 2 angek\u00fcndigt"}]},{"@type":"WebSite","@id":"http:\/\/vr-room.ch\/en\/#website","url":"http:\/\/vr-room.ch\/en\/","name":"Notizie sulla realt\u00e0 virtuale in Svizzera","description":"","potentialAction":[{"@type":"SearchAction","target":{"@type":"EntryPoint","urlTemplate":"http:\/\/vr-room.ch\/en\/?s={search_term_string}"},"query-input":{"@type":"PropertyValueSpecification","valueRequired":true,"valueName":"search_term_string"}}],"inLanguage":"it-IT"},{"@type":"Person","@id":"http:\/\/vr-room.ch\/en\/#\/schema\/person\/4022b4e1fba06681ac263b25c0f1e3d2","name":"Michele","image":{"@type":"ImageObject","inLanguage":"it-IT","@id":"https:\/\/vr-room.ch\/wp-content\/uploads\/2019\/05\/avatar_user_11_1558711168-96x96.jpg","url":"https:\/\/vr-room.ch\/wp-content\/uploads\/2019\/05\/avatar_user_11_1558711168-96x96.jpg","contentUrl":"https:\/\/vr-room.ch\/wp-content\/uploads\/2019\/05\/avatar_user_11_1558711168-96x96.jpg","caption":"Michael"},"url":"https:\/\/vr-room.ch\/it\/author\/michael\/"}]}},"_links":{"self":[{"href":"https:\/\/vr-room.ch\/it\/wp-json\/wp\/v2\/posts\/17947","targetHints":{"allow":["GET"]}}],"collection":[{"href":"https:\/\/vr-room.ch\/it\/wp-json\/wp\/v2\/posts"}],"about":[{"href":"https:\/\/vr-room.ch\/it\/wp-json\/wp\/v2\/types\/post"}],"author":[{"embeddable":true,"href":"https:\/\/vr-room.ch\/it\/wp-json\/wp\/v2\/users\/11"}],"replies":[{"embeddable":true,"href":"https:\/\/vr-room.ch\/it\/wp-json\/wp\/v2\/comments?post=17947"}],"version-history":[{"count":0,"href":"https:\/\/vr-room.ch\/it\/wp-json\/wp\/v2\/posts\/17947\/revisions"}],"wp:featuredmedia":[{"embeddable":true,"href":"https:\/\/vr-room.ch\/it\/wp-json\/wp\/v2\/media\/17948"}],"wp:attachment":[{"href":"https:\/\/vr-room.ch\/it\/wp-json\/wp\/v2\/media?parent=17947"}],"wp:term":[{"taxonomy":"category","embeddable":true,"href":"https:\/\/vr-room.ch\/it\/wp-json\/wp\/v2\/categories?post=17947"},{"taxonomy":"post_tag","embeddable":true,"href":"https:\/\/vr-room.ch\/it\/wp-json\/wp\/v2\/tags?post=17947"}],"curies":[{"name":"wp","href":"https:\/\/api.w.org\/{rel}","templated":true}]}}