{"id":16894,"date":"2020-05-07T11:48:54","date_gmt":"2020-05-07T11:48:54","guid":{"rendered":"https:\/\/vr-room.ch\/?p=16894"},"modified":"2020-05-04T12:08:39","modified_gmt":"2020-05-04T12:08:39","slug":"everest-vr-atemberaubender-vr-film-zeigt-extrembergsteiger","status":"publish","type":"post","link":"https:\/\/vr-room.ch\/it\/2020\/05\/07\/everest-vr-atemberaubender-vr-film-zeigt-extrembergsteiger\/","title":{"rendered":"Everest VR: un filmato VR mozzafiato mostra gli alpinisti estremi"},"content":{"rendered":"<h3 id=\"everest-vr-ist-eine-von-oculus-produzierte-vr-doku-fuer-oculus-quest-und-oculus-go-der-dreiteilige-vr-film-ist-dem-schweizer-extrembergsteiger-ueli-steck-gewidmet-der-vor-knapp-drei-jahren-beim-vers\">Everest VR \u00e8 un documentario VR prodotto da Oculus per Oculus Quest e Oculus Go. Il film VR in tre parti \u00e8 dedicato all'alpinista estremo svizzero Ueli Steck, morto quasi tre anni fa mentre tentava di scalare sia l'Everest che il vicino Lhotse senza ossigeno artificiale - cosa che nessuno era mai riuscito a fare prima.<!--more--><\/h3>\n<p><span class=\"st\">Si trova nel mezzo dell'Himalaya, ci vogliono settimane per raggiungerne la cima e, con i suoi 8848 metri, \u00e8 la montagna pi\u00f9 alta del mondo: l'Everest. Un comune mortale difficilmente pu\u00f2 immaginare cosa significhi salire in cima. O forse ora possono farlo?<br \/>\n<\/span><\/p>\n<p>Il film in tre parti Everst VR, dedicato all'ex alpinista svizzero Ueli Steck, d\u00e0 un'idea di cosa significhi scalare lass\u00f9. Il documentario \u00e8 stato girato dal suo caro amico, l'esperto alpinista e regista Jonathan Griffith, che intraprende l'arduo viaggio con lo sherpa Tenji, uno dei protetti di Steck, per completare l'audace tentativo dell'alpinista svizzero.<\/p>\n<h3 id=\"extremste-drehbedingungen\">Condizioni di svolta estreme<\/h3>\n<p data-init=\"1\" data-rec-id=\"158859289797218\">Il documentario non mostra alcuna considerazione per lo spettatore e parte in quarta: Nel primo episodio, si vedono gli amici di Griffith e gli alpinisti estremi arrampicarsi su pareti di montagna e di ghiaccio apparentemente insormontabili con le proprie forze e talvolta senza attrezzature di sicurezza.<\/p>\n<p>Effettuare le riprese in queste condizioni estreme, e persino portare l'attrezzatura lass\u00f9, deve aver richiesto molto tempo. Il team di Concept360 probabilmente direbbe qualcosa di simile. Hanno girato sull'Eiger, come testimonia il nostro reportage sul progetto di successo di <a href=\"https:\/\/vr-room.ch\/it\/2017\/09\/12\/mammut-praesentiert-die-neue-eiger-extreme-kollektion-in-360-vr\/\">Mammut<\/a> e anche sul <a href=\"https:\/\/www.concept360.ch\/de\/mammut-project360-everest\/\">Everest - la via meridionale<\/a>.<\/p>\n<h3 id=\"das-medium-taeuscht-nicht\" class=\"_p-7 _p-9 _p-b\">Il mezzo non \u00e8 ingannevole<\/h3>\n<p>Il regista Griffith dice di amare la realt\u00e0 virtuale perch\u00e9 non pu\u00f2 essere falsificata: i colori di un tramonto non possono essere rielaborati, altrimenti si noterebbero sotto gli occhiali VR. \u00c8 anche impossibile filmare un pendio in modo che appaia pi\u00f9 ripido. Non si possono fare trucchi in VR\", afferma Griffith in un'intervista in cui parla delle sfide della produzione.<\/p>\n<p>Una volta Griffith ha resistito per 13 giorni affinch\u00e9 una valanga himalayana catturasse la telecamera a 360 gradi e noi spettatori ci trovassimo proprio al suo interno. E per una delle mozzafiato riprese notturne in time-lapse, rimase sveglio per un'intera notte a temperature gelide per scattare singole immagini a intervalli regolari.<\/p>\n<p>Everest VR: Viaggio in cima al mondo \u00e8 disponibile gratuitamente su <a href=\"https:\/\/www.oculus.com\/experiences\/quest\/1931356740318898\/\" target=\"_blank\" rel=\"noopener noreferrer\">Oculus TV<\/a> disponibile per Oculus Quest.<\/p>\n<p>Per Oculus Go \u00e8 possibile utilizzare i collegamenti a <a href=\"https:\/\/www.oculus.com\/experiences\/media\/2475506732722737\/182560819667784\/?intern_source=blog&amp;intern_content=brave-the-himalayas-in-everest-vr-journey-to-the-top-of-the-world\" target=\"_blank\" rel=\"noopener noreferrer\">Episodio 1<\/a>,\u00a0<a href=\"https:\/\/www.oculus.com\/experiences\/media\/2475506732722737\/142858453450234\/?intern_source=blog&amp;intern_content=brave-the-himalayas-in-everest-vr-journey-to-the-top-of-the-world\" target=\"_blank\" rel=\"noopener noreferrer\">Episodio 2<\/a>\u00a0e <a href=\"https:\/\/www.oculus.com\/experiences\/media\/2475506732722737\/643759026453404\/?intern_source=blog&amp;intern_content=brave-the-himalayas-in-everest-vr-journey-to-the-top-of-the-world\" target=\"_blank\" rel=\"noopener noreferrer\">Episodio 3<\/a> e fare clic su \"Salva in VR\".<\/p>\n<p><iframe loading=\"lazy\" title=\"Everest VR: Viaggio in cima al mondo | Oculus TV\" width=\"1200\" height=\"675\" src=\"https:\/\/www.youtube.com\/embed\/PxPGyQl0RLE?feature=oembed\" frameborder=\"0\" allow=\"accelerometer; autoplay; clipboard-write; encrypted-media; gyroscope; picture-in-picture\" allowfullscreen><\/iframe><\/p>\n<p>Fonte: Mixed \/ Youtube<\/p>","protected":false},"excerpt":{"rendered":"Everest VR \u00e8 un documentario VR prodotto da Oculus per Oculus Quest e Oculus Go. Il film VR in tre parti \u00e8...","protected":false},"author":12,"featured_media":16895,"comment_status":"open","ping_status":"open","sticky":false,"template":"","format":"standard","meta":{"footnotes":""},"categories":[68],"tags":[],"class_list":{"0":"post-16894","1":"post","2":"type-post","3":"status-publish","4":"format-standard","5":"has-post-thumbnail","7":"category-virtual-reality-schweiz","8":"cs-entry","9":"cs-video-wrap"},"yoast_head":"<!-- This site is optimized with the Yoast SEO plugin v27.4 - https:\/\/yoast.com\/product\/yoast-seo-wordpress\/ -->\n<title>Everest VR: Atemberaubender VR-Film zeigt Extrembergsteiger - Schweizer Virtual Reality News<\/title>\n<meta name=\"robots\" content=\"index, follow, max-snippet:-1, max-image-preview:large, max-video-preview:-1\" \/>\n<link rel=\"canonical\" href=\"http:\/\/vr-room.ch\/it\/2020\/05\/07\/everest-vr-atemberaubender-vr-film-zeigt-extrembergsteiger\/\" \/>\n<meta property=\"og:locale\" content=\"it_IT\" \/>\n<meta property=\"og:type\" content=\"article\" \/>\n<meta property=\"og:title\" content=\"Everest VR: Atemberaubender VR-Film zeigt Extrembergsteiger - Schweizer Virtual Reality News\" \/>\n<meta property=\"og:description\" content=\"Everest VR ist eine von Oculus produzierte VR-Doku f\u00fcr Oculus Quest und Oculus Go. Der dreiteilige VR-Film ist&hellip;\" \/>\n<meta property=\"og:url\" content=\"http:\/\/vr-room.ch\/it\/2020\/05\/07\/everest-vr-atemberaubender-vr-film-zeigt-extrembergsteiger\/\" \/>\n<meta property=\"og:site_name\" content=\"Schweizer Virtual Reality News\" \/>\n<meta property=\"article:published_time\" content=\"2020-05-07T11:48:54+00:00\" \/>\n<meta property=\"og:image\" content=\"https:\/\/vr-room.ch\/wp-content\/uploads\/2020\/05\/Everest-VR-Documentary-4.jpg\" \/>\n\t<meta property=\"og:image:width\" content=\"1000\" \/>\n\t<meta property=\"og:image:height\" content=\"563\" \/>\n\t<meta property=\"og:image:type\" content=\"image\/jpeg\" \/>\n<meta name=\"author\" content=\"Nathalie\" \/>\n<meta name=\"twitter:card\" content=\"summary_large_image\" \/>\n<meta name=\"twitter:label1\" content=\"Scritto da\" \/>\n\t<meta name=\"twitter:data1\" content=\"Nathalie\" \/>\n\t<meta name=\"twitter:label2\" content=\"Tempo di lettura stimato\" \/>\n\t<meta name=\"twitter:data2\" content=\"2 minuti\" \/>\n<script type=\"application\/ld+json\" class=\"yoast-schema-graph\">{\"@context\":\"https:\\\/\\\/schema.org\",\"@graph\":[{\"@type\":\"Article\",\"@id\":\"http:\\\/\\\/vr-room.ch\\\/it\\\/2020\\\/05\\\/07\\\/everest-vr-atemberaubender-vr-film-zeigt-extrembergsteiger\\\/#article\",\"isPartOf\":{\"@id\":\"http:\\\/\\\/vr-room.ch\\\/it\\\/2020\\\/05\\\/07\\\/everest-vr-atemberaubender-vr-film-zeigt-extrembergsteiger\\\/\"},\"author\":{\"name\":\"Nathalie\",\"@id\":\"http:\\\/\\\/vr-room.ch\\\/en\\\/#\\\/schema\\\/person\\\/1a03b3a6ced429fb4831f60fa2b37599\"},\"headline\":\"Everest VR: Atemberaubender VR-Film zeigt Extrembergsteiger\",\"datePublished\":\"2020-05-07T11:48:54+00:00\",\"mainEntityOfPage\":{\"@id\":\"http:\\\/\\\/vr-room.ch\\\/it\\\/2020\\\/05\\\/07\\\/everest-vr-atemberaubender-vr-film-zeigt-extrembergsteiger\\\/\"},\"wordCount\":436,\"commentCount\":0,\"image\":{\"@id\":\"http:\\\/\\\/vr-room.ch\\\/it\\\/2020\\\/05\\\/07\\\/everest-vr-atemberaubender-vr-film-zeigt-extrembergsteiger\\\/#primaryimage\"},\"thumbnailUrl\":\"https:\\\/\\\/vr-room.ch\\\/wp-content\\\/uploads\\\/2020\\\/05\\\/Everest-VR-Documentary-4.jpg\",\"articleSection\":[\"Schweiz\"],\"inLanguage\":\"it-IT\",\"potentialAction\":[{\"@type\":\"CommentAction\",\"name\":\"Comment\",\"target\":[\"http:\\\/\\\/vr-room.ch\\\/it\\\/2020\\\/05\\\/07\\\/everest-vr-atemberaubender-vr-film-zeigt-extrembergsteiger\\\/#respond\"]}]},{\"@type\":\"WebPage\",\"@id\":\"http:\\\/\\\/vr-room.ch\\\/it\\\/2020\\\/05\\\/07\\\/everest-vr-atemberaubender-vr-film-zeigt-extrembergsteiger\\\/\",\"url\":\"http:\\\/\\\/vr-room.ch\\\/it\\\/2020\\\/05\\\/07\\\/everest-vr-atemberaubender-vr-film-zeigt-extrembergsteiger\\\/\",\"name\":\"Everest VR: Atemberaubender VR-Film zeigt Extrembergsteiger - Schweizer Virtual Reality News\",\"isPartOf\":{\"@id\":\"http:\\\/\\\/vr-room.ch\\\/en\\\/#website\"},\"primaryImageOfPage\":{\"@id\":\"http:\\\/\\\/vr-room.ch\\\/it\\\/2020\\\/05\\\/07\\\/everest-vr-atemberaubender-vr-film-zeigt-extrembergsteiger\\\/#primaryimage\"},\"image\":{\"@id\":\"http:\\\/\\\/vr-room.ch\\\/it\\\/2020\\\/05\\\/07\\\/everest-vr-atemberaubender-vr-film-zeigt-extrembergsteiger\\\/#primaryimage\"},\"thumbnailUrl\":\"https:\\\/\\\/vr-room.ch\\\/wp-content\\\/uploads\\\/2020\\\/05\\\/Everest-VR-Documentary-4.jpg\",\"datePublished\":\"2020-05-07T11:48:54+00:00\",\"author\":{\"@id\":\"http:\\\/\\\/vr-room.ch\\\/en\\\/#\\\/schema\\\/person\\\/1a03b3a6ced429fb4831f60fa2b37599\"},\"breadcrumb\":{\"@id\":\"http:\\\/\\\/vr-room.ch\\\/it\\\/2020\\\/05\\\/07\\\/everest-vr-atemberaubender-vr-film-zeigt-extrembergsteiger\\\/#breadcrumb\"},\"inLanguage\":\"it-IT\",\"potentialAction\":[{\"@type\":\"ReadAction\",\"target\":[\"http:\\\/\\\/vr-room.ch\\\/it\\\/2020\\\/05\\\/07\\\/everest-vr-atemberaubender-vr-film-zeigt-extrembergsteiger\\\/\"]}]},{\"@type\":\"ImageObject\",\"inLanguage\":\"it-IT\",\"@id\":\"http:\\\/\\\/vr-room.ch\\\/it\\\/2020\\\/05\\\/07\\\/everest-vr-atemberaubender-vr-film-zeigt-extrembergsteiger\\\/#primaryimage\",\"url\":\"https:\\\/\\\/vr-room.ch\\\/wp-content\\\/uploads\\\/2020\\\/05\\\/Everest-VR-Documentary-4.jpg\",\"contentUrl\":\"https:\\\/\\\/vr-room.ch\\\/wp-content\\\/uploads\\\/2020\\\/05\\\/Everest-VR-Documentary-4.jpg\",\"width\":1000,\"height\":563,\"caption\":\"Everest VR: Atemberaubender VR-Film zeigt Extrembergsteiger\"},{\"@type\":\"BreadcrumbList\",\"@id\":\"http:\\\/\\\/vr-room.ch\\\/it\\\/2020\\\/05\\\/07\\\/everest-vr-atemberaubender-vr-film-zeigt-extrembergsteiger\\\/#breadcrumb\",\"itemListElement\":[{\"@type\":\"ListItem\",\"position\":1,\"name\":\"Startseite\",\"item\":\"http:\\\/\\\/vr-room.ch\\\/en\\\/\"},{\"@type\":\"ListItem\",\"position\":2,\"name\":\"Everest VR: Atemberaubender VR-Film zeigt Extrembergsteiger\"}]},{\"@type\":\"WebSite\",\"@id\":\"http:\\\/\\\/vr-room.ch\\\/en\\\/#website\",\"url\":\"http:\\\/\\\/vr-room.ch\\\/en\\\/\",\"name\":\"Schweizer Virtual Reality News\",\"description\":\"\",\"potentialAction\":[{\"@type\":\"SearchAction\",\"target\":{\"@type\":\"EntryPoint\",\"urlTemplate\":\"http:\\\/\\\/vr-room.ch\\\/en\\\/?s={search_term_string}\"},\"query-input\":{\"@type\":\"PropertyValueSpecification\",\"valueRequired\":true,\"valueName\":\"search_term_string\"}}],\"inLanguage\":\"it-IT\"},{\"@type\":\"Person\",\"@id\":\"http:\\\/\\\/vr-room.ch\\\/en\\\/#\\\/schema\\\/person\\\/1a03b3a6ced429fb4831f60fa2b37599\",\"name\":\"Nathalie\",\"image\":{\"@type\":\"ImageObject\",\"inLanguage\":\"it-IT\",\"@id\":\"https:\\\/\\\/vr-room.ch\\\/wp-content\\\/uploads\\\/2017\\\/01\\\/avatar_user_12_1484159890-96x96.jpg\",\"url\":\"https:\\\/\\\/vr-room.ch\\\/wp-content\\\/uploads\\\/2017\\\/01\\\/avatar_user_12_1484159890-96x96.jpg\",\"contentUrl\":\"https:\\\/\\\/vr-room.ch\\\/wp-content\\\/uploads\\\/2017\\\/01\\\/avatar_user_12_1484159890-96x96.jpg\",\"caption\":\"Nathalie\"},\"url\":\"https:\\\/\\\/vr-room.ch\\\/it\\\/author\\\/nathalie\\\/\"}]}<\/script>\n<!-- \/ Yoast SEO plugin. -->","yoast_head_json":{"title":"Everest VR: Atemberaubender VR-Film zeigt Extrembergsteiger - Schweizer Virtual Reality News","robots":{"index":"index","follow":"follow","max-snippet":"max-snippet:-1","max-image-preview":"max-image-preview:large","max-video-preview":"max-video-preview:-1"},"canonical":"http:\/\/vr-room.ch\/it\/2020\/05\/07\/everest-vr-atemberaubender-vr-film-zeigt-extrembergsteiger\/","og_locale":"it_IT","og_type":"article","og_title":"Everest VR: Atemberaubender VR-Film zeigt Extrembergsteiger - Schweizer Virtual Reality News","og_description":"Everest VR ist eine von Oculus produzierte VR-Doku f\u00fcr Oculus Quest und Oculus Go. Der dreiteilige VR-Film ist&hellip;","og_url":"http:\/\/vr-room.ch\/it\/2020\/05\/07\/everest-vr-atemberaubender-vr-film-zeigt-extrembergsteiger\/","og_site_name":"Schweizer Virtual Reality News","article_published_time":"2020-05-07T11:48:54+00:00","og_image":[{"width":1000,"height":563,"url":"https:\/\/vr-room.ch\/wp-content\/uploads\/2020\/05\/Everest-VR-Documentary-4.jpg","type":"image\/jpeg"}],"author":"Nathalie","twitter_card":"summary_large_image","twitter_misc":{"Scritto da":"Nathalie","Tempo di lettura stimato":"2 minuti"},"schema":{"@context":"https:\/\/schema.org","@graph":[{"@type":"Article","@id":"http:\/\/vr-room.ch\/it\/2020\/05\/07\/everest-vr-atemberaubender-vr-film-zeigt-extrembergsteiger\/#article","isPartOf":{"@id":"http:\/\/vr-room.ch\/it\/2020\/05\/07\/everest-vr-atemberaubender-vr-film-zeigt-extrembergsteiger\/"},"author":{"name":"Nathalie","@id":"http:\/\/vr-room.ch\/en\/#\/schema\/person\/1a03b3a6ced429fb4831f60fa2b37599"},"headline":"Everest VR: Atemberaubender VR-Film zeigt Extrembergsteiger","datePublished":"2020-05-07T11:48:54+00:00","mainEntityOfPage":{"@id":"http:\/\/vr-room.ch\/it\/2020\/05\/07\/everest-vr-atemberaubender-vr-film-zeigt-extrembergsteiger\/"},"wordCount":436,"commentCount":0,"image":{"@id":"http:\/\/vr-room.ch\/it\/2020\/05\/07\/everest-vr-atemberaubender-vr-film-zeigt-extrembergsteiger\/#primaryimage"},"thumbnailUrl":"https:\/\/vr-room.ch\/wp-content\/uploads\/2020\/05\/Everest-VR-Documentary-4.jpg","articleSection":["Schweiz"],"inLanguage":"it-IT","potentialAction":[{"@type":"CommentAction","name":"Comment","target":["http:\/\/vr-room.ch\/it\/2020\/05\/07\/everest-vr-atemberaubender-vr-film-zeigt-extrembergsteiger\/#respond"]}]},{"@type":"WebPage","@id":"http:\/\/vr-room.ch\/it\/2020\/05\/07\/everest-vr-atemberaubender-vr-film-zeigt-extrembergsteiger\/","url":"http:\/\/vr-room.ch\/it\/2020\/05\/07\/everest-vr-atemberaubender-vr-film-zeigt-extrembergsteiger\/","name":"Everest VR: Atemberaubender VR-Film zeigt Extrembergsteiger - Schweizer Virtual Reality News","isPartOf":{"@id":"http:\/\/vr-room.ch\/en\/#website"},"primaryImageOfPage":{"@id":"http:\/\/vr-room.ch\/it\/2020\/05\/07\/everest-vr-atemberaubender-vr-film-zeigt-extrembergsteiger\/#primaryimage"},"image":{"@id":"http:\/\/vr-room.ch\/it\/2020\/05\/07\/everest-vr-atemberaubender-vr-film-zeigt-extrembergsteiger\/#primaryimage"},"thumbnailUrl":"https:\/\/vr-room.ch\/wp-content\/uploads\/2020\/05\/Everest-VR-Documentary-4.jpg","datePublished":"2020-05-07T11:48:54+00:00","author":{"@id":"http:\/\/vr-room.ch\/en\/#\/schema\/person\/1a03b3a6ced429fb4831f60fa2b37599"},"breadcrumb":{"@id":"http:\/\/vr-room.ch\/it\/2020\/05\/07\/everest-vr-atemberaubender-vr-film-zeigt-extrembergsteiger\/#breadcrumb"},"inLanguage":"it-IT","potentialAction":[{"@type":"ReadAction","target":["http:\/\/vr-room.ch\/it\/2020\/05\/07\/everest-vr-atemberaubender-vr-film-zeigt-extrembergsteiger\/"]}]},{"@type":"ImageObject","inLanguage":"it-IT","@id":"http:\/\/vr-room.ch\/it\/2020\/05\/07\/everest-vr-atemberaubender-vr-film-zeigt-extrembergsteiger\/#primaryimage","url":"https:\/\/vr-room.ch\/wp-content\/uploads\/2020\/05\/Everest-VR-Documentary-4.jpg","contentUrl":"https:\/\/vr-room.ch\/wp-content\/uploads\/2020\/05\/Everest-VR-Documentary-4.jpg","width":1000,"height":563,"caption":"Everest VR: Atemberaubender VR-Film zeigt Extrembergsteiger"},{"@type":"BreadcrumbList","@id":"http:\/\/vr-room.ch\/it\/2020\/05\/07\/everest-vr-atemberaubender-vr-film-zeigt-extrembergsteiger\/#breadcrumb","itemListElement":[{"@type":"ListItem","position":1,"name":"Startseite","item":"http:\/\/vr-room.ch\/en\/"},{"@type":"ListItem","position":2,"name":"Everest VR: Atemberaubender VR-Film zeigt Extrembergsteiger"}]},{"@type":"WebSite","@id":"http:\/\/vr-room.ch\/en\/#website","url":"http:\/\/vr-room.ch\/en\/","name":"Notizie sulla realt\u00e0 virtuale in Svizzera","description":"","potentialAction":[{"@type":"SearchAction","target":{"@type":"EntryPoint","urlTemplate":"http:\/\/vr-room.ch\/en\/?s={search_term_string}"},"query-input":{"@type":"PropertyValueSpecification","valueRequired":true,"valueName":"search_term_string"}}],"inLanguage":"it-IT"},{"@type":"Person","@id":"http:\/\/vr-room.ch\/en\/#\/schema\/person\/1a03b3a6ced429fb4831f60fa2b37599","name":"Nathalie","image":{"@type":"ImageObject","inLanguage":"it-IT","@id":"https:\/\/vr-room.ch\/wp-content\/uploads\/2017\/01\/avatar_user_12_1484159890-96x96.jpg","url":"https:\/\/vr-room.ch\/wp-content\/uploads\/2017\/01\/avatar_user_12_1484159890-96x96.jpg","contentUrl":"https:\/\/vr-room.ch\/wp-content\/uploads\/2017\/01\/avatar_user_12_1484159890-96x96.jpg","caption":"Nathalie"},"url":"https:\/\/vr-room.ch\/it\/author\/nathalie\/"}]}},"_links":{"self":[{"href":"https:\/\/vr-room.ch\/it\/wp-json\/wp\/v2\/posts\/16894","targetHints":{"allow":["GET"]}}],"collection":[{"href":"https:\/\/vr-room.ch\/it\/wp-json\/wp\/v2\/posts"}],"about":[{"href":"https:\/\/vr-room.ch\/it\/wp-json\/wp\/v2\/types\/post"}],"author":[{"embeddable":true,"href":"https:\/\/vr-room.ch\/it\/wp-json\/wp\/v2\/users\/12"}],"replies":[{"embeddable":true,"href":"https:\/\/vr-room.ch\/it\/wp-json\/wp\/v2\/comments?post=16894"}],"version-history":[{"count":0,"href":"https:\/\/vr-room.ch\/it\/wp-json\/wp\/v2\/posts\/16894\/revisions"}],"wp:featuredmedia":[{"embeddable":true,"href":"https:\/\/vr-room.ch\/it\/wp-json\/wp\/v2\/media\/16895"}],"wp:attachment":[{"href":"https:\/\/vr-room.ch\/it\/wp-json\/wp\/v2\/media?parent=16894"}],"wp:term":[{"taxonomy":"category","embeddable":true,"href":"https:\/\/vr-room.ch\/it\/wp-json\/wp\/v2\/categories?post=16894"},{"taxonomy":"post_tag","embeddable":true,"href":"https:\/\/vr-room.ch\/it\/wp-json\/wp\/v2\/tags?post=16894"}],"curies":[{"name":"wp","href":"https:\/\/api.w.org\/{rel}","templated":true}]}}