{"id":16718,"date":"2020-04-06T07:44:22","date_gmt":"2020-04-06T07:44:22","guid":{"rendered":"https:\/\/vr-room.ch\/?p=16718"},"modified":"2020-04-06T07:45:40","modified_gmt":"2020-04-06T07:45:40","slug":"microsoft-muss-sich-bei-vr-nicht-beeilen","status":"publish","type":"post","link":"https:\/\/vr-room.ch\/it\/2020\/04\/06\/microsoft-muss-sich-bei-vr-nicht-beeilen\/","title":{"rendered":"Microsoft non deve avere fretta con la VR"},"content":{"rendered":"<p>Microsoft supporta la Windows Mixed Reality, ma quando si tratta di console, l'azienda \u00e8 molto cauta al riguardo. La prossima Xbox Series X non supporter\u00e0 la VR per il momento. Si tratta forse di un errore?<\/p>\n<p>Secondo Jesse Schell, CEO di <a href=\"https:\/\/www.schellgames.com\/\">Giochi Schell<\/a>, ein Studio das schon mehrere VR-Titel entwickelt hat, ist das nicht all zu schlimm. Er sagte: &#8222;Unternehmen wie Microsoft haben keinen Grund zur Eile. Sie k\u00f6nnen warten, beobachten und sehen, was funktioniert, dann k\u00f6nnen sie handeln. Wenn du eine Basis hast, der deine Plattform gef\u00e4llt, kannst du beobachten, was andere Leute tun, und dann kannst du irgendwie mit einem System kommen, das Sinn macht. Man muss dann nicht so viele Risiken eingehen.&#8220;<\/p>\n<p>&#8222;Ich betrachte es also nicht unbedingt als kurzsichtig. Es ist nur so, dass sie sich daf\u00fcr entschieden haben, in diesem Bereich Mitl\u00e4ufer statt Anf\u00fchrer zu sein. Wenn man einen gen\u00fcgend grossen Marktvorteil hat, kann man sich das leisten, man kann Mitl\u00e4ufer sein und trotzdem sehr erfolgreich sein. Das ist zum Beispiel die Strategie von Apple. Apple neigt dazu, Dinge nicht neu zu erfinden, sondern nur bessere Versionen von Dingen zu machen, die jemand anderes geschaffen hat,&#8220; so Jesse Schell weiter.<\/p>\n<p>Fonte: <a href=\"https:\/\/wccftech.com\/microsoft-can-afford-to-be-a-follower-rather-than-a-leader-for-vr-says-dev\/\">WCCFtech<\/a><\/p>","protected":false},"excerpt":{"rendered":"Microsoft potr\u00e0 anche supportare la Windows Mixed Reality, ma quando si tratta di console, l'azienda \u00e8...","protected":false},"author":11,"featured_media":12851,"comment_status":"open","ping_status":"open","sticky":false,"template":"","format":"standard","meta":{"footnotes":""},"categories":[11],"tags":[],"class_list":{"0":"post-16718","1":"post","2":"type-post","3":"status-publish","4":"format-standard","5":"has-post-thumbnail","7":"category-virtual-reality-industrie","8":"cs-entry","9":"cs-video-wrap"},"yoast_head":"<!-- This site is optimized with the Yoast SEO plugin v27.4 - https:\/\/yoast.com\/product\/yoast-seo-wordpress\/ -->\n<title>Microsoft muss sich bei VR nicht beeilen - Schweizer Virtual Reality News<\/title>\n<meta name=\"robots\" content=\"index, follow, max-snippet:-1, max-image-preview:large, max-video-preview:-1\" \/>\n<link rel=\"canonical\" href=\"https:\/\/vr-room.ch\/it\/2020\/04\/06\/microsoft-muss-sich-bei-vr-nicht-beeilen\/\" \/>\n<meta property=\"og:locale\" content=\"it_IT\" \/>\n<meta property=\"og:type\" content=\"article\" \/>\n<meta property=\"og:title\" content=\"Microsoft muss sich bei VR nicht beeilen - Schweizer Virtual Reality News\" \/>\n<meta property=\"og:description\" content=\"Microsoft unterst\u00fctzt zwar Windows Mixed Reality, aber wenn es um das Konsolen-Gesch\u00e4ft geht, dann ist der Konzern in&hellip;\" \/>\n<meta property=\"og:url\" content=\"https:\/\/vr-room.ch\/it\/2020\/04\/06\/microsoft-muss-sich-bei-vr-nicht-beeilen\/\" \/>\n<meta property=\"og:site_name\" content=\"Schweizer Virtual Reality News\" \/>\n<meta property=\"article:published_time\" content=\"2020-04-06T07:44:22+00:00\" \/>\n<meta property=\"article:modified_time\" content=\"2020-04-06T07:45:40+00:00\" \/>\n<meta property=\"og:image\" content=\"https:\/\/vr-room.ch\/wp-content\/uploads\/2019\/02\/Microsoft.png\" \/>\n\t<meta property=\"og:image:width\" content=\"2008\" \/>\n\t<meta property=\"og:image:height\" content=\"900\" \/>\n\t<meta property=\"og:image:type\" content=\"image\/png\" \/>\n<meta name=\"author\" content=\"Michael\" \/>\n<meta name=\"twitter:card\" content=\"summary_large_image\" \/>\n<meta name=\"twitter:label1\" content=\"Scritto da\" \/>\n\t<meta name=\"twitter:data1\" content=\"Michael\" \/>\n\t<meta name=\"twitter:label2\" content=\"Tempo di lettura stimato\" \/>\n\t<meta name=\"twitter:data2\" content=\"1 minuto\" \/>\n<script type=\"application\/ld+json\" class=\"yoast-schema-graph\">{\"@context\":\"https:\\\/\\\/schema.org\",\"@graph\":[{\"@type\":\"Article\",\"@id\":\"https:\\\/\\\/vr-room.ch\\\/en\\\/2020\\\/04\\\/06\\\/microsoft-muss-sich-bei-vr-nicht-beeilen\\\/#article\",\"isPartOf\":{\"@id\":\"https:\\\/\\\/vr-room.ch\\\/en\\\/2020\\\/04\\\/06\\\/microsoft-muss-sich-bei-vr-nicht-beeilen\\\/\"},\"author\":{\"name\":\"Michael\",\"@id\":\"http:\\\/\\\/vr-room.ch\\\/en\\\/#\\\/schema\\\/person\\\/4022b4e1fba06681ac263b25c0f1e3d2\"},\"headline\":\"Microsoft muss sich bei VR nicht beeilen\",\"datePublished\":\"2020-04-06T07:44:22+00:00\",\"dateModified\":\"2020-04-06T07:45:40+00:00\",\"mainEntityOfPage\":{\"@id\":\"https:\\\/\\\/vr-room.ch\\\/en\\\/2020\\\/04\\\/06\\\/microsoft-muss-sich-bei-vr-nicht-beeilen\\\/\"},\"wordCount\":219,\"commentCount\":0,\"image\":{\"@id\":\"https:\\\/\\\/vr-room.ch\\\/en\\\/2020\\\/04\\\/06\\\/microsoft-muss-sich-bei-vr-nicht-beeilen\\\/#primaryimage\"},\"thumbnailUrl\":\"https:\\\/\\\/vr-room.ch\\\/wp-content\\\/uploads\\\/2019\\\/02\\\/Microsoft.png\",\"articleSection\":[\"Industrie\"],\"inLanguage\":\"it-IT\",\"potentialAction\":[{\"@type\":\"CommentAction\",\"name\":\"Comment\",\"target\":[\"https:\\\/\\\/vr-room.ch\\\/en\\\/2020\\\/04\\\/06\\\/microsoft-muss-sich-bei-vr-nicht-beeilen\\\/#respond\"]}]},{\"@type\":\"WebPage\",\"@id\":\"https:\\\/\\\/vr-room.ch\\\/en\\\/2020\\\/04\\\/06\\\/microsoft-muss-sich-bei-vr-nicht-beeilen\\\/\",\"url\":\"https:\\\/\\\/vr-room.ch\\\/en\\\/2020\\\/04\\\/06\\\/microsoft-muss-sich-bei-vr-nicht-beeilen\\\/\",\"name\":\"Microsoft muss sich bei VR nicht beeilen - Schweizer Virtual Reality News\",\"isPartOf\":{\"@id\":\"http:\\\/\\\/vr-room.ch\\\/en\\\/#website\"},\"primaryImageOfPage\":{\"@id\":\"https:\\\/\\\/vr-room.ch\\\/en\\\/2020\\\/04\\\/06\\\/microsoft-muss-sich-bei-vr-nicht-beeilen\\\/#primaryimage\"},\"image\":{\"@id\":\"https:\\\/\\\/vr-room.ch\\\/en\\\/2020\\\/04\\\/06\\\/microsoft-muss-sich-bei-vr-nicht-beeilen\\\/#primaryimage\"},\"thumbnailUrl\":\"https:\\\/\\\/vr-room.ch\\\/wp-content\\\/uploads\\\/2019\\\/02\\\/Microsoft.png\",\"datePublished\":\"2020-04-06T07:44:22+00:00\",\"dateModified\":\"2020-04-06T07:45:40+00:00\",\"author\":{\"@id\":\"http:\\\/\\\/vr-room.ch\\\/en\\\/#\\\/schema\\\/person\\\/4022b4e1fba06681ac263b25c0f1e3d2\"},\"breadcrumb\":{\"@id\":\"https:\\\/\\\/vr-room.ch\\\/en\\\/2020\\\/04\\\/06\\\/microsoft-muss-sich-bei-vr-nicht-beeilen\\\/#breadcrumb\"},\"inLanguage\":\"it-IT\",\"potentialAction\":[{\"@type\":\"ReadAction\",\"target\":[\"https:\\\/\\\/vr-room.ch\\\/en\\\/2020\\\/04\\\/06\\\/microsoft-muss-sich-bei-vr-nicht-beeilen\\\/\"]}]},{\"@type\":\"ImageObject\",\"inLanguage\":\"it-IT\",\"@id\":\"https:\\\/\\\/vr-room.ch\\\/en\\\/2020\\\/04\\\/06\\\/microsoft-muss-sich-bei-vr-nicht-beeilen\\\/#primaryimage\",\"url\":\"https:\\\/\\\/vr-room.ch\\\/wp-content\\\/uploads\\\/2019\\\/02\\\/Microsoft.png\",\"contentUrl\":\"https:\\\/\\\/vr-room.ch\\\/wp-content\\\/uploads\\\/2019\\\/02\\\/Microsoft.png\",\"width\":2008,\"height\":900},{\"@type\":\"BreadcrumbList\",\"@id\":\"https:\\\/\\\/vr-room.ch\\\/en\\\/2020\\\/04\\\/06\\\/microsoft-muss-sich-bei-vr-nicht-beeilen\\\/#breadcrumb\",\"itemListElement\":[{\"@type\":\"ListItem\",\"position\":1,\"name\":\"Startseite\",\"item\":\"http:\\\/\\\/vr-room.ch\\\/en\\\/\"},{\"@type\":\"ListItem\",\"position\":2,\"name\":\"Microsoft muss sich bei VR nicht beeilen\"}]},{\"@type\":\"WebSite\",\"@id\":\"http:\\\/\\\/vr-room.ch\\\/en\\\/#website\",\"url\":\"http:\\\/\\\/vr-room.ch\\\/en\\\/\",\"name\":\"Schweizer Virtual Reality News\",\"description\":\"\",\"potentialAction\":[{\"@type\":\"SearchAction\",\"target\":{\"@type\":\"EntryPoint\",\"urlTemplate\":\"http:\\\/\\\/vr-room.ch\\\/en\\\/?s={search_term_string}\"},\"query-input\":{\"@type\":\"PropertyValueSpecification\",\"valueRequired\":true,\"valueName\":\"search_term_string\"}}],\"inLanguage\":\"it-IT\"},{\"@type\":\"Person\",\"@id\":\"http:\\\/\\\/vr-room.ch\\\/en\\\/#\\\/schema\\\/person\\\/4022b4e1fba06681ac263b25c0f1e3d2\",\"name\":\"Michael\",\"image\":{\"@type\":\"ImageObject\",\"inLanguage\":\"it-IT\",\"@id\":\"https:\\\/\\\/vr-room.ch\\\/wp-content\\\/uploads\\\/2019\\\/05\\\/avatar_user_11_1558711168-96x96.jpg\",\"url\":\"https:\\\/\\\/vr-room.ch\\\/wp-content\\\/uploads\\\/2019\\\/05\\\/avatar_user_11_1558711168-96x96.jpg\",\"contentUrl\":\"https:\\\/\\\/vr-room.ch\\\/wp-content\\\/uploads\\\/2019\\\/05\\\/avatar_user_11_1558711168-96x96.jpg\",\"caption\":\"Michael\"},\"url\":\"https:\\\/\\\/vr-room.ch\\\/it\\\/author\\\/michael\\\/\"}]}<\/script>\n<!-- \/ Yoast SEO plugin. -->","yoast_head_json":{"title":"Microsoft muss sich bei VR nicht beeilen - Schweizer Virtual Reality News","robots":{"index":"index","follow":"follow","max-snippet":"max-snippet:-1","max-image-preview":"max-image-preview:large","max-video-preview":"max-video-preview:-1"},"canonical":"https:\/\/vr-room.ch\/it\/2020\/04\/06\/microsoft-muss-sich-bei-vr-nicht-beeilen\/","og_locale":"it_IT","og_type":"article","og_title":"Microsoft muss sich bei VR nicht beeilen - Schweizer Virtual Reality News","og_description":"Microsoft unterst\u00fctzt zwar Windows Mixed Reality, aber wenn es um das Konsolen-Gesch\u00e4ft geht, dann ist der Konzern in&hellip;","og_url":"https:\/\/vr-room.ch\/it\/2020\/04\/06\/microsoft-muss-sich-bei-vr-nicht-beeilen\/","og_site_name":"Schweizer Virtual Reality News","article_published_time":"2020-04-06T07:44:22+00:00","article_modified_time":"2020-04-06T07:45:40+00:00","og_image":[{"width":2008,"height":900,"url":"https:\/\/vr-room.ch\/wp-content\/uploads\/2019\/02\/Microsoft.png","type":"image\/png"}],"author":"Michael","twitter_card":"summary_large_image","twitter_misc":{"Scritto da":"Michael","Tempo di lettura stimato":"1 minuto"},"schema":{"@context":"https:\/\/schema.org","@graph":[{"@type":"Article","@id":"https:\/\/vr-room.ch\/en\/2020\/04\/06\/microsoft-muss-sich-bei-vr-nicht-beeilen\/#article","isPartOf":{"@id":"https:\/\/vr-room.ch\/en\/2020\/04\/06\/microsoft-muss-sich-bei-vr-nicht-beeilen\/"},"author":{"name":"Michael","@id":"http:\/\/vr-room.ch\/en\/#\/schema\/person\/4022b4e1fba06681ac263b25c0f1e3d2"},"headline":"Microsoft muss sich bei VR nicht beeilen","datePublished":"2020-04-06T07:44:22+00:00","dateModified":"2020-04-06T07:45:40+00:00","mainEntityOfPage":{"@id":"https:\/\/vr-room.ch\/en\/2020\/04\/06\/microsoft-muss-sich-bei-vr-nicht-beeilen\/"},"wordCount":219,"commentCount":0,"image":{"@id":"https:\/\/vr-room.ch\/en\/2020\/04\/06\/microsoft-muss-sich-bei-vr-nicht-beeilen\/#primaryimage"},"thumbnailUrl":"https:\/\/vr-room.ch\/wp-content\/uploads\/2019\/02\/Microsoft.png","articleSection":["Industrie"],"inLanguage":"it-IT","potentialAction":[{"@type":"CommentAction","name":"Comment","target":["https:\/\/vr-room.ch\/en\/2020\/04\/06\/microsoft-muss-sich-bei-vr-nicht-beeilen\/#respond"]}]},{"@type":"WebPage","@id":"https:\/\/vr-room.ch\/en\/2020\/04\/06\/microsoft-muss-sich-bei-vr-nicht-beeilen\/","url":"https:\/\/vr-room.ch\/en\/2020\/04\/06\/microsoft-muss-sich-bei-vr-nicht-beeilen\/","name":"Microsoft muss sich bei VR nicht beeilen - Schweizer Virtual Reality News","isPartOf":{"@id":"http:\/\/vr-room.ch\/en\/#website"},"primaryImageOfPage":{"@id":"https:\/\/vr-room.ch\/en\/2020\/04\/06\/microsoft-muss-sich-bei-vr-nicht-beeilen\/#primaryimage"},"image":{"@id":"https:\/\/vr-room.ch\/en\/2020\/04\/06\/microsoft-muss-sich-bei-vr-nicht-beeilen\/#primaryimage"},"thumbnailUrl":"https:\/\/vr-room.ch\/wp-content\/uploads\/2019\/02\/Microsoft.png","datePublished":"2020-04-06T07:44:22+00:00","dateModified":"2020-04-06T07:45:40+00:00","author":{"@id":"http:\/\/vr-room.ch\/en\/#\/schema\/person\/4022b4e1fba06681ac263b25c0f1e3d2"},"breadcrumb":{"@id":"https:\/\/vr-room.ch\/en\/2020\/04\/06\/microsoft-muss-sich-bei-vr-nicht-beeilen\/#breadcrumb"},"inLanguage":"it-IT","potentialAction":[{"@type":"ReadAction","target":["https:\/\/vr-room.ch\/en\/2020\/04\/06\/microsoft-muss-sich-bei-vr-nicht-beeilen\/"]}]},{"@type":"ImageObject","inLanguage":"it-IT","@id":"https:\/\/vr-room.ch\/en\/2020\/04\/06\/microsoft-muss-sich-bei-vr-nicht-beeilen\/#primaryimage","url":"https:\/\/vr-room.ch\/wp-content\/uploads\/2019\/02\/Microsoft.png","contentUrl":"https:\/\/vr-room.ch\/wp-content\/uploads\/2019\/02\/Microsoft.png","width":2008,"height":900},{"@type":"BreadcrumbList","@id":"https:\/\/vr-room.ch\/en\/2020\/04\/06\/microsoft-muss-sich-bei-vr-nicht-beeilen\/#breadcrumb","itemListElement":[{"@type":"ListItem","position":1,"name":"Startseite","item":"http:\/\/vr-room.ch\/en\/"},{"@type":"ListItem","position":2,"name":"Microsoft muss sich bei VR nicht beeilen"}]},{"@type":"WebSite","@id":"http:\/\/vr-room.ch\/en\/#website","url":"http:\/\/vr-room.ch\/en\/","name":"Notizie sulla realt\u00e0 virtuale in Svizzera","description":"","potentialAction":[{"@type":"SearchAction","target":{"@type":"EntryPoint","urlTemplate":"http:\/\/vr-room.ch\/en\/?s={search_term_string}"},"query-input":{"@type":"PropertyValueSpecification","valueRequired":true,"valueName":"search_term_string"}}],"inLanguage":"it-IT"},{"@type":"Person","@id":"http:\/\/vr-room.ch\/en\/#\/schema\/person\/4022b4e1fba06681ac263b25c0f1e3d2","name":"Michele","image":{"@type":"ImageObject","inLanguage":"it-IT","@id":"https:\/\/vr-room.ch\/wp-content\/uploads\/2019\/05\/avatar_user_11_1558711168-96x96.jpg","url":"https:\/\/vr-room.ch\/wp-content\/uploads\/2019\/05\/avatar_user_11_1558711168-96x96.jpg","contentUrl":"https:\/\/vr-room.ch\/wp-content\/uploads\/2019\/05\/avatar_user_11_1558711168-96x96.jpg","caption":"Michael"},"url":"https:\/\/vr-room.ch\/it\/author\/michael\/"}]}},"_links":{"self":[{"href":"https:\/\/vr-room.ch\/it\/wp-json\/wp\/v2\/posts\/16718","targetHints":{"allow":["GET"]}}],"collection":[{"href":"https:\/\/vr-room.ch\/it\/wp-json\/wp\/v2\/posts"}],"about":[{"href":"https:\/\/vr-room.ch\/it\/wp-json\/wp\/v2\/types\/post"}],"author":[{"embeddable":true,"href":"https:\/\/vr-room.ch\/it\/wp-json\/wp\/v2\/users\/11"}],"replies":[{"embeddable":true,"href":"https:\/\/vr-room.ch\/it\/wp-json\/wp\/v2\/comments?post=16718"}],"version-history":[{"count":0,"href":"https:\/\/vr-room.ch\/it\/wp-json\/wp\/v2\/posts\/16718\/revisions"}],"wp:featuredmedia":[{"embeddable":true,"href":"https:\/\/vr-room.ch\/it\/wp-json\/wp\/v2\/media\/12851"}],"wp:attachment":[{"href":"https:\/\/vr-room.ch\/it\/wp-json\/wp\/v2\/media?parent=16718"}],"wp:term":[{"taxonomy":"category","embeddable":true,"href":"https:\/\/vr-room.ch\/it\/wp-json\/wp\/v2\/categories?post=16718"},{"taxonomy":"post_tag","embeddable":true,"href":"https:\/\/vr-room.ch\/it\/wp-json\/wp\/v2\/tags?post=16718"}],"curies":[{"name":"wp","href":"https:\/\/api.w.org\/{rel}","templated":true}]}}