{"id":16693,"date":"2020-04-03T12:28:14","date_gmt":"2020-04-03T12:28:14","guid":{"rendered":"https:\/\/vr-room.ch\/?p=16693"},"modified":"2020-04-03T12:28:14","modified_gmt":"2020-04-03T12:28:14","slug":"iron-man-vr-wegen-corona-verschoben","status":"publish","type":"post","link":"https:\/\/vr-room.ch\/it\/2020\/04\/03\/iron-man-vr-wegen-corona-verschoben\/","title":{"rendered":"Iron-Man VR rinviato a causa di Corona"},"content":{"rendered":"<p>Sony Interactive Entertainment e lo sviluppatore Camouflaj hanno annunciato che \"Iron Man VR\" \u00e8 stato rinviato a data imprecisata a causa del virus Corona. Ci\u00f2 significa che non c'\u00e8 ancora una nuova data.<\/p>\n<p>Tra l'altro, anche l'attesa avventura d'azione di fine secolo \"The Last of Us Part 2\" per PlayStation 4 \u00e8 stata rinviata nello stesso periodo. In un <a href=\"https:\/\/twitter.com\/PlayStation\/status\/1245773000592384001\">Dichiarazione<\/a> von Sony heisst es: \u00abSIE hat die schwierige Entscheidung getroffen, die Markteinf\u00fchrungen von The Last of Us Part 2 und Marvel&#8217;s Iron Man VR bis auf weiteres zu verschieben. Logistisch gesehen verhindert die globale Krise, dass wir unseren Spielern die Launch-Erfahrung bieten k\u00f6nnen, die sie verdienen.&#8220; Urspr\u00fcnglich h\u00e4tte \u00abIron Man VR\u00bb am 15. Mai 2020 f\u00fcr PlayStation VR auf den Markt kommen sollen.<\/p>\n<p>In \"Iron Man VR\", l'utente \u00e8 equipaggiato con i noti getti repulsori, che vengono controllati tramite due controller PlayStation Move. Allo stesso tempo, \u00e8 disponibile un potente arsenale di armi. Nel garage di Tony Stark, anche l'armatura pu\u00f2 essere migliorata, perch\u00e9 pericolosi nemici stanno aspettando l'eroe. \"Iron Man VR\" offre anche una trama originale e indipendente.<\/p>\n<p>Fonte: SIE<\/p>","protected":false},"excerpt":{"rendered":"Sony Interactive Entertainment e lo sviluppatore Camouflaj hanno annunciato che \"Iron Man VR\" sar\u00e0 interrotto a causa del virus corona...","protected":false},"author":11,"featured_media":16694,"comment_status":"open","ping_status":"open","sticky":false,"template":"","format":"standard","meta":{"footnotes":""},"categories":[2],"tags":[],"class_list":{"0":"post-16693","1":"post","2":"type-post","3":"status-publish","4":"format-standard","5":"has-post-thumbnail","7":"category-virtual-reality-games","8":"cs-entry","9":"cs-video-wrap"},"yoast_head":"<!-- This site is optimized with the Yoast SEO plugin v27.4 - https:\/\/yoast.com\/product\/yoast-seo-wordpress\/ -->\n<title>Iron-Man VR wegen Corona verschoben - Schweizer Virtual Reality News<\/title>\n<meta name=\"robots\" content=\"index, follow, max-snippet:-1, max-image-preview:large, max-video-preview:-1\" \/>\n<link rel=\"canonical\" href=\"https:\/\/vr-room.ch\/it\/2020\/04\/03\/iron-man-vr-wegen-corona-verschoben\/\" \/>\n<meta property=\"og:locale\" content=\"it_IT\" \/>\n<meta property=\"og:type\" content=\"article\" \/>\n<meta property=\"og:title\" content=\"Iron-Man VR wegen Corona verschoben - Schweizer Virtual Reality News\" \/>\n<meta property=\"og:description\" content=\"Sony Interactive Entertainment und der Entwickler Camouflaj haben bekannt gegeben, dass \u00abIron Man VR\u00bb wegen des Coronavirus auf&hellip;\" \/>\n<meta property=\"og:url\" content=\"https:\/\/vr-room.ch\/it\/2020\/04\/03\/iron-man-vr-wegen-corona-verschoben\/\" \/>\n<meta property=\"og:site_name\" content=\"Schweizer Virtual Reality News\" \/>\n<meta property=\"article:published_time\" content=\"2020-04-03T12:28:14+00:00\" \/>\n<meta property=\"og:image\" content=\"https:\/\/vr-room.ch\/wp-content\/uploads\/2020\/04\/iron-man-vr.jpg\" \/>\n\t<meta property=\"og:image:width\" content=\"1404\" \/>\n\t<meta property=\"og:image:height\" content=\"790\" \/>\n\t<meta property=\"og:image:type\" content=\"image\/jpeg\" \/>\n<meta name=\"author\" content=\"Michael\" \/>\n<meta name=\"twitter:card\" content=\"summary_large_image\" \/>\n<meta name=\"twitter:label1\" content=\"Scritto da\" \/>\n\t<meta name=\"twitter:data1\" content=\"Michael\" \/>\n\t<meta name=\"twitter:label2\" content=\"Tempo di lettura stimato\" \/>\n\t<meta name=\"twitter:data2\" content=\"1 minuto\" \/>\n<script type=\"application\/ld+json\" class=\"yoast-schema-graph\">{\"@context\":\"https:\\\/\\\/schema.org\",\"@graph\":[{\"@type\":\"Article\",\"@id\":\"https:\\\/\\\/vr-room.ch\\\/it\\\/2020\\\/04\\\/03\\\/iron-man-vr-wegen-corona-verschoben\\\/#article\",\"isPartOf\":{\"@id\":\"https:\\\/\\\/vr-room.ch\\\/it\\\/2020\\\/04\\\/03\\\/iron-man-vr-wegen-corona-verschoben\\\/\"},\"author\":{\"name\":\"Michael\",\"@id\":\"http:\\\/\\\/vr-room.ch\\\/en\\\/#\\\/schema\\\/person\\\/4022b4e1fba06681ac263b25c0f1e3d2\"},\"headline\":\"Iron-Man VR wegen Corona verschoben\",\"datePublished\":\"2020-04-03T12:28:14+00:00\",\"mainEntityOfPage\":{\"@id\":\"https:\\\/\\\/vr-room.ch\\\/it\\\/2020\\\/04\\\/03\\\/iron-man-vr-wegen-corona-verschoben\\\/\"},\"wordCount\":186,\"commentCount\":0,\"image\":{\"@id\":\"https:\\\/\\\/vr-room.ch\\\/it\\\/2020\\\/04\\\/03\\\/iron-man-vr-wegen-corona-verschoben\\\/#primaryimage\"},\"thumbnailUrl\":\"https:\\\/\\\/vr-room.ch\\\/wp-content\\\/uploads\\\/2020\\\/04\\\/iron-man-vr.jpg\",\"articleSection\":[\"Games\"],\"inLanguage\":\"it-IT\",\"potentialAction\":[{\"@type\":\"CommentAction\",\"name\":\"Comment\",\"target\":[\"https:\\\/\\\/vr-room.ch\\\/it\\\/2020\\\/04\\\/03\\\/iron-man-vr-wegen-corona-verschoben\\\/#respond\"]}]},{\"@type\":\"WebPage\",\"@id\":\"https:\\\/\\\/vr-room.ch\\\/it\\\/2020\\\/04\\\/03\\\/iron-man-vr-wegen-corona-verschoben\\\/\",\"url\":\"https:\\\/\\\/vr-room.ch\\\/it\\\/2020\\\/04\\\/03\\\/iron-man-vr-wegen-corona-verschoben\\\/\",\"name\":\"Iron-Man VR wegen Corona verschoben - Schweizer Virtual Reality News\",\"isPartOf\":{\"@id\":\"http:\\\/\\\/vr-room.ch\\\/en\\\/#website\"},\"primaryImageOfPage\":{\"@id\":\"https:\\\/\\\/vr-room.ch\\\/it\\\/2020\\\/04\\\/03\\\/iron-man-vr-wegen-corona-verschoben\\\/#primaryimage\"},\"image\":{\"@id\":\"https:\\\/\\\/vr-room.ch\\\/it\\\/2020\\\/04\\\/03\\\/iron-man-vr-wegen-corona-verschoben\\\/#primaryimage\"},\"thumbnailUrl\":\"https:\\\/\\\/vr-room.ch\\\/wp-content\\\/uploads\\\/2020\\\/04\\\/iron-man-vr.jpg\",\"datePublished\":\"2020-04-03T12:28:14+00:00\",\"author\":{\"@id\":\"http:\\\/\\\/vr-room.ch\\\/en\\\/#\\\/schema\\\/person\\\/4022b4e1fba06681ac263b25c0f1e3d2\"},\"breadcrumb\":{\"@id\":\"https:\\\/\\\/vr-room.ch\\\/it\\\/2020\\\/04\\\/03\\\/iron-man-vr-wegen-corona-verschoben\\\/#breadcrumb\"},\"inLanguage\":\"it-IT\",\"potentialAction\":[{\"@type\":\"ReadAction\",\"target\":[\"https:\\\/\\\/vr-room.ch\\\/it\\\/2020\\\/04\\\/03\\\/iron-man-vr-wegen-corona-verschoben\\\/\"]}]},{\"@type\":\"ImageObject\",\"inLanguage\":\"it-IT\",\"@id\":\"https:\\\/\\\/vr-room.ch\\\/it\\\/2020\\\/04\\\/03\\\/iron-man-vr-wegen-corona-verschoben\\\/#primaryimage\",\"url\":\"https:\\\/\\\/vr-room.ch\\\/wp-content\\\/uploads\\\/2020\\\/04\\\/iron-man-vr.jpg\",\"contentUrl\":\"https:\\\/\\\/vr-room.ch\\\/wp-content\\\/uploads\\\/2020\\\/04\\\/iron-man-vr.jpg\",\"width\":1404,\"height\":790,\"caption\":\"Iron-Man VR wegen Coronavirus verschoben\"},{\"@type\":\"BreadcrumbList\",\"@id\":\"https:\\\/\\\/vr-room.ch\\\/it\\\/2020\\\/04\\\/03\\\/iron-man-vr-wegen-corona-verschoben\\\/#breadcrumb\",\"itemListElement\":[{\"@type\":\"ListItem\",\"position\":1,\"name\":\"Startseite\",\"item\":\"http:\\\/\\\/vr-room.ch\\\/en\\\/\"},{\"@type\":\"ListItem\",\"position\":2,\"name\":\"Iron-Man VR wegen Corona verschoben\"}]},{\"@type\":\"WebSite\",\"@id\":\"http:\\\/\\\/vr-room.ch\\\/en\\\/#website\",\"url\":\"http:\\\/\\\/vr-room.ch\\\/en\\\/\",\"name\":\"Schweizer Virtual Reality News\",\"description\":\"\",\"potentialAction\":[{\"@type\":\"SearchAction\",\"target\":{\"@type\":\"EntryPoint\",\"urlTemplate\":\"http:\\\/\\\/vr-room.ch\\\/en\\\/?s={search_term_string}\"},\"query-input\":{\"@type\":\"PropertyValueSpecification\",\"valueRequired\":true,\"valueName\":\"search_term_string\"}}],\"inLanguage\":\"it-IT\"},{\"@type\":\"Person\",\"@id\":\"http:\\\/\\\/vr-room.ch\\\/en\\\/#\\\/schema\\\/person\\\/4022b4e1fba06681ac263b25c0f1e3d2\",\"name\":\"Michael\",\"image\":{\"@type\":\"ImageObject\",\"inLanguage\":\"it-IT\",\"@id\":\"https:\\\/\\\/vr-room.ch\\\/wp-content\\\/uploads\\\/2019\\\/05\\\/avatar_user_11_1558711168-96x96.jpg\",\"url\":\"https:\\\/\\\/vr-room.ch\\\/wp-content\\\/uploads\\\/2019\\\/05\\\/avatar_user_11_1558711168-96x96.jpg\",\"contentUrl\":\"https:\\\/\\\/vr-room.ch\\\/wp-content\\\/uploads\\\/2019\\\/05\\\/avatar_user_11_1558711168-96x96.jpg\",\"caption\":\"Michael\"},\"url\":\"https:\\\/\\\/vr-room.ch\\\/it\\\/author\\\/michael\\\/\"}]}<\/script>\n<!-- \/ Yoast SEO plugin. -->","yoast_head_json":{"title":"Iron-Man VR wegen Corona verschoben - Schweizer Virtual Reality News","robots":{"index":"index","follow":"follow","max-snippet":"max-snippet:-1","max-image-preview":"max-image-preview:large","max-video-preview":"max-video-preview:-1"},"canonical":"https:\/\/vr-room.ch\/it\/2020\/04\/03\/iron-man-vr-wegen-corona-verschoben\/","og_locale":"it_IT","og_type":"article","og_title":"Iron-Man VR wegen Corona verschoben - Schweizer Virtual Reality News","og_description":"Sony Interactive Entertainment und der Entwickler Camouflaj haben bekannt gegeben, dass \u00abIron Man VR\u00bb wegen des Coronavirus auf&hellip;","og_url":"https:\/\/vr-room.ch\/it\/2020\/04\/03\/iron-man-vr-wegen-corona-verschoben\/","og_site_name":"Schweizer Virtual Reality News","article_published_time":"2020-04-03T12:28:14+00:00","og_image":[{"width":1404,"height":790,"url":"https:\/\/vr-room.ch\/wp-content\/uploads\/2020\/04\/iron-man-vr.jpg","type":"image\/jpeg"}],"author":"Michael","twitter_card":"summary_large_image","twitter_misc":{"Scritto da":"Michael","Tempo di lettura stimato":"1 minuto"},"schema":{"@context":"https:\/\/schema.org","@graph":[{"@type":"Article","@id":"https:\/\/vr-room.ch\/it\/2020\/04\/03\/iron-man-vr-wegen-corona-verschoben\/#article","isPartOf":{"@id":"https:\/\/vr-room.ch\/it\/2020\/04\/03\/iron-man-vr-wegen-corona-verschoben\/"},"author":{"name":"Michael","@id":"http:\/\/vr-room.ch\/en\/#\/schema\/person\/4022b4e1fba06681ac263b25c0f1e3d2"},"headline":"Iron-Man VR wegen Corona verschoben","datePublished":"2020-04-03T12:28:14+00:00","mainEntityOfPage":{"@id":"https:\/\/vr-room.ch\/it\/2020\/04\/03\/iron-man-vr-wegen-corona-verschoben\/"},"wordCount":186,"commentCount":0,"image":{"@id":"https:\/\/vr-room.ch\/it\/2020\/04\/03\/iron-man-vr-wegen-corona-verschoben\/#primaryimage"},"thumbnailUrl":"https:\/\/vr-room.ch\/wp-content\/uploads\/2020\/04\/iron-man-vr.jpg","articleSection":["Games"],"inLanguage":"it-IT","potentialAction":[{"@type":"CommentAction","name":"Comment","target":["https:\/\/vr-room.ch\/it\/2020\/04\/03\/iron-man-vr-wegen-corona-verschoben\/#respond"]}]},{"@type":"WebPage","@id":"https:\/\/vr-room.ch\/it\/2020\/04\/03\/iron-man-vr-wegen-corona-verschoben\/","url":"https:\/\/vr-room.ch\/it\/2020\/04\/03\/iron-man-vr-wegen-corona-verschoben\/","name":"Iron-Man VR wegen Corona verschoben - Schweizer Virtual Reality News","isPartOf":{"@id":"http:\/\/vr-room.ch\/en\/#website"},"primaryImageOfPage":{"@id":"https:\/\/vr-room.ch\/it\/2020\/04\/03\/iron-man-vr-wegen-corona-verschoben\/#primaryimage"},"image":{"@id":"https:\/\/vr-room.ch\/it\/2020\/04\/03\/iron-man-vr-wegen-corona-verschoben\/#primaryimage"},"thumbnailUrl":"https:\/\/vr-room.ch\/wp-content\/uploads\/2020\/04\/iron-man-vr.jpg","datePublished":"2020-04-03T12:28:14+00:00","author":{"@id":"http:\/\/vr-room.ch\/en\/#\/schema\/person\/4022b4e1fba06681ac263b25c0f1e3d2"},"breadcrumb":{"@id":"https:\/\/vr-room.ch\/it\/2020\/04\/03\/iron-man-vr-wegen-corona-verschoben\/#breadcrumb"},"inLanguage":"it-IT","potentialAction":[{"@type":"ReadAction","target":["https:\/\/vr-room.ch\/it\/2020\/04\/03\/iron-man-vr-wegen-corona-verschoben\/"]}]},{"@type":"ImageObject","inLanguage":"it-IT","@id":"https:\/\/vr-room.ch\/it\/2020\/04\/03\/iron-man-vr-wegen-corona-verschoben\/#primaryimage","url":"https:\/\/vr-room.ch\/wp-content\/uploads\/2020\/04\/iron-man-vr.jpg","contentUrl":"https:\/\/vr-room.ch\/wp-content\/uploads\/2020\/04\/iron-man-vr.jpg","width":1404,"height":790,"caption":"Iron-Man VR wegen Coronavirus verschoben"},{"@type":"BreadcrumbList","@id":"https:\/\/vr-room.ch\/it\/2020\/04\/03\/iron-man-vr-wegen-corona-verschoben\/#breadcrumb","itemListElement":[{"@type":"ListItem","position":1,"name":"Startseite","item":"http:\/\/vr-room.ch\/en\/"},{"@type":"ListItem","position":2,"name":"Iron-Man VR wegen Corona verschoben"}]},{"@type":"WebSite","@id":"http:\/\/vr-room.ch\/en\/#website","url":"http:\/\/vr-room.ch\/en\/","name":"Notizie sulla realt\u00e0 virtuale in Svizzera","description":"","potentialAction":[{"@type":"SearchAction","target":{"@type":"EntryPoint","urlTemplate":"http:\/\/vr-room.ch\/en\/?s={search_term_string}"},"query-input":{"@type":"PropertyValueSpecification","valueRequired":true,"valueName":"search_term_string"}}],"inLanguage":"it-IT"},{"@type":"Person","@id":"http:\/\/vr-room.ch\/en\/#\/schema\/person\/4022b4e1fba06681ac263b25c0f1e3d2","name":"Michele","image":{"@type":"ImageObject","inLanguage":"it-IT","@id":"https:\/\/vr-room.ch\/wp-content\/uploads\/2019\/05\/avatar_user_11_1558711168-96x96.jpg","url":"https:\/\/vr-room.ch\/wp-content\/uploads\/2019\/05\/avatar_user_11_1558711168-96x96.jpg","contentUrl":"https:\/\/vr-room.ch\/wp-content\/uploads\/2019\/05\/avatar_user_11_1558711168-96x96.jpg","caption":"Michael"},"url":"https:\/\/vr-room.ch\/it\/author\/michael\/"}]}},"_links":{"self":[{"href":"https:\/\/vr-room.ch\/it\/wp-json\/wp\/v2\/posts\/16693","targetHints":{"allow":["GET"]}}],"collection":[{"href":"https:\/\/vr-room.ch\/it\/wp-json\/wp\/v2\/posts"}],"about":[{"href":"https:\/\/vr-room.ch\/it\/wp-json\/wp\/v2\/types\/post"}],"author":[{"embeddable":true,"href":"https:\/\/vr-room.ch\/it\/wp-json\/wp\/v2\/users\/11"}],"replies":[{"embeddable":true,"href":"https:\/\/vr-room.ch\/it\/wp-json\/wp\/v2\/comments?post=16693"}],"version-history":[{"count":0,"href":"https:\/\/vr-room.ch\/it\/wp-json\/wp\/v2\/posts\/16693\/revisions"}],"wp:featuredmedia":[{"embeddable":true,"href":"https:\/\/vr-room.ch\/it\/wp-json\/wp\/v2\/media\/16694"}],"wp:attachment":[{"href":"https:\/\/vr-room.ch\/it\/wp-json\/wp\/v2\/media?parent=16693"}],"wp:term":[{"taxonomy":"category","embeddable":true,"href":"https:\/\/vr-room.ch\/it\/wp-json\/wp\/v2\/categories?post=16693"},{"taxonomy":"post_tag","embeddable":true,"href":"https:\/\/vr-room.ch\/it\/wp-json\/wp\/v2\/tags?post=16693"}],"curies":[{"name":"wp","href":"https:\/\/api.w.org\/{rel}","templated":true}]}}