{"id":16496,"date":"2020-03-15T08:59:35","date_gmt":"2020-03-15T08:59:35","guid":{"rendered":"https:\/\/vr-room.ch\/?p=16496"},"modified":"2020-03-15T09:01:06","modified_gmt":"2020-03-15T09:01:06","slug":"the-room-vr-a-dark-matter-bald-erhaeltlich","status":"publish","type":"post","link":"https:\/\/vr-room.ch\/it\/2020\/03\/15\/the-room-vr-a-dark-matter-bald-erhaeltlich\/","title":{"rendered":"Presto gli enigmi saranno risolti in The Room VR"},"content":{"rendered":"<p>Lo sviluppatore <a href=\"https:\/\/www.fireproofgames.com\/\">Giochi a prova di fuoco<\/a> imposta il suo <a href=\"https:\/\/en.wikipedia.org\/wiki\/The_Room_(video_game)\">nota serie di puzzle game<\/a> \"The Room\" con \"The Room VR: A Dark Matter\". Il titolo VR uscir\u00e0 il 26 marzo 2020, come \u00e8 stato confermato.<\/p>\n<p>\"The Room VR: A Dark Matter\" supporta numerose cuffie VR, tra cui PlayStation VR, Oculus Quest, Oculus Rift (S), Valve Index, Vive Cosmos, HTC Vive e Windows Mixed Reality. Purtroppo, Oculus Go, Gear VR, Samsung VR, Google Cardboard e altre piattaforme non sono supportate.<\/p>\n<p>Il <a href=\"https:\/\/store.steampowered.com\/app\/1104380\/The_Room_VR_A_Dark_Matter\/\">Storia del telaio<\/a>: \"L'Istituto Britannico di Archeologia, Londra, 1908: La scomparsa di un rispettato egittologo porta la polizia a indagare sull'ignoto. Esplorate luoghi misteriosi, indagate su oggetti fantastici ed entrate in un piano spettrale dove i confini tra realt\u00e0 e illusione si confondono.\"<\/p>\n<p>Secondo i creatori, \"The Room VR: A Dark Matter\" \u00e8 stato sviluppato da zero per le possibilit\u00e0 dei sistemi VR. I giocatori dovranno immergersi completamente nel mondo di \"The Room\" e interagire con strani dispositivi. Il trailer fornisce le giuste impressioni.<\/p>\n<div style=\"width: 640px;\" class=\"wp-video\"><video class=\"wp-video-shortcode\" id=\"video-16496-1\" width=\"640\" height=\"360\" loop preload=\"metadata\" controls=\"controls\"><source type=\"video\/youtube\" src=\"https:\/\/www.youtube.com\/watch?v=iySB6jnYwYE&#038;_=1\" \/><a href=\"https:\/\/www.youtube.com\/watch?v=iySB6jnYwYE\">https:\/\/www.youtube.com\/watch?v=iySB6jnYwYE<\/a><\/video><\/div>\n<p>Fonti: 4Players, Steam<\/p>","protected":false},"excerpt":{"rendered":"Lo sviluppatore Fireproof Games continua la sua nota serie di puzzle game \"The Room\" con \"The Room VR: A Dark Matter\"....","protected":false},"author":11,"featured_media":16497,"comment_status":"open","ping_status":"open","sticky":false,"template":"","format":"standard","meta":{"footnotes":""},"categories":[2],"tags":[],"class_list":{"0":"post-16496","1":"post","2":"type-post","3":"status-publish","4":"format-standard","5":"has-post-thumbnail","7":"category-virtual-reality-games","8":"cs-entry","9":"cs-video-wrap"},"yoast_head":"<!-- This site is optimized with the Yoast SEO plugin v27.4 - https:\/\/yoast.com\/product\/yoast-seo-wordpress\/ -->\n<title>Bald werden R\u00e4tsel in The Room VR gel\u00f6st - Schweizer Virtual Reality News<\/title>\n<meta name=\"robots\" content=\"index, follow, max-snippet:-1, max-image-preview:large, max-video-preview:-1\" \/>\n<link rel=\"canonical\" href=\"https:\/\/vr-room.ch\/it\/2020\/03\/15\/the-room-vr-a-dark-matter-bald-erhaeltlich\/\" \/>\n<meta property=\"og:locale\" content=\"it_IT\" \/>\n<meta property=\"og:type\" content=\"article\" \/>\n<meta property=\"og:title\" content=\"Bald werden R\u00e4tsel in The Room VR gel\u00f6st - Schweizer Virtual Reality News\" \/>\n<meta property=\"og:description\" content=\"Der Entwickler Fireproof Games setzt seine bekannte R\u00e4tsel-Spielreihe \u00abThe Room\u00bb mit \u00abThe Room VR: A Dark Matter\u00bb fort.&hellip;\" \/>\n<meta property=\"og:url\" content=\"https:\/\/vr-room.ch\/it\/2020\/03\/15\/the-room-vr-a-dark-matter-bald-erhaeltlich\/\" \/>\n<meta property=\"og:site_name\" content=\"Schweizer Virtual Reality News\" \/>\n<meta property=\"article:published_time\" content=\"2020-03-15T08:59:35+00:00\" \/>\n<meta property=\"article:modified_time\" content=\"2020-03-15T09:01:06+00:00\" \/>\n<meta property=\"og:image\" content=\"https:\/\/vr-room.ch\/wp-content\/uploads\/2020\/03\/The-Room.jpg\" \/>\n\t<meta property=\"og:image:width\" content=\"1920\" \/>\n\t<meta property=\"og:image:height\" content=\"1080\" \/>\n\t<meta property=\"og:image:type\" content=\"image\/jpeg\" \/>\n<meta name=\"author\" content=\"Michael\" \/>\n<meta name=\"twitter:card\" content=\"summary_large_image\" \/>\n<meta name=\"twitter:label1\" content=\"Scritto da\" \/>\n\t<meta name=\"twitter:data1\" content=\"Michael\" \/>\n\t<meta name=\"twitter:label2\" content=\"Tempo di lettura stimato\" \/>\n\t<meta name=\"twitter:data2\" content=\"1 minuto\" \/>\n<script type=\"application\/ld+json\" class=\"yoast-schema-graph\">{\"@context\":\"https:\\\/\\\/schema.org\",\"@graph\":[{\"@type\":\"Article\",\"@id\":\"https:\\\/\\\/vr-room.ch\\\/it\\\/2020\\\/03\\\/15\\\/the-room-vr-a-dark-matter-bald-erhaeltlich\\\/#article\",\"isPartOf\":{\"@id\":\"https:\\\/\\\/vr-room.ch\\\/it\\\/2020\\\/03\\\/15\\\/the-room-vr-a-dark-matter-bald-erhaeltlich\\\/\"},\"author\":{\"name\":\"Michael\",\"@id\":\"http:\\\/\\\/vr-room.ch\\\/en\\\/#\\\/schema\\\/person\\\/4022b4e1fba06681ac263b25c0f1e3d2\"},\"headline\":\"Bald werden R\u00e4tsel in The Room VR gel\u00f6st\",\"datePublished\":\"2020-03-15T08:59:35+00:00\",\"dateModified\":\"2020-03-15T09:01:06+00:00\",\"mainEntityOfPage\":{\"@id\":\"https:\\\/\\\/vr-room.ch\\\/it\\\/2020\\\/03\\\/15\\\/the-room-vr-a-dark-matter-bald-erhaeltlich\\\/\"},\"wordCount\":188,\"commentCount\":0,\"image\":{\"@id\":\"https:\\\/\\\/vr-room.ch\\\/it\\\/2020\\\/03\\\/15\\\/the-room-vr-a-dark-matter-bald-erhaeltlich\\\/#primaryimage\"},\"thumbnailUrl\":\"https:\\\/\\\/vr-room.ch\\\/wp-content\\\/uploads\\\/2020\\\/03\\\/The-Room.jpg\",\"articleSection\":[\"Games\"],\"inLanguage\":\"it-IT\",\"potentialAction\":[{\"@type\":\"CommentAction\",\"name\":\"Comment\",\"target\":[\"https:\\\/\\\/vr-room.ch\\\/it\\\/2020\\\/03\\\/15\\\/the-room-vr-a-dark-matter-bald-erhaeltlich\\\/#respond\"]}]},{\"@type\":\"WebPage\",\"@id\":\"https:\\\/\\\/vr-room.ch\\\/it\\\/2020\\\/03\\\/15\\\/the-room-vr-a-dark-matter-bald-erhaeltlich\\\/\",\"url\":\"https:\\\/\\\/vr-room.ch\\\/it\\\/2020\\\/03\\\/15\\\/the-room-vr-a-dark-matter-bald-erhaeltlich\\\/\",\"name\":\"Bald werden R\u00e4tsel in The Room VR gel\u00f6st - Schweizer Virtual Reality News\",\"isPartOf\":{\"@id\":\"http:\\\/\\\/vr-room.ch\\\/en\\\/#website\"},\"primaryImageOfPage\":{\"@id\":\"https:\\\/\\\/vr-room.ch\\\/it\\\/2020\\\/03\\\/15\\\/the-room-vr-a-dark-matter-bald-erhaeltlich\\\/#primaryimage\"},\"image\":{\"@id\":\"https:\\\/\\\/vr-room.ch\\\/it\\\/2020\\\/03\\\/15\\\/the-room-vr-a-dark-matter-bald-erhaeltlich\\\/#primaryimage\"},\"thumbnailUrl\":\"https:\\\/\\\/vr-room.ch\\\/wp-content\\\/uploads\\\/2020\\\/03\\\/The-Room.jpg\",\"datePublished\":\"2020-03-15T08:59:35+00:00\",\"dateModified\":\"2020-03-15T09:01:06+00:00\",\"author\":{\"@id\":\"http:\\\/\\\/vr-room.ch\\\/en\\\/#\\\/schema\\\/person\\\/4022b4e1fba06681ac263b25c0f1e3d2\"},\"breadcrumb\":{\"@id\":\"https:\\\/\\\/vr-room.ch\\\/it\\\/2020\\\/03\\\/15\\\/the-room-vr-a-dark-matter-bald-erhaeltlich\\\/#breadcrumb\"},\"inLanguage\":\"it-IT\",\"potentialAction\":[{\"@type\":\"ReadAction\",\"target\":[\"https:\\\/\\\/vr-room.ch\\\/it\\\/2020\\\/03\\\/15\\\/the-room-vr-a-dark-matter-bald-erhaeltlich\\\/\"]}]},{\"@type\":\"ImageObject\",\"inLanguage\":\"it-IT\",\"@id\":\"https:\\\/\\\/vr-room.ch\\\/it\\\/2020\\\/03\\\/15\\\/the-room-vr-a-dark-matter-bald-erhaeltlich\\\/#primaryimage\",\"url\":\"https:\\\/\\\/vr-room.ch\\\/wp-content\\\/uploads\\\/2020\\\/03\\\/The-Room.jpg\",\"contentUrl\":\"https:\\\/\\\/vr-room.ch\\\/wp-content\\\/uploads\\\/2020\\\/03\\\/The-Room.jpg\",\"width\":1920,\"height\":1080},{\"@type\":\"BreadcrumbList\",\"@id\":\"https:\\\/\\\/vr-room.ch\\\/it\\\/2020\\\/03\\\/15\\\/the-room-vr-a-dark-matter-bald-erhaeltlich\\\/#breadcrumb\",\"itemListElement\":[{\"@type\":\"ListItem\",\"position\":1,\"name\":\"Startseite\",\"item\":\"http:\\\/\\\/vr-room.ch\\\/en\\\/\"},{\"@type\":\"ListItem\",\"position\":2,\"name\":\"Bald werden R\u00e4tsel in The Room VR gel\u00f6st\"}]},{\"@type\":\"WebSite\",\"@id\":\"http:\\\/\\\/vr-room.ch\\\/en\\\/#website\",\"url\":\"http:\\\/\\\/vr-room.ch\\\/en\\\/\",\"name\":\"Schweizer Virtual Reality News\",\"description\":\"\",\"potentialAction\":[{\"@type\":\"SearchAction\",\"target\":{\"@type\":\"EntryPoint\",\"urlTemplate\":\"http:\\\/\\\/vr-room.ch\\\/en\\\/?s={search_term_string}\"},\"query-input\":{\"@type\":\"PropertyValueSpecification\",\"valueRequired\":true,\"valueName\":\"search_term_string\"}}],\"inLanguage\":\"it-IT\"},{\"@type\":\"Person\",\"@id\":\"http:\\\/\\\/vr-room.ch\\\/en\\\/#\\\/schema\\\/person\\\/4022b4e1fba06681ac263b25c0f1e3d2\",\"name\":\"Michael\",\"image\":{\"@type\":\"ImageObject\",\"inLanguage\":\"it-IT\",\"@id\":\"https:\\\/\\\/vr-room.ch\\\/wp-content\\\/uploads\\\/2019\\\/05\\\/avatar_user_11_1558711168-96x96.jpg\",\"url\":\"https:\\\/\\\/vr-room.ch\\\/wp-content\\\/uploads\\\/2019\\\/05\\\/avatar_user_11_1558711168-96x96.jpg\",\"contentUrl\":\"https:\\\/\\\/vr-room.ch\\\/wp-content\\\/uploads\\\/2019\\\/05\\\/avatar_user_11_1558711168-96x96.jpg\",\"caption\":\"Michael\"},\"url\":\"https:\\\/\\\/vr-room.ch\\\/it\\\/author\\\/michael\\\/\"}]}<\/script>\n<!-- \/ Yoast SEO plugin. -->","yoast_head_json":{"title":"Bald werden R\u00e4tsel in The Room VR gel\u00f6st - Schweizer Virtual Reality News","robots":{"index":"index","follow":"follow","max-snippet":"max-snippet:-1","max-image-preview":"max-image-preview:large","max-video-preview":"max-video-preview:-1"},"canonical":"https:\/\/vr-room.ch\/it\/2020\/03\/15\/the-room-vr-a-dark-matter-bald-erhaeltlich\/","og_locale":"it_IT","og_type":"article","og_title":"Bald werden R\u00e4tsel in The Room VR gel\u00f6st - Schweizer Virtual Reality News","og_description":"Der Entwickler Fireproof Games setzt seine bekannte R\u00e4tsel-Spielreihe \u00abThe Room\u00bb mit \u00abThe Room VR: A Dark Matter\u00bb fort.&hellip;","og_url":"https:\/\/vr-room.ch\/it\/2020\/03\/15\/the-room-vr-a-dark-matter-bald-erhaeltlich\/","og_site_name":"Schweizer Virtual Reality News","article_published_time":"2020-03-15T08:59:35+00:00","article_modified_time":"2020-03-15T09:01:06+00:00","og_image":[{"width":1920,"height":1080,"url":"https:\/\/vr-room.ch\/wp-content\/uploads\/2020\/03\/The-Room.jpg","type":"image\/jpeg"}],"author":"Michael","twitter_card":"summary_large_image","twitter_misc":{"Scritto da":"Michael","Tempo di lettura stimato":"1 minuto"},"schema":{"@context":"https:\/\/schema.org","@graph":[{"@type":"Article","@id":"https:\/\/vr-room.ch\/it\/2020\/03\/15\/the-room-vr-a-dark-matter-bald-erhaeltlich\/#article","isPartOf":{"@id":"https:\/\/vr-room.ch\/it\/2020\/03\/15\/the-room-vr-a-dark-matter-bald-erhaeltlich\/"},"author":{"name":"Michael","@id":"http:\/\/vr-room.ch\/en\/#\/schema\/person\/4022b4e1fba06681ac263b25c0f1e3d2"},"headline":"Bald werden R\u00e4tsel in The Room VR gel\u00f6st","datePublished":"2020-03-15T08:59:35+00:00","dateModified":"2020-03-15T09:01:06+00:00","mainEntityOfPage":{"@id":"https:\/\/vr-room.ch\/it\/2020\/03\/15\/the-room-vr-a-dark-matter-bald-erhaeltlich\/"},"wordCount":188,"commentCount":0,"image":{"@id":"https:\/\/vr-room.ch\/it\/2020\/03\/15\/the-room-vr-a-dark-matter-bald-erhaeltlich\/#primaryimage"},"thumbnailUrl":"https:\/\/vr-room.ch\/wp-content\/uploads\/2020\/03\/The-Room.jpg","articleSection":["Games"],"inLanguage":"it-IT","potentialAction":[{"@type":"CommentAction","name":"Comment","target":["https:\/\/vr-room.ch\/it\/2020\/03\/15\/the-room-vr-a-dark-matter-bald-erhaeltlich\/#respond"]}]},{"@type":"WebPage","@id":"https:\/\/vr-room.ch\/it\/2020\/03\/15\/the-room-vr-a-dark-matter-bald-erhaeltlich\/","url":"https:\/\/vr-room.ch\/it\/2020\/03\/15\/the-room-vr-a-dark-matter-bald-erhaeltlich\/","name":"Bald werden R\u00e4tsel in The Room VR gel\u00f6st - Schweizer Virtual Reality News","isPartOf":{"@id":"http:\/\/vr-room.ch\/en\/#website"},"primaryImageOfPage":{"@id":"https:\/\/vr-room.ch\/it\/2020\/03\/15\/the-room-vr-a-dark-matter-bald-erhaeltlich\/#primaryimage"},"image":{"@id":"https:\/\/vr-room.ch\/it\/2020\/03\/15\/the-room-vr-a-dark-matter-bald-erhaeltlich\/#primaryimage"},"thumbnailUrl":"https:\/\/vr-room.ch\/wp-content\/uploads\/2020\/03\/The-Room.jpg","datePublished":"2020-03-15T08:59:35+00:00","dateModified":"2020-03-15T09:01:06+00:00","author":{"@id":"http:\/\/vr-room.ch\/en\/#\/schema\/person\/4022b4e1fba06681ac263b25c0f1e3d2"},"breadcrumb":{"@id":"https:\/\/vr-room.ch\/it\/2020\/03\/15\/the-room-vr-a-dark-matter-bald-erhaeltlich\/#breadcrumb"},"inLanguage":"it-IT","potentialAction":[{"@type":"ReadAction","target":["https:\/\/vr-room.ch\/it\/2020\/03\/15\/the-room-vr-a-dark-matter-bald-erhaeltlich\/"]}]},{"@type":"ImageObject","inLanguage":"it-IT","@id":"https:\/\/vr-room.ch\/it\/2020\/03\/15\/the-room-vr-a-dark-matter-bald-erhaeltlich\/#primaryimage","url":"https:\/\/vr-room.ch\/wp-content\/uploads\/2020\/03\/The-Room.jpg","contentUrl":"https:\/\/vr-room.ch\/wp-content\/uploads\/2020\/03\/The-Room.jpg","width":1920,"height":1080},{"@type":"BreadcrumbList","@id":"https:\/\/vr-room.ch\/it\/2020\/03\/15\/the-room-vr-a-dark-matter-bald-erhaeltlich\/#breadcrumb","itemListElement":[{"@type":"ListItem","position":1,"name":"Startseite","item":"http:\/\/vr-room.ch\/en\/"},{"@type":"ListItem","position":2,"name":"Bald werden R\u00e4tsel in The Room VR gel\u00f6st"}]},{"@type":"WebSite","@id":"http:\/\/vr-room.ch\/en\/#website","url":"http:\/\/vr-room.ch\/en\/","name":"Notizie sulla realt\u00e0 virtuale in Svizzera","description":"","potentialAction":[{"@type":"SearchAction","target":{"@type":"EntryPoint","urlTemplate":"http:\/\/vr-room.ch\/en\/?s={search_term_string}"},"query-input":{"@type":"PropertyValueSpecification","valueRequired":true,"valueName":"search_term_string"}}],"inLanguage":"it-IT"},{"@type":"Person","@id":"http:\/\/vr-room.ch\/en\/#\/schema\/person\/4022b4e1fba06681ac263b25c0f1e3d2","name":"Michele","image":{"@type":"ImageObject","inLanguage":"it-IT","@id":"https:\/\/vr-room.ch\/wp-content\/uploads\/2019\/05\/avatar_user_11_1558711168-96x96.jpg","url":"https:\/\/vr-room.ch\/wp-content\/uploads\/2019\/05\/avatar_user_11_1558711168-96x96.jpg","contentUrl":"https:\/\/vr-room.ch\/wp-content\/uploads\/2019\/05\/avatar_user_11_1558711168-96x96.jpg","caption":"Michael"},"url":"https:\/\/vr-room.ch\/it\/author\/michael\/"}]}},"_links":{"self":[{"href":"https:\/\/vr-room.ch\/it\/wp-json\/wp\/v2\/posts\/16496","targetHints":{"allow":["GET"]}}],"collection":[{"href":"https:\/\/vr-room.ch\/it\/wp-json\/wp\/v2\/posts"}],"about":[{"href":"https:\/\/vr-room.ch\/it\/wp-json\/wp\/v2\/types\/post"}],"author":[{"embeddable":true,"href":"https:\/\/vr-room.ch\/it\/wp-json\/wp\/v2\/users\/11"}],"replies":[{"embeddable":true,"href":"https:\/\/vr-room.ch\/it\/wp-json\/wp\/v2\/comments?post=16496"}],"version-history":[{"count":0,"href":"https:\/\/vr-room.ch\/it\/wp-json\/wp\/v2\/posts\/16496\/revisions"}],"wp:featuredmedia":[{"embeddable":true,"href":"https:\/\/vr-room.ch\/it\/wp-json\/wp\/v2\/media\/16497"}],"wp:attachment":[{"href":"https:\/\/vr-room.ch\/it\/wp-json\/wp\/v2\/media?parent=16496"}],"wp:term":[{"taxonomy":"category","embeddable":true,"href":"https:\/\/vr-room.ch\/it\/wp-json\/wp\/v2\/categories?post=16496"},{"taxonomy":"post_tag","embeddable":true,"href":"https:\/\/vr-room.ch\/it\/wp-json\/wp\/v2\/tags?post=16496"}],"curies":[{"name":"wp","href":"https:\/\/api.w.org\/{rel}","templated":true}]}}