{"id":16143,"date":"2020-01-09T10:53:29","date_gmt":"2020-01-09T10:53:29","guid":{"rendered":"https:\/\/vr-room.ch\/?p=16143"},"modified":"2020-01-08T14:06:21","modified_gmt":"2020-01-08T14:06:21","slug":"e-bike-innovatoren-sind-ueberzeugt-ar-soll-retouren-reduzieren","status":"publish","type":"post","link":"https:\/\/vr-room.ch\/it\/2020\/01\/09\/e-bike-innovatoren-sind-ueberzeugt-ar-soll-retouren-reduzieren\/","title":{"rendered":"Gli innovatori delle biciclette elettriche sono convinti: l'AR dovrebbe ridurre i rendimenti"},"content":{"rendered":"<h3 id=\"da-das-niederlaendische-unternehmen-vanmoof-80-seiner-fahrraeder-online-verkauft-fuehrt-es-ar-ein-die-e-bike-innovatoren-wollen-damit-ihre-hightech-e-bikes-ganz-nah-an-die-kunden-heranbringen-und-re\" class=\"post-subtitle\">L'azienda olandese VanMoof, che vende online le biciclette 80%, sta introducendo l'AR. Gli innovatori delle e-bike vogliono avvicinare le loro biciclette high-tech ai clienti e ridurre i resi.<\/h3>\n<p><!--more--><\/p>\n<p>VanMoof sta portando il futuro della tecnologia di vendita al dettaglio nel mondo delle biciclette: gli innovatori olandesi di biciclette elettriche hanno introdotto la prima esperienza di acquisto in realt\u00e0 aumentata del settore. Il nuovo strumento AR \u00e8 integrato nel sito web e nelle pubblicit\u00e0 online di VanMoof. Lo strumento consente agli utenti di posizionare una e-bike virtuale \"Electrified\" proprio di fronte a loro e di esplorare le caratteristiche high-tech senza dover visitare un negozio del marchio VanMoof o attendere la consegna a domicilio.<\/p>\n<h3 id=\"verbessertes-kauferlebnis\">Esperienza di acquisto migliorata<\/h3>\n<p>La portata del test di pre-acquisto online \u00e8 enorme: 76% dei consumatori hanno dichiarato che acquisterebbero pi\u00f9 prodotti se venisse offerto.<\/p>\n<p>&#8222;Da sich die Menschen mehr daran gew\u00f6hnen, Waren online zu kaufen, ist es sinnvoll, die Interaktivit\u00e4t des Erlebnisses zu perfektionieren. Wenn man nicht in der N\u00e4he einer der acht St\u00e4dte mit unseren Markenshops wohnt, kann man mit dem Augmented-Reality-Tool unseren Fahrr\u00e4dern so nahe kommen wie im echten Leben. Die Technologie entwickelt sich so schnell weiter, dass wir noch mehr Funktionen planen \u2013 wie w\u00e4re es zum Beispiel mit virtuellen Testfahrten?&#8220; meint Taco Carlier, CEO und Mitbegr\u00fcnder von VanMoof.<cite> <\/cite><\/p>\n<h2 id=\"online-barrieren-abbauen\">Abbattere le barriere online<\/h2>\n<p>Il marchio di mobilit\u00e0 direct-to-consumer si \u00e8 posto come priorit\u00e0 quella di abbassare la barriera degli acquisti online per i ciclisti. VanMoof spera inoltre che lo strumento AR contribuisca a ridurre i resi e i costi di spedizione in tutto il mondo in modo divertente e senza complicazioni.<\/p>\n<p>&#8222;Eines der gr\u00f6ssten Probleme beim Online-Kauf sind die Retouren. Diese sind ein enormes Hindernis f\u00fcr die Nachhaltigkeit und ein extremer Belastungsfaktor f\u00fcr die Lieferkette. AR erm\u00f6glicht es uns, noch mehr Menschen die M\u00f6glichkeit zu geben, unser Produkt zu erleben, bevor sie es kaufen&#8220; sagt Taco Carlier weiter.<cite><\/cite><\/p>\n<p>L'esperienza di realt\u00e0 aumentata personalizzata \u00e8 stata sviluppata in collaborazione con il partner digitale Boldly. Potete scoprirla sul sito web di VAnMoof <a href=\"https:\/\/www.vanmoof.com\/bikes\/de-DE\/electrified-s2\" target=\"_blank\" rel=\"noopener noreferrer\">qui<\/a>.<\/p>\n<p>Fonte: pedelec-electric-bike<\/p>","protected":false},"excerpt":{"rendered":"Mentre l'azienda olandese VanMoof vende 80% delle sue biciclette online, introduce l'AR. Gli innovatori delle e-bike vogliono usarla per...","protected":false},"author":12,"featured_media":16144,"comment_status":"open","ping_status":"open","sticky":false,"template":"","format":"standard","meta":{"footnotes":""},"categories":[67],"tags":[],"class_list":{"0":"post-16143","1":"post","2":"type-post","3":"status-publish","4":"format-standard","5":"has-post-thumbnail","7":"category-virtual-reality-gesellschaft","8":"cs-entry","9":"cs-video-wrap"},"yoast_head":"<!-- This site is optimized with the Yoast SEO plugin v27.4 - https:\/\/yoast.com\/product\/yoast-seo-wordpress\/ -->\n<title>E-Bike-Innovatoren sind \u00fcberzeugt: AR soll Retouren reduzieren - Schweizer Virtual Reality News<\/title>\n<meta name=\"robots\" content=\"index, follow, max-snippet:-1, max-image-preview:large, max-video-preview:-1\" \/>\n<link rel=\"canonical\" href=\"https:\/\/vr-room.ch\/it\/2020\/01\/09\/e-bike-innovatoren-sind-ueberzeugt-ar-soll-retouren-reduzieren\/\" \/>\n<meta property=\"og:locale\" content=\"it_IT\" \/>\n<meta property=\"og:type\" content=\"article\" \/>\n<meta property=\"og:title\" content=\"E-Bike-Innovatoren sind \u00fcberzeugt: AR soll Retouren reduzieren - Schweizer Virtual Reality News\" \/>\n<meta property=\"og:description\" content=\"Da das niederl\u00e4ndische Unternehmen VanMoof 80% seiner Fahrr\u00e4der online verkauft, f\u00fchrt es AR ein. Die E-Bike-Innovatoren wollen damit&hellip;\" \/>\n<meta property=\"og:url\" content=\"https:\/\/vr-room.ch\/it\/2020\/01\/09\/e-bike-innovatoren-sind-ueberzeugt-ar-soll-retouren-reduzieren\/\" \/>\n<meta property=\"og:site_name\" content=\"Schweizer Virtual Reality News\" \/>\n<meta property=\"article:published_time\" content=\"2020-01-09T10:53:29+00:00\" \/>\n<meta property=\"og:image\" content=\"https:\/\/vr-room.ch\/wp-content\/uploads\/2020\/01\/velo-ar.jpg\" \/>\n\t<meta property=\"og:image:width\" content=\"1500\" \/>\n\t<meta property=\"og:image:height\" content=\"844\" \/>\n\t<meta property=\"og:image:type\" content=\"image\/jpeg\" \/>\n<meta name=\"author\" content=\"Nathalie\" \/>\n<meta name=\"twitter:card\" content=\"summary_large_image\" \/>\n<meta name=\"twitter:label1\" content=\"Scritto da\" \/>\n\t<meta name=\"twitter:data1\" content=\"Nathalie\" \/>\n\t<meta name=\"twitter:label2\" content=\"Tempo di lettura stimato\" \/>\n\t<meta name=\"twitter:data2\" content=\"2 minuti\" \/>\n<script type=\"application\/ld+json\" class=\"yoast-schema-graph\">{\"@context\":\"https:\\\/\\\/schema.org\",\"@graph\":[{\"@type\":\"Article\",\"@id\":\"https:\\\/\\\/vr-room.ch\\\/2020\\\/01\\\/09\\\/e-bike-innovatoren-sind-ueberzeugt-ar-soll-retouren-reduzieren\\\/#article\",\"isPartOf\":{\"@id\":\"https:\\\/\\\/vr-room.ch\\\/2020\\\/01\\\/09\\\/e-bike-innovatoren-sind-ueberzeugt-ar-soll-retouren-reduzieren\\\/\"},\"author\":{\"name\":\"Nathalie\",\"@id\":\"http:\\\/\\\/vr-room.ch\\\/en\\\/#\\\/schema\\\/person\\\/1a03b3a6ced429fb4831f60fa2b37599\"},\"headline\":\"E-Bike-Innovatoren sind \u00fcberzeugt: AR soll Retouren reduzieren\",\"datePublished\":\"2020-01-09T10:53:29+00:00\",\"mainEntityOfPage\":{\"@id\":\"https:\\\/\\\/vr-room.ch\\\/2020\\\/01\\\/09\\\/e-bike-innovatoren-sind-ueberzeugt-ar-soll-retouren-reduzieren\\\/\"},\"wordCount\":340,\"commentCount\":0,\"image\":{\"@id\":\"https:\\\/\\\/vr-room.ch\\\/2020\\\/01\\\/09\\\/e-bike-innovatoren-sind-ueberzeugt-ar-soll-retouren-reduzieren\\\/#primaryimage\"},\"thumbnailUrl\":\"https:\\\/\\\/vr-room.ch\\\/wp-content\\\/uploads\\\/2020\\\/01\\\/velo-ar.jpg\",\"articleSection\":[\"Gesellschaft\"],\"inLanguage\":\"it-IT\",\"potentialAction\":[{\"@type\":\"CommentAction\",\"name\":\"Comment\",\"target\":[\"https:\\\/\\\/vr-room.ch\\\/2020\\\/01\\\/09\\\/e-bike-innovatoren-sind-ueberzeugt-ar-soll-retouren-reduzieren\\\/#respond\"]}]},{\"@type\":\"WebPage\",\"@id\":\"https:\\\/\\\/vr-room.ch\\\/2020\\\/01\\\/09\\\/e-bike-innovatoren-sind-ueberzeugt-ar-soll-retouren-reduzieren\\\/\",\"url\":\"https:\\\/\\\/vr-room.ch\\\/2020\\\/01\\\/09\\\/e-bike-innovatoren-sind-ueberzeugt-ar-soll-retouren-reduzieren\\\/\",\"name\":\"E-Bike-Innovatoren sind \u00fcberzeugt: AR soll Retouren reduzieren - Schweizer Virtual Reality News\",\"isPartOf\":{\"@id\":\"http:\\\/\\\/vr-room.ch\\\/en\\\/#website\"},\"primaryImageOfPage\":{\"@id\":\"https:\\\/\\\/vr-room.ch\\\/2020\\\/01\\\/09\\\/e-bike-innovatoren-sind-ueberzeugt-ar-soll-retouren-reduzieren\\\/#primaryimage\"},\"image\":{\"@id\":\"https:\\\/\\\/vr-room.ch\\\/2020\\\/01\\\/09\\\/e-bike-innovatoren-sind-ueberzeugt-ar-soll-retouren-reduzieren\\\/#primaryimage\"},\"thumbnailUrl\":\"https:\\\/\\\/vr-room.ch\\\/wp-content\\\/uploads\\\/2020\\\/01\\\/velo-ar.jpg\",\"datePublished\":\"2020-01-09T10:53:29+00:00\",\"author\":{\"@id\":\"http:\\\/\\\/vr-room.ch\\\/en\\\/#\\\/schema\\\/person\\\/1a03b3a6ced429fb4831f60fa2b37599\"},\"breadcrumb\":{\"@id\":\"https:\\\/\\\/vr-room.ch\\\/2020\\\/01\\\/09\\\/e-bike-innovatoren-sind-ueberzeugt-ar-soll-retouren-reduzieren\\\/#breadcrumb\"},\"inLanguage\":\"it-IT\",\"potentialAction\":[{\"@type\":\"ReadAction\",\"target\":[\"https:\\\/\\\/vr-room.ch\\\/2020\\\/01\\\/09\\\/e-bike-innovatoren-sind-ueberzeugt-ar-soll-retouren-reduzieren\\\/\"]}]},{\"@type\":\"ImageObject\",\"inLanguage\":\"it-IT\",\"@id\":\"https:\\\/\\\/vr-room.ch\\\/2020\\\/01\\\/09\\\/e-bike-innovatoren-sind-ueberzeugt-ar-soll-retouren-reduzieren\\\/#primaryimage\",\"url\":\"https:\\\/\\\/vr-room.ch\\\/wp-content\\\/uploads\\\/2020\\\/01\\\/velo-ar.jpg\",\"contentUrl\":\"https:\\\/\\\/vr-room.ch\\\/wp-content\\\/uploads\\\/2020\\\/01\\\/velo-ar.jpg\",\"width\":1500,\"height\":844},{\"@type\":\"BreadcrumbList\",\"@id\":\"https:\\\/\\\/vr-room.ch\\\/2020\\\/01\\\/09\\\/e-bike-innovatoren-sind-ueberzeugt-ar-soll-retouren-reduzieren\\\/#breadcrumb\",\"itemListElement\":[{\"@type\":\"ListItem\",\"position\":1,\"name\":\"Startseite\",\"item\":\"http:\\\/\\\/vr-room.ch\\\/en\\\/\"},{\"@type\":\"ListItem\",\"position\":2,\"name\":\"E-Bike-Innovatoren sind \u00fcberzeugt: AR soll Retouren reduzieren\"}]},{\"@type\":\"WebSite\",\"@id\":\"http:\\\/\\\/vr-room.ch\\\/en\\\/#website\",\"url\":\"http:\\\/\\\/vr-room.ch\\\/en\\\/\",\"name\":\"Schweizer Virtual Reality News\",\"description\":\"\",\"potentialAction\":[{\"@type\":\"SearchAction\",\"target\":{\"@type\":\"EntryPoint\",\"urlTemplate\":\"http:\\\/\\\/vr-room.ch\\\/en\\\/?s={search_term_string}\"},\"query-input\":{\"@type\":\"PropertyValueSpecification\",\"valueRequired\":true,\"valueName\":\"search_term_string\"}}],\"inLanguage\":\"it-IT\"},{\"@type\":\"Person\",\"@id\":\"http:\\\/\\\/vr-room.ch\\\/en\\\/#\\\/schema\\\/person\\\/1a03b3a6ced429fb4831f60fa2b37599\",\"name\":\"Nathalie\",\"image\":{\"@type\":\"ImageObject\",\"inLanguage\":\"it-IT\",\"@id\":\"https:\\\/\\\/vr-room.ch\\\/wp-content\\\/uploads\\\/2017\\\/01\\\/avatar_user_12_1484159890-96x96.jpg\",\"url\":\"https:\\\/\\\/vr-room.ch\\\/wp-content\\\/uploads\\\/2017\\\/01\\\/avatar_user_12_1484159890-96x96.jpg\",\"contentUrl\":\"https:\\\/\\\/vr-room.ch\\\/wp-content\\\/uploads\\\/2017\\\/01\\\/avatar_user_12_1484159890-96x96.jpg\",\"caption\":\"Nathalie\"},\"url\":\"https:\\\/\\\/vr-room.ch\\\/it\\\/author\\\/nathalie\\\/\"}]}<\/script>\n<!-- \/ Yoast SEO plugin. -->","yoast_head_json":{"title":"E-Bike-Innovatoren sind \u00fcberzeugt: AR soll Retouren reduzieren - Schweizer Virtual Reality News","robots":{"index":"index","follow":"follow","max-snippet":"max-snippet:-1","max-image-preview":"max-image-preview:large","max-video-preview":"max-video-preview:-1"},"canonical":"https:\/\/vr-room.ch\/it\/2020\/01\/09\/e-bike-innovatoren-sind-ueberzeugt-ar-soll-retouren-reduzieren\/","og_locale":"it_IT","og_type":"article","og_title":"E-Bike-Innovatoren sind \u00fcberzeugt: AR soll Retouren reduzieren - Schweizer Virtual Reality News","og_description":"Da das niederl\u00e4ndische Unternehmen VanMoof 80% seiner Fahrr\u00e4der online verkauft, f\u00fchrt es AR ein. Die E-Bike-Innovatoren wollen damit&hellip;","og_url":"https:\/\/vr-room.ch\/it\/2020\/01\/09\/e-bike-innovatoren-sind-ueberzeugt-ar-soll-retouren-reduzieren\/","og_site_name":"Schweizer Virtual Reality News","article_published_time":"2020-01-09T10:53:29+00:00","og_image":[{"width":1500,"height":844,"url":"https:\/\/vr-room.ch\/wp-content\/uploads\/2020\/01\/velo-ar.jpg","type":"image\/jpeg"}],"author":"Nathalie","twitter_card":"summary_large_image","twitter_misc":{"Scritto da":"Nathalie","Tempo di lettura stimato":"2 minuti"},"schema":{"@context":"https:\/\/schema.org","@graph":[{"@type":"Article","@id":"https:\/\/vr-room.ch\/2020\/01\/09\/e-bike-innovatoren-sind-ueberzeugt-ar-soll-retouren-reduzieren\/#article","isPartOf":{"@id":"https:\/\/vr-room.ch\/2020\/01\/09\/e-bike-innovatoren-sind-ueberzeugt-ar-soll-retouren-reduzieren\/"},"author":{"name":"Nathalie","@id":"http:\/\/vr-room.ch\/en\/#\/schema\/person\/1a03b3a6ced429fb4831f60fa2b37599"},"headline":"E-Bike-Innovatoren sind \u00fcberzeugt: AR soll Retouren reduzieren","datePublished":"2020-01-09T10:53:29+00:00","mainEntityOfPage":{"@id":"https:\/\/vr-room.ch\/2020\/01\/09\/e-bike-innovatoren-sind-ueberzeugt-ar-soll-retouren-reduzieren\/"},"wordCount":340,"commentCount":0,"image":{"@id":"https:\/\/vr-room.ch\/2020\/01\/09\/e-bike-innovatoren-sind-ueberzeugt-ar-soll-retouren-reduzieren\/#primaryimage"},"thumbnailUrl":"https:\/\/vr-room.ch\/wp-content\/uploads\/2020\/01\/velo-ar.jpg","articleSection":["Gesellschaft"],"inLanguage":"it-IT","potentialAction":[{"@type":"CommentAction","name":"Comment","target":["https:\/\/vr-room.ch\/2020\/01\/09\/e-bike-innovatoren-sind-ueberzeugt-ar-soll-retouren-reduzieren\/#respond"]}]},{"@type":"WebPage","@id":"https:\/\/vr-room.ch\/2020\/01\/09\/e-bike-innovatoren-sind-ueberzeugt-ar-soll-retouren-reduzieren\/","url":"https:\/\/vr-room.ch\/2020\/01\/09\/e-bike-innovatoren-sind-ueberzeugt-ar-soll-retouren-reduzieren\/","name":"E-Bike-Innovatoren sind \u00fcberzeugt: AR soll Retouren reduzieren - Schweizer Virtual Reality News","isPartOf":{"@id":"http:\/\/vr-room.ch\/en\/#website"},"primaryImageOfPage":{"@id":"https:\/\/vr-room.ch\/2020\/01\/09\/e-bike-innovatoren-sind-ueberzeugt-ar-soll-retouren-reduzieren\/#primaryimage"},"image":{"@id":"https:\/\/vr-room.ch\/2020\/01\/09\/e-bike-innovatoren-sind-ueberzeugt-ar-soll-retouren-reduzieren\/#primaryimage"},"thumbnailUrl":"https:\/\/vr-room.ch\/wp-content\/uploads\/2020\/01\/velo-ar.jpg","datePublished":"2020-01-09T10:53:29+00:00","author":{"@id":"http:\/\/vr-room.ch\/en\/#\/schema\/person\/1a03b3a6ced429fb4831f60fa2b37599"},"breadcrumb":{"@id":"https:\/\/vr-room.ch\/2020\/01\/09\/e-bike-innovatoren-sind-ueberzeugt-ar-soll-retouren-reduzieren\/#breadcrumb"},"inLanguage":"it-IT","potentialAction":[{"@type":"ReadAction","target":["https:\/\/vr-room.ch\/2020\/01\/09\/e-bike-innovatoren-sind-ueberzeugt-ar-soll-retouren-reduzieren\/"]}]},{"@type":"ImageObject","inLanguage":"it-IT","@id":"https:\/\/vr-room.ch\/2020\/01\/09\/e-bike-innovatoren-sind-ueberzeugt-ar-soll-retouren-reduzieren\/#primaryimage","url":"https:\/\/vr-room.ch\/wp-content\/uploads\/2020\/01\/velo-ar.jpg","contentUrl":"https:\/\/vr-room.ch\/wp-content\/uploads\/2020\/01\/velo-ar.jpg","width":1500,"height":844},{"@type":"BreadcrumbList","@id":"https:\/\/vr-room.ch\/2020\/01\/09\/e-bike-innovatoren-sind-ueberzeugt-ar-soll-retouren-reduzieren\/#breadcrumb","itemListElement":[{"@type":"ListItem","position":1,"name":"Startseite","item":"http:\/\/vr-room.ch\/en\/"},{"@type":"ListItem","position":2,"name":"E-Bike-Innovatoren sind \u00fcberzeugt: AR soll Retouren reduzieren"}]},{"@type":"WebSite","@id":"http:\/\/vr-room.ch\/en\/#website","url":"http:\/\/vr-room.ch\/en\/","name":"Notizie sulla realt\u00e0 virtuale in Svizzera","description":"","potentialAction":[{"@type":"SearchAction","target":{"@type":"EntryPoint","urlTemplate":"http:\/\/vr-room.ch\/en\/?s={search_term_string}"},"query-input":{"@type":"PropertyValueSpecification","valueRequired":true,"valueName":"search_term_string"}}],"inLanguage":"it-IT"},{"@type":"Person","@id":"http:\/\/vr-room.ch\/en\/#\/schema\/person\/1a03b3a6ced429fb4831f60fa2b37599","name":"Nathalie","image":{"@type":"ImageObject","inLanguage":"it-IT","@id":"https:\/\/vr-room.ch\/wp-content\/uploads\/2017\/01\/avatar_user_12_1484159890-96x96.jpg","url":"https:\/\/vr-room.ch\/wp-content\/uploads\/2017\/01\/avatar_user_12_1484159890-96x96.jpg","contentUrl":"https:\/\/vr-room.ch\/wp-content\/uploads\/2017\/01\/avatar_user_12_1484159890-96x96.jpg","caption":"Nathalie"},"url":"https:\/\/vr-room.ch\/it\/author\/nathalie\/"}]}},"_links":{"self":[{"href":"https:\/\/vr-room.ch\/it\/wp-json\/wp\/v2\/posts\/16143","targetHints":{"allow":["GET"]}}],"collection":[{"href":"https:\/\/vr-room.ch\/it\/wp-json\/wp\/v2\/posts"}],"about":[{"href":"https:\/\/vr-room.ch\/it\/wp-json\/wp\/v2\/types\/post"}],"author":[{"embeddable":true,"href":"https:\/\/vr-room.ch\/it\/wp-json\/wp\/v2\/users\/12"}],"replies":[{"embeddable":true,"href":"https:\/\/vr-room.ch\/it\/wp-json\/wp\/v2\/comments?post=16143"}],"version-history":[{"count":0,"href":"https:\/\/vr-room.ch\/it\/wp-json\/wp\/v2\/posts\/16143\/revisions"}],"wp:featuredmedia":[{"embeddable":true,"href":"https:\/\/vr-room.ch\/it\/wp-json\/wp\/v2\/media\/16144"}],"wp:attachment":[{"href":"https:\/\/vr-room.ch\/it\/wp-json\/wp\/v2\/media?parent=16143"}],"wp:term":[{"taxonomy":"category","embeddable":true,"href":"https:\/\/vr-room.ch\/it\/wp-json\/wp\/v2\/categories?post=16143"},{"taxonomy":"post_tag","embeddable":true,"href":"https:\/\/vr-room.ch\/it\/wp-json\/wp\/v2\/tags?post=16143"}],"curies":[{"name":"wp","href":"https:\/\/api.w.org\/{rel}","templated":true}]}}