{"id":15894,"date":"2019-11-29T12:16:39","date_gmt":"2019-11-29T12:16:39","guid":{"rendered":"https:\/\/vr-room.ch\/?p=15894"},"modified":"2019-11-29T12:16:39","modified_gmt":"2019-11-29T12:16:39","slug":"facebook-kauft-beat-saber-entwickler","status":"publish","type":"post","link":"https:\/\/vr-room.ch\/it\/2019\/11\/29\/facebook-kauft-beat-saber-entwickler\/","title":{"rendered":"Facebook acquista lo sviluppatore di Beat Saber"},"content":{"rendered":"<p>Facebook und Oculus setzen ihre VR-Expansion fort. Der Konzern hat n\u00e4mlich Beat Games gekauft. Dabei handelt es sich um das Studio, welches das hervorragenden VR-Rhythmus-Spiel &#8222;Beat Saber&#8220; entwickelt hat.<\/p>\n<p>Beat Games wird zwar in die Oculus Studios aufgenommen, aber die gute Nachricht ist, dass es trotzdem unabh\u00e4ngig arbeiten darf. So wird es auch weiterhin neue Inhalte und Updates f\u00fcr &#8222;Beat Saber&#8220; auf allen derzeit unterst\u00fctzten Plattformen geben. Es werden also nicht nur Oculus-Nutzer bedacht. Wer sich \u00fcbrigens \u00fcber &#8222;Beat Saber&#8220; informieren m\u00f6chte, darf sehr gerne <a href=\"https:\/\/vr-room.ch\/it\/2018\/11\/20\/lichtschwert-test-beat-saber\/\">il nostro test<\/a> leggere attraverso.<\/p>\n<p>Der Oculus-Content-Director Mike Verdu sagte zur \u00dcbernahme: &#8222;Die Leistungen von Beat Games sind bereits beeindruckend, aber Facebook und das Beat Games-Team wissen, dass es noch so viel mehr gibt, was in den Bereichen VR, Spiele und Musik getan werden kann. Sie haben mit Beat Saber nur an der Oberfl\u00e4che gekratzt, was soziale Aspekte, neue Modi, Musik und mehr betrifft. Wir freuen uns sehr, gemeinsam zu sehen, wohin dieses talentierte Team das VR-Gaming in Zukunft f\u00fchren wird.&#8220;<\/p>\n<p>Fonte: <a href=\"https:\/\/www.oculus.com\/blog\/welcoming-beat-games-to-facebook\/\">Oculus.com<\/a><\/p>","protected":false},"excerpt":{"rendered":"Facebook e Oculus continuano la loro espansione nella VR. Il gruppo ha acquistato Beat Games. I giochi in questione sono...","protected":false},"author":11,"featured_media":10345,"comment_status":"open","ping_status":"open","sticky":false,"template":"","format":"standard","meta":{"footnotes":""},"categories":[11],"tags":[],"class_list":{"0":"post-15894","1":"post","2":"type-post","3":"status-publish","4":"format-standard","5":"has-post-thumbnail","7":"category-virtual-reality-industrie","8":"cs-entry","9":"cs-video-wrap"},"yoast_head":"<!-- This site is optimized with the Yoast SEO plugin v27.4 - https:\/\/yoast.com\/product\/yoast-seo-wordpress\/ -->\n<title>Facebook kauft Beat Saber-Entwickler - Schweizer Virtual Reality News<\/title>\n<meta name=\"robots\" content=\"index, follow, max-snippet:-1, max-image-preview:large, max-video-preview:-1\" \/>\n<link rel=\"canonical\" href=\"http:\/\/vr-room.ch\/it\/2019\/11\/29\/facebook-kauft-beat-saber-entwickler\/\" \/>\n<meta property=\"og:locale\" content=\"it_IT\" \/>\n<meta property=\"og:type\" content=\"article\" \/>\n<meta property=\"og:title\" content=\"Facebook kauft Beat Saber-Entwickler - Schweizer Virtual Reality News\" \/>\n<meta property=\"og:description\" content=\"Facebook und Oculus setzen ihre VR-Expansion fort. Der Konzern hat n\u00e4mlich Beat Games gekauft. Dabei handelt es sich&hellip;\" \/>\n<meta property=\"og:url\" content=\"http:\/\/vr-room.ch\/it\/2019\/11\/29\/facebook-kauft-beat-saber-entwickler\/\" \/>\n<meta property=\"og:site_name\" content=\"Schweizer Virtual Reality News\" \/>\n<meta property=\"article:published_time\" content=\"2019-11-29T12:16:39+00:00\" \/>\n<meta property=\"og:image\" content=\"https:\/\/vr-room.ch\/wp-content\/uploads\/2018\/05\/Beatsaber.jpg\" \/>\n\t<meta property=\"og:image:width\" content=\"950\" \/>\n\t<meta property=\"og:image:height\" content=\"574\" \/>\n\t<meta property=\"og:image:type\" content=\"image\/jpeg\" \/>\n<meta name=\"author\" content=\"Michael\" \/>\n<meta name=\"twitter:card\" content=\"summary_large_image\" \/>\n<meta name=\"twitter:label1\" content=\"Scritto da\" \/>\n\t<meta name=\"twitter:data1\" content=\"Michael\" \/>\n\t<meta name=\"twitter:label2\" content=\"Tempo di lettura stimato\" \/>\n\t<meta name=\"twitter:data2\" content=\"1 minuto\" \/>\n<script type=\"application\/ld+json\" class=\"yoast-schema-graph\">{\"@context\":\"https:\\\/\\\/schema.org\",\"@graph\":[{\"@type\":\"Article\",\"@id\":\"http:\\\/\\\/vr-room.ch\\\/en\\\/2019\\\/11\\\/29\\\/facebook-kauft-beat-saber-entwickler\\\/#article\",\"isPartOf\":{\"@id\":\"http:\\\/\\\/vr-room.ch\\\/en\\\/2019\\\/11\\\/29\\\/facebook-kauft-beat-saber-entwickler\\\/\"},\"author\":{\"name\":\"Michael\",\"@id\":\"http:\\\/\\\/vr-room.ch\\\/en\\\/#\\\/schema\\\/person\\\/4022b4e1fba06681ac263b25c0f1e3d2\"},\"headline\":\"Facebook kauft Beat Saber-Entwickler\",\"datePublished\":\"2019-11-29T12:16:39+00:00\",\"mainEntityOfPage\":{\"@id\":\"http:\\\/\\\/vr-room.ch\\\/en\\\/2019\\\/11\\\/29\\\/facebook-kauft-beat-saber-entwickler\\\/\"},\"wordCount\":178,\"commentCount\":0,\"image\":{\"@id\":\"http:\\\/\\\/vr-room.ch\\\/en\\\/2019\\\/11\\\/29\\\/facebook-kauft-beat-saber-entwickler\\\/#primaryimage\"},\"thumbnailUrl\":\"https:\\\/\\\/vr-room.ch\\\/wp-content\\\/uploads\\\/2018\\\/05\\\/Beatsaber.jpg\",\"articleSection\":[\"Industrie\"],\"inLanguage\":\"it-IT\",\"potentialAction\":[{\"@type\":\"CommentAction\",\"name\":\"Comment\",\"target\":[\"http:\\\/\\\/vr-room.ch\\\/en\\\/2019\\\/11\\\/29\\\/facebook-kauft-beat-saber-entwickler\\\/#respond\"]}]},{\"@type\":\"WebPage\",\"@id\":\"http:\\\/\\\/vr-room.ch\\\/en\\\/2019\\\/11\\\/29\\\/facebook-kauft-beat-saber-entwickler\\\/\",\"url\":\"http:\\\/\\\/vr-room.ch\\\/en\\\/2019\\\/11\\\/29\\\/facebook-kauft-beat-saber-entwickler\\\/\",\"name\":\"Facebook kauft Beat Saber-Entwickler - Schweizer Virtual Reality News\",\"isPartOf\":{\"@id\":\"http:\\\/\\\/vr-room.ch\\\/en\\\/#website\"},\"primaryImageOfPage\":{\"@id\":\"http:\\\/\\\/vr-room.ch\\\/en\\\/2019\\\/11\\\/29\\\/facebook-kauft-beat-saber-entwickler\\\/#primaryimage\"},\"image\":{\"@id\":\"http:\\\/\\\/vr-room.ch\\\/en\\\/2019\\\/11\\\/29\\\/facebook-kauft-beat-saber-entwickler\\\/#primaryimage\"},\"thumbnailUrl\":\"https:\\\/\\\/vr-room.ch\\\/wp-content\\\/uploads\\\/2018\\\/05\\\/Beatsaber.jpg\",\"datePublished\":\"2019-11-29T12:16:39+00:00\",\"author\":{\"@id\":\"http:\\\/\\\/vr-room.ch\\\/en\\\/#\\\/schema\\\/person\\\/4022b4e1fba06681ac263b25c0f1e3d2\"},\"breadcrumb\":{\"@id\":\"http:\\\/\\\/vr-room.ch\\\/en\\\/2019\\\/11\\\/29\\\/facebook-kauft-beat-saber-entwickler\\\/#breadcrumb\"},\"inLanguage\":\"it-IT\",\"potentialAction\":[{\"@type\":\"ReadAction\",\"target\":[\"http:\\\/\\\/vr-room.ch\\\/en\\\/2019\\\/11\\\/29\\\/facebook-kauft-beat-saber-entwickler\\\/\"]}]},{\"@type\":\"ImageObject\",\"inLanguage\":\"it-IT\",\"@id\":\"http:\\\/\\\/vr-room.ch\\\/en\\\/2019\\\/11\\\/29\\\/facebook-kauft-beat-saber-entwickler\\\/#primaryimage\",\"url\":\"https:\\\/\\\/vr-room.ch\\\/wp-content\\\/uploads\\\/2018\\\/05\\\/Beatsaber.jpg\",\"contentUrl\":\"https:\\\/\\\/vr-room.ch\\\/wp-content\\\/uploads\\\/2018\\\/05\\\/Beatsaber.jpg\",\"width\":950,\"height\":574},{\"@type\":\"BreadcrumbList\",\"@id\":\"http:\\\/\\\/vr-room.ch\\\/en\\\/2019\\\/11\\\/29\\\/facebook-kauft-beat-saber-entwickler\\\/#breadcrumb\",\"itemListElement\":[{\"@type\":\"ListItem\",\"position\":1,\"name\":\"Startseite\",\"item\":\"http:\\\/\\\/vr-room.ch\\\/en\\\/\"},{\"@type\":\"ListItem\",\"position\":2,\"name\":\"Facebook kauft Beat Saber-Entwickler\"}]},{\"@type\":\"WebSite\",\"@id\":\"http:\\\/\\\/vr-room.ch\\\/en\\\/#website\",\"url\":\"http:\\\/\\\/vr-room.ch\\\/en\\\/\",\"name\":\"Schweizer Virtual Reality News\",\"description\":\"\",\"potentialAction\":[{\"@type\":\"SearchAction\",\"target\":{\"@type\":\"EntryPoint\",\"urlTemplate\":\"http:\\\/\\\/vr-room.ch\\\/en\\\/?s={search_term_string}\"},\"query-input\":{\"@type\":\"PropertyValueSpecification\",\"valueRequired\":true,\"valueName\":\"search_term_string\"}}],\"inLanguage\":\"it-IT\"},{\"@type\":\"Person\",\"@id\":\"http:\\\/\\\/vr-room.ch\\\/en\\\/#\\\/schema\\\/person\\\/4022b4e1fba06681ac263b25c0f1e3d2\",\"name\":\"Michael\",\"image\":{\"@type\":\"ImageObject\",\"inLanguage\":\"it-IT\",\"@id\":\"https:\\\/\\\/vr-room.ch\\\/wp-content\\\/uploads\\\/2019\\\/05\\\/avatar_user_11_1558711168-96x96.jpg\",\"url\":\"https:\\\/\\\/vr-room.ch\\\/wp-content\\\/uploads\\\/2019\\\/05\\\/avatar_user_11_1558711168-96x96.jpg\",\"contentUrl\":\"https:\\\/\\\/vr-room.ch\\\/wp-content\\\/uploads\\\/2019\\\/05\\\/avatar_user_11_1558711168-96x96.jpg\",\"caption\":\"Michael\"},\"url\":\"https:\\\/\\\/vr-room.ch\\\/it\\\/author\\\/michael\\\/\"}]}<\/script>\n<!-- \/ Yoast SEO plugin. -->","yoast_head_json":{"title":"Facebook kauft Beat Saber-Entwickler - Schweizer Virtual Reality News","robots":{"index":"index","follow":"follow","max-snippet":"max-snippet:-1","max-image-preview":"max-image-preview:large","max-video-preview":"max-video-preview:-1"},"canonical":"http:\/\/vr-room.ch\/it\/2019\/11\/29\/facebook-kauft-beat-saber-entwickler\/","og_locale":"it_IT","og_type":"article","og_title":"Facebook kauft Beat Saber-Entwickler - Schweizer Virtual Reality News","og_description":"Facebook und Oculus setzen ihre VR-Expansion fort. Der Konzern hat n\u00e4mlich Beat Games gekauft. Dabei handelt es sich&hellip;","og_url":"http:\/\/vr-room.ch\/it\/2019\/11\/29\/facebook-kauft-beat-saber-entwickler\/","og_site_name":"Schweizer Virtual Reality News","article_published_time":"2019-11-29T12:16:39+00:00","og_image":[{"width":950,"height":574,"url":"https:\/\/vr-room.ch\/wp-content\/uploads\/2018\/05\/Beatsaber.jpg","type":"image\/jpeg"}],"author":"Michael","twitter_card":"summary_large_image","twitter_misc":{"Scritto da":"Michael","Tempo di lettura stimato":"1 minuto"},"schema":{"@context":"https:\/\/schema.org","@graph":[{"@type":"Article","@id":"http:\/\/vr-room.ch\/en\/2019\/11\/29\/facebook-kauft-beat-saber-entwickler\/#article","isPartOf":{"@id":"http:\/\/vr-room.ch\/en\/2019\/11\/29\/facebook-kauft-beat-saber-entwickler\/"},"author":{"name":"Michael","@id":"http:\/\/vr-room.ch\/en\/#\/schema\/person\/4022b4e1fba06681ac263b25c0f1e3d2"},"headline":"Facebook kauft Beat Saber-Entwickler","datePublished":"2019-11-29T12:16:39+00:00","mainEntityOfPage":{"@id":"http:\/\/vr-room.ch\/en\/2019\/11\/29\/facebook-kauft-beat-saber-entwickler\/"},"wordCount":178,"commentCount":0,"image":{"@id":"http:\/\/vr-room.ch\/en\/2019\/11\/29\/facebook-kauft-beat-saber-entwickler\/#primaryimage"},"thumbnailUrl":"https:\/\/vr-room.ch\/wp-content\/uploads\/2018\/05\/Beatsaber.jpg","articleSection":["Industrie"],"inLanguage":"it-IT","potentialAction":[{"@type":"CommentAction","name":"Comment","target":["http:\/\/vr-room.ch\/en\/2019\/11\/29\/facebook-kauft-beat-saber-entwickler\/#respond"]}]},{"@type":"WebPage","@id":"http:\/\/vr-room.ch\/en\/2019\/11\/29\/facebook-kauft-beat-saber-entwickler\/","url":"http:\/\/vr-room.ch\/en\/2019\/11\/29\/facebook-kauft-beat-saber-entwickler\/","name":"Facebook kauft Beat Saber-Entwickler - Schweizer Virtual Reality News","isPartOf":{"@id":"http:\/\/vr-room.ch\/en\/#website"},"primaryImageOfPage":{"@id":"http:\/\/vr-room.ch\/en\/2019\/11\/29\/facebook-kauft-beat-saber-entwickler\/#primaryimage"},"image":{"@id":"http:\/\/vr-room.ch\/en\/2019\/11\/29\/facebook-kauft-beat-saber-entwickler\/#primaryimage"},"thumbnailUrl":"https:\/\/vr-room.ch\/wp-content\/uploads\/2018\/05\/Beatsaber.jpg","datePublished":"2019-11-29T12:16:39+00:00","author":{"@id":"http:\/\/vr-room.ch\/en\/#\/schema\/person\/4022b4e1fba06681ac263b25c0f1e3d2"},"breadcrumb":{"@id":"http:\/\/vr-room.ch\/en\/2019\/11\/29\/facebook-kauft-beat-saber-entwickler\/#breadcrumb"},"inLanguage":"it-IT","potentialAction":[{"@type":"ReadAction","target":["http:\/\/vr-room.ch\/en\/2019\/11\/29\/facebook-kauft-beat-saber-entwickler\/"]}]},{"@type":"ImageObject","inLanguage":"it-IT","@id":"http:\/\/vr-room.ch\/en\/2019\/11\/29\/facebook-kauft-beat-saber-entwickler\/#primaryimage","url":"https:\/\/vr-room.ch\/wp-content\/uploads\/2018\/05\/Beatsaber.jpg","contentUrl":"https:\/\/vr-room.ch\/wp-content\/uploads\/2018\/05\/Beatsaber.jpg","width":950,"height":574},{"@type":"BreadcrumbList","@id":"http:\/\/vr-room.ch\/en\/2019\/11\/29\/facebook-kauft-beat-saber-entwickler\/#breadcrumb","itemListElement":[{"@type":"ListItem","position":1,"name":"Startseite","item":"http:\/\/vr-room.ch\/en\/"},{"@type":"ListItem","position":2,"name":"Facebook kauft Beat Saber-Entwickler"}]},{"@type":"WebSite","@id":"http:\/\/vr-room.ch\/en\/#website","url":"http:\/\/vr-room.ch\/en\/","name":"Notizie sulla realt\u00e0 virtuale in Svizzera","description":"","potentialAction":[{"@type":"SearchAction","target":{"@type":"EntryPoint","urlTemplate":"http:\/\/vr-room.ch\/en\/?s={search_term_string}"},"query-input":{"@type":"PropertyValueSpecification","valueRequired":true,"valueName":"search_term_string"}}],"inLanguage":"it-IT"},{"@type":"Person","@id":"http:\/\/vr-room.ch\/en\/#\/schema\/person\/4022b4e1fba06681ac263b25c0f1e3d2","name":"Michele","image":{"@type":"ImageObject","inLanguage":"it-IT","@id":"https:\/\/vr-room.ch\/wp-content\/uploads\/2019\/05\/avatar_user_11_1558711168-96x96.jpg","url":"https:\/\/vr-room.ch\/wp-content\/uploads\/2019\/05\/avatar_user_11_1558711168-96x96.jpg","contentUrl":"https:\/\/vr-room.ch\/wp-content\/uploads\/2019\/05\/avatar_user_11_1558711168-96x96.jpg","caption":"Michael"},"url":"https:\/\/vr-room.ch\/it\/author\/michael\/"}]}},"_links":{"self":[{"href":"https:\/\/vr-room.ch\/it\/wp-json\/wp\/v2\/posts\/15894","targetHints":{"allow":["GET"]}}],"collection":[{"href":"https:\/\/vr-room.ch\/it\/wp-json\/wp\/v2\/posts"}],"about":[{"href":"https:\/\/vr-room.ch\/it\/wp-json\/wp\/v2\/types\/post"}],"author":[{"embeddable":true,"href":"https:\/\/vr-room.ch\/it\/wp-json\/wp\/v2\/users\/11"}],"replies":[{"embeddable":true,"href":"https:\/\/vr-room.ch\/it\/wp-json\/wp\/v2\/comments?post=15894"}],"version-history":[{"count":0,"href":"https:\/\/vr-room.ch\/it\/wp-json\/wp\/v2\/posts\/15894\/revisions"}],"wp:featuredmedia":[{"embeddable":true,"href":"https:\/\/vr-room.ch\/it\/wp-json\/wp\/v2\/media\/10345"}],"wp:attachment":[{"href":"https:\/\/vr-room.ch\/it\/wp-json\/wp\/v2\/media?parent=15894"}],"wp:term":[{"taxonomy":"category","embeddable":true,"href":"https:\/\/vr-room.ch\/it\/wp-json\/wp\/v2\/categories?post=15894"},{"taxonomy":"post_tag","embeddable":true,"href":"https:\/\/vr-room.ch\/it\/wp-json\/wp\/v2\/tags?post=15894"}],"curies":[{"name":"wp","href":"https:\/\/api.w.org\/{rel}","templated":true}]}}