{"id":15797,"date":"2019-11-18T12:57:55","date_gmt":"2019-11-18T12:57:55","guid":{"rendered":"https:\/\/vr-room.ch\/?p=15797"},"modified":"2019-11-18T12:57:55","modified_gmt":"2019-11-18T12:57:55","slug":"vader-immortal-episode-3-kurz-vor-release","status":"publish","type":"post","link":"https:\/\/vr-room.ch\/it\/2019\/11\/18\/vader-immortal-episode-3-kurz-vor-release\/","title":{"rendered":"Vader Immortale: Episodio 3 poco prima del rilascio"},"content":{"rendered":"<p>ILMxLAB wird am 21. November 2019 &#8222;Vader Immortal: A Star Wars VR Series &#8211; Episode 3 f\u00fcr Oculus Quest und Oculus Rift ver\u00f6ffentlicht. Das ist dann auch die finale Folge dieser kleinen VR-Reihe, bei der man es mit Darth Vader zu tun bekommt.<\/p>\n<p>&#8222;Dies war eine der besten Erfahrungen meiner Karriere, und viele in unserer Crew f\u00fchlen sich genauso. Vader Immortal hat gezeigt, dass es einen Appetit auf diese Art des Geschichtenerz\u00e4hlens in der virtuellen Realit\u00e4t gibt. Wir sind so gl\u00fccklich, dass die Menschen es so sehr genossen haben,&#8220; sagt der Director <a href=\"https:\/\/www.starwars.com\/news\/vader-immortal-episode-iii\">Ben Snow<\/a>.<\/p>\n<p>&#8222;Vader Immortal: Episode 3&#8220; beginnt damit, dass Vader das m\u00e4chtige Bright Star-Artefakt erobert und zu seiner Festung zur\u00fcckkehrt, um es zu aktivieren. In Zusammenarbeit mit dem Droiden-Gef\u00e4hrten ZO-E3 und den Bewohnern von Mustafar muss man versuchen, Vader aufzuhalten, bevor er das Leben auf dem Planeten zerst\u00f6rt. Man muss sich den Truppen des Imperiums stellen, um letztendlich Lord Vader zu einem Duell herauszufordern.<\/p>\n<p>Fonte: <a href=\"https:\/\/www.starwars.com\/news\/vader-immortal-episode-iii\">StarWars.com<\/a><\/p>","protected":false},"excerpt":{"rendered":"ILMxLAB wird am 21. November 2019 &#8222;Vader Immortal: A Star Wars VR Series &#8211; Episode 3 f\u00fcr Oculus&hellip;","protected":false},"author":11,"featured_media":15798,"comment_status":"open","ping_status":"open","sticky":false,"template":"","format":"standard","meta":{"footnotes":""},"categories":[2],"tags":[],"class_list":{"0":"post-15797","1":"post","2":"type-post","3":"status-publish","4":"format-standard","5":"has-post-thumbnail","7":"category-virtual-reality-games","8":"cs-entry","9":"cs-video-wrap"},"yoast_head":"<!-- This site is optimized with the Yoast SEO plugin v27.4 - https:\/\/yoast.com\/product\/yoast-seo-wordpress\/ -->\n<title>Vader Immortal: Episode 3 kurz vor dem Release - Schweizer Virtual Reality News<\/title>\n<meta name=\"robots\" content=\"index, follow, max-snippet:-1, max-image-preview:large, max-video-preview:-1\" \/>\n<link rel=\"canonical\" href=\"https:\/\/vr-room.ch\/it\/2019\/11\/18\/vader-immortal-episode-3-kurz-vor-release\/\" \/>\n<meta property=\"og:locale\" content=\"it_IT\" \/>\n<meta property=\"og:type\" content=\"article\" \/>\n<meta property=\"og:title\" content=\"Vader Immortal: Episode 3 kurz vor dem Release - Schweizer Virtual Reality News\" \/>\n<meta property=\"og:description\" content=\"ILMxLAB wird am 21. November 2019 &#8222;Vader Immortal: A Star Wars VR Series &#8211; Episode 3 f\u00fcr Oculus&hellip;\" \/>\n<meta property=\"og:url\" content=\"https:\/\/vr-room.ch\/it\/2019\/11\/18\/vader-immortal-episode-3-kurz-vor-release\/\" \/>\n<meta property=\"og:site_name\" content=\"Schweizer Virtual Reality News\" \/>\n<meta property=\"article:published_time\" content=\"2019-11-18T12:57:55+00:00\" \/>\n<meta property=\"og:image\" content=\"https:\/\/vr-room.ch\/wp-content\/uploads\/2019\/11\/Vader_Immortal_3.png\" \/>\n\t<meta property=\"og:image:width\" content=\"1277\" \/>\n\t<meta property=\"og:image:height\" content=\"758\" \/>\n\t<meta property=\"og:image:type\" content=\"image\/png\" \/>\n<meta name=\"author\" content=\"Michael\" \/>\n<meta name=\"twitter:card\" content=\"summary_large_image\" \/>\n<meta name=\"twitter:label1\" content=\"Scritto da\" \/>\n\t<meta name=\"twitter:data1\" content=\"Michael\" \/>\n\t<meta name=\"twitter:label2\" content=\"Tempo di lettura stimato\" \/>\n\t<meta name=\"twitter:data2\" content=\"1 minuto\" \/>\n<script type=\"application\/ld+json\" class=\"yoast-schema-graph\">{\"@context\":\"https:\\\/\\\/schema.org\",\"@graph\":[{\"@type\":\"Article\",\"@id\":\"https:\\\/\\\/vr-room.ch\\\/fr\\\/2019\\\/11\\\/18\\\/vader-immortal-episode-3-kurz-vor-release\\\/#article\",\"isPartOf\":{\"@id\":\"https:\\\/\\\/vr-room.ch\\\/fr\\\/2019\\\/11\\\/18\\\/vader-immortal-episode-3-kurz-vor-release\\\/\"},\"author\":{\"name\":\"Michael\",\"@id\":\"http:\\\/\\\/vr-room.ch\\\/en\\\/#\\\/schema\\\/person\\\/4022b4e1fba06681ac263b25c0f1e3d2\"},\"headline\":\"Vader Immortal: Episode 3 kurz vor dem Release\",\"datePublished\":\"2019-11-18T12:57:55+00:00\",\"mainEntityOfPage\":{\"@id\":\"https:\\\/\\\/vr-room.ch\\\/fr\\\/2019\\\/11\\\/18\\\/vader-immortal-episode-3-kurz-vor-release\\\/\"},\"wordCount\":172,\"commentCount\":0,\"image\":{\"@id\":\"https:\\\/\\\/vr-room.ch\\\/fr\\\/2019\\\/11\\\/18\\\/vader-immortal-episode-3-kurz-vor-release\\\/#primaryimage\"},\"thumbnailUrl\":\"https:\\\/\\\/vr-room.ch\\\/wp-content\\\/uploads\\\/2019\\\/11\\\/Vader_Immortal_3.png\",\"articleSection\":[\"Games\"],\"inLanguage\":\"it-IT\",\"potentialAction\":[{\"@type\":\"CommentAction\",\"name\":\"Comment\",\"target\":[\"https:\\\/\\\/vr-room.ch\\\/fr\\\/2019\\\/11\\\/18\\\/vader-immortal-episode-3-kurz-vor-release\\\/#respond\"]}]},{\"@type\":\"WebPage\",\"@id\":\"https:\\\/\\\/vr-room.ch\\\/fr\\\/2019\\\/11\\\/18\\\/vader-immortal-episode-3-kurz-vor-release\\\/\",\"url\":\"https:\\\/\\\/vr-room.ch\\\/fr\\\/2019\\\/11\\\/18\\\/vader-immortal-episode-3-kurz-vor-release\\\/\",\"name\":\"Vader Immortal: Episode 3 kurz vor dem Release - Schweizer Virtual Reality News\",\"isPartOf\":{\"@id\":\"http:\\\/\\\/vr-room.ch\\\/en\\\/#website\"},\"primaryImageOfPage\":{\"@id\":\"https:\\\/\\\/vr-room.ch\\\/fr\\\/2019\\\/11\\\/18\\\/vader-immortal-episode-3-kurz-vor-release\\\/#primaryimage\"},\"image\":{\"@id\":\"https:\\\/\\\/vr-room.ch\\\/fr\\\/2019\\\/11\\\/18\\\/vader-immortal-episode-3-kurz-vor-release\\\/#primaryimage\"},\"thumbnailUrl\":\"https:\\\/\\\/vr-room.ch\\\/wp-content\\\/uploads\\\/2019\\\/11\\\/Vader_Immortal_3.png\",\"datePublished\":\"2019-11-18T12:57:55+00:00\",\"author\":{\"@id\":\"http:\\\/\\\/vr-room.ch\\\/en\\\/#\\\/schema\\\/person\\\/4022b4e1fba06681ac263b25c0f1e3d2\"},\"breadcrumb\":{\"@id\":\"https:\\\/\\\/vr-room.ch\\\/fr\\\/2019\\\/11\\\/18\\\/vader-immortal-episode-3-kurz-vor-release\\\/#breadcrumb\"},\"inLanguage\":\"it-IT\",\"potentialAction\":[{\"@type\":\"ReadAction\",\"target\":[\"https:\\\/\\\/vr-room.ch\\\/fr\\\/2019\\\/11\\\/18\\\/vader-immortal-episode-3-kurz-vor-release\\\/\"]}]},{\"@type\":\"ImageObject\",\"inLanguage\":\"it-IT\",\"@id\":\"https:\\\/\\\/vr-room.ch\\\/fr\\\/2019\\\/11\\\/18\\\/vader-immortal-episode-3-kurz-vor-release\\\/#primaryimage\",\"url\":\"https:\\\/\\\/vr-room.ch\\\/wp-content\\\/uploads\\\/2019\\\/11\\\/Vader_Immortal_3.png\",\"contentUrl\":\"https:\\\/\\\/vr-room.ch\\\/wp-content\\\/uploads\\\/2019\\\/11\\\/Vader_Immortal_3.png\",\"width\":1277,\"height\":758},{\"@type\":\"BreadcrumbList\",\"@id\":\"https:\\\/\\\/vr-room.ch\\\/fr\\\/2019\\\/11\\\/18\\\/vader-immortal-episode-3-kurz-vor-release\\\/#breadcrumb\",\"itemListElement\":[{\"@type\":\"ListItem\",\"position\":1,\"name\":\"Startseite\",\"item\":\"http:\\\/\\\/vr-room.ch\\\/en\\\/\"},{\"@type\":\"ListItem\",\"position\":2,\"name\":\"Vader Immortal: Episode 3 kurz vor dem Release\"}]},{\"@type\":\"WebSite\",\"@id\":\"http:\\\/\\\/vr-room.ch\\\/en\\\/#website\",\"url\":\"http:\\\/\\\/vr-room.ch\\\/en\\\/\",\"name\":\"Schweizer Virtual Reality News\",\"description\":\"\",\"potentialAction\":[{\"@type\":\"SearchAction\",\"target\":{\"@type\":\"EntryPoint\",\"urlTemplate\":\"http:\\\/\\\/vr-room.ch\\\/en\\\/?s={search_term_string}\"},\"query-input\":{\"@type\":\"PropertyValueSpecification\",\"valueRequired\":true,\"valueName\":\"search_term_string\"}}],\"inLanguage\":\"it-IT\"},{\"@type\":\"Person\",\"@id\":\"http:\\\/\\\/vr-room.ch\\\/en\\\/#\\\/schema\\\/person\\\/4022b4e1fba06681ac263b25c0f1e3d2\",\"name\":\"Michael\",\"image\":{\"@type\":\"ImageObject\",\"inLanguage\":\"it-IT\",\"@id\":\"https:\\\/\\\/vr-room.ch\\\/wp-content\\\/uploads\\\/2019\\\/05\\\/avatar_user_11_1558711168-96x96.jpg\",\"url\":\"https:\\\/\\\/vr-room.ch\\\/wp-content\\\/uploads\\\/2019\\\/05\\\/avatar_user_11_1558711168-96x96.jpg\",\"contentUrl\":\"https:\\\/\\\/vr-room.ch\\\/wp-content\\\/uploads\\\/2019\\\/05\\\/avatar_user_11_1558711168-96x96.jpg\",\"caption\":\"Michael\"},\"url\":\"https:\\\/\\\/vr-room.ch\\\/it\\\/author\\\/michael\\\/\"}]}<\/script>\n<!-- \/ Yoast SEO plugin. -->","yoast_head_json":{"title":"Vader Immortal: Episode 3 kurz vor dem Release - Schweizer Virtual Reality News","robots":{"index":"index","follow":"follow","max-snippet":"max-snippet:-1","max-image-preview":"max-image-preview:large","max-video-preview":"max-video-preview:-1"},"canonical":"https:\/\/vr-room.ch\/it\/2019\/11\/18\/vader-immortal-episode-3-kurz-vor-release\/","og_locale":"it_IT","og_type":"article","og_title":"Vader Immortal: Episode 3 kurz vor dem Release - Schweizer Virtual Reality News","og_description":"ILMxLAB wird am 21. November 2019 &#8222;Vader Immortal: A Star Wars VR Series &#8211; Episode 3 f\u00fcr Oculus&hellip;","og_url":"https:\/\/vr-room.ch\/it\/2019\/11\/18\/vader-immortal-episode-3-kurz-vor-release\/","og_site_name":"Schweizer Virtual Reality News","article_published_time":"2019-11-18T12:57:55+00:00","og_image":[{"width":1277,"height":758,"url":"https:\/\/vr-room.ch\/wp-content\/uploads\/2019\/11\/Vader_Immortal_3.png","type":"image\/png"}],"author":"Michael","twitter_card":"summary_large_image","twitter_misc":{"Scritto da":"Michael","Tempo di lettura stimato":"1 minuto"},"schema":{"@context":"https:\/\/schema.org","@graph":[{"@type":"Article","@id":"https:\/\/vr-room.ch\/fr\/2019\/11\/18\/vader-immortal-episode-3-kurz-vor-release\/#article","isPartOf":{"@id":"https:\/\/vr-room.ch\/fr\/2019\/11\/18\/vader-immortal-episode-3-kurz-vor-release\/"},"author":{"name":"Michael","@id":"http:\/\/vr-room.ch\/en\/#\/schema\/person\/4022b4e1fba06681ac263b25c0f1e3d2"},"headline":"Vader Immortal: Episode 3 kurz vor dem Release","datePublished":"2019-11-18T12:57:55+00:00","mainEntityOfPage":{"@id":"https:\/\/vr-room.ch\/fr\/2019\/11\/18\/vader-immortal-episode-3-kurz-vor-release\/"},"wordCount":172,"commentCount":0,"image":{"@id":"https:\/\/vr-room.ch\/fr\/2019\/11\/18\/vader-immortal-episode-3-kurz-vor-release\/#primaryimage"},"thumbnailUrl":"https:\/\/vr-room.ch\/wp-content\/uploads\/2019\/11\/Vader_Immortal_3.png","articleSection":["Games"],"inLanguage":"it-IT","potentialAction":[{"@type":"CommentAction","name":"Comment","target":["https:\/\/vr-room.ch\/fr\/2019\/11\/18\/vader-immortal-episode-3-kurz-vor-release\/#respond"]}]},{"@type":"WebPage","@id":"https:\/\/vr-room.ch\/fr\/2019\/11\/18\/vader-immortal-episode-3-kurz-vor-release\/","url":"https:\/\/vr-room.ch\/fr\/2019\/11\/18\/vader-immortal-episode-3-kurz-vor-release\/","name":"Vader Immortal: Episode 3 kurz vor dem Release - Schweizer Virtual Reality News","isPartOf":{"@id":"http:\/\/vr-room.ch\/en\/#website"},"primaryImageOfPage":{"@id":"https:\/\/vr-room.ch\/fr\/2019\/11\/18\/vader-immortal-episode-3-kurz-vor-release\/#primaryimage"},"image":{"@id":"https:\/\/vr-room.ch\/fr\/2019\/11\/18\/vader-immortal-episode-3-kurz-vor-release\/#primaryimage"},"thumbnailUrl":"https:\/\/vr-room.ch\/wp-content\/uploads\/2019\/11\/Vader_Immortal_3.png","datePublished":"2019-11-18T12:57:55+00:00","author":{"@id":"http:\/\/vr-room.ch\/en\/#\/schema\/person\/4022b4e1fba06681ac263b25c0f1e3d2"},"breadcrumb":{"@id":"https:\/\/vr-room.ch\/fr\/2019\/11\/18\/vader-immortal-episode-3-kurz-vor-release\/#breadcrumb"},"inLanguage":"it-IT","potentialAction":[{"@type":"ReadAction","target":["https:\/\/vr-room.ch\/fr\/2019\/11\/18\/vader-immortal-episode-3-kurz-vor-release\/"]}]},{"@type":"ImageObject","inLanguage":"it-IT","@id":"https:\/\/vr-room.ch\/fr\/2019\/11\/18\/vader-immortal-episode-3-kurz-vor-release\/#primaryimage","url":"https:\/\/vr-room.ch\/wp-content\/uploads\/2019\/11\/Vader_Immortal_3.png","contentUrl":"https:\/\/vr-room.ch\/wp-content\/uploads\/2019\/11\/Vader_Immortal_3.png","width":1277,"height":758},{"@type":"BreadcrumbList","@id":"https:\/\/vr-room.ch\/fr\/2019\/11\/18\/vader-immortal-episode-3-kurz-vor-release\/#breadcrumb","itemListElement":[{"@type":"ListItem","position":1,"name":"Startseite","item":"http:\/\/vr-room.ch\/en\/"},{"@type":"ListItem","position":2,"name":"Vader Immortal: Episode 3 kurz vor dem Release"}]},{"@type":"WebSite","@id":"http:\/\/vr-room.ch\/en\/#website","url":"http:\/\/vr-room.ch\/en\/","name":"Notizie sulla realt\u00e0 virtuale in Svizzera","description":"","potentialAction":[{"@type":"SearchAction","target":{"@type":"EntryPoint","urlTemplate":"http:\/\/vr-room.ch\/en\/?s={search_term_string}"},"query-input":{"@type":"PropertyValueSpecification","valueRequired":true,"valueName":"search_term_string"}}],"inLanguage":"it-IT"},{"@type":"Person","@id":"http:\/\/vr-room.ch\/en\/#\/schema\/person\/4022b4e1fba06681ac263b25c0f1e3d2","name":"Michele","image":{"@type":"ImageObject","inLanguage":"it-IT","@id":"https:\/\/vr-room.ch\/wp-content\/uploads\/2019\/05\/avatar_user_11_1558711168-96x96.jpg","url":"https:\/\/vr-room.ch\/wp-content\/uploads\/2019\/05\/avatar_user_11_1558711168-96x96.jpg","contentUrl":"https:\/\/vr-room.ch\/wp-content\/uploads\/2019\/05\/avatar_user_11_1558711168-96x96.jpg","caption":"Michael"},"url":"https:\/\/vr-room.ch\/it\/author\/michael\/"}]}},"_links":{"self":[{"href":"https:\/\/vr-room.ch\/it\/wp-json\/wp\/v2\/posts\/15797","targetHints":{"allow":["GET"]}}],"collection":[{"href":"https:\/\/vr-room.ch\/it\/wp-json\/wp\/v2\/posts"}],"about":[{"href":"https:\/\/vr-room.ch\/it\/wp-json\/wp\/v2\/types\/post"}],"author":[{"embeddable":true,"href":"https:\/\/vr-room.ch\/it\/wp-json\/wp\/v2\/users\/11"}],"replies":[{"embeddable":true,"href":"https:\/\/vr-room.ch\/it\/wp-json\/wp\/v2\/comments?post=15797"}],"version-history":[{"count":0,"href":"https:\/\/vr-room.ch\/it\/wp-json\/wp\/v2\/posts\/15797\/revisions"}],"wp:featuredmedia":[{"embeddable":true,"href":"https:\/\/vr-room.ch\/it\/wp-json\/wp\/v2\/media\/15798"}],"wp:attachment":[{"href":"https:\/\/vr-room.ch\/it\/wp-json\/wp\/v2\/media?parent=15797"}],"wp:term":[{"taxonomy":"category","embeddable":true,"href":"https:\/\/vr-room.ch\/it\/wp-json\/wp\/v2\/categories?post=15797"},{"taxonomy":"post_tag","embeddable":true,"href":"https:\/\/vr-room.ch\/it\/wp-json\/wp\/v2\/tags?post=15797"}],"curies":[{"name":"wp","href":"https:\/\/api.w.org\/{rel}","templated":true}]}}