{"id":15269,"date":"2019-09-27T07:33:41","date_gmt":"2019-09-27T07:33:41","guid":{"rendered":"https:\/\/vr-room.ch\/?p=15269"},"modified":"2019-09-27T07:33:41","modified_gmt":"2019-09-27T07:33:41","slug":"vader-immortal-episode-2-erschienen","status":"publish","type":"post","link":"https:\/\/vr-room.ch\/it\/2019\/09\/27\/vader-immortal-episode-2-erschienen\/","title":{"rendered":"Vader Immortale: rilasciato l'episodio 2"},"content":{"rendered":"<p>Im Rahmen der Oculus Connect 6 wurde verk\u00fcndet, dass &#8222;Vader Immortal: A Star Wars VR Series &#8211; Episode 2&#8220; ab sofort f\u00fcr <a href=\"https:\/\/www.oculus.com\/experiences\/rift\/2734683026604050\/\">Oculus Rift<\/a> e <a href=\"https:\/\/www.oculus.com\/experiences\/quest\/2223615721048141\/\">Oculus Quest<\/a> \u00e8 disponibile. Il <a href=\"https:\/\/vr-room.ch\/it\/2018\/09\/29\/vader-immortal-a-star-wars-vr-series-oculus-quest\/\">primo episodio<\/a> \u00e8 gi\u00e0 stato ben accolto.<\/p>\n<p>Nell'Episodio I avete esplorato il mondo vulcanico di Mustafar. Hai anche trovato la tua spada laser e sei venuto a conoscenza dei piani segreti di Vader. Alla fine, siete persino diventati discepoli di Darth Vader. All'inizio dell'Episodio II, il Signore Oscuro vi mostra come usare la Forza. Si tratta di manipolare oggetti e migliorare le tecniche della spada laser. Lo si pu\u00f2 vedere chiaramente nel trailer.<\/p>\n<p>Die offizielle Beschreibung: &#8222;Die Spieler brauchen jede erdenkliche Hilfe, wenn sie in die alte Festung unter Vaders Festung hinabsteigen und neuen Feinden wie dem schrecklichen Darkghast sowie m\u00e4chtigen Artefakten wie dem mysteri\u00f6sen Protos\u00e4bel begegnen. Auf dem Weg dorthin werden die Fans komplizierte R\u00e4tsel l\u00f6sen und noch mehr von Mustafars ungekl\u00e4rter Geschichte entdecken.&#8220;<\/p>\n<div style=\"width: 640px;\" class=\"wp-video\"><video class=\"wp-video-shortcode\" id=\"video-15269-1\" width=\"640\" height=\"360\" loop preload=\"metadata\" controls=\"controls\"><source type=\"video\/youtube\" src=\"https:\/\/www.youtube.com\/watch?v=_qCQLs1QpXI&#038;_=1\" \/><a href=\"https:\/\/www.youtube.com\/watch?v=_qCQLs1QpXI\">https:\/\/www.youtube.com\/watch?v=_qCQLs1QpXI<\/a><\/video><\/div>\n<p>Fonte: <a href=\"https:\/\/www.oculus.com\/blog\/learn-the-ways-of-the-force-in-vader-immortal-a-star-wars-vr-series-episode-ii-available-today-on-oculus-quest-and-the-rift-platform\/\">Pagina ufficiale<\/a><\/p>","protected":false},"excerpt":{"rendered":"Im Rahmen der Oculus Connect 6 wurde verk\u00fcndet, dass &#8222;Vader Immortal: A Star Wars VR Series &#8211; Episode&hellip;","protected":false},"author":11,"featured_media":15270,"comment_status":"open","ping_status":"open","sticky":false,"template":"","format":"standard","meta":{"footnotes":""},"categories":[2],"tags":[],"class_list":{"0":"post-15269","1":"post","2":"type-post","3":"status-publish","4":"format-standard","5":"has-post-thumbnail","7":"category-virtual-reality-games","8":"cs-entry","9":"cs-video-wrap"},"yoast_head":"<!-- This site is optimized with the Yoast SEO plugin v27.4 - https:\/\/yoast.com\/product\/yoast-seo-wordpress\/ -->\n<title>Vader Immortal: Episode 2 erschienen - Schweizer Virtual Reality News<\/title>\n<meta name=\"robots\" content=\"index, follow, max-snippet:-1, max-image-preview:large, max-video-preview:-1\" \/>\n<link rel=\"canonical\" href=\"https:\/\/vr-room.ch\/it\/2019\/09\/27\/vader-immortal-episode-2-erschienen\/\" \/>\n<meta property=\"og:locale\" content=\"it_IT\" \/>\n<meta property=\"og:type\" content=\"article\" \/>\n<meta property=\"og:title\" content=\"Vader Immortal: Episode 2 erschienen - Schweizer Virtual Reality News\" \/>\n<meta property=\"og:description\" content=\"Im Rahmen der Oculus Connect 6 wurde verk\u00fcndet, dass &#8222;Vader Immortal: A Star Wars VR Series &#8211; Episode&hellip;\" \/>\n<meta property=\"og:url\" content=\"https:\/\/vr-room.ch\/it\/2019\/09\/27\/vader-immortal-episode-2-erschienen\/\" \/>\n<meta property=\"og:site_name\" content=\"Schweizer Virtual Reality News\" \/>\n<meta property=\"article:published_time\" content=\"2019-09-27T07:33:41+00:00\" \/>\n<meta property=\"og:image\" content=\"https:\/\/vr-room.ch\/wp-content\/uploads\/2019\/09\/Vader.png\" \/>\n\t<meta property=\"og:image:width\" content=\"780\" \/>\n\t<meta property=\"og:image:height\" content=\"439\" \/>\n\t<meta property=\"og:image:type\" content=\"image\/png\" \/>\n<meta name=\"author\" content=\"Michael\" \/>\n<meta name=\"twitter:card\" content=\"summary_large_image\" \/>\n<meta name=\"twitter:label1\" content=\"Scritto da\" \/>\n\t<meta name=\"twitter:data1\" content=\"Michael\" \/>\n\t<meta name=\"twitter:label2\" content=\"Tempo di lettura stimato\" \/>\n\t<meta name=\"twitter:data2\" content=\"1 minuto\" \/>\n<script type=\"application\/ld+json\" class=\"yoast-schema-graph\">{\"@context\":\"https:\\\/\\\/schema.org\",\"@graph\":[{\"@type\":\"Article\",\"@id\":\"https:\\\/\\\/vr-room.ch\\\/fr\\\/2019\\\/09\\\/27\\\/vader-immortal-episode-2-erschienen\\\/#article\",\"isPartOf\":{\"@id\":\"https:\\\/\\\/vr-room.ch\\\/fr\\\/2019\\\/09\\\/27\\\/vader-immortal-episode-2-erschienen\\\/\"},\"author\":{\"name\":\"Michael\",\"@id\":\"http:\\\/\\\/vr-room.ch\\\/en\\\/#\\\/schema\\\/person\\\/4022b4e1fba06681ac263b25c0f1e3d2\"},\"headline\":\"Vader Immortal: Episode 2 erschienen\",\"datePublished\":\"2019-09-27T07:33:41+00:00\",\"mainEntityOfPage\":{\"@id\":\"https:\\\/\\\/vr-room.ch\\\/fr\\\/2019\\\/09\\\/27\\\/vader-immortal-episode-2-erschienen\\\/\"},\"wordCount\":182,\"commentCount\":0,\"image\":{\"@id\":\"https:\\\/\\\/vr-room.ch\\\/fr\\\/2019\\\/09\\\/27\\\/vader-immortal-episode-2-erschienen\\\/#primaryimage\"},\"thumbnailUrl\":\"https:\\\/\\\/vr-room.ch\\\/wp-content\\\/uploads\\\/2019\\\/09\\\/Vader.png\",\"articleSection\":[\"Games\"],\"inLanguage\":\"it-IT\",\"potentialAction\":[{\"@type\":\"CommentAction\",\"name\":\"Comment\",\"target\":[\"https:\\\/\\\/vr-room.ch\\\/fr\\\/2019\\\/09\\\/27\\\/vader-immortal-episode-2-erschienen\\\/#respond\"]}]},{\"@type\":\"WebPage\",\"@id\":\"https:\\\/\\\/vr-room.ch\\\/fr\\\/2019\\\/09\\\/27\\\/vader-immortal-episode-2-erschienen\\\/\",\"url\":\"https:\\\/\\\/vr-room.ch\\\/fr\\\/2019\\\/09\\\/27\\\/vader-immortal-episode-2-erschienen\\\/\",\"name\":\"Vader Immortal: Episode 2 erschienen - Schweizer Virtual Reality News\",\"isPartOf\":{\"@id\":\"http:\\\/\\\/vr-room.ch\\\/en\\\/#website\"},\"primaryImageOfPage\":{\"@id\":\"https:\\\/\\\/vr-room.ch\\\/fr\\\/2019\\\/09\\\/27\\\/vader-immortal-episode-2-erschienen\\\/#primaryimage\"},\"image\":{\"@id\":\"https:\\\/\\\/vr-room.ch\\\/fr\\\/2019\\\/09\\\/27\\\/vader-immortal-episode-2-erschienen\\\/#primaryimage\"},\"thumbnailUrl\":\"https:\\\/\\\/vr-room.ch\\\/wp-content\\\/uploads\\\/2019\\\/09\\\/Vader.png\",\"datePublished\":\"2019-09-27T07:33:41+00:00\",\"author\":{\"@id\":\"http:\\\/\\\/vr-room.ch\\\/en\\\/#\\\/schema\\\/person\\\/4022b4e1fba06681ac263b25c0f1e3d2\"},\"breadcrumb\":{\"@id\":\"https:\\\/\\\/vr-room.ch\\\/fr\\\/2019\\\/09\\\/27\\\/vader-immortal-episode-2-erschienen\\\/#breadcrumb\"},\"inLanguage\":\"it-IT\",\"potentialAction\":[{\"@type\":\"ReadAction\",\"target\":[\"https:\\\/\\\/vr-room.ch\\\/fr\\\/2019\\\/09\\\/27\\\/vader-immortal-episode-2-erschienen\\\/\"]}]},{\"@type\":\"ImageObject\",\"inLanguage\":\"it-IT\",\"@id\":\"https:\\\/\\\/vr-room.ch\\\/fr\\\/2019\\\/09\\\/27\\\/vader-immortal-episode-2-erschienen\\\/#primaryimage\",\"url\":\"https:\\\/\\\/vr-room.ch\\\/wp-content\\\/uploads\\\/2019\\\/09\\\/Vader.png\",\"contentUrl\":\"https:\\\/\\\/vr-room.ch\\\/wp-content\\\/uploads\\\/2019\\\/09\\\/Vader.png\",\"width\":780,\"height\":439},{\"@type\":\"BreadcrumbList\",\"@id\":\"https:\\\/\\\/vr-room.ch\\\/fr\\\/2019\\\/09\\\/27\\\/vader-immortal-episode-2-erschienen\\\/#breadcrumb\",\"itemListElement\":[{\"@type\":\"ListItem\",\"position\":1,\"name\":\"Startseite\",\"item\":\"http:\\\/\\\/vr-room.ch\\\/en\\\/\"},{\"@type\":\"ListItem\",\"position\":2,\"name\":\"Vader Immortal: Episode 2 erschienen\"}]},{\"@type\":\"WebSite\",\"@id\":\"http:\\\/\\\/vr-room.ch\\\/en\\\/#website\",\"url\":\"http:\\\/\\\/vr-room.ch\\\/en\\\/\",\"name\":\"Schweizer Virtual Reality News\",\"description\":\"\",\"potentialAction\":[{\"@type\":\"SearchAction\",\"target\":{\"@type\":\"EntryPoint\",\"urlTemplate\":\"http:\\\/\\\/vr-room.ch\\\/en\\\/?s={search_term_string}\"},\"query-input\":{\"@type\":\"PropertyValueSpecification\",\"valueRequired\":true,\"valueName\":\"search_term_string\"}}],\"inLanguage\":\"it-IT\"},{\"@type\":\"Person\",\"@id\":\"http:\\\/\\\/vr-room.ch\\\/en\\\/#\\\/schema\\\/person\\\/4022b4e1fba06681ac263b25c0f1e3d2\",\"name\":\"Michael\",\"image\":{\"@type\":\"ImageObject\",\"inLanguage\":\"it-IT\",\"@id\":\"https:\\\/\\\/vr-room.ch\\\/wp-content\\\/uploads\\\/2019\\\/05\\\/avatar_user_11_1558711168-96x96.jpg\",\"url\":\"https:\\\/\\\/vr-room.ch\\\/wp-content\\\/uploads\\\/2019\\\/05\\\/avatar_user_11_1558711168-96x96.jpg\",\"contentUrl\":\"https:\\\/\\\/vr-room.ch\\\/wp-content\\\/uploads\\\/2019\\\/05\\\/avatar_user_11_1558711168-96x96.jpg\",\"caption\":\"Michael\"},\"url\":\"https:\\\/\\\/vr-room.ch\\\/it\\\/author\\\/michael\\\/\"}]}<\/script>\n<!-- \/ Yoast SEO plugin. -->","yoast_head_json":{"title":"Vader Immortal: Episode 2 erschienen - Schweizer Virtual Reality News","robots":{"index":"index","follow":"follow","max-snippet":"max-snippet:-1","max-image-preview":"max-image-preview:large","max-video-preview":"max-video-preview:-1"},"canonical":"https:\/\/vr-room.ch\/it\/2019\/09\/27\/vader-immortal-episode-2-erschienen\/","og_locale":"it_IT","og_type":"article","og_title":"Vader Immortal: Episode 2 erschienen - Schweizer Virtual Reality News","og_description":"Im Rahmen der Oculus Connect 6 wurde verk\u00fcndet, dass &#8222;Vader Immortal: A Star Wars VR Series &#8211; Episode&hellip;","og_url":"https:\/\/vr-room.ch\/it\/2019\/09\/27\/vader-immortal-episode-2-erschienen\/","og_site_name":"Schweizer Virtual Reality News","article_published_time":"2019-09-27T07:33:41+00:00","og_image":[{"width":780,"height":439,"url":"https:\/\/vr-room.ch\/wp-content\/uploads\/2019\/09\/Vader.png","type":"image\/png"}],"author":"Michael","twitter_card":"summary_large_image","twitter_misc":{"Scritto da":"Michael","Tempo di lettura stimato":"1 minuto"},"schema":{"@context":"https:\/\/schema.org","@graph":[{"@type":"Article","@id":"https:\/\/vr-room.ch\/fr\/2019\/09\/27\/vader-immortal-episode-2-erschienen\/#article","isPartOf":{"@id":"https:\/\/vr-room.ch\/fr\/2019\/09\/27\/vader-immortal-episode-2-erschienen\/"},"author":{"name":"Michael","@id":"http:\/\/vr-room.ch\/en\/#\/schema\/person\/4022b4e1fba06681ac263b25c0f1e3d2"},"headline":"Vader Immortal: Episode 2 erschienen","datePublished":"2019-09-27T07:33:41+00:00","mainEntityOfPage":{"@id":"https:\/\/vr-room.ch\/fr\/2019\/09\/27\/vader-immortal-episode-2-erschienen\/"},"wordCount":182,"commentCount":0,"image":{"@id":"https:\/\/vr-room.ch\/fr\/2019\/09\/27\/vader-immortal-episode-2-erschienen\/#primaryimage"},"thumbnailUrl":"https:\/\/vr-room.ch\/wp-content\/uploads\/2019\/09\/Vader.png","articleSection":["Games"],"inLanguage":"it-IT","potentialAction":[{"@type":"CommentAction","name":"Comment","target":["https:\/\/vr-room.ch\/fr\/2019\/09\/27\/vader-immortal-episode-2-erschienen\/#respond"]}]},{"@type":"WebPage","@id":"https:\/\/vr-room.ch\/fr\/2019\/09\/27\/vader-immortal-episode-2-erschienen\/","url":"https:\/\/vr-room.ch\/fr\/2019\/09\/27\/vader-immortal-episode-2-erschienen\/","name":"Vader Immortal: Episode 2 erschienen - Schweizer Virtual Reality News","isPartOf":{"@id":"http:\/\/vr-room.ch\/en\/#website"},"primaryImageOfPage":{"@id":"https:\/\/vr-room.ch\/fr\/2019\/09\/27\/vader-immortal-episode-2-erschienen\/#primaryimage"},"image":{"@id":"https:\/\/vr-room.ch\/fr\/2019\/09\/27\/vader-immortal-episode-2-erschienen\/#primaryimage"},"thumbnailUrl":"https:\/\/vr-room.ch\/wp-content\/uploads\/2019\/09\/Vader.png","datePublished":"2019-09-27T07:33:41+00:00","author":{"@id":"http:\/\/vr-room.ch\/en\/#\/schema\/person\/4022b4e1fba06681ac263b25c0f1e3d2"},"breadcrumb":{"@id":"https:\/\/vr-room.ch\/fr\/2019\/09\/27\/vader-immortal-episode-2-erschienen\/#breadcrumb"},"inLanguage":"it-IT","potentialAction":[{"@type":"ReadAction","target":["https:\/\/vr-room.ch\/fr\/2019\/09\/27\/vader-immortal-episode-2-erschienen\/"]}]},{"@type":"ImageObject","inLanguage":"it-IT","@id":"https:\/\/vr-room.ch\/fr\/2019\/09\/27\/vader-immortal-episode-2-erschienen\/#primaryimage","url":"https:\/\/vr-room.ch\/wp-content\/uploads\/2019\/09\/Vader.png","contentUrl":"https:\/\/vr-room.ch\/wp-content\/uploads\/2019\/09\/Vader.png","width":780,"height":439},{"@type":"BreadcrumbList","@id":"https:\/\/vr-room.ch\/fr\/2019\/09\/27\/vader-immortal-episode-2-erschienen\/#breadcrumb","itemListElement":[{"@type":"ListItem","position":1,"name":"Startseite","item":"http:\/\/vr-room.ch\/en\/"},{"@type":"ListItem","position":2,"name":"Vader Immortal: Episode 2 erschienen"}]},{"@type":"WebSite","@id":"http:\/\/vr-room.ch\/en\/#website","url":"http:\/\/vr-room.ch\/en\/","name":"Notizie sulla realt\u00e0 virtuale in Svizzera","description":"","potentialAction":[{"@type":"SearchAction","target":{"@type":"EntryPoint","urlTemplate":"http:\/\/vr-room.ch\/en\/?s={search_term_string}"},"query-input":{"@type":"PropertyValueSpecification","valueRequired":true,"valueName":"search_term_string"}}],"inLanguage":"it-IT"},{"@type":"Person","@id":"http:\/\/vr-room.ch\/en\/#\/schema\/person\/4022b4e1fba06681ac263b25c0f1e3d2","name":"Michele","image":{"@type":"ImageObject","inLanguage":"it-IT","@id":"https:\/\/vr-room.ch\/wp-content\/uploads\/2019\/05\/avatar_user_11_1558711168-96x96.jpg","url":"https:\/\/vr-room.ch\/wp-content\/uploads\/2019\/05\/avatar_user_11_1558711168-96x96.jpg","contentUrl":"https:\/\/vr-room.ch\/wp-content\/uploads\/2019\/05\/avatar_user_11_1558711168-96x96.jpg","caption":"Michael"},"url":"https:\/\/vr-room.ch\/it\/author\/michael\/"}]}},"_links":{"self":[{"href":"https:\/\/vr-room.ch\/it\/wp-json\/wp\/v2\/posts\/15269","targetHints":{"allow":["GET"]}}],"collection":[{"href":"https:\/\/vr-room.ch\/it\/wp-json\/wp\/v2\/posts"}],"about":[{"href":"https:\/\/vr-room.ch\/it\/wp-json\/wp\/v2\/types\/post"}],"author":[{"embeddable":true,"href":"https:\/\/vr-room.ch\/it\/wp-json\/wp\/v2\/users\/11"}],"replies":[{"embeddable":true,"href":"https:\/\/vr-room.ch\/it\/wp-json\/wp\/v2\/comments?post=15269"}],"version-history":[{"count":0,"href":"https:\/\/vr-room.ch\/it\/wp-json\/wp\/v2\/posts\/15269\/revisions"}],"wp:featuredmedia":[{"embeddable":true,"href":"https:\/\/vr-room.ch\/it\/wp-json\/wp\/v2\/media\/15270"}],"wp:attachment":[{"href":"https:\/\/vr-room.ch\/it\/wp-json\/wp\/v2\/media?parent=15269"}],"wp:term":[{"taxonomy":"category","embeddable":true,"href":"https:\/\/vr-room.ch\/it\/wp-json\/wp\/v2\/categories?post=15269"},{"taxonomy":"post_tag","embeddable":true,"href":"https:\/\/vr-room.ch\/it\/wp-json\/wp\/v2\/tags?post=15269"}],"curies":[{"name":"wp","href":"https:\/\/api.w.org\/{rel}","templated":true}]}}