{"id":14327,"date":"2019-06-26T13:16:00","date_gmt":"2019-06-26T13:16:00","guid":{"rendered":"https:\/\/vr-room.ch\/?p=14327"},"modified":"2019-06-24T13:25:39","modified_gmt":"2019-06-24T13:25:39","slug":"mona-lisa-goes-vr","status":"publish","type":"post","link":"https:\/\/vr-room.ch\/it\/2019\/06\/26\/mona-lisa-goes-vr\/","title":{"rendered":"La Gioconda diventa VR"},"content":{"rendered":"<h3 id=\"das-bekannte-kunstmuseum-louvre-in-paris-bietet-erstmals-eine-vr-erfahrung-an-und-zwar-mit-der-wohl-bekanntesten-laechelnden-dame-der-kunstgeschichte-mona-lisa\">Il famoso museo d'arte del Louvre di Parigi offre per la prima volta un'esperienza VR con il pi\u00f9 famoso dei suoi film.\u00a0 <span style=\"font-size: 18.72px\">sorridente<\/span> Signora della storia dell'arte: Monna Lisa.<!--more--><\/h3>\n<p class=\"paragraph article__item\">Le persone si accalcano, tengono in aria i loro smartphone e tablet, si mettono in posa e scattano selfie. Tutto per catturare l'ambita istantanea della famosissima Monna Lisa. La vita quotidiana al Louvre, che ospita il dipinto di Leonardo da Vinci, una delle opere d'arte pi\u00f9 visitate al mondo. Tuttavia, i visitatori non sono in grado di trascorrere molto tempo con il dipinto in mezzo alla folla. L'azienda tecnologica HTC vuole ora cambiare questa situazione con una nuova applicazione di realt\u00e0 virtuale.<\/p>\n<h3 id=\"mona-lisa-beyond-the-glass\">Monna Lisa: oltre il vetro<\/h3>\n<p class=\"paragraph article__item\">Das VR-Erlebnis, das HTC unter dem Namen &#8222;Mona Lisa: Beyond the Glass&#8220; vermarktet, erm\u00f6glicht es den Besuchern, mit dem Gem\u00e4lde im virtuellen Raum zu interagieren. Ben\u00f6tigt wird daf\u00fcr lediglich eine VR-Brille des Unternehmens. Der Betrachter kann dann hinter die virtuelle Vitrine treten und sich das Gem\u00e4lde in aller Ruhe aus n\u00e4chster N\u00e4he anschauen &#8211; ganz ohne nerviges Gedr\u00e4nge.<\/p>\n<p>Lo studio di sviluppo Vive Arts di HTC ha collaborato con il team curatoriale del Louvre e lo studio di sviluppo Emissive per l'applicazione. Lo stesso museo francese offrir\u00e0 l'esperienza VR in loco dal 24 ottobre 2019 al 24 febbraio 2020 e attribuisce grande importanza al fatto di fornire agli utenti le tecniche utilizzate dall'artista e le informazioni sull'identit\u00e0 delle persone ritratte, ovviamente in modo virtuale. I possessori degli occhiali HTC Vive VR possono accedere all'applicazione anche da casa tramite il negozio online Viveport di HTC.<\/p>\n<p>\"Il pubblico vivr\u00e0 un'esperienza immersiva di un capolavoro straordinario\". <span class=\"Quote-author\">Dominique de Font-R\u00e9aulx<\/span><\/p>\n<div class=\"Quote\">\n<div class=\"Quote-caret\">Anlass f\u00fcr die Aktion ist der 500. Todestag von Leonardo da Vinci, zu der das Louvre eine Retrospektive seines k\u00fcnstlerischen Schaffens vorbereitet, die am 24. Oktober er\u00f6ffnet wird. &#8222;Das Publikum wird ein immersives Erlebnis eines aussergew\u00f6hnlichen Meisterwerks erfahren. Diese Zusammenarbeit erm\u00f6glicht es den Besuchern, Mona Lisa selbst kennenzulernen und mehr \u00fcber sie zu lernen, jenseits der Mythen und Legenden, die sie seit mehr als 500 Jahren begleiten&#8220;, sagt Dominique de Font-R\u00e9aulx, Direktorin f\u00fcr Mediation und Kulturprogrammierung am Louvre zu dem VR-Projekt.<\/div>\n<\/div>\n<p>Fonte: horizont<\/p>","protected":false},"excerpt":{"rendered":"Il famoso museo d'arte Louvre di Parigi offre per la prima volta un'esperienza in VR, con il pi\u00f9 famoso sorriso...","protected":false},"author":12,"featured_media":14331,"comment_status":"open","ping_status":"open","sticky":false,"template":"","format":"standard","meta":{"footnotes":""},"categories":[3],"tags":[],"class_list":{"0":"post-14327","1":"post","2":"type-post","3":"status-publish","4":"format-standard","5":"has-post-thumbnail","7":"category-virtual-reality-kunst","8":"cs-entry","9":"cs-video-wrap"},"yoast_head":"<!-- This site is optimized with the Yoast SEO plugin v27.4 - https:\/\/yoast.com\/product\/yoast-seo-wordpress\/ -->\n<title>Mona Lisa goes VR - Schweizer Virtual Reality News<\/title>\n<meta name=\"robots\" content=\"index, follow, max-snippet:-1, max-image-preview:large, max-video-preview:-1\" \/>\n<link rel=\"canonical\" href=\"http:\/\/vr-room.ch\/it\/2019\/06\/26\/mona-lisa-goes-vr\/\" \/>\n<meta property=\"og:locale\" content=\"it_IT\" \/>\n<meta property=\"og:type\" content=\"article\" \/>\n<meta property=\"og:title\" content=\"Mona Lisa goes VR - Schweizer Virtual Reality News\" \/>\n<meta property=\"og:description\" content=\"Das bekannte Kunstmuseum Louvre in Paris bietet erstmals eine VR-Erfahrung an und zwar mit der wohl bekanntesten\u00a0 l\u00e4chelnden&hellip;\" \/>\n<meta property=\"og:url\" content=\"http:\/\/vr-room.ch\/it\/2019\/06\/26\/mona-lisa-goes-vr\/\" \/>\n<meta property=\"og:site_name\" content=\"Schweizer Virtual Reality News\" \/>\n<meta property=\"article:published_time\" content=\"2019-06-26T13:16:00+00:00\" \/>\n<meta property=\"og:image\" content=\"https:\/\/vr-room.ch\/wp-content\/uploads\/2019\/06\/2019-06-24_152500.jpg\" \/>\n\t<meta property=\"og:image:width\" content=\"1035\" \/>\n\t<meta property=\"og:image:height\" content=\"538\" \/>\n\t<meta property=\"og:image:type\" content=\"image\/jpeg\" \/>\n<meta name=\"author\" content=\"Nathalie\" \/>\n<meta name=\"twitter:card\" content=\"summary_large_image\" \/>\n<meta name=\"twitter:label1\" content=\"Scritto da\" \/>\n\t<meta name=\"twitter:data1\" content=\"Nathalie\" \/>\n\t<meta name=\"twitter:label2\" content=\"Tempo di lettura stimato\" \/>\n\t<meta name=\"twitter:data2\" content=\"2 minuti\" \/>\n<script type=\"application\/ld+json\" class=\"yoast-schema-graph\">{\"@context\":\"https:\\\/\\\/schema.org\",\"@graph\":[{\"@type\":\"Article\",\"@id\":\"http:\\\/\\\/vr-room.ch\\\/fr\\\/2019\\\/06\\\/26\\\/mona-lisa-goes-vr\\\/#article\",\"isPartOf\":{\"@id\":\"http:\\\/\\\/vr-room.ch\\\/fr\\\/2019\\\/06\\\/26\\\/mona-lisa-goes-vr\\\/\"},\"author\":{\"name\":\"Nathalie\",\"@id\":\"http:\\\/\\\/vr-room.ch\\\/en\\\/#\\\/schema\\\/person\\\/1a03b3a6ced429fb4831f60fa2b37599\"},\"headline\":\"Mona Lisa goes VR\",\"datePublished\":\"2019-06-26T13:16:00+00:00\",\"mainEntityOfPage\":{\"@id\":\"http:\\\/\\\/vr-room.ch\\\/fr\\\/2019\\\/06\\\/26\\\/mona-lisa-goes-vr\\\/\"},\"wordCount\":363,\"commentCount\":0,\"image\":{\"@id\":\"http:\\\/\\\/vr-room.ch\\\/fr\\\/2019\\\/06\\\/26\\\/mona-lisa-goes-vr\\\/#primaryimage\"},\"thumbnailUrl\":\"https:\\\/\\\/vr-room.ch\\\/wp-content\\\/uploads\\\/2019\\\/06\\\/2019-06-24_152500.jpg\",\"articleSection\":[\"Kunst\"],\"inLanguage\":\"it-IT\",\"potentialAction\":[{\"@type\":\"CommentAction\",\"name\":\"Comment\",\"target\":[\"http:\\\/\\\/vr-room.ch\\\/fr\\\/2019\\\/06\\\/26\\\/mona-lisa-goes-vr\\\/#respond\"]}]},{\"@type\":\"WebPage\",\"@id\":\"http:\\\/\\\/vr-room.ch\\\/fr\\\/2019\\\/06\\\/26\\\/mona-lisa-goes-vr\\\/\",\"url\":\"http:\\\/\\\/vr-room.ch\\\/fr\\\/2019\\\/06\\\/26\\\/mona-lisa-goes-vr\\\/\",\"name\":\"Mona Lisa goes VR - Schweizer Virtual Reality News\",\"isPartOf\":{\"@id\":\"http:\\\/\\\/vr-room.ch\\\/en\\\/#website\"},\"primaryImageOfPage\":{\"@id\":\"http:\\\/\\\/vr-room.ch\\\/fr\\\/2019\\\/06\\\/26\\\/mona-lisa-goes-vr\\\/#primaryimage\"},\"image\":{\"@id\":\"http:\\\/\\\/vr-room.ch\\\/fr\\\/2019\\\/06\\\/26\\\/mona-lisa-goes-vr\\\/#primaryimage\"},\"thumbnailUrl\":\"https:\\\/\\\/vr-room.ch\\\/wp-content\\\/uploads\\\/2019\\\/06\\\/2019-06-24_152500.jpg\",\"datePublished\":\"2019-06-26T13:16:00+00:00\",\"author\":{\"@id\":\"http:\\\/\\\/vr-room.ch\\\/en\\\/#\\\/schema\\\/person\\\/1a03b3a6ced429fb4831f60fa2b37599\"},\"breadcrumb\":{\"@id\":\"http:\\\/\\\/vr-room.ch\\\/fr\\\/2019\\\/06\\\/26\\\/mona-lisa-goes-vr\\\/#breadcrumb\"},\"inLanguage\":\"it-IT\",\"potentialAction\":[{\"@type\":\"ReadAction\",\"target\":[\"http:\\\/\\\/vr-room.ch\\\/fr\\\/2019\\\/06\\\/26\\\/mona-lisa-goes-vr\\\/\"]}]},{\"@type\":\"ImageObject\",\"inLanguage\":\"it-IT\",\"@id\":\"http:\\\/\\\/vr-room.ch\\\/fr\\\/2019\\\/06\\\/26\\\/mona-lisa-goes-vr\\\/#primaryimage\",\"url\":\"https:\\\/\\\/vr-room.ch\\\/wp-content\\\/uploads\\\/2019\\\/06\\\/2019-06-24_152500.jpg\",\"contentUrl\":\"https:\\\/\\\/vr-room.ch\\\/wp-content\\\/uploads\\\/2019\\\/06\\\/2019-06-24_152500.jpg\",\"width\":1035,\"height\":538},{\"@type\":\"BreadcrumbList\",\"@id\":\"http:\\\/\\\/vr-room.ch\\\/fr\\\/2019\\\/06\\\/26\\\/mona-lisa-goes-vr\\\/#breadcrumb\",\"itemListElement\":[{\"@type\":\"ListItem\",\"position\":1,\"name\":\"Startseite\",\"item\":\"http:\\\/\\\/vr-room.ch\\\/en\\\/\"},{\"@type\":\"ListItem\",\"position\":2,\"name\":\"Mona Lisa goes VR\"}]},{\"@type\":\"WebSite\",\"@id\":\"http:\\\/\\\/vr-room.ch\\\/en\\\/#website\",\"url\":\"http:\\\/\\\/vr-room.ch\\\/en\\\/\",\"name\":\"Schweizer Virtual Reality News\",\"description\":\"\",\"potentialAction\":[{\"@type\":\"SearchAction\",\"target\":{\"@type\":\"EntryPoint\",\"urlTemplate\":\"http:\\\/\\\/vr-room.ch\\\/en\\\/?s={search_term_string}\"},\"query-input\":{\"@type\":\"PropertyValueSpecification\",\"valueRequired\":true,\"valueName\":\"search_term_string\"}}],\"inLanguage\":\"it-IT\"},{\"@type\":\"Person\",\"@id\":\"http:\\\/\\\/vr-room.ch\\\/en\\\/#\\\/schema\\\/person\\\/1a03b3a6ced429fb4831f60fa2b37599\",\"name\":\"Nathalie\",\"image\":{\"@type\":\"ImageObject\",\"inLanguage\":\"it-IT\",\"@id\":\"https:\\\/\\\/vr-room.ch\\\/wp-content\\\/uploads\\\/2017\\\/01\\\/avatar_user_12_1484159890-96x96.jpg\",\"url\":\"https:\\\/\\\/vr-room.ch\\\/wp-content\\\/uploads\\\/2017\\\/01\\\/avatar_user_12_1484159890-96x96.jpg\",\"contentUrl\":\"https:\\\/\\\/vr-room.ch\\\/wp-content\\\/uploads\\\/2017\\\/01\\\/avatar_user_12_1484159890-96x96.jpg\",\"caption\":\"Nathalie\"},\"url\":\"https:\\\/\\\/vr-room.ch\\\/it\\\/author\\\/nathalie\\\/\"}]}<\/script>\n<!-- \/ Yoast SEO plugin. -->","yoast_head_json":{"title":"Mona Lisa goes VR - Schweizer Virtual Reality News","robots":{"index":"index","follow":"follow","max-snippet":"max-snippet:-1","max-image-preview":"max-image-preview:large","max-video-preview":"max-video-preview:-1"},"canonical":"http:\/\/vr-room.ch\/it\/2019\/06\/26\/mona-lisa-goes-vr\/","og_locale":"it_IT","og_type":"article","og_title":"Mona Lisa goes VR - Schweizer Virtual Reality News","og_description":"Das bekannte Kunstmuseum Louvre in Paris bietet erstmals eine VR-Erfahrung an und zwar mit der wohl bekanntesten\u00a0 l\u00e4chelnden&hellip;","og_url":"http:\/\/vr-room.ch\/it\/2019\/06\/26\/mona-lisa-goes-vr\/","og_site_name":"Schweizer Virtual Reality News","article_published_time":"2019-06-26T13:16:00+00:00","og_image":[{"width":1035,"height":538,"url":"https:\/\/vr-room.ch\/wp-content\/uploads\/2019\/06\/2019-06-24_152500.jpg","type":"image\/jpeg"}],"author":"Nathalie","twitter_card":"summary_large_image","twitter_misc":{"Scritto da":"Nathalie","Tempo di lettura stimato":"2 minuti"},"schema":{"@context":"https:\/\/schema.org","@graph":[{"@type":"Article","@id":"http:\/\/vr-room.ch\/fr\/2019\/06\/26\/mona-lisa-goes-vr\/#article","isPartOf":{"@id":"http:\/\/vr-room.ch\/fr\/2019\/06\/26\/mona-lisa-goes-vr\/"},"author":{"name":"Nathalie","@id":"http:\/\/vr-room.ch\/en\/#\/schema\/person\/1a03b3a6ced429fb4831f60fa2b37599"},"headline":"Mona Lisa goes VR","datePublished":"2019-06-26T13:16:00+00:00","mainEntityOfPage":{"@id":"http:\/\/vr-room.ch\/fr\/2019\/06\/26\/mona-lisa-goes-vr\/"},"wordCount":363,"commentCount":0,"image":{"@id":"http:\/\/vr-room.ch\/fr\/2019\/06\/26\/mona-lisa-goes-vr\/#primaryimage"},"thumbnailUrl":"https:\/\/vr-room.ch\/wp-content\/uploads\/2019\/06\/2019-06-24_152500.jpg","articleSection":["Kunst"],"inLanguage":"it-IT","potentialAction":[{"@type":"CommentAction","name":"Comment","target":["http:\/\/vr-room.ch\/fr\/2019\/06\/26\/mona-lisa-goes-vr\/#respond"]}]},{"@type":"WebPage","@id":"http:\/\/vr-room.ch\/fr\/2019\/06\/26\/mona-lisa-goes-vr\/","url":"http:\/\/vr-room.ch\/fr\/2019\/06\/26\/mona-lisa-goes-vr\/","name":"Mona Lisa goes VR - Schweizer Virtual Reality News","isPartOf":{"@id":"http:\/\/vr-room.ch\/en\/#website"},"primaryImageOfPage":{"@id":"http:\/\/vr-room.ch\/fr\/2019\/06\/26\/mona-lisa-goes-vr\/#primaryimage"},"image":{"@id":"http:\/\/vr-room.ch\/fr\/2019\/06\/26\/mona-lisa-goes-vr\/#primaryimage"},"thumbnailUrl":"https:\/\/vr-room.ch\/wp-content\/uploads\/2019\/06\/2019-06-24_152500.jpg","datePublished":"2019-06-26T13:16:00+00:00","author":{"@id":"http:\/\/vr-room.ch\/en\/#\/schema\/person\/1a03b3a6ced429fb4831f60fa2b37599"},"breadcrumb":{"@id":"http:\/\/vr-room.ch\/fr\/2019\/06\/26\/mona-lisa-goes-vr\/#breadcrumb"},"inLanguage":"it-IT","potentialAction":[{"@type":"ReadAction","target":["http:\/\/vr-room.ch\/fr\/2019\/06\/26\/mona-lisa-goes-vr\/"]}]},{"@type":"ImageObject","inLanguage":"it-IT","@id":"http:\/\/vr-room.ch\/fr\/2019\/06\/26\/mona-lisa-goes-vr\/#primaryimage","url":"https:\/\/vr-room.ch\/wp-content\/uploads\/2019\/06\/2019-06-24_152500.jpg","contentUrl":"https:\/\/vr-room.ch\/wp-content\/uploads\/2019\/06\/2019-06-24_152500.jpg","width":1035,"height":538},{"@type":"BreadcrumbList","@id":"http:\/\/vr-room.ch\/fr\/2019\/06\/26\/mona-lisa-goes-vr\/#breadcrumb","itemListElement":[{"@type":"ListItem","position":1,"name":"Startseite","item":"http:\/\/vr-room.ch\/en\/"},{"@type":"ListItem","position":2,"name":"Mona Lisa goes VR"}]},{"@type":"WebSite","@id":"http:\/\/vr-room.ch\/en\/#website","url":"http:\/\/vr-room.ch\/en\/","name":"Notizie sulla realt\u00e0 virtuale in Svizzera","description":"","potentialAction":[{"@type":"SearchAction","target":{"@type":"EntryPoint","urlTemplate":"http:\/\/vr-room.ch\/en\/?s={search_term_string}"},"query-input":{"@type":"PropertyValueSpecification","valueRequired":true,"valueName":"search_term_string"}}],"inLanguage":"it-IT"},{"@type":"Person","@id":"http:\/\/vr-room.ch\/en\/#\/schema\/person\/1a03b3a6ced429fb4831f60fa2b37599","name":"Nathalie","image":{"@type":"ImageObject","inLanguage":"it-IT","@id":"https:\/\/vr-room.ch\/wp-content\/uploads\/2017\/01\/avatar_user_12_1484159890-96x96.jpg","url":"https:\/\/vr-room.ch\/wp-content\/uploads\/2017\/01\/avatar_user_12_1484159890-96x96.jpg","contentUrl":"https:\/\/vr-room.ch\/wp-content\/uploads\/2017\/01\/avatar_user_12_1484159890-96x96.jpg","caption":"Nathalie"},"url":"https:\/\/vr-room.ch\/it\/author\/nathalie\/"}]}},"_links":{"self":[{"href":"https:\/\/vr-room.ch\/it\/wp-json\/wp\/v2\/posts\/14327","targetHints":{"allow":["GET"]}}],"collection":[{"href":"https:\/\/vr-room.ch\/it\/wp-json\/wp\/v2\/posts"}],"about":[{"href":"https:\/\/vr-room.ch\/it\/wp-json\/wp\/v2\/types\/post"}],"author":[{"embeddable":true,"href":"https:\/\/vr-room.ch\/it\/wp-json\/wp\/v2\/users\/12"}],"replies":[{"embeddable":true,"href":"https:\/\/vr-room.ch\/it\/wp-json\/wp\/v2\/comments?post=14327"}],"version-history":[{"count":0,"href":"https:\/\/vr-room.ch\/it\/wp-json\/wp\/v2\/posts\/14327\/revisions"}],"wp:featuredmedia":[{"embeddable":true,"href":"https:\/\/vr-room.ch\/it\/wp-json\/wp\/v2\/media\/14331"}],"wp:attachment":[{"href":"https:\/\/vr-room.ch\/it\/wp-json\/wp\/v2\/media?parent=14327"}],"wp:term":[{"taxonomy":"category","embeddable":true,"href":"https:\/\/vr-room.ch\/it\/wp-json\/wp\/v2\/categories?post=14327"},{"taxonomy":"post_tag","embeddable":true,"href":"https:\/\/vr-room.ch\/it\/wp-json\/wp\/v2\/tags?post=14327"}],"curies":[{"name":"wp","href":"https:\/\/api.w.org\/{rel}","templated":true}]}}