{"id":14223,"date":"2019-06-06T14:29:31","date_gmt":"2019-06-06T14:29:31","guid":{"rendered":"https:\/\/vr-room.ch\/?p=14223"},"modified":"2019-06-05T14:38:20","modified_gmt":"2019-06-05T14:38:20","slug":"handball-bundesligist-wird-vorreiter-in-sache-vr","status":"publish","type":"post","link":"https:\/\/vr-room.ch\/it\/2019\/06\/06\/handball-bundesligist-wird-vorreiter-in-sache-vr\/","title":{"rendered":"Il club di pallamano della Bundesliga diventa un pioniere della VR"},"content":{"rendered":"<h3 id=\"die-rhein-neckar-loewen-nutzen-als-erster-profisportverein-im-handball-virtual-reality-mit-hilfe-ihres-technologiepartners-media-apes-wollen-sie-somit-kuenftig-nahbarer-fuer-ihre-anhaenger-sein-und-s\">I Rhein-Neckar L\u00f6wen sono il primo club professionistico di pallamano a utilizzare la realt\u00e0 virtuale. Con l'aiuto del loro partner tecnologico Media Apes, vogliono essere pi\u00f9 vicini ai loro tifosi in futuro e si affidano a una combinazione unica di occhiali VR ed effetti sonori.<!--more--><\/h3>\n<div class=\"field--item\">\n<div class=\"paragraph paragraph--type--additional-text paragraph--view-mode--default\">\n<div class=\"field field--name-field-paragraph-additional-text field--type-text-long field--label-hidden field--item\">\n<p>Weltpremiere am vergangenen Mittwochvormittag in der Mannheimer SAP Arena. Mit &#8222;VR L\u00f6wen: Dein Team?Deine Welt&#8220; stellen die Rhein-Neckar L\u00f6wen die Grundlagen f\u00fcr ein einmaliges immersives Erlebniskonzept vor. Mit einem Knopfdruck im Fanblock neben den Trommlern stehen oder den Spielern beim bandagieren in der Kabine \u00fcber die Schulter gucken, das wollen die Rhein-Neckar L\u00f6wen ihren Fans ab der kommenden Spielzeit bieten. Virtual Reality in Kombination mit Kopfh\u00f6rern macht es m\u00f6glich.<\/p>\n<h3 id=\"begegnung-mit-hologrammen\">Incontro con gli ologrammi<\/h3>\n<p>Als Mehrwert dieser besonderen &#8222;Live-Kommunikation&#8220; werden in der neuen &#8222;VR L\u00f6wen Welt&#8220; k\u00fcnftig audio-visuelle Hologramme von Spieltagen sowie besondere Begegnungen mit den Handballstars m\u00f6glich. Da die innovative 3D-Audio-Technologie \u00fcber das Ohr alle Sinne anspricht, erleben Besucher der &#8222;VR L\u00f6wen Welt&#8220; das Geschehen auf und neben der Platte &#8222;zeitversetzt live&#8220; und &#8211; als weitere Alleinstellung &#8211; damit genauso emotional wie in der Realit\u00e4t. Der Zugang in die &#8222;VR L\u00f6wen Welt&#8220; erfolgt per Smartphone, mit handels\u00fcblichen Kopfh\u00f6rern und einem gebrandeten Cardboard im &#8222;VR L\u00f6wen Look&#8220;. Alternativ kann auch eine professionelle Gear-VR-Brille verwendet werden. Damit Fans und Mannschaft ab der kommenden Spielzeit noch enger zusammenr\u00fccken, entsteht aktuell mit den Technologie- und Kreativpartnern im &#8222;VR L\u00f6wen Team&#8220; eine immersive &#8222;VR L\u00f6wen App&#8220; als Grundlage. Die Orientierung in der &#8222;VR L\u00f6wen Welt&#8220; ist intuitiv und ohne Erkl\u00e4rungen m\u00f6glich. Anstelle von Mausklicks erfolgt die Steuerung mittels Blickkontakt. <span id=\"copylink\"><\/span><\/p>\n<p>In collaborazione con il club di pallamano della Bundesliga, Media Apes ha progettato un primo teaser che consente di passeggiare virtualmente attraverso la SAP Arena - il campo di casa dei Lions - tramite occhiali e cuffie VR, fornendo approfondimenti altrimenti disponibili solo al personale. \"Come Rhein-Neckar L\u00f6wen, vogliamo essere il club pi\u00f9 innovativo e offrire ai nostri tifosi e ai nostri sponsor una nuova dimensione di vicinanza e contatto\", afferma Jennifer Kettemann, amministratore delegato del Rhein-Neckar L\u00f6wen.<\/p>\n<p>Il club di pallamano della Bundesliga si aspetta che la collaborazione con il partner tecnologico Media Apes porti un valore aggiunto in termini sportivi. Ad esempio, Oliver Roggisch, direttore sportivo dei Lions, vuole che le mosse vengano provate e perfezionate con gli occhiali VR. \"Funziona sicuramente meglio e, soprattutto, in modo pi\u00f9 vivido che farlo da una visuale a volo d'uccello sulla lavagna magnetica\", dice l'ex internazionale.<\/p>\n<p>Fonte: sponsor \/ <span id=\"copylink\">mondo della pallamano<\/span><\/p>\n<\/div>\n<\/div>\n<\/div>","protected":false},"excerpt":{"rendered":"I Rhein-Neckar L\u00f6wen sono il primo club professionistico di pallamano a utilizzare la realt\u00e0 virtuale. Con l'aiuto del loro partner tecnologico Media Apes,...","protected":false},"author":12,"featured_media":14224,"comment_status":"open","ping_status":"open","sticky":false,"template":"","format":"standard","meta":{"footnotes":""},"categories":[67],"tags":[],"class_list":{"0":"post-14223","1":"post","2":"type-post","3":"status-publish","4":"format-standard","5":"has-post-thumbnail","7":"category-virtual-reality-gesellschaft","8":"cs-entry","9":"cs-video-wrap"},"yoast_head":"<!-- This site is optimized with the Yoast SEO plugin v27.4 - https:\/\/yoast.com\/product\/yoast-seo-wordpress\/ -->\n<title>Handball-Bundesligist wird Vorreiter in Sache VR - Schweizer Virtual Reality News<\/title>\n<meta name=\"robots\" content=\"index, follow, max-snippet:-1, max-image-preview:large, max-video-preview:-1\" \/>\n<link rel=\"canonical\" href=\"http:\/\/vr-room.ch\/it\/2019\/06\/06\/handball-bundesligist-wird-vorreiter-in-sache-vr\/\" \/>\n<meta property=\"og:locale\" content=\"it_IT\" \/>\n<meta property=\"og:type\" content=\"article\" \/>\n<meta property=\"og:title\" content=\"Handball-Bundesligist wird Vorreiter in Sache VR - Schweizer Virtual Reality News\" \/>\n<meta property=\"og:description\" content=\"Die Rhein-Neckar L\u00f6wen nutzen als erster Profisportverein im Handball Virtual Reality. Mit Hilfe ihres Technologiepartners Media Apes wollen&hellip;\" \/>\n<meta property=\"og:url\" content=\"http:\/\/vr-room.ch\/it\/2019\/06\/06\/handball-bundesligist-wird-vorreiter-in-sache-vr\/\" \/>\n<meta property=\"og:site_name\" content=\"Schweizer Virtual Reality News\" \/>\n<meta property=\"article:published_time\" content=\"2019-06-06T14:29:31+00:00\" \/>\n<meta property=\"og:image\" content=\"https:\/\/vr-room.ch\/wp-content\/uploads\/2019\/06\/rhein-necker-scaled.jpg\" \/>\n\t<meta property=\"og:image:width\" content=\"2560\" \/>\n\t<meta property=\"og:image:height\" content=\"931\" \/>\n\t<meta property=\"og:image:type\" content=\"image\/jpeg\" \/>\n<meta name=\"author\" content=\"Nathalie\" \/>\n<meta name=\"twitter:card\" content=\"summary_large_image\" \/>\n<meta name=\"twitter:label1\" content=\"Scritto da\" \/>\n\t<meta name=\"twitter:data1\" content=\"Nathalie\" \/>\n\t<meta name=\"twitter:label2\" content=\"Tempo di lettura stimato\" \/>\n\t<meta name=\"twitter:data2\" content=\"2 minuti\" \/>\n<script type=\"application\/ld+json\" class=\"yoast-schema-graph\">{\"@context\":\"https:\\\/\\\/schema.org\",\"@graph\":[{\"@type\":\"Article\",\"@id\":\"http:\\\/\\\/vr-room.ch\\\/it\\\/2019\\\/06\\\/06\\\/handball-bundesligist-wird-vorreiter-in-sache-vr\\\/#article\",\"isPartOf\":{\"@id\":\"http:\\\/\\\/vr-room.ch\\\/it\\\/2019\\\/06\\\/06\\\/handball-bundesligist-wird-vorreiter-in-sache-vr\\\/\"},\"author\":{\"name\":\"Nathalie\",\"@id\":\"http:\\\/\\\/vr-room.ch\\\/en\\\/#\\\/schema\\\/person\\\/1a03b3a6ced429fb4831f60fa2b37599\"},\"headline\":\"Handball-Bundesligist wird Vorreiter in Sache VR\",\"datePublished\":\"2019-06-06T14:29:31+00:00\",\"mainEntityOfPage\":{\"@id\":\"http:\\\/\\\/vr-room.ch\\\/it\\\/2019\\\/06\\\/06\\\/handball-bundesligist-wird-vorreiter-in-sache-vr\\\/\"},\"wordCount\":421,\"commentCount\":0,\"image\":{\"@id\":\"http:\\\/\\\/vr-room.ch\\\/it\\\/2019\\\/06\\\/06\\\/handball-bundesligist-wird-vorreiter-in-sache-vr\\\/#primaryimage\"},\"thumbnailUrl\":\"https:\\\/\\\/vr-room.ch\\\/wp-content\\\/uploads\\\/2019\\\/06\\\/rhein-necker-scaled.jpg\",\"articleSection\":[\"Gesellschaft\"],\"inLanguage\":\"it-IT\",\"potentialAction\":[{\"@type\":\"CommentAction\",\"name\":\"Comment\",\"target\":[\"http:\\\/\\\/vr-room.ch\\\/it\\\/2019\\\/06\\\/06\\\/handball-bundesligist-wird-vorreiter-in-sache-vr\\\/#respond\"]}]},{\"@type\":\"WebPage\",\"@id\":\"http:\\\/\\\/vr-room.ch\\\/it\\\/2019\\\/06\\\/06\\\/handball-bundesligist-wird-vorreiter-in-sache-vr\\\/\",\"url\":\"http:\\\/\\\/vr-room.ch\\\/it\\\/2019\\\/06\\\/06\\\/handball-bundesligist-wird-vorreiter-in-sache-vr\\\/\",\"name\":\"Handball-Bundesligist wird Vorreiter in Sache VR - Schweizer Virtual Reality News\",\"isPartOf\":{\"@id\":\"http:\\\/\\\/vr-room.ch\\\/en\\\/#website\"},\"primaryImageOfPage\":{\"@id\":\"http:\\\/\\\/vr-room.ch\\\/it\\\/2019\\\/06\\\/06\\\/handball-bundesligist-wird-vorreiter-in-sache-vr\\\/#primaryimage\"},\"image\":{\"@id\":\"http:\\\/\\\/vr-room.ch\\\/it\\\/2019\\\/06\\\/06\\\/handball-bundesligist-wird-vorreiter-in-sache-vr\\\/#primaryimage\"},\"thumbnailUrl\":\"https:\\\/\\\/vr-room.ch\\\/wp-content\\\/uploads\\\/2019\\\/06\\\/rhein-necker-scaled.jpg\",\"datePublished\":\"2019-06-06T14:29:31+00:00\",\"author\":{\"@id\":\"http:\\\/\\\/vr-room.ch\\\/en\\\/#\\\/schema\\\/person\\\/1a03b3a6ced429fb4831f60fa2b37599\"},\"breadcrumb\":{\"@id\":\"http:\\\/\\\/vr-room.ch\\\/it\\\/2019\\\/06\\\/06\\\/handball-bundesligist-wird-vorreiter-in-sache-vr\\\/#breadcrumb\"},\"inLanguage\":\"it-IT\",\"potentialAction\":[{\"@type\":\"ReadAction\",\"target\":[\"http:\\\/\\\/vr-room.ch\\\/it\\\/2019\\\/06\\\/06\\\/handball-bundesligist-wird-vorreiter-in-sache-vr\\\/\"]}]},{\"@type\":\"ImageObject\",\"inLanguage\":\"it-IT\",\"@id\":\"http:\\\/\\\/vr-room.ch\\\/it\\\/2019\\\/06\\\/06\\\/handball-bundesligist-wird-vorreiter-in-sache-vr\\\/#primaryimage\",\"url\":\"https:\\\/\\\/vr-room.ch\\\/wp-content\\\/uploads\\\/2019\\\/06\\\/rhein-necker-scaled.jpg\",\"contentUrl\":\"https:\\\/\\\/vr-room.ch\\\/wp-content\\\/uploads\\\/2019\\\/06\\\/rhein-necker-scaled.jpg\",\"width\":2560,\"height\":931},{\"@type\":\"BreadcrumbList\",\"@id\":\"http:\\\/\\\/vr-room.ch\\\/it\\\/2019\\\/06\\\/06\\\/handball-bundesligist-wird-vorreiter-in-sache-vr\\\/#breadcrumb\",\"itemListElement\":[{\"@type\":\"ListItem\",\"position\":1,\"name\":\"Startseite\",\"item\":\"http:\\\/\\\/vr-room.ch\\\/en\\\/\"},{\"@type\":\"ListItem\",\"position\":2,\"name\":\"Handball-Bundesligist wird Vorreiter in Sache VR\"}]},{\"@type\":\"WebSite\",\"@id\":\"http:\\\/\\\/vr-room.ch\\\/en\\\/#website\",\"url\":\"http:\\\/\\\/vr-room.ch\\\/en\\\/\",\"name\":\"Schweizer Virtual Reality News\",\"description\":\"\",\"potentialAction\":[{\"@type\":\"SearchAction\",\"target\":{\"@type\":\"EntryPoint\",\"urlTemplate\":\"http:\\\/\\\/vr-room.ch\\\/en\\\/?s={search_term_string}\"},\"query-input\":{\"@type\":\"PropertyValueSpecification\",\"valueRequired\":true,\"valueName\":\"search_term_string\"}}],\"inLanguage\":\"it-IT\"},{\"@type\":\"Person\",\"@id\":\"http:\\\/\\\/vr-room.ch\\\/en\\\/#\\\/schema\\\/person\\\/1a03b3a6ced429fb4831f60fa2b37599\",\"name\":\"Nathalie\",\"image\":{\"@type\":\"ImageObject\",\"inLanguage\":\"it-IT\",\"@id\":\"https:\\\/\\\/vr-room.ch\\\/wp-content\\\/uploads\\\/2017\\\/01\\\/avatar_user_12_1484159890-96x96.jpg\",\"url\":\"https:\\\/\\\/vr-room.ch\\\/wp-content\\\/uploads\\\/2017\\\/01\\\/avatar_user_12_1484159890-96x96.jpg\",\"contentUrl\":\"https:\\\/\\\/vr-room.ch\\\/wp-content\\\/uploads\\\/2017\\\/01\\\/avatar_user_12_1484159890-96x96.jpg\",\"caption\":\"Nathalie\"},\"url\":\"https:\\\/\\\/vr-room.ch\\\/it\\\/author\\\/nathalie\\\/\"}]}<\/script>\n<!-- \/ Yoast SEO plugin. -->","yoast_head_json":{"title":"Handball-Bundesligist wird Vorreiter in Sache VR - Schweizer Virtual Reality News","robots":{"index":"index","follow":"follow","max-snippet":"max-snippet:-1","max-image-preview":"max-image-preview:large","max-video-preview":"max-video-preview:-1"},"canonical":"http:\/\/vr-room.ch\/it\/2019\/06\/06\/handball-bundesligist-wird-vorreiter-in-sache-vr\/","og_locale":"it_IT","og_type":"article","og_title":"Handball-Bundesligist wird Vorreiter in Sache VR - Schweizer Virtual Reality News","og_description":"Die Rhein-Neckar L\u00f6wen nutzen als erster Profisportverein im Handball Virtual Reality. Mit Hilfe ihres Technologiepartners Media Apes wollen&hellip;","og_url":"http:\/\/vr-room.ch\/it\/2019\/06\/06\/handball-bundesligist-wird-vorreiter-in-sache-vr\/","og_site_name":"Schweizer Virtual Reality News","article_published_time":"2019-06-06T14:29:31+00:00","og_image":[{"width":2560,"height":931,"url":"https:\/\/vr-room.ch\/wp-content\/uploads\/2019\/06\/rhein-necker-scaled.jpg","type":"image\/jpeg"}],"author":"Nathalie","twitter_card":"summary_large_image","twitter_misc":{"Scritto da":"Nathalie","Tempo di lettura stimato":"2 minuti"},"schema":{"@context":"https:\/\/schema.org","@graph":[{"@type":"Article","@id":"http:\/\/vr-room.ch\/it\/2019\/06\/06\/handball-bundesligist-wird-vorreiter-in-sache-vr\/#article","isPartOf":{"@id":"http:\/\/vr-room.ch\/it\/2019\/06\/06\/handball-bundesligist-wird-vorreiter-in-sache-vr\/"},"author":{"name":"Nathalie","@id":"http:\/\/vr-room.ch\/en\/#\/schema\/person\/1a03b3a6ced429fb4831f60fa2b37599"},"headline":"Handball-Bundesligist wird Vorreiter in Sache VR","datePublished":"2019-06-06T14:29:31+00:00","mainEntityOfPage":{"@id":"http:\/\/vr-room.ch\/it\/2019\/06\/06\/handball-bundesligist-wird-vorreiter-in-sache-vr\/"},"wordCount":421,"commentCount":0,"image":{"@id":"http:\/\/vr-room.ch\/it\/2019\/06\/06\/handball-bundesligist-wird-vorreiter-in-sache-vr\/#primaryimage"},"thumbnailUrl":"https:\/\/vr-room.ch\/wp-content\/uploads\/2019\/06\/rhein-necker-scaled.jpg","articleSection":["Gesellschaft"],"inLanguage":"it-IT","potentialAction":[{"@type":"CommentAction","name":"Comment","target":["http:\/\/vr-room.ch\/it\/2019\/06\/06\/handball-bundesligist-wird-vorreiter-in-sache-vr\/#respond"]}]},{"@type":"WebPage","@id":"http:\/\/vr-room.ch\/it\/2019\/06\/06\/handball-bundesligist-wird-vorreiter-in-sache-vr\/","url":"http:\/\/vr-room.ch\/it\/2019\/06\/06\/handball-bundesligist-wird-vorreiter-in-sache-vr\/","name":"Handball-Bundesligist wird Vorreiter in Sache VR - Schweizer Virtual Reality News","isPartOf":{"@id":"http:\/\/vr-room.ch\/en\/#website"},"primaryImageOfPage":{"@id":"http:\/\/vr-room.ch\/it\/2019\/06\/06\/handball-bundesligist-wird-vorreiter-in-sache-vr\/#primaryimage"},"image":{"@id":"http:\/\/vr-room.ch\/it\/2019\/06\/06\/handball-bundesligist-wird-vorreiter-in-sache-vr\/#primaryimage"},"thumbnailUrl":"https:\/\/vr-room.ch\/wp-content\/uploads\/2019\/06\/rhein-necker-scaled.jpg","datePublished":"2019-06-06T14:29:31+00:00","author":{"@id":"http:\/\/vr-room.ch\/en\/#\/schema\/person\/1a03b3a6ced429fb4831f60fa2b37599"},"breadcrumb":{"@id":"http:\/\/vr-room.ch\/it\/2019\/06\/06\/handball-bundesligist-wird-vorreiter-in-sache-vr\/#breadcrumb"},"inLanguage":"it-IT","potentialAction":[{"@type":"ReadAction","target":["http:\/\/vr-room.ch\/it\/2019\/06\/06\/handball-bundesligist-wird-vorreiter-in-sache-vr\/"]}]},{"@type":"ImageObject","inLanguage":"it-IT","@id":"http:\/\/vr-room.ch\/it\/2019\/06\/06\/handball-bundesligist-wird-vorreiter-in-sache-vr\/#primaryimage","url":"https:\/\/vr-room.ch\/wp-content\/uploads\/2019\/06\/rhein-necker-scaled.jpg","contentUrl":"https:\/\/vr-room.ch\/wp-content\/uploads\/2019\/06\/rhein-necker-scaled.jpg","width":2560,"height":931},{"@type":"BreadcrumbList","@id":"http:\/\/vr-room.ch\/it\/2019\/06\/06\/handball-bundesligist-wird-vorreiter-in-sache-vr\/#breadcrumb","itemListElement":[{"@type":"ListItem","position":1,"name":"Startseite","item":"http:\/\/vr-room.ch\/en\/"},{"@type":"ListItem","position":2,"name":"Handball-Bundesligist wird Vorreiter in Sache VR"}]},{"@type":"WebSite","@id":"http:\/\/vr-room.ch\/en\/#website","url":"http:\/\/vr-room.ch\/en\/","name":"Notizie sulla realt\u00e0 virtuale in Svizzera","description":"","potentialAction":[{"@type":"SearchAction","target":{"@type":"EntryPoint","urlTemplate":"http:\/\/vr-room.ch\/en\/?s={search_term_string}"},"query-input":{"@type":"PropertyValueSpecification","valueRequired":true,"valueName":"search_term_string"}}],"inLanguage":"it-IT"},{"@type":"Person","@id":"http:\/\/vr-room.ch\/en\/#\/schema\/person\/1a03b3a6ced429fb4831f60fa2b37599","name":"Nathalie","image":{"@type":"ImageObject","inLanguage":"it-IT","@id":"https:\/\/vr-room.ch\/wp-content\/uploads\/2017\/01\/avatar_user_12_1484159890-96x96.jpg","url":"https:\/\/vr-room.ch\/wp-content\/uploads\/2017\/01\/avatar_user_12_1484159890-96x96.jpg","contentUrl":"https:\/\/vr-room.ch\/wp-content\/uploads\/2017\/01\/avatar_user_12_1484159890-96x96.jpg","caption":"Nathalie"},"url":"https:\/\/vr-room.ch\/it\/author\/nathalie\/"}]}},"_links":{"self":[{"href":"https:\/\/vr-room.ch\/it\/wp-json\/wp\/v2\/posts\/14223","targetHints":{"allow":["GET"]}}],"collection":[{"href":"https:\/\/vr-room.ch\/it\/wp-json\/wp\/v2\/posts"}],"about":[{"href":"https:\/\/vr-room.ch\/it\/wp-json\/wp\/v2\/types\/post"}],"author":[{"embeddable":true,"href":"https:\/\/vr-room.ch\/it\/wp-json\/wp\/v2\/users\/12"}],"replies":[{"embeddable":true,"href":"https:\/\/vr-room.ch\/it\/wp-json\/wp\/v2\/comments?post=14223"}],"version-history":[{"count":0,"href":"https:\/\/vr-room.ch\/it\/wp-json\/wp\/v2\/posts\/14223\/revisions"}],"wp:featuredmedia":[{"embeddable":true,"href":"https:\/\/vr-room.ch\/it\/wp-json\/wp\/v2\/media\/14224"}],"wp:attachment":[{"href":"https:\/\/vr-room.ch\/it\/wp-json\/wp\/v2\/media?parent=14223"}],"wp:term":[{"taxonomy":"category","embeddable":true,"href":"https:\/\/vr-room.ch\/it\/wp-json\/wp\/v2\/categories?post=14223"},{"taxonomy":"post_tag","embeddable":true,"href":"https:\/\/vr-room.ch\/it\/wp-json\/wp\/v2\/tags?post=14223"}],"curies":[{"name":"wp","href":"https:\/\/api.w.org\/{rel}","templated":true}]}}