{"id":14017,"date":"2019-05-20T15:35:19","date_gmt":"2019-05-20T15:35:19","guid":{"rendered":"https:\/\/vr-room.ch\/?p=14017"},"modified":"2019-05-20T15:35:19","modified_gmt":"2019-05-20T15:35:19","slug":"pro-sieben-sat-1-steigt-bei-holodeck-ein","status":"publish","type":"post","link":"https:\/\/vr-room.ch\/it\/2019\/05\/20\/pro-sieben-sat-1-steigt-bei-holodeck-ein\/","title":{"rendered":"Pro Sieben Sat 1 si unisce a Holodeck"},"content":{"rendered":"<h3 id=\"pro-sieben-sat-1-verstaerkt-sich-im-bereich-virtual-reality-und-steigt-bei-holodeck-vr-ein-der-konzern-investiert-einen-einstelligen-millionenbetrag-in-die-open-content-plattform-und-will-sich-damit\">Pro Sieben Sat 1 rafforza la sua posizione nel campo della realt\u00e0 virtuale e investe in Holodeck VR. Il Gruppo sta investendo una cifra a una cifra per la piattaforma di contenuti aperti e vuole posizionarsi in un mercato con una forte crescita a due cifre.<!--more--><\/h3>\n<p>Pro Sieben Sat 1 acquisisce il 20% di Holodeck VR, che sviluppa esperienze di realt\u00e0 virtuale basate sulla localizzazione. L'azienda tecnologica con sede a Norimberga pu\u00f2 cos\u00ec beneficiare delle sinergie con il gruppo multimediale, come le opportunit\u00e0 di vendita e i vari campi di applicazione di Pro Sieben Sat 1.<\/p>\n<div id=\"6315039\" class=\"Ad Ad-mediumFullBannerDetail\">Holodeck punta a crescere fortemente nei prossimi anni e prevede di espandere la propria rete dalle attuali sette sedi a 350 nel 2022. I prodotti della start-up si rivolgono a organizzatori di eventi, gestori di edifici pubblici e proprietari di immobili. Gruppi fino a 20 persone possono immergersi in mondi virtuali come parchi di divertimento, festival o centri commerciali utilizzando occhiali VR. Ogni giorno diverse migliaia di ospiti possono partecipare a dimostrazioni sul ponte ologrammi. La tecnologia originale proviene dall'Istituto Fraunhofer per i circuiti integrati.<\/div>\n<p>Pro Sieben Sat 1 prevede di distribuire le applicazioni attraverso il Gruppo Jochen Schweizer Mydays, anche nei parchi di divertimento e attivit\u00e0. Il Gruppo vede anche un potenziale nei settori della produzione di contenuti, delle trasmissioni in diretta e nella business unit sportiva 7Sports. \"Vogliamo utilizzare questo investimento per sviluppare e offrire nuove ed entusiasmanti esperienze VR che siano divertenti e facili da usare, creando un'offerta di realt\u00e0 virtuale per la prossima generazione di utenti\", afferma Jonathan Nowak Delgado, co-fondatore e CEO di Holodeck VR.<\/p>\n<p>Gi\u00e0 nel 2017 c'\u00e8 stato un esperimento con l'AR nel noto programma Galileo, come noi <a href=\"https:\/\/vr-room.ch\/it\/2017\/11\/06\/galileo-startet-die-woche-mit-augmented-reality\/\">segnalato<\/a>.<\/p>\n<p>Fonte: horizont<\/p>","protected":false},"excerpt":{"rendered":"Pro Sieben Sat 1 rafforza la sua posizione nel campo della realt\u00e0 virtuale e si unisce a Holodeck VR. Il gruppo...","protected":false},"author":12,"featured_media":14018,"comment_status":"open","ping_status":"open","sticky":false,"template":"","format":"standard","meta":{"footnotes":""},"categories":[11],"tags":[],"class_list":{"0":"post-14017","1":"post","2":"type-post","3":"status-publish","4":"format-standard","5":"has-post-thumbnail","7":"category-virtual-reality-industrie","8":"cs-entry","9":"cs-video-wrap"},"yoast_head":"<!-- This site is optimized with the Yoast SEO plugin v27.4 - https:\/\/yoast.com\/product\/yoast-seo-wordpress\/ -->\n<title>Pro Sieben Sat 1 steigt bei Holodeck ein - Schweizer Virtual Reality News<\/title>\n<meta name=\"robots\" content=\"index, follow, max-snippet:-1, max-image-preview:large, max-video-preview:-1\" \/>\n<link rel=\"canonical\" href=\"https:\/\/vr-room.ch\/it\/2019\/05\/20\/pro-sieben-sat-1-steigt-bei-holodeck-ein\/\" \/>\n<meta property=\"og:locale\" content=\"it_IT\" \/>\n<meta property=\"og:type\" content=\"article\" \/>\n<meta property=\"og:title\" content=\"Pro Sieben Sat 1 steigt bei Holodeck ein - Schweizer Virtual Reality News\" \/>\n<meta property=\"og:description\" content=\"Pro Sieben Sat 1 verst\u00e4rkt sich im Bereich Virtual Reality und steigt bei Holodeck VR ein. Der Konzern&hellip;\" \/>\n<meta property=\"og:url\" content=\"https:\/\/vr-room.ch\/it\/2019\/05\/20\/pro-sieben-sat-1-steigt-bei-holodeck-ein\/\" \/>\n<meta property=\"og:site_name\" content=\"Schweizer Virtual Reality News\" \/>\n<meta property=\"article:published_time\" content=\"2019-05-20T15:35:19+00:00\" \/>\n<meta property=\"og:image\" content=\"https:\/\/vr-room.ch\/wp-content\/uploads\/2019\/05\/VR-271411-detailnp.jpeg\" \/>\n\t<meta property=\"og:image:width\" content=\"617\" \/>\n\t<meta property=\"og:image:height\" content=\"346\" \/>\n\t<meta property=\"og:image:type\" content=\"image\/jpeg\" \/>\n<meta name=\"author\" content=\"Nathalie\" \/>\n<meta name=\"twitter:card\" content=\"summary_large_image\" \/>\n<meta name=\"twitter:label1\" content=\"Scritto da\" \/>\n\t<meta name=\"twitter:data1\" content=\"Nathalie\" \/>\n\t<meta name=\"twitter:label2\" content=\"Tempo di lettura stimato\" \/>\n\t<meta name=\"twitter:data2\" content=\"1 minuto\" \/>\n<script type=\"application\/ld+json\" class=\"yoast-schema-graph\">{\"@context\":\"https:\\\/\\\/schema.org\",\"@graph\":[{\"@type\":\"Article\",\"@id\":\"https:\\\/\\\/vr-room.ch\\\/2019\\\/05\\\/20\\\/pro-sieben-sat-1-steigt-bei-holodeck-ein\\\/#article\",\"isPartOf\":{\"@id\":\"https:\\\/\\\/vr-room.ch\\\/2019\\\/05\\\/20\\\/pro-sieben-sat-1-steigt-bei-holodeck-ein\\\/\"},\"author\":{\"name\":\"Nathalie\",\"@id\":\"http:\\\/\\\/vr-room.ch\\\/en\\\/#\\\/schema\\\/person\\\/1a03b3a6ced429fb4831f60fa2b37599\"},\"headline\":\"Pro Sieben Sat 1 steigt bei Holodeck ein\",\"datePublished\":\"2019-05-20T15:35:19+00:00\",\"mainEntityOfPage\":{\"@id\":\"https:\\\/\\\/vr-room.ch\\\/2019\\\/05\\\/20\\\/pro-sieben-sat-1-steigt-bei-holodeck-ein\\\/\"},\"wordCount\":259,\"commentCount\":0,\"image\":{\"@id\":\"https:\\\/\\\/vr-room.ch\\\/2019\\\/05\\\/20\\\/pro-sieben-sat-1-steigt-bei-holodeck-ein\\\/#primaryimage\"},\"thumbnailUrl\":\"https:\\\/\\\/vr-room.ch\\\/wp-content\\\/uploads\\\/2019\\\/05\\\/VR-271411-detailnp.jpeg\",\"articleSection\":[\"Industrie\"],\"inLanguage\":\"it-IT\",\"potentialAction\":[{\"@type\":\"CommentAction\",\"name\":\"Comment\",\"target\":[\"https:\\\/\\\/vr-room.ch\\\/2019\\\/05\\\/20\\\/pro-sieben-sat-1-steigt-bei-holodeck-ein\\\/#respond\"]}]},{\"@type\":\"WebPage\",\"@id\":\"https:\\\/\\\/vr-room.ch\\\/2019\\\/05\\\/20\\\/pro-sieben-sat-1-steigt-bei-holodeck-ein\\\/\",\"url\":\"https:\\\/\\\/vr-room.ch\\\/2019\\\/05\\\/20\\\/pro-sieben-sat-1-steigt-bei-holodeck-ein\\\/\",\"name\":\"Pro Sieben Sat 1 steigt bei Holodeck ein - Schweizer Virtual Reality News\",\"isPartOf\":{\"@id\":\"http:\\\/\\\/vr-room.ch\\\/en\\\/#website\"},\"primaryImageOfPage\":{\"@id\":\"https:\\\/\\\/vr-room.ch\\\/2019\\\/05\\\/20\\\/pro-sieben-sat-1-steigt-bei-holodeck-ein\\\/#primaryimage\"},\"image\":{\"@id\":\"https:\\\/\\\/vr-room.ch\\\/2019\\\/05\\\/20\\\/pro-sieben-sat-1-steigt-bei-holodeck-ein\\\/#primaryimage\"},\"thumbnailUrl\":\"https:\\\/\\\/vr-room.ch\\\/wp-content\\\/uploads\\\/2019\\\/05\\\/VR-271411-detailnp.jpeg\",\"datePublished\":\"2019-05-20T15:35:19+00:00\",\"author\":{\"@id\":\"http:\\\/\\\/vr-room.ch\\\/en\\\/#\\\/schema\\\/person\\\/1a03b3a6ced429fb4831f60fa2b37599\"},\"breadcrumb\":{\"@id\":\"https:\\\/\\\/vr-room.ch\\\/2019\\\/05\\\/20\\\/pro-sieben-sat-1-steigt-bei-holodeck-ein\\\/#breadcrumb\"},\"inLanguage\":\"it-IT\",\"potentialAction\":[{\"@type\":\"ReadAction\",\"target\":[\"https:\\\/\\\/vr-room.ch\\\/2019\\\/05\\\/20\\\/pro-sieben-sat-1-steigt-bei-holodeck-ein\\\/\"]}]},{\"@type\":\"ImageObject\",\"inLanguage\":\"it-IT\",\"@id\":\"https:\\\/\\\/vr-room.ch\\\/2019\\\/05\\\/20\\\/pro-sieben-sat-1-steigt-bei-holodeck-ein\\\/#primaryimage\",\"url\":\"https:\\\/\\\/vr-room.ch\\\/wp-content\\\/uploads\\\/2019\\\/05\\\/VR-271411-detailnp.jpeg\",\"contentUrl\":\"https:\\\/\\\/vr-room.ch\\\/wp-content\\\/uploads\\\/2019\\\/05\\\/VR-271411-detailnp.jpeg\",\"width\":617,\"height\":346},{\"@type\":\"BreadcrumbList\",\"@id\":\"https:\\\/\\\/vr-room.ch\\\/2019\\\/05\\\/20\\\/pro-sieben-sat-1-steigt-bei-holodeck-ein\\\/#breadcrumb\",\"itemListElement\":[{\"@type\":\"ListItem\",\"position\":1,\"name\":\"Startseite\",\"item\":\"http:\\\/\\\/vr-room.ch\\\/en\\\/\"},{\"@type\":\"ListItem\",\"position\":2,\"name\":\"Pro Sieben Sat 1 steigt bei Holodeck ein\"}]},{\"@type\":\"WebSite\",\"@id\":\"http:\\\/\\\/vr-room.ch\\\/en\\\/#website\",\"url\":\"http:\\\/\\\/vr-room.ch\\\/en\\\/\",\"name\":\"Schweizer Virtual Reality News\",\"description\":\"\",\"potentialAction\":[{\"@type\":\"SearchAction\",\"target\":{\"@type\":\"EntryPoint\",\"urlTemplate\":\"http:\\\/\\\/vr-room.ch\\\/en\\\/?s={search_term_string}\"},\"query-input\":{\"@type\":\"PropertyValueSpecification\",\"valueRequired\":true,\"valueName\":\"search_term_string\"}}],\"inLanguage\":\"it-IT\"},{\"@type\":\"Person\",\"@id\":\"http:\\\/\\\/vr-room.ch\\\/en\\\/#\\\/schema\\\/person\\\/1a03b3a6ced429fb4831f60fa2b37599\",\"name\":\"Nathalie\",\"image\":{\"@type\":\"ImageObject\",\"inLanguage\":\"it-IT\",\"@id\":\"https:\\\/\\\/vr-room.ch\\\/wp-content\\\/uploads\\\/2017\\\/01\\\/avatar_user_12_1484159890-96x96.jpg\",\"url\":\"https:\\\/\\\/vr-room.ch\\\/wp-content\\\/uploads\\\/2017\\\/01\\\/avatar_user_12_1484159890-96x96.jpg\",\"contentUrl\":\"https:\\\/\\\/vr-room.ch\\\/wp-content\\\/uploads\\\/2017\\\/01\\\/avatar_user_12_1484159890-96x96.jpg\",\"caption\":\"Nathalie\"},\"url\":\"https:\\\/\\\/vr-room.ch\\\/it\\\/author\\\/nathalie\\\/\"}]}<\/script>\n<!-- \/ Yoast SEO plugin. -->","yoast_head_json":{"title":"Pro Sieben Sat 1 steigt bei Holodeck ein - Schweizer Virtual Reality News","robots":{"index":"index","follow":"follow","max-snippet":"max-snippet:-1","max-image-preview":"max-image-preview:large","max-video-preview":"max-video-preview:-1"},"canonical":"https:\/\/vr-room.ch\/it\/2019\/05\/20\/pro-sieben-sat-1-steigt-bei-holodeck-ein\/","og_locale":"it_IT","og_type":"article","og_title":"Pro Sieben Sat 1 steigt bei Holodeck ein - Schweizer Virtual Reality News","og_description":"Pro Sieben Sat 1 verst\u00e4rkt sich im Bereich Virtual Reality und steigt bei Holodeck VR ein. Der Konzern&hellip;","og_url":"https:\/\/vr-room.ch\/it\/2019\/05\/20\/pro-sieben-sat-1-steigt-bei-holodeck-ein\/","og_site_name":"Schweizer Virtual Reality News","article_published_time":"2019-05-20T15:35:19+00:00","og_image":[{"width":617,"height":346,"url":"https:\/\/vr-room.ch\/wp-content\/uploads\/2019\/05\/VR-271411-detailnp.jpeg","type":"image\/jpeg"}],"author":"Nathalie","twitter_card":"summary_large_image","twitter_misc":{"Scritto da":"Nathalie","Tempo di lettura stimato":"1 minuto"},"schema":{"@context":"https:\/\/schema.org","@graph":[{"@type":"Article","@id":"https:\/\/vr-room.ch\/2019\/05\/20\/pro-sieben-sat-1-steigt-bei-holodeck-ein\/#article","isPartOf":{"@id":"https:\/\/vr-room.ch\/2019\/05\/20\/pro-sieben-sat-1-steigt-bei-holodeck-ein\/"},"author":{"name":"Nathalie","@id":"http:\/\/vr-room.ch\/en\/#\/schema\/person\/1a03b3a6ced429fb4831f60fa2b37599"},"headline":"Pro Sieben Sat 1 steigt bei Holodeck ein","datePublished":"2019-05-20T15:35:19+00:00","mainEntityOfPage":{"@id":"https:\/\/vr-room.ch\/2019\/05\/20\/pro-sieben-sat-1-steigt-bei-holodeck-ein\/"},"wordCount":259,"commentCount":0,"image":{"@id":"https:\/\/vr-room.ch\/2019\/05\/20\/pro-sieben-sat-1-steigt-bei-holodeck-ein\/#primaryimage"},"thumbnailUrl":"https:\/\/vr-room.ch\/wp-content\/uploads\/2019\/05\/VR-271411-detailnp.jpeg","articleSection":["Industrie"],"inLanguage":"it-IT","potentialAction":[{"@type":"CommentAction","name":"Comment","target":["https:\/\/vr-room.ch\/2019\/05\/20\/pro-sieben-sat-1-steigt-bei-holodeck-ein\/#respond"]}]},{"@type":"WebPage","@id":"https:\/\/vr-room.ch\/2019\/05\/20\/pro-sieben-sat-1-steigt-bei-holodeck-ein\/","url":"https:\/\/vr-room.ch\/2019\/05\/20\/pro-sieben-sat-1-steigt-bei-holodeck-ein\/","name":"Pro Sieben Sat 1 steigt bei Holodeck ein - Schweizer Virtual Reality News","isPartOf":{"@id":"http:\/\/vr-room.ch\/en\/#website"},"primaryImageOfPage":{"@id":"https:\/\/vr-room.ch\/2019\/05\/20\/pro-sieben-sat-1-steigt-bei-holodeck-ein\/#primaryimage"},"image":{"@id":"https:\/\/vr-room.ch\/2019\/05\/20\/pro-sieben-sat-1-steigt-bei-holodeck-ein\/#primaryimage"},"thumbnailUrl":"https:\/\/vr-room.ch\/wp-content\/uploads\/2019\/05\/VR-271411-detailnp.jpeg","datePublished":"2019-05-20T15:35:19+00:00","author":{"@id":"http:\/\/vr-room.ch\/en\/#\/schema\/person\/1a03b3a6ced429fb4831f60fa2b37599"},"breadcrumb":{"@id":"https:\/\/vr-room.ch\/2019\/05\/20\/pro-sieben-sat-1-steigt-bei-holodeck-ein\/#breadcrumb"},"inLanguage":"it-IT","potentialAction":[{"@type":"ReadAction","target":["https:\/\/vr-room.ch\/2019\/05\/20\/pro-sieben-sat-1-steigt-bei-holodeck-ein\/"]}]},{"@type":"ImageObject","inLanguage":"it-IT","@id":"https:\/\/vr-room.ch\/2019\/05\/20\/pro-sieben-sat-1-steigt-bei-holodeck-ein\/#primaryimage","url":"https:\/\/vr-room.ch\/wp-content\/uploads\/2019\/05\/VR-271411-detailnp.jpeg","contentUrl":"https:\/\/vr-room.ch\/wp-content\/uploads\/2019\/05\/VR-271411-detailnp.jpeg","width":617,"height":346},{"@type":"BreadcrumbList","@id":"https:\/\/vr-room.ch\/2019\/05\/20\/pro-sieben-sat-1-steigt-bei-holodeck-ein\/#breadcrumb","itemListElement":[{"@type":"ListItem","position":1,"name":"Startseite","item":"http:\/\/vr-room.ch\/en\/"},{"@type":"ListItem","position":2,"name":"Pro Sieben Sat 1 steigt bei Holodeck ein"}]},{"@type":"WebSite","@id":"http:\/\/vr-room.ch\/en\/#website","url":"http:\/\/vr-room.ch\/en\/","name":"Notizie sulla realt\u00e0 virtuale in Svizzera","description":"","potentialAction":[{"@type":"SearchAction","target":{"@type":"EntryPoint","urlTemplate":"http:\/\/vr-room.ch\/en\/?s={search_term_string}"},"query-input":{"@type":"PropertyValueSpecification","valueRequired":true,"valueName":"search_term_string"}}],"inLanguage":"it-IT"},{"@type":"Person","@id":"http:\/\/vr-room.ch\/en\/#\/schema\/person\/1a03b3a6ced429fb4831f60fa2b37599","name":"Nathalie","image":{"@type":"ImageObject","inLanguage":"it-IT","@id":"https:\/\/vr-room.ch\/wp-content\/uploads\/2017\/01\/avatar_user_12_1484159890-96x96.jpg","url":"https:\/\/vr-room.ch\/wp-content\/uploads\/2017\/01\/avatar_user_12_1484159890-96x96.jpg","contentUrl":"https:\/\/vr-room.ch\/wp-content\/uploads\/2017\/01\/avatar_user_12_1484159890-96x96.jpg","caption":"Nathalie"},"url":"https:\/\/vr-room.ch\/it\/author\/nathalie\/"}]}},"_links":{"self":[{"href":"https:\/\/vr-room.ch\/it\/wp-json\/wp\/v2\/posts\/14017","targetHints":{"allow":["GET"]}}],"collection":[{"href":"https:\/\/vr-room.ch\/it\/wp-json\/wp\/v2\/posts"}],"about":[{"href":"https:\/\/vr-room.ch\/it\/wp-json\/wp\/v2\/types\/post"}],"author":[{"embeddable":true,"href":"https:\/\/vr-room.ch\/it\/wp-json\/wp\/v2\/users\/12"}],"replies":[{"embeddable":true,"href":"https:\/\/vr-room.ch\/it\/wp-json\/wp\/v2\/comments?post=14017"}],"version-history":[{"count":0,"href":"https:\/\/vr-room.ch\/it\/wp-json\/wp\/v2\/posts\/14017\/revisions"}],"wp:featuredmedia":[{"embeddable":true,"href":"https:\/\/vr-room.ch\/it\/wp-json\/wp\/v2\/media\/14018"}],"wp:attachment":[{"href":"https:\/\/vr-room.ch\/it\/wp-json\/wp\/v2\/media?parent=14017"}],"wp:term":[{"taxonomy":"category","embeddable":true,"href":"https:\/\/vr-room.ch\/it\/wp-json\/wp\/v2\/categories?post=14017"},{"taxonomy":"post_tag","embeddable":true,"href":"https:\/\/vr-room.ch\/it\/wp-json\/wp\/v2\/tags?post=14017"}],"curies":[{"name":"wp","href":"https:\/\/api.w.org\/{rel}","templated":true}]}}