{"id":12826,"date":"2019-02-16T09:23:29","date_gmt":"2019-02-16T09:23:29","guid":{"rendered":"http:\/\/vr-room.ch\/?p=12826"},"modified":"2019-02-16T09:23:29","modified_gmt":"2019-02-16T09:23:29","slug":"vr-ankuendigung-nintendo-switch-dieses-jahr","status":"publish","type":"post","link":"https:\/\/vr-room.ch\/it\/2019\/02\/16\/vr-ankuendigung-nintendo-switch-dieses-jahr\/","title":{"rendered":"Nintendo ha in programma la presentazione della VR?"},"content":{"rendered":"<p>Si moltiplicano le voci secondo cui Nintendo vorrebbe fare un passo avanti nella realt\u00e0 virtuale con lo Switch. Tuttavia, negli ultimi tempi l'azienda giapponese ha ripetutamente espresso scetticismo nei confronti della VR.<\/p>\n<p>La pagina <a href=\"https:\/\/www.nintendoworldreport.com\/rumor\/49747\/could-a-vr-related-switch-announcement-be-approaching\">Rapporto sul mondo Nintendo<\/a> hat von seinen Quellen, die nat\u00fcrlich anonym bleiben wollen, erfahren, dass Nintendo noch in diesem Jahr seine erste VR-bezogene Ank\u00fcndigung machen wird. Dazu heisst es: &#8222;Wir glauben auch, dass eine kleine, ausgew\u00e4hlte Anzahl von traditionellen First-Party-Software-Titeln in nicht allzu ferner Zukunft eine VR-Unterst\u00fctzung erhalten k\u00f6nnte.&#8220; Welche Spiele das sein k\u00f6nnten? Man darf gespannt sein.<\/p>\n<p>La domanda che sorge spontanea \u00e8 come <a href=\"https:\/\/www.nintendo.de\/\">Nintendo<\/a> vuole implementare la funzione VR su Switch, poich\u00e9 quest'ultima non \u00e8 la console pi\u00f9 potente di questa generazione. Inoltre, Nintendo si \u00e8 dimostrata piuttosto scettica nei confronti della VR in passato. D'altra parte, ci sono gi\u00e0 stati alcuni accenni alla VR. Ad esempio, l'anno scorso \u00e8 stata scoperta una modalit\u00e0 di test VR nei dati del firmware di Switch. Pertanto, l'indiscrezione potrebbe avere un fondamento.<\/p>\n<p>Fonte: Rapporto sul mondo Nintendo<\/p>\n<p>&nbsp;<\/p>","protected":false},"excerpt":{"rendered":"Al momento si sta diffondendo la voce che Nintendo voglia fare un passo avanti nella realt\u00e0 virtuale con lo Switch....","protected":false},"author":11,"featured_media":12828,"comment_status":"open","ping_status":"open","sticky":false,"template":"","format":"standard","meta":{"footnotes":""},"categories":[11],"tags":[],"class_list":{"0":"post-12826","1":"post","2":"type-post","3":"status-publish","4":"format-standard","5":"has-post-thumbnail","7":"category-virtual-reality-industrie","8":"cs-entry","9":"cs-video-wrap"},"yoast_head":"<!-- This site is optimized with the Yoast SEO plugin v27.4 - https:\/\/yoast.com\/product\/yoast-seo-wordpress\/ -->\n<title>VR-Enth\u00fcllung von Nintendo geplant? - Schweizer Virtual Reality News<\/title>\n<meta name=\"robots\" content=\"index, follow, max-snippet:-1, max-image-preview:large, max-video-preview:-1\" \/>\n<link rel=\"canonical\" href=\"https:\/\/vr-room.ch\/it\/2019\/02\/16\/vr-ankuendigung-nintendo-switch-dieses-jahr\/\" \/>\n<meta property=\"og:locale\" content=\"it_IT\" \/>\n<meta property=\"og:type\" content=\"article\" \/>\n<meta property=\"og:title\" content=\"VR-Enth\u00fcllung von Nintendo geplant? - Schweizer Virtual Reality News\" \/>\n<meta property=\"og:description\" content=\"Momentan verst\u00e4rkt sich das Ger\u00fccht, dass Nintendo mit der Switch einen Schritt in die virtuelle Realit\u00e4t machen m\u00f6chte.&hellip;\" \/>\n<meta property=\"og:url\" content=\"https:\/\/vr-room.ch\/it\/2019\/02\/16\/vr-ankuendigung-nintendo-switch-dieses-jahr\/\" \/>\n<meta property=\"og:site_name\" content=\"Schweizer Virtual Reality News\" \/>\n<meta property=\"article:published_time\" content=\"2019-02-16T09:23:29+00:00\" \/>\n<meta property=\"og:image\" content=\"https:\/\/vr-room.ch\/wp-content\/uploads\/2019\/02\/Switch.jpg\" \/>\n\t<meta property=\"og:image:width\" content=\"2000\" \/>\n\t<meta property=\"og:image:height\" content=\"1000\" \/>\n\t<meta property=\"og:image:type\" content=\"image\/jpeg\" \/>\n<meta name=\"author\" content=\"Michael\" \/>\n<meta name=\"twitter:card\" content=\"summary_large_image\" \/>\n<meta name=\"twitter:label1\" content=\"Scritto da\" \/>\n\t<meta name=\"twitter:data1\" content=\"Michael\" \/>\n\t<meta name=\"twitter:label2\" content=\"Tempo di lettura stimato\" \/>\n\t<meta name=\"twitter:data2\" content=\"1 minuto\" \/>\n<script type=\"application\/ld+json\" class=\"yoast-schema-graph\">{\"@context\":\"https:\\\/\\\/schema.org\",\"@graph\":[{\"@type\":\"Article\",\"@id\":\"https:\\\/\\\/vr-room.ch\\\/it\\\/2019\\\/02\\\/16\\\/vr-ankuendigung-nintendo-switch-dieses-jahr\\\/#article\",\"isPartOf\":{\"@id\":\"https:\\\/\\\/vr-room.ch\\\/it\\\/2019\\\/02\\\/16\\\/vr-ankuendigung-nintendo-switch-dieses-jahr\\\/\"},\"author\":{\"name\":\"Michael\",\"@id\":\"http:\\\/\\\/vr-room.ch\\\/en\\\/#\\\/schema\\\/person\\\/4022b4e1fba06681ac263b25c0f1e3d2\"},\"headline\":\"VR-Enth\u00fcllung von Nintendo geplant?\",\"datePublished\":\"2019-02-16T09:23:29+00:00\",\"mainEntityOfPage\":{\"@id\":\"https:\\\/\\\/vr-room.ch\\\/it\\\/2019\\\/02\\\/16\\\/vr-ankuendigung-nintendo-switch-dieses-jahr\\\/\"},\"wordCount\":190,\"commentCount\":0,\"image\":{\"@id\":\"https:\\\/\\\/vr-room.ch\\\/it\\\/2019\\\/02\\\/16\\\/vr-ankuendigung-nintendo-switch-dieses-jahr\\\/#primaryimage\"},\"thumbnailUrl\":\"https:\\\/\\\/vr-room.ch\\\/wp-content\\\/uploads\\\/2019\\\/02\\\/Switch.jpg\",\"articleSection\":[\"Industrie\"],\"inLanguage\":\"it-IT\",\"potentialAction\":[{\"@type\":\"CommentAction\",\"name\":\"Comment\",\"target\":[\"https:\\\/\\\/vr-room.ch\\\/it\\\/2019\\\/02\\\/16\\\/vr-ankuendigung-nintendo-switch-dieses-jahr\\\/#respond\"]}]},{\"@type\":\"WebPage\",\"@id\":\"https:\\\/\\\/vr-room.ch\\\/it\\\/2019\\\/02\\\/16\\\/vr-ankuendigung-nintendo-switch-dieses-jahr\\\/\",\"url\":\"https:\\\/\\\/vr-room.ch\\\/it\\\/2019\\\/02\\\/16\\\/vr-ankuendigung-nintendo-switch-dieses-jahr\\\/\",\"name\":\"VR-Enth\u00fcllung von Nintendo geplant? - Schweizer Virtual Reality News\",\"isPartOf\":{\"@id\":\"http:\\\/\\\/vr-room.ch\\\/en\\\/#website\"},\"primaryImageOfPage\":{\"@id\":\"https:\\\/\\\/vr-room.ch\\\/it\\\/2019\\\/02\\\/16\\\/vr-ankuendigung-nintendo-switch-dieses-jahr\\\/#primaryimage\"},\"image\":{\"@id\":\"https:\\\/\\\/vr-room.ch\\\/it\\\/2019\\\/02\\\/16\\\/vr-ankuendigung-nintendo-switch-dieses-jahr\\\/#primaryimage\"},\"thumbnailUrl\":\"https:\\\/\\\/vr-room.ch\\\/wp-content\\\/uploads\\\/2019\\\/02\\\/Switch.jpg\",\"datePublished\":\"2019-02-16T09:23:29+00:00\",\"author\":{\"@id\":\"http:\\\/\\\/vr-room.ch\\\/en\\\/#\\\/schema\\\/person\\\/4022b4e1fba06681ac263b25c0f1e3d2\"},\"breadcrumb\":{\"@id\":\"https:\\\/\\\/vr-room.ch\\\/it\\\/2019\\\/02\\\/16\\\/vr-ankuendigung-nintendo-switch-dieses-jahr\\\/#breadcrumb\"},\"inLanguage\":\"it-IT\",\"potentialAction\":[{\"@type\":\"ReadAction\",\"target\":[\"https:\\\/\\\/vr-room.ch\\\/it\\\/2019\\\/02\\\/16\\\/vr-ankuendigung-nintendo-switch-dieses-jahr\\\/\"]}]},{\"@type\":\"ImageObject\",\"inLanguage\":\"it-IT\",\"@id\":\"https:\\\/\\\/vr-room.ch\\\/it\\\/2019\\\/02\\\/16\\\/vr-ankuendigung-nintendo-switch-dieses-jahr\\\/#primaryimage\",\"url\":\"https:\\\/\\\/vr-room.ch\\\/wp-content\\\/uploads\\\/2019\\\/02\\\/Switch.jpg\",\"contentUrl\":\"https:\\\/\\\/vr-room.ch\\\/wp-content\\\/uploads\\\/2019\\\/02\\\/Switch.jpg\",\"width\":2000,\"height\":1000},{\"@type\":\"BreadcrumbList\",\"@id\":\"https:\\\/\\\/vr-room.ch\\\/it\\\/2019\\\/02\\\/16\\\/vr-ankuendigung-nintendo-switch-dieses-jahr\\\/#breadcrumb\",\"itemListElement\":[{\"@type\":\"ListItem\",\"position\":1,\"name\":\"Startseite\",\"item\":\"http:\\\/\\\/vr-room.ch\\\/en\\\/\"},{\"@type\":\"ListItem\",\"position\":2,\"name\":\"VR-Enth\u00fcllung von Nintendo geplant?\"}]},{\"@type\":\"WebSite\",\"@id\":\"http:\\\/\\\/vr-room.ch\\\/en\\\/#website\",\"url\":\"http:\\\/\\\/vr-room.ch\\\/en\\\/\",\"name\":\"Schweizer Virtual Reality News\",\"description\":\"\",\"potentialAction\":[{\"@type\":\"SearchAction\",\"target\":{\"@type\":\"EntryPoint\",\"urlTemplate\":\"http:\\\/\\\/vr-room.ch\\\/en\\\/?s={search_term_string}\"},\"query-input\":{\"@type\":\"PropertyValueSpecification\",\"valueRequired\":true,\"valueName\":\"search_term_string\"}}],\"inLanguage\":\"it-IT\"},{\"@type\":\"Person\",\"@id\":\"http:\\\/\\\/vr-room.ch\\\/en\\\/#\\\/schema\\\/person\\\/4022b4e1fba06681ac263b25c0f1e3d2\",\"name\":\"Michael\",\"image\":{\"@type\":\"ImageObject\",\"inLanguage\":\"it-IT\",\"@id\":\"https:\\\/\\\/vr-room.ch\\\/wp-content\\\/uploads\\\/2019\\\/05\\\/avatar_user_11_1558711168-96x96.jpg\",\"url\":\"https:\\\/\\\/vr-room.ch\\\/wp-content\\\/uploads\\\/2019\\\/05\\\/avatar_user_11_1558711168-96x96.jpg\",\"contentUrl\":\"https:\\\/\\\/vr-room.ch\\\/wp-content\\\/uploads\\\/2019\\\/05\\\/avatar_user_11_1558711168-96x96.jpg\",\"caption\":\"Michael\"},\"url\":\"https:\\\/\\\/vr-room.ch\\\/it\\\/author\\\/michael\\\/\"}]}<\/script>\n<!-- \/ Yoast SEO plugin. -->","yoast_head_json":{"title":"VR-Enth\u00fcllung von Nintendo geplant? - Schweizer Virtual Reality News","robots":{"index":"index","follow":"follow","max-snippet":"max-snippet:-1","max-image-preview":"max-image-preview:large","max-video-preview":"max-video-preview:-1"},"canonical":"https:\/\/vr-room.ch\/it\/2019\/02\/16\/vr-ankuendigung-nintendo-switch-dieses-jahr\/","og_locale":"it_IT","og_type":"article","og_title":"VR-Enth\u00fcllung von Nintendo geplant? - Schweizer Virtual Reality News","og_description":"Momentan verst\u00e4rkt sich das Ger\u00fccht, dass Nintendo mit der Switch einen Schritt in die virtuelle Realit\u00e4t machen m\u00f6chte.&hellip;","og_url":"https:\/\/vr-room.ch\/it\/2019\/02\/16\/vr-ankuendigung-nintendo-switch-dieses-jahr\/","og_site_name":"Schweizer Virtual Reality News","article_published_time":"2019-02-16T09:23:29+00:00","og_image":[{"width":2000,"height":1000,"url":"https:\/\/vr-room.ch\/wp-content\/uploads\/2019\/02\/Switch.jpg","type":"image\/jpeg"}],"author":"Michael","twitter_card":"summary_large_image","twitter_misc":{"Scritto da":"Michael","Tempo di lettura stimato":"1 minuto"},"schema":{"@context":"https:\/\/schema.org","@graph":[{"@type":"Article","@id":"https:\/\/vr-room.ch\/it\/2019\/02\/16\/vr-ankuendigung-nintendo-switch-dieses-jahr\/#article","isPartOf":{"@id":"https:\/\/vr-room.ch\/it\/2019\/02\/16\/vr-ankuendigung-nintendo-switch-dieses-jahr\/"},"author":{"name":"Michael","@id":"http:\/\/vr-room.ch\/en\/#\/schema\/person\/4022b4e1fba06681ac263b25c0f1e3d2"},"headline":"VR-Enth\u00fcllung von Nintendo geplant?","datePublished":"2019-02-16T09:23:29+00:00","mainEntityOfPage":{"@id":"https:\/\/vr-room.ch\/it\/2019\/02\/16\/vr-ankuendigung-nintendo-switch-dieses-jahr\/"},"wordCount":190,"commentCount":0,"image":{"@id":"https:\/\/vr-room.ch\/it\/2019\/02\/16\/vr-ankuendigung-nintendo-switch-dieses-jahr\/#primaryimage"},"thumbnailUrl":"https:\/\/vr-room.ch\/wp-content\/uploads\/2019\/02\/Switch.jpg","articleSection":["Industrie"],"inLanguage":"it-IT","potentialAction":[{"@type":"CommentAction","name":"Comment","target":["https:\/\/vr-room.ch\/it\/2019\/02\/16\/vr-ankuendigung-nintendo-switch-dieses-jahr\/#respond"]}]},{"@type":"WebPage","@id":"https:\/\/vr-room.ch\/it\/2019\/02\/16\/vr-ankuendigung-nintendo-switch-dieses-jahr\/","url":"https:\/\/vr-room.ch\/it\/2019\/02\/16\/vr-ankuendigung-nintendo-switch-dieses-jahr\/","name":"VR-Enth\u00fcllung von Nintendo geplant? - Schweizer Virtual Reality News","isPartOf":{"@id":"http:\/\/vr-room.ch\/en\/#website"},"primaryImageOfPage":{"@id":"https:\/\/vr-room.ch\/it\/2019\/02\/16\/vr-ankuendigung-nintendo-switch-dieses-jahr\/#primaryimage"},"image":{"@id":"https:\/\/vr-room.ch\/it\/2019\/02\/16\/vr-ankuendigung-nintendo-switch-dieses-jahr\/#primaryimage"},"thumbnailUrl":"https:\/\/vr-room.ch\/wp-content\/uploads\/2019\/02\/Switch.jpg","datePublished":"2019-02-16T09:23:29+00:00","author":{"@id":"http:\/\/vr-room.ch\/en\/#\/schema\/person\/4022b4e1fba06681ac263b25c0f1e3d2"},"breadcrumb":{"@id":"https:\/\/vr-room.ch\/it\/2019\/02\/16\/vr-ankuendigung-nintendo-switch-dieses-jahr\/#breadcrumb"},"inLanguage":"it-IT","potentialAction":[{"@type":"ReadAction","target":["https:\/\/vr-room.ch\/it\/2019\/02\/16\/vr-ankuendigung-nintendo-switch-dieses-jahr\/"]}]},{"@type":"ImageObject","inLanguage":"it-IT","@id":"https:\/\/vr-room.ch\/it\/2019\/02\/16\/vr-ankuendigung-nintendo-switch-dieses-jahr\/#primaryimage","url":"https:\/\/vr-room.ch\/wp-content\/uploads\/2019\/02\/Switch.jpg","contentUrl":"https:\/\/vr-room.ch\/wp-content\/uploads\/2019\/02\/Switch.jpg","width":2000,"height":1000},{"@type":"BreadcrumbList","@id":"https:\/\/vr-room.ch\/it\/2019\/02\/16\/vr-ankuendigung-nintendo-switch-dieses-jahr\/#breadcrumb","itemListElement":[{"@type":"ListItem","position":1,"name":"Startseite","item":"http:\/\/vr-room.ch\/en\/"},{"@type":"ListItem","position":2,"name":"VR-Enth\u00fcllung von Nintendo geplant?"}]},{"@type":"WebSite","@id":"http:\/\/vr-room.ch\/en\/#website","url":"http:\/\/vr-room.ch\/en\/","name":"Notizie sulla realt\u00e0 virtuale in Svizzera","description":"","potentialAction":[{"@type":"SearchAction","target":{"@type":"EntryPoint","urlTemplate":"http:\/\/vr-room.ch\/en\/?s={search_term_string}"},"query-input":{"@type":"PropertyValueSpecification","valueRequired":true,"valueName":"search_term_string"}}],"inLanguage":"it-IT"},{"@type":"Person","@id":"http:\/\/vr-room.ch\/en\/#\/schema\/person\/4022b4e1fba06681ac263b25c0f1e3d2","name":"Michele","image":{"@type":"ImageObject","inLanguage":"it-IT","@id":"https:\/\/vr-room.ch\/wp-content\/uploads\/2019\/05\/avatar_user_11_1558711168-96x96.jpg","url":"https:\/\/vr-room.ch\/wp-content\/uploads\/2019\/05\/avatar_user_11_1558711168-96x96.jpg","contentUrl":"https:\/\/vr-room.ch\/wp-content\/uploads\/2019\/05\/avatar_user_11_1558711168-96x96.jpg","caption":"Michael"},"url":"https:\/\/vr-room.ch\/it\/author\/michael\/"}]}},"_links":{"self":[{"href":"https:\/\/vr-room.ch\/it\/wp-json\/wp\/v2\/posts\/12826","targetHints":{"allow":["GET"]}}],"collection":[{"href":"https:\/\/vr-room.ch\/it\/wp-json\/wp\/v2\/posts"}],"about":[{"href":"https:\/\/vr-room.ch\/it\/wp-json\/wp\/v2\/types\/post"}],"author":[{"embeddable":true,"href":"https:\/\/vr-room.ch\/it\/wp-json\/wp\/v2\/users\/11"}],"replies":[{"embeddable":true,"href":"https:\/\/vr-room.ch\/it\/wp-json\/wp\/v2\/comments?post=12826"}],"version-history":[{"count":0,"href":"https:\/\/vr-room.ch\/it\/wp-json\/wp\/v2\/posts\/12826\/revisions"}],"wp:featuredmedia":[{"embeddable":true,"href":"https:\/\/vr-room.ch\/it\/wp-json\/wp\/v2\/media\/12828"}],"wp:attachment":[{"href":"https:\/\/vr-room.ch\/it\/wp-json\/wp\/v2\/media?parent=12826"}],"wp:term":[{"taxonomy":"category","embeddable":true,"href":"https:\/\/vr-room.ch\/it\/wp-json\/wp\/v2\/categories?post=12826"},{"taxonomy":"post_tag","embeddable":true,"href":"https:\/\/vr-room.ch\/it\/wp-json\/wp\/v2\/tags?post=12826"}],"curies":[{"name":"wp","href":"https:\/\/api.w.org\/{rel}","templated":true}]}}