{"id":12799,"date":"2019-02-17T06:24:45","date_gmt":"2019-02-17T06:24:45","guid":{"rendered":"http:\/\/vr-room.ch\/?p=12799"},"modified":"2019-02-14T14:31:17","modified_gmt":"2019-02-14T14:31:17","slug":"blautopf-tour-hoehlen-der-schwaebischen-alb-mit-vr-erleben","status":"publish","type":"post","link":"https:\/\/vr-room.ch\/it\/2019\/02\/17\/blautopf-tour-hoehlen-der-schwaebischen-alb-mit-vr-erleben\/","title":{"rendered":"Tour del Blautopf: scoprite le grotte del Giura Svevo con la VR"},"content":{"rendered":"<h3 id=\"eigentlich-ist-die-welt-unter-dem-beruehmten-blautopf-in-blaubeuren-nur-hoehlernforschern-zugaenglich-mit-dem-neuen-swr-projekt-blautopf-vr-kann-ab-sofort-jeder-mit-einer-brille-diese-w\" class=\"lead\">Eigentlich ist die Welt unter dem ber\u00fchmten Blautopf in Blaubeuren nur H\u00f6hlernforschern zug\u00e4nglich. Mit dem neuen SWR-Projekt &#8222;Blautopf VR&#8220; kann ab sofort jeder mit einer Brille diese Welt erkunden.<!--more--><\/h3>\n<div class=\"bodytext\">\n<p>Schmale Durchbr\u00fcche, Unterwasserg\u00e4nge, unterirdische Hallen: In den vergangenen Jahren hat eine Gemeinschaft aus H\u00f6hlenforschern das weit verzweigte Blauh\u00f6hlensystem auf der Schw\u00e4bischen Alb erforscht und faszinierende Bilder zu Tage gef\u00f6rdert. Mit dem Projekt &#8222;<a href=\"https:\/\/www.swr.de\/blautopfVR\/\">Blautopf VR - Avventura nel mondo delle caverne<\/a>t&#8220; k\u00f6nnen SWR Nutzer die Forscher in die Tiefen dieses magischen Orts mit einer 3D-Brille begleiten und seine Sch\u00f6nheit erleben. Nur wenige Menschen haben die Blauh\u00f6hle und die Vetterh\u00f6hle bisher betreten.<\/p>\n<\/div>\n<h3 id=\"einzelne-hoehlenabschnitt-unter-die-lupe-nehmen\">Osservate da vicino le singole sezioni della grotta<\/h3>\n<p>Il tour esplorativo guidato offre un'affascinante visione a tutto tondo delle singole sezioni della grotta grazie alle immagini fotogrammetriche. Insieme al finto speleologo esperto Paul, gli utenti si immergono nelle profondit\u00e0 del sistema della Grotta Azzurra e ricevono ulteriori informazioni sul mondo delle grotte, ad esempio sotto forma di video e audio.<\/p>\n<p>Immer wieder begegnet man hier Forscherpionieren des H\u00f6hlensystems in Bild und Ton und erf\u00e4hrt Wissenswertes zu Legenden, Geschichte, Geologie und Naturwelt. So vermittelt &#8222;Blautopf VR&#8220; einen Einblick in die Welt der Forscher und die Faszination ihrer gef\u00e4hrlichen Berufung und l\u00e4sst Nutzerinnen und Nutzer Teil der Forschergemeinschaft werden.<\/p>\n<p>Una visita guidata alla scoperta della citt\u00e0 \u00e8 ora disponibile per i\u00a0<a class=\"inline-link\" href=\"https:\/\/www.oculus.com\/experiences\/go\/2145949445462715\/\" target=\"_blank\" rel=\"nofollow noopener noreferrer\">Occhiali VR Oculus Go disponibili (download gratuito nell'Oculus Store)<\/a>. Il mondo delle grotte carsiche del Giura Svevo pu\u00f2 essere esplorato anche con un reportage multimediale. Una versione per smartphone per Android e iOS sar\u00e0 rilasciata all'inizio di maggio. A maggio seguir\u00e0 anche un gioco VR, in cui i giocatori si caleranno nei panni di un esploratore di grotte che parte alla ricerca di un collega scomparso.<\/p>\n<p>Fonte: swr<\/p>","protected":false},"excerpt":{"rendered":"Eigentlich ist die Welt unter dem ber\u00fchmten Blautopf in Blaubeuren nur H\u00f6hlernforschern zug\u00e4nglich. Mit dem neuen SWR-Projekt &#8222;Blautopf&hellip;","protected":false},"author":12,"featured_media":12800,"comment_status":"open","ping_status":"open","sticky":false,"template":"","format":"standard","meta":{"footnotes":""},"categories":[67],"tags":[],"class_list":{"0":"post-12799","1":"post","2":"type-post","3":"status-publish","4":"format-standard","5":"has-post-thumbnail","7":"category-virtual-reality-gesellschaft","8":"cs-entry","9":"cs-video-wrap"},"yoast_head":"<!-- This site is optimized with the Yoast SEO plugin v27.4 - https:\/\/yoast.com\/product\/yoast-seo-wordpress\/ -->\n<title>Blautopf-Tour: H\u00f6hlen der Schw\u00e4bischen Alb mit VR erleben - Schweizer Virtual Reality News<\/title>\n<meta name=\"robots\" content=\"index, follow, max-snippet:-1, max-image-preview:large, max-video-preview:-1\" \/>\n<link rel=\"canonical\" href=\"http:\/\/vr-room.ch\/it\/2019\/02\/17\/blautopf-tour-hoehlen-der-schwaebischen-alb-mit-vr-erleben\/\" \/>\n<meta property=\"og:locale\" content=\"it_IT\" \/>\n<meta property=\"og:type\" content=\"article\" \/>\n<meta property=\"og:title\" content=\"Blautopf-Tour: H\u00f6hlen der Schw\u00e4bischen Alb mit VR erleben - Schweizer Virtual Reality News\" \/>\n<meta property=\"og:description\" content=\"Eigentlich ist die Welt unter dem ber\u00fchmten Blautopf in Blaubeuren nur H\u00f6hlernforschern zug\u00e4nglich. Mit dem neuen SWR-Projekt &#8222;Blautopf&hellip;\" \/>\n<meta property=\"og:url\" content=\"http:\/\/vr-room.ch\/it\/2019\/02\/17\/blautopf-tour-hoehlen-der-schwaebischen-alb-mit-vr-erleben\/\" \/>\n<meta property=\"og:site_name\" content=\"Schweizer Virtual Reality News\" \/>\n<meta property=\"article:published_time\" content=\"2019-02-17T06:24:45+00:00\" \/>\n<meta property=\"og:image\" content=\"https:\/\/vr-room.ch\/wp-content\/uploads\/2019\/02\/Blautopf-VR-Abenteuer-Hoehlenwelt1549446589125vr-projekt-blautopf-112__v-16x9@2dXL_-77ed5d09bafd4e3cf6a5a0264e5e16ea35f14925.jpg\" \/>\n\t<meta property=\"og:image:width\" content=\"1920\" \/>\n\t<meta property=\"og:image:height\" content=\"1080\" \/>\n\t<meta property=\"og:image:type\" content=\"image\/jpeg\" \/>\n<meta name=\"author\" content=\"Nathalie\" \/>\n<meta name=\"twitter:card\" content=\"summary_large_image\" \/>\n<meta name=\"twitter:label1\" content=\"Scritto da\" \/>\n\t<meta name=\"twitter:data1\" content=\"Nathalie\" \/>\n\t<meta name=\"twitter:label2\" content=\"Tempo di lettura stimato\" \/>\n\t<meta name=\"twitter:data2\" content=\"1 minuto\" \/>\n<script type=\"application\/ld+json\" class=\"yoast-schema-graph\">{\"@context\":\"https:\\\/\\\/schema.org\",\"@graph\":[{\"@type\":\"Article\",\"@id\":\"http:\\\/\\\/vr-room.ch\\\/it\\\/2019\\\/02\\\/17\\\/blautopf-tour-hoehlen-der-schwaebischen-alb-mit-vr-erleben\\\/#article\",\"isPartOf\":{\"@id\":\"http:\\\/\\\/vr-room.ch\\\/it\\\/2019\\\/02\\\/17\\\/blautopf-tour-hoehlen-der-schwaebischen-alb-mit-vr-erleben\\\/\"},\"author\":{\"name\":\"Nathalie\",\"@id\":\"http:\\\/\\\/vr-room.ch\\\/en\\\/#\\\/schema\\\/person\\\/1a03b3a6ced429fb4831f60fa2b37599\"},\"headline\":\"Blautopf-Tour: H\u00f6hlen der Schw\u00e4bischen Alb mit VR erleben\",\"datePublished\":\"2019-02-17T06:24:45+00:00\",\"mainEntityOfPage\":{\"@id\":\"http:\\\/\\\/vr-room.ch\\\/it\\\/2019\\\/02\\\/17\\\/blautopf-tour-hoehlen-der-schwaebischen-alb-mit-vr-erleben\\\/\"},\"wordCount\":308,\"commentCount\":0,\"image\":{\"@id\":\"http:\\\/\\\/vr-room.ch\\\/it\\\/2019\\\/02\\\/17\\\/blautopf-tour-hoehlen-der-schwaebischen-alb-mit-vr-erleben\\\/#primaryimage\"},\"thumbnailUrl\":\"https:\\\/\\\/vr-room.ch\\\/wp-content\\\/uploads\\\/2019\\\/02\\\/Blautopf-VR-Abenteuer-Hoehlenwelt1549446589125vr-projekt-blautopf-112__v-16x9@2dXL_-77ed5d09bafd4e3cf6a5a0264e5e16ea35f14925.jpg\",\"articleSection\":[\"Gesellschaft\"],\"inLanguage\":\"it-IT\",\"potentialAction\":[{\"@type\":\"CommentAction\",\"name\":\"Comment\",\"target\":[\"http:\\\/\\\/vr-room.ch\\\/it\\\/2019\\\/02\\\/17\\\/blautopf-tour-hoehlen-der-schwaebischen-alb-mit-vr-erleben\\\/#respond\"]}]},{\"@type\":\"WebPage\",\"@id\":\"http:\\\/\\\/vr-room.ch\\\/it\\\/2019\\\/02\\\/17\\\/blautopf-tour-hoehlen-der-schwaebischen-alb-mit-vr-erleben\\\/\",\"url\":\"http:\\\/\\\/vr-room.ch\\\/it\\\/2019\\\/02\\\/17\\\/blautopf-tour-hoehlen-der-schwaebischen-alb-mit-vr-erleben\\\/\",\"name\":\"Blautopf-Tour: H\u00f6hlen der Schw\u00e4bischen Alb mit VR erleben - Schweizer Virtual Reality News\",\"isPartOf\":{\"@id\":\"http:\\\/\\\/vr-room.ch\\\/en\\\/#website\"},\"primaryImageOfPage\":{\"@id\":\"http:\\\/\\\/vr-room.ch\\\/it\\\/2019\\\/02\\\/17\\\/blautopf-tour-hoehlen-der-schwaebischen-alb-mit-vr-erleben\\\/#primaryimage\"},\"image\":{\"@id\":\"http:\\\/\\\/vr-room.ch\\\/it\\\/2019\\\/02\\\/17\\\/blautopf-tour-hoehlen-der-schwaebischen-alb-mit-vr-erleben\\\/#primaryimage\"},\"thumbnailUrl\":\"https:\\\/\\\/vr-room.ch\\\/wp-content\\\/uploads\\\/2019\\\/02\\\/Blautopf-VR-Abenteuer-Hoehlenwelt1549446589125vr-projekt-blautopf-112__v-16x9@2dXL_-77ed5d09bafd4e3cf6a5a0264e5e16ea35f14925.jpg\",\"datePublished\":\"2019-02-17T06:24:45+00:00\",\"author\":{\"@id\":\"http:\\\/\\\/vr-room.ch\\\/en\\\/#\\\/schema\\\/person\\\/1a03b3a6ced429fb4831f60fa2b37599\"},\"breadcrumb\":{\"@id\":\"http:\\\/\\\/vr-room.ch\\\/it\\\/2019\\\/02\\\/17\\\/blautopf-tour-hoehlen-der-schwaebischen-alb-mit-vr-erleben\\\/#breadcrumb\"},\"inLanguage\":\"it-IT\",\"potentialAction\":[{\"@type\":\"ReadAction\",\"target\":[\"http:\\\/\\\/vr-room.ch\\\/it\\\/2019\\\/02\\\/17\\\/blautopf-tour-hoehlen-der-schwaebischen-alb-mit-vr-erleben\\\/\"]}]},{\"@type\":\"ImageObject\",\"inLanguage\":\"it-IT\",\"@id\":\"http:\\\/\\\/vr-room.ch\\\/it\\\/2019\\\/02\\\/17\\\/blautopf-tour-hoehlen-der-schwaebischen-alb-mit-vr-erleben\\\/#primaryimage\",\"url\":\"https:\\\/\\\/vr-room.ch\\\/wp-content\\\/uploads\\\/2019\\\/02\\\/Blautopf-VR-Abenteuer-Hoehlenwelt1549446589125vr-projekt-blautopf-112__v-16x9@2dXL_-77ed5d09bafd4e3cf6a5a0264e5e16ea35f14925.jpg\",\"contentUrl\":\"https:\\\/\\\/vr-room.ch\\\/wp-content\\\/uploads\\\/2019\\\/02\\\/Blautopf-VR-Abenteuer-Hoehlenwelt1549446589125vr-projekt-blautopf-112__v-16x9@2dXL_-77ed5d09bafd4e3cf6a5a0264e5e16ea35f14925.jpg\",\"width\":1920,\"height\":1080},{\"@type\":\"BreadcrumbList\",\"@id\":\"http:\\\/\\\/vr-room.ch\\\/it\\\/2019\\\/02\\\/17\\\/blautopf-tour-hoehlen-der-schwaebischen-alb-mit-vr-erleben\\\/#breadcrumb\",\"itemListElement\":[{\"@type\":\"ListItem\",\"position\":1,\"name\":\"Startseite\",\"item\":\"http:\\\/\\\/vr-room.ch\\\/en\\\/\"},{\"@type\":\"ListItem\",\"position\":2,\"name\":\"Blautopf-Tour: H\u00f6hlen der Schw\u00e4bischen Alb mit VR erleben\"}]},{\"@type\":\"WebSite\",\"@id\":\"http:\\\/\\\/vr-room.ch\\\/en\\\/#website\",\"url\":\"http:\\\/\\\/vr-room.ch\\\/en\\\/\",\"name\":\"Schweizer Virtual Reality News\",\"description\":\"\",\"potentialAction\":[{\"@type\":\"SearchAction\",\"target\":{\"@type\":\"EntryPoint\",\"urlTemplate\":\"http:\\\/\\\/vr-room.ch\\\/en\\\/?s={search_term_string}\"},\"query-input\":{\"@type\":\"PropertyValueSpecification\",\"valueRequired\":true,\"valueName\":\"search_term_string\"}}],\"inLanguage\":\"it-IT\"},{\"@type\":\"Person\",\"@id\":\"http:\\\/\\\/vr-room.ch\\\/en\\\/#\\\/schema\\\/person\\\/1a03b3a6ced429fb4831f60fa2b37599\",\"name\":\"Nathalie\",\"image\":{\"@type\":\"ImageObject\",\"inLanguage\":\"it-IT\",\"@id\":\"https:\\\/\\\/vr-room.ch\\\/wp-content\\\/uploads\\\/2017\\\/01\\\/avatar_user_12_1484159890-96x96.jpg\",\"url\":\"https:\\\/\\\/vr-room.ch\\\/wp-content\\\/uploads\\\/2017\\\/01\\\/avatar_user_12_1484159890-96x96.jpg\",\"contentUrl\":\"https:\\\/\\\/vr-room.ch\\\/wp-content\\\/uploads\\\/2017\\\/01\\\/avatar_user_12_1484159890-96x96.jpg\",\"caption\":\"Nathalie\"},\"url\":\"https:\\\/\\\/vr-room.ch\\\/it\\\/author\\\/nathalie\\\/\"}]}<\/script>\n<!-- \/ Yoast SEO plugin. -->","yoast_head_json":{"title":"Blautopf-Tour: H\u00f6hlen der Schw\u00e4bischen Alb mit VR erleben - Schweizer Virtual Reality News","robots":{"index":"index","follow":"follow","max-snippet":"max-snippet:-1","max-image-preview":"max-image-preview:large","max-video-preview":"max-video-preview:-1"},"canonical":"http:\/\/vr-room.ch\/it\/2019\/02\/17\/blautopf-tour-hoehlen-der-schwaebischen-alb-mit-vr-erleben\/","og_locale":"it_IT","og_type":"article","og_title":"Blautopf-Tour: H\u00f6hlen der Schw\u00e4bischen Alb mit VR erleben - Schweizer Virtual Reality News","og_description":"Eigentlich ist die Welt unter dem ber\u00fchmten Blautopf in Blaubeuren nur H\u00f6hlernforschern zug\u00e4nglich. Mit dem neuen SWR-Projekt &#8222;Blautopf&hellip;","og_url":"http:\/\/vr-room.ch\/it\/2019\/02\/17\/blautopf-tour-hoehlen-der-schwaebischen-alb-mit-vr-erleben\/","og_site_name":"Schweizer Virtual Reality News","article_published_time":"2019-02-17T06:24:45+00:00","og_image":[{"width":1920,"height":1080,"url":"https:\/\/vr-room.ch\/wp-content\/uploads\/2019\/02\/Blautopf-VR-Abenteuer-Hoehlenwelt1549446589125vr-projekt-blautopf-112__v-16x9@2dXL_-77ed5d09bafd4e3cf6a5a0264e5e16ea35f14925.jpg","type":"image\/jpeg"}],"author":"Nathalie","twitter_card":"summary_large_image","twitter_misc":{"Scritto da":"Nathalie","Tempo di lettura stimato":"1 minuto"},"schema":{"@context":"https:\/\/schema.org","@graph":[{"@type":"Article","@id":"http:\/\/vr-room.ch\/it\/2019\/02\/17\/blautopf-tour-hoehlen-der-schwaebischen-alb-mit-vr-erleben\/#article","isPartOf":{"@id":"http:\/\/vr-room.ch\/it\/2019\/02\/17\/blautopf-tour-hoehlen-der-schwaebischen-alb-mit-vr-erleben\/"},"author":{"name":"Nathalie","@id":"http:\/\/vr-room.ch\/en\/#\/schema\/person\/1a03b3a6ced429fb4831f60fa2b37599"},"headline":"Blautopf-Tour: H\u00f6hlen der Schw\u00e4bischen Alb mit VR erleben","datePublished":"2019-02-17T06:24:45+00:00","mainEntityOfPage":{"@id":"http:\/\/vr-room.ch\/it\/2019\/02\/17\/blautopf-tour-hoehlen-der-schwaebischen-alb-mit-vr-erleben\/"},"wordCount":308,"commentCount":0,"image":{"@id":"http:\/\/vr-room.ch\/it\/2019\/02\/17\/blautopf-tour-hoehlen-der-schwaebischen-alb-mit-vr-erleben\/#primaryimage"},"thumbnailUrl":"https:\/\/vr-room.ch\/wp-content\/uploads\/2019\/02\/Blautopf-VR-Abenteuer-Hoehlenwelt1549446589125vr-projekt-blautopf-112__v-16x9@2dXL_-77ed5d09bafd4e3cf6a5a0264e5e16ea35f14925.jpg","articleSection":["Gesellschaft"],"inLanguage":"it-IT","potentialAction":[{"@type":"CommentAction","name":"Comment","target":["http:\/\/vr-room.ch\/it\/2019\/02\/17\/blautopf-tour-hoehlen-der-schwaebischen-alb-mit-vr-erleben\/#respond"]}]},{"@type":"WebPage","@id":"http:\/\/vr-room.ch\/it\/2019\/02\/17\/blautopf-tour-hoehlen-der-schwaebischen-alb-mit-vr-erleben\/","url":"http:\/\/vr-room.ch\/it\/2019\/02\/17\/blautopf-tour-hoehlen-der-schwaebischen-alb-mit-vr-erleben\/","name":"Blautopf-Tour: H\u00f6hlen der Schw\u00e4bischen Alb mit VR erleben - Schweizer Virtual Reality News","isPartOf":{"@id":"http:\/\/vr-room.ch\/en\/#website"},"primaryImageOfPage":{"@id":"http:\/\/vr-room.ch\/it\/2019\/02\/17\/blautopf-tour-hoehlen-der-schwaebischen-alb-mit-vr-erleben\/#primaryimage"},"image":{"@id":"http:\/\/vr-room.ch\/it\/2019\/02\/17\/blautopf-tour-hoehlen-der-schwaebischen-alb-mit-vr-erleben\/#primaryimage"},"thumbnailUrl":"https:\/\/vr-room.ch\/wp-content\/uploads\/2019\/02\/Blautopf-VR-Abenteuer-Hoehlenwelt1549446589125vr-projekt-blautopf-112__v-16x9@2dXL_-77ed5d09bafd4e3cf6a5a0264e5e16ea35f14925.jpg","datePublished":"2019-02-17T06:24:45+00:00","author":{"@id":"http:\/\/vr-room.ch\/en\/#\/schema\/person\/1a03b3a6ced429fb4831f60fa2b37599"},"breadcrumb":{"@id":"http:\/\/vr-room.ch\/it\/2019\/02\/17\/blautopf-tour-hoehlen-der-schwaebischen-alb-mit-vr-erleben\/#breadcrumb"},"inLanguage":"it-IT","potentialAction":[{"@type":"ReadAction","target":["http:\/\/vr-room.ch\/it\/2019\/02\/17\/blautopf-tour-hoehlen-der-schwaebischen-alb-mit-vr-erleben\/"]}]},{"@type":"ImageObject","inLanguage":"it-IT","@id":"http:\/\/vr-room.ch\/it\/2019\/02\/17\/blautopf-tour-hoehlen-der-schwaebischen-alb-mit-vr-erleben\/#primaryimage","url":"https:\/\/vr-room.ch\/wp-content\/uploads\/2019\/02\/Blautopf-VR-Abenteuer-Hoehlenwelt1549446589125vr-projekt-blautopf-112__v-16x9@2dXL_-77ed5d09bafd4e3cf6a5a0264e5e16ea35f14925.jpg","contentUrl":"https:\/\/vr-room.ch\/wp-content\/uploads\/2019\/02\/Blautopf-VR-Abenteuer-Hoehlenwelt1549446589125vr-projekt-blautopf-112__v-16x9@2dXL_-77ed5d09bafd4e3cf6a5a0264e5e16ea35f14925.jpg","width":1920,"height":1080},{"@type":"BreadcrumbList","@id":"http:\/\/vr-room.ch\/it\/2019\/02\/17\/blautopf-tour-hoehlen-der-schwaebischen-alb-mit-vr-erleben\/#breadcrumb","itemListElement":[{"@type":"ListItem","position":1,"name":"Startseite","item":"http:\/\/vr-room.ch\/en\/"},{"@type":"ListItem","position":2,"name":"Blautopf-Tour: H\u00f6hlen der Schw\u00e4bischen Alb mit VR erleben"}]},{"@type":"WebSite","@id":"http:\/\/vr-room.ch\/en\/#website","url":"http:\/\/vr-room.ch\/en\/","name":"Notizie sulla realt\u00e0 virtuale in Svizzera","description":"","potentialAction":[{"@type":"SearchAction","target":{"@type":"EntryPoint","urlTemplate":"http:\/\/vr-room.ch\/en\/?s={search_term_string}"},"query-input":{"@type":"PropertyValueSpecification","valueRequired":true,"valueName":"search_term_string"}}],"inLanguage":"it-IT"},{"@type":"Person","@id":"http:\/\/vr-room.ch\/en\/#\/schema\/person\/1a03b3a6ced429fb4831f60fa2b37599","name":"Nathalie","image":{"@type":"ImageObject","inLanguage":"it-IT","@id":"https:\/\/vr-room.ch\/wp-content\/uploads\/2017\/01\/avatar_user_12_1484159890-96x96.jpg","url":"https:\/\/vr-room.ch\/wp-content\/uploads\/2017\/01\/avatar_user_12_1484159890-96x96.jpg","contentUrl":"https:\/\/vr-room.ch\/wp-content\/uploads\/2017\/01\/avatar_user_12_1484159890-96x96.jpg","caption":"Nathalie"},"url":"https:\/\/vr-room.ch\/it\/author\/nathalie\/"}]}},"_links":{"self":[{"href":"https:\/\/vr-room.ch\/it\/wp-json\/wp\/v2\/posts\/12799","targetHints":{"allow":["GET"]}}],"collection":[{"href":"https:\/\/vr-room.ch\/it\/wp-json\/wp\/v2\/posts"}],"about":[{"href":"https:\/\/vr-room.ch\/it\/wp-json\/wp\/v2\/types\/post"}],"author":[{"embeddable":true,"href":"https:\/\/vr-room.ch\/it\/wp-json\/wp\/v2\/users\/12"}],"replies":[{"embeddable":true,"href":"https:\/\/vr-room.ch\/it\/wp-json\/wp\/v2\/comments?post=12799"}],"version-history":[{"count":0,"href":"https:\/\/vr-room.ch\/it\/wp-json\/wp\/v2\/posts\/12799\/revisions"}],"wp:featuredmedia":[{"embeddable":true,"href":"https:\/\/vr-room.ch\/it\/wp-json\/wp\/v2\/media\/12800"}],"wp:attachment":[{"href":"https:\/\/vr-room.ch\/it\/wp-json\/wp\/v2\/media?parent=12799"}],"wp:term":[{"taxonomy":"category","embeddable":true,"href":"https:\/\/vr-room.ch\/it\/wp-json\/wp\/v2\/categories?post=12799"},{"taxonomy":"post_tag","embeddable":true,"href":"https:\/\/vr-room.ch\/it\/wp-json\/wp\/v2\/tags?post=12799"}],"curies":[{"name":"wp","href":"https:\/\/api.w.org\/{rel}","templated":true}]}}