{"id":12517,"date":"2019-01-11T09:34:53","date_gmt":"2019-01-11T09:34:53","guid":{"rendered":"http:\/\/vr-room.ch\/?p=12517"},"modified":"2019-01-11T09:34:53","modified_gmt":"2019-01-11T09:34:53","slug":"htc-vive-pro-eye-augen-tracking","status":"publish","type":"post","link":"https:\/\/vr-room.ch\/it\/2019\/01\/11\/htc-vive-pro-eye-augen-tracking\/","title":{"rendered":"HTC Vive Pro Eye con tracciamento oculare presentato"},"content":{"rendered":"<p>Sul <a href=\"https:\/\/www.ces.tech\/\">CES 2019<\/a> A Las Vegas \u00e8 stata presentata una nuova versione dell'HTC Vive Pro, che offre una funzione aggiuntiva: Ha integrato il tracciamento oculare dell'azienda Tobii.<\/p>\n<p>I sensori necessari per il tracciamento degli occhi sono montati in un anello attorno alle due lenti delle cuffie VR. Gli impulsi di luce invisibile vengono utilizzati per rilevare con precisione la direzione dello sguardo. In questo modo \u00e8 possibile utilizzare i menu, ad esempio, senza dover utilizzare i controller.<\/p>\n<p>Das sogenannte &#8222;Foveated Rendering&#8220; sorgt ausserdem daf\u00fcr, dass die Grafik im Mittelpunkt der Blickrichtung am detailliertesten dargestellt wird. An den R\u00e4ndern werden die Details verringert, weil das Menschliche Auge dort ohnehin weniger scharf sieht. Dadurch kann man Rechenleistung effektiver nutzen bzw. einsparen. Ansonsten sind bei den Hardware-Spezifikationen keine grossen \u00c4nderungen zu erwarten. Es ist jedoch von Verbesserungen bei der Ergonomie und den Kopfh\u00f6rern die Rede.<\/p>\n<p>HTC Vive Pro Eye non \u00e8 destinato a sostituire le precedenti cuffie VR. HTC si rivolge a una clientela business, motivo per cui si pu\u00f2 ipotizzare un prezzo di conseguenza elevato, ma non sono ancora state rivelate informazioni precise. In ogni caso, il divertimento coster\u00e0 pi\u00f9 di un normale HTC Vive Pro. Il rilascio avverr\u00e0 nel secondo trimestre del 2019. Il <a href=\"https:\/\/www.vive.com\/de\/pro-eye\/\">pagina ufficiale del prodotto<\/a> \u00e8 gi\u00e0 online.<\/p>\n<div style=\"width: 640px;\" class=\"wp-video\"><video class=\"wp-video-shortcode\" id=\"video-12517-1\" width=\"640\" height=\"360\" loop preload=\"metadata\" controls=\"controls\"><source type=\"video\/youtube\" src=\"https:\/\/www.youtube.com\/watch?v=lxsLOnY9Yg4&#038;_=1\" \/><a href=\"https:\/\/www.youtube.com\/watch?v=lxsLOnY9Yg4\">https:\/\/www.youtube.com\/watch?v=lxsLOnY9Yg4<\/a><\/video><\/div>\n<p>Fonte: <a href=\"https:\/\/uploadvr.com\/vive-pro-eye-everything-we-know\/\">UploadVR<\/a><\/p>","protected":false},"excerpt":{"rendered":"Al CES 2019 di Las Vegas \u00e8 stata presentata una nuova variante dell'HTC Vive Pro, che...","protected":false},"author":11,"featured_media":12520,"comment_status":"open","ping_status":"open","sticky":false,"template":"","format":"standard","meta":{"footnotes":""},"categories":[11],"tags":[],"class_list":{"0":"post-12517","1":"post","2":"type-post","3":"status-publish","4":"format-standard","5":"has-post-thumbnail","7":"category-virtual-reality-industrie","8":"cs-entry","9":"cs-video-wrap"},"yoast_head":"<!-- This site is optimized with the Yoast SEO plugin v27.4 - https:\/\/yoast.com\/product\/yoast-seo-wordpress\/ -->\n<title>HTC Vive Pro Eye mit Augen-Tracking vorgestellt - Schweizer Virtual Reality News<\/title>\n<meta name=\"robots\" content=\"index, follow, max-snippet:-1, max-image-preview:large, max-video-preview:-1\" \/>\n<link rel=\"canonical\" href=\"https:\/\/vr-room.ch\/it\/2019\/01\/11\/htc-vive-pro-eye-augen-tracking\/\" \/>\n<meta property=\"og:locale\" content=\"it_IT\" \/>\n<meta property=\"og:type\" content=\"article\" \/>\n<meta property=\"og:title\" content=\"HTC Vive Pro Eye mit Augen-Tracking vorgestellt - Schweizer Virtual Reality News\" \/>\n<meta property=\"og:description\" content=\"Auf der CES 2019 in Las Vegas wurde eine neue Variante der HTC Vive Pro vorgestellt, die ein&hellip;\" \/>\n<meta property=\"og:url\" content=\"https:\/\/vr-room.ch\/it\/2019\/01\/11\/htc-vive-pro-eye-augen-tracking\/\" \/>\n<meta property=\"og:site_name\" content=\"Schweizer Virtual Reality News\" \/>\n<meta property=\"article:published_time\" content=\"2019-01-11T09:34:53+00:00\" \/>\n<meta property=\"og:image\" content=\"https:\/\/vr-room.ch\/wp-content\/uploads\/2019\/01\/Vive-Pro-Eye.jpg\" \/>\n\t<meta property=\"og:image:width\" content=\"1649\" \/>\n\t<meta property=\"og:image:height\" content=\"765\" \/>\n\t<meta property=\"og:image:type\" content=\"image\/jpeg\" \/>\n<meta name=\"author\" content=\"Michael\" \/>\n<meta name=\"twitter:card\" content=\"summary_large_image\" \/>\n<meta name=\"twitter:label1\" content=\"Scritto da\" \/>\n\t<meta name=\"twitter:data1\" content=\"Michael\" \/>\n\t<meta name=\"twitter:label2\" content=\"Tempo di lettura stimato\" \/>\n\t<meta name=\"twitter:data2\" content=\"1 minuto\" \/>\n<script type=\"application\/ld+json\" class=\"yoast-schema-graph\">{\"@context\":\"https:\\\/\\\/schema.org\",\"@graph\":[{\"@type\":\"Article\",\"@id\":\"https:\\\/\\\/vr-room.ch\\\/2019\\\/01\\\/11\\\/htc-vive-pro-eye-augen-tracking\\\/#article\",\"isPartOf\":{\"@id\":\"https:\\\/\\\/vr-room.ch\\\/2019\\\/01\\\/11\\\/htc-vive-pro-eye-augen-tracking\\\/\"},\"author\":{\"name\":\"Michael\",\"@id\":\"http:\\\/\\\/vr-room.ch\\\/en\\\/#\\\/schema\\\/person\\\/4022b4e1fba06681ac263b25c0f1e3d2\"},\"headline\":\"HTC Vive Pro Eye mit Augen-Tracking vorgestellt\",\"datePublished\":\"2019-01-11T09:34:53+00:00\",\"mainEntityOfPage\":{\"@id\":\"https:\\\/\\\/vr-room.ch\\\/2019\\\/01\\\/11\\\/htc-vive-pro-eye-augen-tracking\\\/\"},\"wordCount\":223,\"commentCount\":0,\"image\":{\"@id\":\"https:\\\/\\\/vr-room.ch\\\/2019\\\/01\\\/11\\\/htc-vive-pro-eye-augen-tracking\\\/#primaryimage\"},\"thumbnailUrl\":\"https:\\\/\\\/vr-room.ch\\\/wp-content\\\/uploads\\\/2019\\\/01\\\/Vive-Pro-Eye.jpg\",\"articleSection\":[\"Industrie\"],\"inLanguage\":\"it-IT\",\"potentialAction\":[{\"@type\":\"CommentAction\",\"name\":\"Comment\",\"target\":[\"https:\\\/\\\/vr-room.ch\\\/2019\\\/01\\\/11\\\/htc-vive-pro-eye-augen-tracking\\\/#respond\"]}]},{\"@type\":\"WebPage\",\"@id\":\"https:\\\/\\\/vr-room.ch\\\/2019\\\/01\\\/11\\\/htc-vive-pro-eye-augen-tracking\\\/\",\"url\":\"https:\\\/\\\/vr-room.ch\\\/2019\\\/01\\\/11\\\/htc-vive-pro-eye-augen-tracking\\\/\",\"name\":\"HTC Vive Pro Eye mit Augen-Tracking vorgestellt - Schweizer Virtual Reality News\",\"isPartOf\":{\"@id\":\"http:\\\/\\\/vr-room.ch\\\/en\\\/#website\"},\"primaryImageOfPage\":{\"@id\":\"https:\\\/\\\/vr-room.ch\\\/2019\\\/01\\\/11\\\/htc-vive-pro-eye-augen-tracking\\\/#primaryimage\"},\"image\":{\"@id\":\"https:\\\/\\\/vr-room.ch\\\/2019\\\/01\\\/11\\\/htc-vive-pro-eye-augen-tracking\\\/#primaryimage\"},\"thumbnailUrl\":\"https:\\\/\\\/vr-room.ch\\\/wp-content\\\/uploads\\\/2019\\\/01\\\/Vive-Pro-Eye.jpg\",\"datePublished\":\"2019-01-11T09:34:53+00:00\",\"author\":{\"@id\":\"http:\\\/\\\/vr-room.ch\\\/en\\\/#\\\/schema\\\/person\\\/4022b4e1fba06681ac263b25c0f1e3d2\"},\"breadcrumb\":{\"@id\":\"https:\\\/\\\/vr-room.ch\\\/2019\\\/01\\\/11\\\/htc-vive-pro-eye-augen-tracking\\\/#breadcrumb\"},\"inLanguage\":\"it-IT\",\"potentialAction\":[{\"@type\":\"ReadAction\",\"target\":[\"https:\\\/\\\/vr-room.ch\\\/2019\\\/01\\\/11\\\/htc-vive-pro-eye-augen-tracking\\\/\"]}]},{\"@type\":\"ImageObject\",\"inLanguage\":\"it-IT\",\"@id\":\"https:\\\/\\\/vr-room.ch\\\/2019\\\/01\\\/11\\\/htc-vive-pro-eye-augen-tracking\\\/#primaryimage\",\"url\":\"https:\\\/\\\/vr-room.ch\\\/wp-content\\\/uploads\\\/2019\\\/01\\\/Vive-Pro-Eye.jpg\",\"contentUrl\":\"https:\\\/\\\/vr-room.ch\\\/wp-content\\\/uploads\\\/2019\\\/01\\\/Vive-Pro-Eye.jpg\",\"width\":1649,\"height\":765},{\"@type\":\"BreadcrumbList\",\"@id\":\"https:\\\/\\\/vr-room.ch\\\/2019\\\/01\\\/11\\\/htc-vive-pro-eye-augen-tracking\\\/#breadcrumb\",\"itemListElement\":[{\"@type\":\"ListItem\",\"position\":1,\"name\":\"Startseite\",\"item\":\"http:\\\/\\\/vr-room.ch\\\/en\\\/\"},{\"@type\":\"ListItem\",\"position\":2,\"name\":\"HTC Vive Pro Eye mit Augen-Tracking vorgestellt\"}]},{\"@type\":\"WebSite\",\"@id\":\"http:\\\/\\\/vr-room.ch\\\/en\\\/#website\",\"url\":\"http:\\\/\\\/vr-room.ch\\\/en\\\/\",\"name\":\"Schweizer Virtual Reality News\",\"description\":\"\",\"potentialAction\":[{\"@type\":\"SearchAction\",\"target\":{\"@type\":\"EntryPoint\",\"urlTemplate\":\"http:\\\/\\\/vr-room.ch\\\/en\\\/?s={search_term_string}\"},\"query-input\":{\"@type\":\"PropertyValueSpecification\",\"valueRequired\":true,\"valueName\":\"search_term_string\"}}],\"inLanguage\":\"it-IT\"},{\"@type\":\"Person\",\"@id\":\"http:\\\/\\\/vr-room.ch\\\/en\\\/#\\\/schema\\\/person\\\/4022b4e1fba06681ac263b25c0f1e3d2\",\"name\":\"Michael\",\"image\":{\"@type\":\"ImageObject\",\"inLanguage\":\"it-IT\",\"@id\":\"https:\\\/\\\/vr-room.ch\\\/wp-content\\\/uploads\\\/2019\\\/05\\\/avatar_user_11_1558711168-96x96.jpg\",\"url\":\"https:\\\/\\\/vr-room.ch\\\/wp-content\\\/uploads\\\/2019\\\/05\\\/avatar_user_11_1558711168-96x96.jpg\",\"contentUrl\":\"https:\\\/\\\/vr-room.ch\\\/wp-content\\\/uploads\\\/2019\\\/05\\\/avatar_user_11_1558711168-96x96.jpg\",\"caption\":\"Michael\"},\"url\":\"https:\\\/\\\/vr-room.ch\\\/it\\\/author\\\/michael\\\/\"}]}<\/script>\n<!-- \/ Yoast SEO plugin. -->","yoast_head_json":{"title":"HTC Vive Pro Eye mit Augen-Tracking vorgestellt - Schweizer Virtual Reality News","robots":{"index":"index","follow":"follow","max-snippet":"max-snippet:-1","max-image-preview":"max-image-preview:large","max-video-preview":"max-video-preview:-1"},"canonical":"https:\/\/vr-room.ch\/it\/2019\/01\/11\/htc-vive-pro-eye-augen-tracking\/","og_locale":"it_IT","og_type":"article","og_title":"HTC Vive Pro Eye mit Augen-Tracking vorgestellt - Schweizer Virtual Reality News","og_description":"Auf der CES 2019 in Las Vegas wurde eine neue Variante der HTC Vive Pro vorgestellt, die ein&hellip;","og_url":"https:\/\/vr-room.ch\/it\/2019\/01\/11\/htc-vive-pro-eye-augen-tracking\/","og_site_name":"Schweizer Virtual Reality News","article_published_time":"2019-01-11T09:34:53+00:00","og_image":[{"width":1649,"height":765,"url":"https:\/\/vr-room.ch\/wp-content\/uploads\/2019\/01\/Vive-Pro-Eye.jpg","type":"image\/jpeg"}],"author":"Michael","twitter_card":"summary_large_image","twitter_misc":{"Scritto da":"Michael","Tempo di lettura stimato":"1 minuto"},"schema":{"@context":"https:\/\/schema.org","@graph":[{"@type":"Article","@id":"https:\/\/vr-room.ch\/2019\/01\/11\/htc-vive-pro-eye-augen-tracking\/#article","isPartOf":{"@id":"https:\/\/vr-room.ch\/2019\/01\/11\/htc-vive-pro-eye-augen-tracking\/"},"author":{"name":"Michael","@id":"http:\/\/vr-room.ch\/en\/#\/schema\/person\/4022b4e1fba06681ac263b25c0f1e3d2"},"headline":"HTC Vive Pro Eye mit Augen-Tracking vorgestellt","datePublished":"2019-01-11T09:34:53+00:00","mainEntityOfPage":{"@id":"https:\/\/vr-room.ch\/2019\/01\/11\/htc-vive-pro-eye-augen-tracking\/"},"wordCount":223,"commentCount":0,"image":{"@id":"https:\/\/vr-room.ch\/2019\/01\/11\/htc-vive-pro-eye-augen-tracking\/#primaryimage"},"thumbnailUrl":"https:\/\/vr-room.ch\/wp-content\/uploads\/2019\/01\/Vive-Pro-Eye.jpg","articleSection":["Industrie"],"inLanguage":"it-IT","potentialAction":[{"@type":"CommentAction","name":"Comment","target":["https:\/\/vr-room.ch\/2019\/01\/11\/htc-vive-pro-eye-augen-tracking\/#respond"]}]},{"@type":"WebPage","@id":"https:\/\/vr-room.ch\/2019\/01\/11\/htc-vive-pro-eye-augen-tracking\/","url":"https:\/\/vr-room.ch\/2019\/01\/11\/htc-vive-pro-eye-augen-tracking\/","name":"HTC Vive Pro Eye mit Augen-Tracking vorgestellt - Schweizer Virtual Reality News","isPartOf":{"@id":"http:\/\/vr-room.ch\/en\/#website"},"primaryImageOfPage":{"@id":"https:\/\/vr-room.ch\/2019\/01\/11\/htc-vive-pro-eye-augen-tracking\/#primaryimage"},"image":{"@id":"https:\/\/vr-room.ch\/2019\/01\/11\/htc-vive-pro-eye-augen-tracking\/#primaryimage"},"thumbnailUrl":"https:\/\/vr-room.ch\/wp-content\/uploads\/2019\/01\/Vive-Pro-Eye.jpg","datePublished":"2019-01-11T09:34:53+00:00","author":{"@id":"http:\/\/vr-room.ch\/en\/#\/schema\/person\/4022b4e1fba06681ac263b25c0f1e3d2"},"breadcrumb":{"@id":"https:\/\/vr-room.ch\/2019\/01\/11\/htc-vive-pro-eye-augen-tracking\/#breadcrumb"},"inLanguage":"it-IT","potentialAction":[{"@type":"ReadAction","target":["https:\/\/vr-room.ch\/2019\/01\/11\/htc-vive-pro-eye-augen-tracking\/"]}]},{"@type":"ImageObject","inLanguage":"it-IT","@id":"https:\/\/vr-room.ch\/2019\/01\/11\/htc-vive-pro-eye-augen-tracking\/#primaryimage","url":"https:\/\/vr-room.ch\/wp-content\/uploads\/2019\/01\/Vive-Pro-Eye.jpg","contentUrl":"https:\/\/vr-room.ch\/wp-content\/uploads\/2019\/01\/Vive-Pro-Eye.jpg","width":1649,"height":765},{"@type":"BreadcrumbList","@id":"https:\/\/vr-room.ch\/2019\/01\/11\/htc-vive-pro-eye-augen-tracking\/#breadcrumb","itemListElement":[{"@type":"ListItem","position":1,"name":"Startseite","item":"http:\/\/vr-room.ch\/en\/"},{"@type":"ListItem","position":2,"name":"HTC Vive Pro Eye mit Augen-Tracking vorgestellt"}]},{"@type":"WebSite","@id":"http:\/\/vr-room.ch\/en\/#website","url":"http:\/\/vr-room.ch\/en\/","name":"Notizie sulla realt\u00e0 virtuale in Svizzera","description":"","potentialAction":[{"@type":"SearchAction","target":{"@type":"EntryPoint","urlTemplate":"http:\/\/vr-room.ch\/en\/?s={search_term_string}"},"query-input":{"@type":"PropertyValueSpecification","valueRequired":true,"valueName":"search_term_string"}}],"inLanguage":"it-IT"},{"@type":"Person","@id":"http:\/\/vr-room.ch\/en\/#\/schema\/person\/4022b4e1fba06681ac263b25c0f1e3d2","name":"Michele","image":{"@type":"ImageObject","inLanguage":"it-IT","@id":"https:\/\/vr-room.ch\/wp-content\/uploads\/2019\/05\/avatar_user_11_1558711168-96x96.jpg","url":"https:\/\/vr-room.ch\/wp-content\/uploads\/2019\/05\/avatar_user_11_1558711168-96x96.jpg","contentUrl":"https:\/\/vr-room.ch\/wp-content\/uploads\/2019\/05\/avatar_user_11_1558711168-96x96.jpg","caption":"Michael"},"url":"https:\/\/vr-room.ch\/it\/author\/michael\/"}]}},"_links":{"self":[{"href":"https:\/\/vr-room.ch\/it\/wp-json\/wp\/v2\/posts\/12517","targetHints":{"allow":["GET"]}}],"collection":[{"href":"https:\/\/vr-room.ch\/it\/wp-json\/wp\/v2\/posts"}],"about":[{"href":"https:\/\/vr-room.ch\/it\/wp-json\/wp\/v2\/types\/post"}],"author":[{"embeddable":true,"href":"https:\/\/vr-room.ch\/it\/wp-json\/wp\/v2\/users\/11"}],"replies":[{"embeddable":true,"href":"https:\/\/vr-room.ch\/it\/wp-json\/wp\/v2\/comments?post=12517"}],"version-history":[{"count":0,"href":"https:\/\/vr-room.ch\/it\/wp-json\/wp\/v2\/posts\/12517\/revisions"}],"wp:featuredmedia":[{"embeddable":true,"href":"https:\/\/vr-room.ch\/it\/wp-json\/wp\/v2\/media\/12520"}],"wp:attachment":[{"href":"https:\/\/vr-room.ch\/it\/wp-json\/wp\/v2\/media?parent=12517"}],"wp:term":[{"taxonomy":"category","embeddable":true,"href":"https:\/\/vr-room.ch\/it\/wp-json\/wp\/v2\/categories?post=12517"},{"taxonomy":"post_tag","embeddable":true,"href":"https:\/\/vr-room.ch\/it\/wp-json\/wp\/v2\/tags?post=12517"}],"curies":[{"name":"wp","href":"https:\/\/api.w.org\/{rel}","templated":true}]}}