{"id":11977,"date":"2018-11-25T09:25:25","date_gmt":"2018-11-25T09:25:25","guid":{"rendered":"http:\/\/vr-room.ch\/?p=11977"},"modified":"2018-11-25T09:25:59","modified_gmt":"2018-11-25T09:25:59","slug":"vive-pro-mclaren-edition-verfuegbar","status":"publish","type":"post","link":"https:\/\/vr-room.ch\/it\/2018\/11\/25\/vive-pro-mclaren-edition-verfuegbar\/","title":{"rendered":"Vive Pro disponibile in edizione McLaren"},"content":{"rendered":"<p>HTC e <a href=\"https:\/\/www.mclaren.com\/\">McLaren Racing<\/a> haben das &#8222;Vive Pro McLaren Limited Edition Headset&#8220; ver\u00f6ffentlicht. Das ist das erste gemeinsam entwickelten Produkt seit der Ank\u00fcndigung der Partnerschaft im Mai 2018.<\/p>\n<p>Neben dem besonderen Design wird das Headset mit dem neuen Erlebnis &#8222;McLaren Garage VR&#8220; sowie einer speziellen Version von &#8222;RFactor 2&#8220; kombiniert, die kein Zubeh\u00f6r ben\u00f6tigt. &#8222;McLaren Garage VR Experience&#8220; ist ein Multiplayer-Simulations-Spiel, bei dem man ein Teil des McLaren-Boxenteams ist. Man lernt darin, wie man Reifenanpassungen w\u00e4hrend eines Rennens durchf\u00fchrt. Das Erlebnis beinhaltet die &#8222;Pitstop Challenge&#8220;, ein Multiplayer-Spiel, das den VR-Nutzern erm\u00f6glicht, McLarens neueste &#8222;Box&#8220; in Room-Scale-VR zu erkunden. Es geht darum, Reifen zu wechseln und andere Leute zum Reifenwechsel herauszufordern.<\/p>\n<p>Das &#8222;Vive Pro McLaren Limited Edition Headset&#8220; beinhaltet ein kostenloses, sechsmonatiges Viveport-Abonnement, bei dem man exklusiv das &#8222;McLaren Garage VR&#8220;-Erlebnis und das massgeschneiderte &#8222;RFactor2: McLaren Edition&#8220; herunterladen kann. Das VR-Headset in ausgew\u00e4hlten M\u00e4rkten und im <a href=\"https:\/\/www.vive.com\/de\/mclaren\/\">Negozio e-commerce di HTC Vive<\/a> disponibile.<\/p>\n<div style=\"width: 640px;\" class=\"wp-video\"><video class=\"wp-video-shortcode\" id=\"video-11977-1\" width=\"640\" height=\"360\" loop preload=\"metadata\" controls=\"controls\"><source type=\"video\/youtube\" src=\"https:\/\/www.youtube.com\/watch?v=CeXMbxpuWAs&#038;_=1\" \/><a href=\"https:\/\/www.youtube.com\/watch?v=CeXMbxpuWAs\">https:\/\/www.youtube.com\/watch?v=CeXMbxpuWAs<\/a><\/video><\/div>\n<p>Fonte: Comunicato stampa<\/p>","protected":false},"excerpt":{"rendered":"HTC und McLaren Racing haben das &#8222;Vive Pro McLaren Limited Edition Headset&#8220; ver\u00f6ffentlicht. Das ist das erste gemeinsam&hellip;","protected":false},"author":11,"featured_media":11978,"comment_status":"open","ping_status":"open","sticky":false,"template":"","format":"standard","meta":{"footnotes":""},"categories":[11],"tags":[],"class_list":{"0":"post-11977","1":"post","2":"type-post","3":"status-publish","4":"format-standard","5":"has-post-thumbnail","7":"category-virtual-reality-industrie","8":"cs-entry","9":"cs-video-wrap"},"yoast_head":"<!-- This site is optimized with the Yoast SEO plugin v27.4 - https:\/\/yoast.com\/product\/yoast-seo-wordpress\/ -->\n<title>Vive Pro als McLaren Edition verf\u00fcgbar - Schweizer Virtual Reality News<\/title>\n<meta name=\"robots\" content=\"index, follow, max-snippet:-1, max-image-preview:large, max-video-preview:-1\" \/>\n<link rel=\"canonical\" href=\"https:\/\/vr-room.ch\/it\/2018\/11\/25\/vive-pro-mclaren-edition-verfuegbar\/\" \/>\n<meta property=\"og:locale\" content=\"it_IT\" \/>\n<meta property=\"og:type\" content=\"article\" \/>\n<meta property=\"og:title\" content=\"Vive Pro als McLaren Edition verf\u00fcgbar - Schweizer Virtual Reality News\" \/>\n<meta property=\"og:description\" content=\"HTC und McLaren Racing haben das &#8222;Vive Pro McLaren Limited Edition Headset&#8220; ver\u00f6ffentlicht. Das ist das erste gemeinsam&hellip;\" \/>\n<meta property=\"og:url\" content=\"https:\/\/vr-room.ch\/it\/2018\/11\/25\/vive-pro-mclaren-edition-verfuegbar\/\" \/>\n<meta property=\"og:site_name\" content=\"Schweizer Virtual Reality News\" \/>\n<meta property=\"article:published_time\" content=\"2018-11-25T09:25:25+00:00\" \/>\n<meta property=\"article:modified_time\" content=\"2018-11-25T09:25:59+00:00\" \/>\n<meta property=\"og:image\" content=\"https:\/\/vr-room.ch\/wp-content\/uploads\/2018\/11\/Vive-McLaren.jpg\" \/>\n\t<meta property=\"og:image:width\" content=\"1600\" \/>\n\t<meta property=\"og:image:height\" content=\"1000\" \/>\n\t<meta property=\"og:image:type\" content=\"image\/jpeg\" \/>\n<meta name=\"author\" content=\"Michael\" \/>\n<meta name=\"twitter:card\" content=\"summary_large_image\" \/>\n<meta name=\"twitter:label1\" content=\"Scritto da\" \/>\n\t<meta name=\"twitter:data1\" content=\"Michael\" \/>\n\t<meta name=\"twitter:label2\" content=\"Tempo di lettura stimato\" \/>\n\t<meta name=\"twitter:data2\" content=\"1 minuto\" \/>\n<script type=\"application\/ld+json\" class=\"yoast-schema-graph\">{\"@context\":\"https:\\\/\\\/schema.org\",\"@graph\":[{\"@type\":\"Article\",\"@id\":\"https:\\\/\\\/vr-room.ch\\\/en\\\/2018\\\/11\\\/25\\\/vive-pro-mclaren-edition-verfuegbar\\\/#article\",\"isPartOf\":{\"@id\":\"https:\\\/\\\/vr-room.ch\\\/en\\\/2018\\\/11\\\/25\\\/vive-pro-mclaren-edition-verfuegbar\\\/\"},\"author\":{\"name\":\"Michael\",\"@id\":\"http:\\\/\\\/vr-room.ch\\\/en\\\/#\\\/schema\\\/person\\\/4022b4e1fba06681ac263b25c0f1e3d2\"},\"headline\":\"Vive Pro als McLaren Edition verf\u00fcgbar\",\"datePublished\":\"2018-11-25T09:25:25+00:00\",\"dateModified\":\"2018-11-25T09:25:59+00:00\",\"mainEntityOfPage\":{\"@id\":\"https:\\\/\\\/vr-room.ch\\\/en\\\/2018\\\/11\\\/25\\\/vive-pro-mclaren-edition-verfuegbar\\\/\"},\"wordCount\":181,\"commentCount\":0,\"image\":{\"@id\":\"https:\\\/\\\/vr-room.ch\\\/en\\\/2018\\\/11\\\/25\\\/vive-pro-mclaren-edition-verfuegbar\\\/#primaryimage\"},\"thumbnailUrl\":\"https:\\\/\\\/vr-room.ch\\\/wp-content\\\/uploads\\\/2018\\\/11\\\/Vive-McLaren.jpg\",\"articleSection\":[\"Industrie\"],\"inLanguage\":\"it-IT\",\"potentialAction\":[{\"@type\":\"CommentAction\",\"name\":\"Comment\",\"target\":[\"https:\\\/\\\/vr-room.ch\\\/en\\\/2018\\\/11\\\/25\\\/vive-pro-mclaren-edition-verfuegbar\\\/#respond\"]}]},{\"@type\":\"WebPage\",\"@id\":\"https:\\\/\\\/vr-room.ch\\\/en\\\/2018\\\/11\\\/25\\\/vive-pro-mclaren-edition-verfuegbar\\\/\",\"url\":\"https:\\\/\\\/vr-room.ch\\\/en\\\/2018\\\/11\\\/25\\\/vive-pro-mclaren-edition-verfuegbar\\\/\",\"name\":\"Vive Pro als McLaren Edition verf\u00fcgbar - Schweizer Virtual Reality News\",\"isPartOf\":{\"@id\":\"http:\\\/\\\/vr-room.ch\\\/en\\\/#website\"},\"primaryImageOfPage\":{\"@id\":\"https:\\\/\\\/vr-room.ch\\\/en\\\/2018\\\/11\\\/25\\\/vive-pro-mclaren-edition-verfuegbar\\\/#primaryimage\"},\"image\":{\"@id\":\"https:\\\/\\\/vr-room.ch\\\/en\\\/2018\\\/11\\\/25\\\/vive-pro-mclaren-edition-verfuegbar\\\/#primaryimage\"},\"thumbnailUrl\":\"https:\\\/\\\/vr-room.ch\\\/wp-content\\\/uploads\\\/2018\\\/11\\\/Vive-McLaren.jpg\",\"datePublished\":\"2018-11-25T09:25:25+00:00\",\"dateModified\":\"2018-11-25T09:25:59+00:00\",\"author\":{\"@id\":\"http:\\\/\\\/vr-room.ch\\\/en\\\/#\\\/schema\\\/person\\\/4022b4e1fba06681ac263b25c0f1e3d2\"},\"breadcrumb\":{\"@id\":\"https:\\\/\\\/vr-room.ch\\\/en\\\/2018\\\/11\\\/25\\\/vive-pro-mclaren-edition-verfuegbar\\\/#breadcrumb\"},\"inLanguage\":\"it-IT\",\"potentialAction\":[{\"@type\":\"ReadAction\",\"target\":[\"https:\\\/\\\/vr-room.ch\\\/en\\\/2018\\\/11\\\/25\\\/vive-pro-mclaren-edition-verfuegbar\\\/\"]}]},{\"@type\":\"ImageObject\",\"inLanguage\":\"it-IT\",\"@id\":\"https:\\\/\\\/vr-room.ch\\\/en\\\/2018\\\/11\\\/25\\\/vive-pro-mclaren-edition-verfuegbar\\\/#primaryimage\",\"url\":\"https:\\\/\\\/vr-room.ch\\\/wp-content\\\/uploads\\\/2018\\\/11\\\/Vive-McLaren.jpg\",\"contentUrl\":\"https:\\\/\\\/vr-room.ch\\\/wp-content\\\/uploads\\\/2018\\\/11\\\/Vive-McLaren.jpg\",\"width\":1600,\"height\":1000},{\"@type\":\"BreadcrumbList\",\"@id\":\"https:\\\/\\\/vr-room.ch\\\/en\\\/2018\\\/11\\\/25\\\/vive-pro-mclaren-edition-verfuegbar\\\/#breadcrumb\",\"itemListElement\":[{\"@type\":\"ListItem\",\"position\":1,\"name\":\"Startseite\",\"item\":\"http:\\\/\\\/vr-room.ch\\\/en\\\/\"},{\"@type\":\"ListItem\",\"position\":2,\"name\":\"Vive Pro als McLaren Edition verf\u00fcgbar\"}]},{\"@type\":\"WebSite\",\"@id\":\"http:\\\/\\\/vr-room.ch\\\/en\\\/#website\",\"url\":\"http:\\\/\\\/vr-room.ch\\\/en\\\/\",\"name\":\"Schweizer Virtual Reality News\",\"description\":\"\",\"potentialAction\":[{\"@type\":\"SearchAction\",\"target\":{\"@type\":\"EntryPoint\",\"urlTemplate\":\"http:\\\/\\\/vr-room.ch\\\/en\\\/?s={search_term_string}\"},\"query-input\":{\"@type\":\"PropertyValueSpecification\",\"valueRequired\":true,\"valueName\":\"search_term_string\"}}],\"inLanguage\":\"it-IT\"},{\"@type\":\"Person\",\"@id\":\"http:\\\/\\\/vr-room.ch\\\/en\\\/#\\\/schema\\\/person\\\/4022b4e1fba06681ac263b25c0f1e3d2\",\"name\":\"Michael\",\"image\":{\"@type\":\"ImageObject\",\"inLanguage\":\"it-IT\",\"@id\":\"https:\\\/\\\/vr-room.ch\\\/wp-content\\\/uploads\\\/2019\\\/05\\\/avatar_user_11_1558711168-96x96.jpg\",\"url\":\"https:\\\/\\\/vr-room.ch\\\/wp-content\\\/uploads\\\/2019\\\/05\\\/avatar_user_11_1558711168-96x96.jpg\",\"contentUrl\":\"https:\\\/\\\/vr-room.ch\\\/wp-content\\\/uploads\\\/2019\\\/05\\\/avatar_user_11_1558711168-96x96.jpg\",\"caption\":\"Michael\"},\"url\":\"https:\\\/\\\/vr-room.ch\\\/it\\\/author\\\/michael\\\/\"}]}<\/script>\n<!-- \/ Yoast SEO plugin. -->","yoast_head_json":{"title":"Vive Pro als McLaren Edition verf\u00fcgbar - Schweizer Virtual Reality News","robots":{"index":"index","follow":"follow","max-snippet":"max-snippet:-1","max-image-preview":"max-image-preview:large","max-video-preview":"max-video-preview:-1"},"canonical":"https:\/\/vr-room.ch\/it\/2018\/11\/25\/vive-pro-mclaren-edition-verfuegbar\/","og_locale":"it_IT","og_type":"article","og_title":"Vive Pro als McLaren Edition verf\u00fcgbar - Schweizer Virtual Reality News","og_description":"HTC und McLaren Racing haben das &#8222;Vive Pro McLaren Limited Edition Headset&#8220; ver\u00f6ffentlicht. Das ist das erste gemeinsam&hellip;","og_url":"https:\/\/vr-room.ch\/it\/2018\/11\/25\/vive-pro-mclaren-edition-verfuegbar\/","og_site_name":"Schweizer Virtual Reality News","article_published_time":"2018-11-25T09:25:25+00:00","article_modified_time":"2018-11-25T09:25:59+00:00","og_image":[{"width":1600,"height":1000,"url":"https:\/\/vr-room.ch\/wp-content\/uploads\/2018\/11\/Vive-McLaren.jpg","type":"image\/jpeg"}],"author":"Michael","twitter_card":"summary_large_image","twitter_misc":{"Scritto da":"Michael","Tempo di lettura stimato":"1 minuto"},"schema":{"@context":"https:\/\/schema.org","@graph":[{"@type":"Article","@id":"https:\/\/vr-room.ch\/en\/2018\/11\/25\/vive-pro-mclaren-edition-verfuegbar\/#article","isPartOf":{"@id":"https:\/\/vr-room.ch\/en\/2018\/11\/25\/vive-pro-mclaren-edition-verfuegbar\/"},"author":{"name":"Michael","@id":"http:\/\/vr-room.ch\/en\/#\/schema\/person\/4022b4e1fba06681ac263b25c0f1e3d2"},"headline":"Vive Pro als McLaren Edition verf\u00fcgbar","datePublished":"2018-11-25T09:25:25+00:00","dateModified":"2018-11-25T09:25:59+00:00","mainEntityOfPage":{"@id":"https:\/\/vr-room.ch\/en\/2018\/11\/25\/vive-pro-mclaren-edition-verfuegbar\/"},"wordCount":181,"commentCount":0,"image":{"@id":"https:\/\/vr-room.ch\/en\/2018\/11\/25\/vive-pro-mclaren-edition-verfuegbar\/#primaryimage"},"thumbnailUrl":"https:\/\/vr-room.ch\/wp-content\/uploads\/2018\/11\/Vive-McLaren.jpg","articleSection":["Industrie"],"inLanguage":"it-IT","potentialAction":[{"@type":"CommentAction","name":"Comment","target":["https:\/\/vr-room.ch\/en\/2018\/11\/25\/vive-pro-mclaren-edition-verfuegbar\/#respond"]}]},{"@type":"WebPage","@id":"https:\/\/vr-room.ch\/en\/2018\/11\/25\/vive-pro-mclaren-edition-verfuegbar\/","url":"https:\/\/vr-room.ch\/en\/2018\/11\/25\/vive-pro-mclaren-edition-verfuegbar\/","name":"Vive Pro als McLaren Edition verf\u00fcgbar - Schweizer Virtual Reality News","isPartOf":{"@id":"http:\/\/vr-room.ch\/en\/#website"},"primaryImageOfPage":{"@id":"https:\/\/vr-room.ch\/en\/2018\/11\/25\/vive-pro-mclaren-edition-verfuegbar\/#primaryimage"},"image":{"@id":"https:\/\/vr-room.ch\/en\/2018\/11\/25\/vive-pro-mclaren-edition-verfuegbar\/#primaryimage"},"thumbnailUrl":"https:\/\/vr-room.ch\/wp-content\/uploads\/2018\/11\/Vive-McLaren.jpg","datePublished":"2018-11-25T09:25:25+00:00","dateModified":"2018-11-25T09:25:59+00:00","author":{"@id":"http:\/\/vr-room.ch\/en\/#\/schema\/person\/4022b4e1fba06681ac263b25c0f1e3d2"},"breadcrumb":{"@id":"https:\/\/vr-room.ch\/en\/2018\/11\/25\/vive-pro-mclaren-edition-verfuegbar\/#breadcrumb"},"inLanguage":"it-IT","potentialAction":[{"@type":"ReadAction","target":["https:\/\/vr-room.ch\/en\/2018\/11\/25\/vive-pro-mclaren-edition-verfuegbar\/"]}]},{"@type":"ImageObject","inLanguage":"it-IT","@id":"https:\/\/vr-room.ch\/en\/2018\/11\/25\/vive-pro-mclaren-edition-verfuegbar\/#primaryimage","url":"https:\/\/vr-room.ch\/wp-content\/uploads\/2018\/11\/Vive-McLaren.jpg","contentUrl":"https:\/\/vr-room.ch\/wp-content\/uploads\/2018\/11\/Vive-McLaren.jpg","width":1600,"height":1000},{"@type":"BreadcrumbList","@id":"https:\/\/vr-room.ch\/en\/2018\/11\/25\/vive-pro-mclaren-edition-verfuegbar\/#breadcrumb","itemListElement":[{"@type":"ListItem","position":1,"name":"Startseite","item":"http:\/\/vr-room.ch\/en\/"},{"@type":"ListItem","position":2,"name":"Vive Pro als McLaren Edition verf\u00fcgbar"}]},{"@type":"WebSite","@id":"http:\/\/vr-room.ch\/en\/#website","url":"http:\/\/vr-room.ch\/en\/","name":"Notizie sulla realt\u00e0 virtuale in Svizzera","description":"","potentialAction":[{"@type":"SearchAction","target":{"@type":"EntryPoint","urlTemplate":"http:\/\/vr-room.ch\/en\/?s={search_term_string}"},"query-input":{"@type":"PropertyValueSpecification","valueRequired":true,"valueName":"search_term_string"}}],"inLanguage":"it-IT"},{"@type":"Person","@id":"http:\/\/vr-room.ch\/en\/#\/schema\/person\/4022b4e1fba06681ac263b25c0f1e3d2","name":"Michele","image":{"@type":"ImageObject","inLanguage":"it-IT","@id":"https:\/\/vr-room.ch\/wp-content\/uploads\/2019\/05\/avatar_user_11_1558711168-96x96.jpg","url":"https:\/\/vr-room.ch\/wp-content\/uploads\/2019\/05\/avatar_user_11_1558711168-96x96.jpg","contentUrl":"https:\/\/vr-room.ch\/wp-content\/uploads\/2019\/05\/avatar_user_11_1558711168-96x96.jpg","caption":"Michael"},"url":"https:\/\/vr-room.ch\/it\/author\/michael\/"}]}},"_links":{"self":[{"href":"https:\/\/vr-room.ch\/it\/wp-json\/wp\/v2\/posts\/11977","targetHints":{"allow":["GET"]}}],"collection":[{"href":"https:\/\/vr-room.ch\/it\/wp-json\/wp\/v2\/posts"}],"about":[{"href":"https:\/\/vr-room.ch\/it\/wp-json\/wp\/v2\/types\/post"}],"author":[{"embeddable":true,"href":"https:\/\/vr-room.ch\/it\/wp-json\/wp\/v2\/users\/11"}],"replies":[{"embeddable":true,"href":"https:\/\/vr-room.ch\/it\/wp-json\/wp\/v2\/comments?post=11977"}],"version-history":[{"count":0,"href":"https:\/\/vr-room.ch\/it\/wp-json\/wp\/v2\/posts\/11977\/revisions"}],"wp:featuredmedia":[{"embeddable":true,"href":"https:\/\/vr-room.ch\/it\/wp-json\/wp\/v2\/media\/11978"}],"wp:attachment":[{"href":"https:\/\/vr-room.ch\/it\/wp-json\/wp\/v2\/media?parent=11977"}],"wp:term":[{"taxonomy":"category","embeddable":true,"href":"https:\/\/vr-room.ch\/it\/wp-json\/wp\/v2\/categories?post=11977"},{"taxonomy":"post_tag","embeddable":true,"href":"https:\/\/vr-room.ch\/it\/wp-json\/wp\/v2\/tags?post=11977"}],"curies":[{"name":"wp","href":"https:\/\/api.w.org\/{rel}","templated":true}]}}