{"id":11722,"date":"2018-11-05T09:50:25","date_gmt":"2018-11-05T09:50:25","guid":{"rendered":"http:\/\/vr-room.ch\/?p=11722"},"modified":"2018-11-05T09:50:25","modified_gmt":"2018-11-05T09:50:25","slug":"axis-studios-veroeffentlichen-vr-kurzfilm-the-bond","status":"publish","type":"post","link":"https:\/\/vr-room.ch\/it\/2018\/11\/05\/axis-studios-veroeffentlichen-vr-kurzfilm-the-bond\/","title":{"rendered":"Gli studi Axis pubblicano il cortometraggio VR The Bond"},"content":{"rendered":"<p>Die bekannten Axis Studios haben mit &#8222;The Bond&#8220; ihren ersten VR-Kurzfilm ver\u00f6ffentlicht. &#8222;The Bond&#8220; kann kostenlos f\u00fcr HTC Vive \u00fcber <a href=\"https:\/\/store.steampowered.com\/app\/911250\/The_Bond\/\">Vapore<\/a> e per Oculus Rift tramite il programma <a href=\"https:\/\/www.oculus.com\/experiences\/rift\/1744923325584653\/\">Negozio Oculus<\/a> essere caricati.<\/p>\n<p>Darum geht es in &#8222;The Bond&#8220;:\u00a0 &#8222;Weit weg, in einem fremdartigen Wald, suchen eine alte Heilerin und ihr treues Tier eine heilige Lichtung auf. Hier kann sie sich mit dem Netz des Lebens verbinden und die Welt mit anderen Augen sehen. Aber es gibt ein Ungleichgewicht, eine dunkle Pr\u00e4senz. Als W\u00e4chterin des Waldes muss sie sich dem stellen. &#8220;<\/p>\n<p>Die Axis Studios aus Glasgow, die seit 17 Jahren bestehen, haben bereits an zahlreichen Videospielen (und auch Filmen) mitgewirkt und entsprechende Animationen bzw. Videosequenzen erstellt, darunter &#8222;Destiny 2&#8220;, &#8222;The Elder Scrolls Online&#8220;, &#8222;Halo 5: Guardians&#8220;, &#8222;League of Legends&#8220;, &#8222;Horizon: Zero Dawn&#8220; und viele andere Titel. Auf der offiziellen Seite wird die Arbeit der <a href=\"http:\/\/www.axisanimation.com\/features\/\">Studi Axis<\/a> elencati.<\/p>\n<div style=\"width: 640px;\" class=\"wp-video\"><video class=\"wp-video-shortcode\" id=\"video-11722-1\" width=\"640\" height=\"360\" loop preload=\"metadata\" controls=\"controls\"><source type=\"video\/youtube\" src=\"https:\/\/www.youtube.com\/watch?v=F09q-1xahEw&#038;_=1\" \/><a href=\"https:\/\/www.youtube.com\/watch?v=F09q-1xahEw\">https:\/\/www.youtube.com\/watch?v=F09q-1xahEw<\/a><\/video><\/div>\n<p>Fonte: VRODO<\/p>","protected":false},"excerpt":{"rendered":"Die bekannten Axis Studios haben mit &#8222;The Bond&#8220; ihren ersten VR-Kurzfilm ver\u00f6ffentlicht. &#8222;The Bond&#8220; kann kostenlos f\u00fcr HTC&hellip;","protected":false},"author":11,"featured_media":11723,"comment_status":"open","ping_status":"open","sticky":false,"template":"","format":"standard","meta":{"footnotes":""},"categories":[4],"tags":[],"class_list":{"0":"post-11722","1":"post","2":"type-post","3":"status-publish","4":"format-standard","5":"has-post-thumbnail","7":"category-virtual-reality-entertainment","8":"cs-entry","9":"cs-video-wrap"},"yoast_head":"<!-- This site is optimized with the Yoast SEO plugin v27.4 - https:\/\/yoast.com\/product\/yoast-seo-wordpress\/ -->\n<title>Axis Studios ver\u00f6ffentlichen VR-Kurzfilm The Bond - Schweizer Virtual Reality News<\/title>\n<meta name=\"robots\" content=\"index, follow, max-snippet:-1, max-image-preview:large, max-video-preview:-1\" \/>\n<link rel=\"canonical\" href=\"https:\/\/vr-room.ch\/it\/2018\/11\/05\/axis-studios-veroeffentlichen-vr-kurzfilm-the-bond\/\" \/>\n<meta property=\"og:locale\" content=\"it_IT\" \/>\n<meta property=\"og:type\" content=\"article\" \/>\n<meta property=\"og:title\" content=\"Axis Studios ver\u00f6ffentlichen VR-Kurzfilm The Bond - Schweizer Virtual Reality News\" \/>\n<meta property=\"og:description\" content=\"Die bekannten Axis Studios haben mit &#8222;The Bond&#8220; ihren ersten VR-Kurzfilm ver\u00f6ffentlicht. &#8222;The Bond&#8220; kann kostenlos f\u00fcr HTC&hellip;\" \/>\n<meta property=\"og:url\" content=\"https:\/\/vr-room.ch\/it\/2018\/11\/05\/axis-studios-veroeffentlichen-vr-kurzfilm-the-bond\/\" \/>\n<meta property=\"og:site_name\" content=\"Schweizer Virtual Reality News\" \/>\n<meta property=\"article:published_time\" content=\"2018-11-05T09:50:25+00:00\" \/>\n<meta property=\"og:image\" content=\"https:\/\/vr-room.ch\/wp-content\/uploads\/2018\/11\/The_Bond.jpg\" \/>\n\t<meta property=\"og:image:width\" content=\"1920\" \/>\n\t<meta property=\"og:image:height\" content=\"1080\" \/>\n\t<meta property=\"og:image:type\" content=\"image\/jpeg\" \/>\n<meta name=\"author\" content=\"Michael\" \/>\n<meta name=\"twitter:card\" content=\"summary_large_image\" \/>\n<meta name=\"twitter:label1\" content=\"Scritto da\" \/>\n\t<meta name=\"twitter:data1\" content=\"Michael\" \/>\n\t<meta name=\"twitter:label2\" content=\"Tempo di lettura stimato\" \/>\n\t<meta name=\"twitter:data2\" content=\"1 minuto\" \/>\n<script type=\"application\/ld+json\" class=\"yoast-schema-graph\">{\"@context\":\"https:\\\/\\\/schema.org\",\"@graph\":[{\"@type\":\"Article\",\"@id\":\"https:\\\/\\\/vr-room.ch\\\/2018\\\/11\\\/05\\\/axis-studios-veroeffentlichen-vr-kurzfilm-the-bond\\\/#article\",\"isPartOf\":{\"@id\":\"https:\\\/\\\/vr-room.ch\\\/2018\\\/11\\\/05\\\/axis-studios-veroeffentlichen-vr-kurzfilm-the-bond\\\/\"},\"author\":{\"name\":\"Michael\",\"@id\":\"http:\\\/\\\/vr-room.ch\\\/en\\\/#\\\/schema\\\/person\\\/4022b4e1fba06681ac263b25c0f1e3d2\"},\"headline\":\"Axis Studios ver\u00f6ffentlichen VR-Kurzfilm The Bond\",\"datePublished\":\"2018-11-05T09:50:25+00:00\",\"mainEntityOfPage\":{\"@id\":\"https:\\\/\\\/vr-room.ch\\\/2018\\\/11\\\/05\\\/axis-studios-veroeffentlichen-vr-kurzfilm-the-bond\\\/\"},\"wordCount\":171,\"commentCount\":0,\"image\":{\"@id\":\"https:\\\/\\\/vr-room.ch\\\/2018\\\/11\\\/05\\\/axis-studios-veroeffentlichen-vr-kurzfilm-the-bond\\\/#primaryimage\"},\"thumbnailUrl\":\"https:\\\/\\\/vr-room.ch\\\/wp-content\\\/uploads\\\/2018\\\/11\\\/The_Bond.jpg\",\"articleSection\":[\"Entertainment\"],\"inLanguage\":\"it-IT\",\"potentialAction\":[{\"@type\":\"CommentAction\",\"name\":\"Comment\",\"target\":[\"https:\\\/\\\/vr-room.ch\\\/2018\\\/11\\\/05\\\/axis-studios-veroeffentlichen-vr-kurzfilm-the-bond\\\/#respond\"]}]},{\"@type\":\"WebPage\",\"@id\":\"https:\\\/\\\/vr-room.ch\\\/2018\\\/11\\\/05\\\/axis-studios-veroeffentlichen-vr-kurzfilm-the-bond\\\/\",\"url\":\"https:\\\/\\\/vr-room.ch\\\/2018\\\/11\\\/05\\\/axis-studios-veroeffentlichen-vr-kurzfilm-the-bond\\\/\",\"name\":\"Axis Studios ver\u00f6ffentlichen VR-Kurzfilm The Bond - Schweizer Virtual Reality News\",\"isPartOf\":{\"@id\":\"http:\\\/\\\/vr-room.ch\\\/en\\\/#website\"},\"primaryImageOfPage\":{\"@id\":\"https:\\\/\\\/vr-room.ch\\\/2018\\\/11\\\/05\\\/axis-studios-veroeffentlichen-vr-kurzfilm-the-bond\\\/#primaryimage\"},\"image\":{\"@id\":\"https:\\\/\\\/vr-room.ch\\\/2018\\\/11\\\/05\\\/axis-studios-veroeffentlichen-vr-kurzfilm-the-bond\\\/#primaryimage\"},\"thumbnailUrl\":\"https:\\\/\\\/vr-room.ch\\\/wp-content\\\/uploads\\\/2018\\\/11\\\/The_Bond.jpg\",\"datePublished\":\"2018-11-05T09:50:25+00:00\",\"author\":{\"@id\":\"http:\\\/\\\/vr-room.ch\\\/en\\\/#\\\/schema\\\/person\\\/4022b4e1fba06681ac263b25c0f1e3d2\"},\"breadcrumb\":{\"@id\":\"https:\\\/\\\/vr-room.ch\\\/2018\\\/11\\\/05\\\/axis-studios-veroeffentlichen-vr-kurzfilm-the-bond\\\/#breadcrumb\"},\"inLanguage\":\"it-IT\",\"potentialAction\":[{\"@type\":\"ReadAction\",\"target\":[\"https:\\\/\\\/vr-room.ch\\\/2018\\\/11\\\/05\\\/axis-studios-veroeffentlichen-vr-kurzfilm-the-bond\\\/\"]}]},{\"@type\":\"ImageObject\",\"inLanguage\":\"it-IT\",\"@id\":\"https:\\\/\\\/vr-room.ch\\\/2018\\\/11\\\/05\\\/axis-studios-veroeffentlichen-vr-kurzfilm-the-bond\\\/#primaryimage\",\"url\":\"https:\\\/\\\/vr-room.ch\\\/wp-content\\\/uploads\\\/2018\\\/11\\\/The_Bond.jpg\",\"contentUrl\":\"https:\\\/\\\/vr-room.ch\\\/wp-content\\\/uploads\\\/2018\\\/11\\\/The_Bond.jpg\",\"width\":1920,\"height\":1080},{\"@type\":\"BreadcrumbList\",\"@id\":\"https:\\\/\\\/vr-room.ch\\\/2018\\\/11\\\/05\\\/axis-studios-veroeffentlichen-vr-kurzfilm-the-bond\\\/#breadcrumb\",\"itemListElement\":[{\"@type\":\"ListItem\",\"position\":1,\"name\":\"Startseite\",\"item\":\"http:\\\/\\\/vr-room.ch\\\/en\\\/\"},{\"@type\":\"ListItem\",\"position\":2,\"name\":\"Axis Studios ver\u00f6ffentlichen VR-Kurzfilm The Bond\"}]},{\"@type\":\"WebSite\",\"@id\":\"http:\\\/\\\/vr-room.ch\\\/en\\\/#website\",\"url\":\"http:\\\/\\\/vr-room.ch\\\/en\\\/\",\"name\":\"Schweizer Virtual Reality News\",\"description\":\"\",\"potentialAction\":[{\"@type\":\"SearchAction\",\"target\":{\"@type\":\"EntryPoint\",\"urlTemplate\":\"http:\\\/\\\/vr-room.ch\\\/en\\\/?s={search_term_string}\"},\"query-input\":{\"@type\":\"PropertyValueSpecification\",\"valueRequired\":true,\"valueName\":\"search_term_string\"}}],\"inLanguage\":\"it-IT\"},{\"@type\":\"Person\",\"@id\":\"http:\\\/\\\/vr-room.ch\\\/en\\\/#\\\/schema\\\/person\\\/4022b4e1fba06681ac263b25c0f1e3d2\",\"name\":\"Michael\",\"image\":{\"@type\":\"ImageObject\",\"inLanguage\":\"it-IT\",\"@id\":\"https:\\\/\\\/vr-room.ch\\\/wp-content\\\/uploads\\\/2019\\\/05\\\/avatar_user_11_1558711168-96x96.jpg\",\"url\":\"https:\\\/\\\/vr-room.ch\\\/wp-content\\\/uploads\\\/2019\\\/05\\\/avatar_user_11_1558711168-96x96.jpg\",\"contentUrl\":\"https:\\\/\\\/vr-room.ch\\\/wp-content\\\/uploads\\\/2019\\\/05\\\/avatar_user_11_1558711168-96x96.jpg\",\"caption\":\"Michael\"},\"url\":\"https:\\\/\\\/vr-room.ch\\\/it\\\/author\\\/michael\\\/\"}]}<\/script>\n<!-- \/ Yoast SEO plugin. -->","yoast_head_json":{"title":"Axis Studios ver\u00f6ffentlichen VR-Kurzfilm The Bond - Schweizer Virtual Reality News","robots":{"index":"index","follow":"follow","max-snippet":"max-snippet:-1","max-image-preview":"max-image-preview:large","max-video-preview":"max-video-preview:-1"},"canonical":"https:\/\/vr-room.ch\/it\/2018\/11\/05\/axis-studios-veroeffentlichen-vr-kurzfilm-the-bond\/","og_locale":"it_IT","og_type":"article","og_title":"Axis Studios ver\u00f6ffentlichen VR-Kurzfilm The Bond - Schweizer Virtual Reality News","og_description":"Die bekannten Axis Studios haben mit &#8222;The Bond&#8220; ihren ersten VR-Kurzfilm ver\u00f6ffentlicht. &#8222;The Bond&#8220; kann kostenlos f\u00fcr HTC&hellip;","og_url":"https:\/\/vr-room.ch\/it\/2018\/11\/05\/axis-studios-veroeffentlichen-vr-kurzfilm-the-bond\/","og_site_name":"Schweizer Virtual Reality News","article_published_time":"2018-11-05T09:50:25+00:00","og_image":[{"width":1920,"height":1080,"url":"https:\/\/vr-room.ch\/wp-content\/uploads\/2018\/11\/The_Bond.jpg","type":"image\/jpeg"}],"author":"Michael","twitter_card":"summary_large_image","twitter_misc":{"Scritto da":"Michael","Tempo di lettura stimato":"1 minuto"},"schema":{"@context":"https:\/\/schema.org","@graph":[{"@type":"Article","@id":"https:\/\/vr-room.ch\/2018\/11\/05\/axis-studios-veroeffentlichen-vr-kurzfilm-the-bond\/#article","isPartOf":{"@id":"https:\/\/vr-room.ch\/2018\/11\/05\/axis-studios-veroeffentlichen-vr-kurzfilm-the-bond\/"},"author":{"name":"Michael","@id":"http:\/\/vr-room.ch\/en\/#\/schema\/person\/4022b4e1fba06681ac263b25c0f1e3d2"},"headline":"Axis Studios ver\u00f6ffentlichen VR-Kurzfilm The Bond","datePublished":"2018-11-05T09:50:25+00:00","mainEntityOfPage":{"@id":"https:\/\/vr-room.ch\/2018\/11\/05\/axis-studios-veroeffentlichen-vr-kurzfilm-the-bond\/"},"wordCount":171,"commentCount":0,"image":{"@id":"https:\/\/vr-room.ch\/2018\/11\/05\/axis-studios-veroeffentlichen-vr-kurzfilm-the-bond\/#primaryimage"},"thumbnailUrl":"https:\/\/vr-room.ch\/wp-content\/uploads\/2018\/11\/The_Bond.jpg","articleSection":["Entertainment"],"inLanguage":"it-IT","potentialAction":[{"@type":"CommentAction","name":"Comment","target":["https:\/\/vr-room.ch\/2018\/11\/05\/axis-studios-veroeffentlichen-vr-kurzfilm-the-bond\/#respond"]}]},{"@type":"WebPage","@id":"https:\/\/vr-room.ch\/2018\/11\/05\/axis-studios-veroeffentlichen-vr-kurzfilm-the-bond\/","url":"https:\/\/vr-room.ch\/2018\/11\/05\/axis-studios-veroeffentlichen-vr-kurzfilm-the-bond\/","name":"Axis Studios ver\u00f6ffentlichen VR-Kurzfilm The Bond - Schweizer Virtual Reality News","isPartOf":{"@id":"http:\/\/vr-room.ch\/en\/#website"},"primaryImageOfPage":{"@id":"https:\/\/vr-room.ch\/2018\/11\/05\/axis-studios-veroeffentlichen-vr-kurzfilm-the-bond\/#primaryimage"},"image":{"@id":"https:\/\/vr-room.ch\/2018\/11\/05\/axis-studios-veroeffentlichen-vr-kurzfilm-the-bond\/#primaryimage"},"thumbnailUrl":"https:\/\/vr-room.ch\/wp-content\/uploads\/2018\/11\/The_Bond.jpg","datePublished":"2018-11-05T09:50:25+00:00","author":{"@id":"http:\/\/vr-room.ch\/en\/#\/schema\/person\/4022b4e1fba06681ac263b25c0f1e3d2"},"breadcrumb":{"@id":"https:\/\/vr-room.ch\/2018\/11\/05\/axis-studios-veroeffentlichen-vr-kurzfilm-the-bond\/#breadcrumb"},"inLanguage":"it-IT","potentialAction":[{"@type":"ReadAction","target":["https:\/\/vr-room.ch\/2018\/11\/05\/axis-studios-veroeffentlichen-vr-kurzfilm-the-bond\/"]}]},{"@type":"ImageObject","inLanguage":"it-IT","@id":"https:\/\/vr-room.ch\/2018\/11\/05\/axis-studios-veroeffentlichen-vr-kurzfilm-the-bond\/#primaryimage","url":"https:\/\/vr-room.ch\/wp-content\/uploads\/2018\/11\/The_Bond.jpg","contentUrl":"https:\/\/vr-room.ch\/wp-content\/uploads\/2018\/11\/The_Bond.jpg","width":1920,"height":1080},{"@type":"BreadcrumbList","@id":"https:\/\/vr-room.ch\/2018\/11\/05\/axis-studios-veroeffentlichen-vr-kurzfilm-the-bond\/#breadcrumb","itemListElement":[{"@type":"ListItem","position":1,"name":"Startseite","item":"http:\/\/vr-room.ch\/en\/"},{"@type":"ListItem","position":2,"name":"Axis Studios ver\u00f6ffentlichen VR-Kurzfilm The Bond"}]},{"@type":"WebSite","@id":"http:\/\/vr-room.ch\/en\/#website","url":"http:\/\/vr-room.ch\/en\/","name":"Notizie sulla realt\u00e0 virtuale in Svizzera","description":"","potentialAction":[{"@type":"SearchAction","target":{"@type":"EntryPoint","urlTemplate":"http:\/\/vr-room.ch\/en\/?s={search_term_string}"},"query-input":{"@type":"PropertyValueSpecification","valueRequired":true,"valueName":"search_term_string"}}],"inLanguage":"it-IT"},{"@type":"Person","@id":"http:\/\/vr-room.ch\/en\/#\/schema\/person\/4022b4e1fba06681ac263b25c0f1e3d2","name":"Michele","image":{"@type":"ImageObject","inLanguage":"it-IT","@id":"https:\/\/vr-room.ch\/wp-content\/uploads\/2019\/05\/avatar_user_11_1558711168-96x96.jpg","url":"https:\/\/vr-room.ch\/wp-content\/uploads\/2019\/05\/avatar_user_11_1558711168-96x96.jpg","contentUrl":"https:\/\/vr-room.ch\/wp-content\/uploads\/2019\/05\/avatar_user_11_1558711168-96x96.jpg","caption":"Michael"},"url":"https:\/\/vr-room.ch\/it\/author\/michael\/"}]}},"_links":{"self":[{"href":"https:\/\/vr-room.ch\/it\/wp-json\/wp\/v2\/posts\/11722","targetHints":{"allow":["GET"]}}],"collection":[{"href":"https:\/\/vr-room.ch\/it\/wp-json\/wp\/v2\/posts"}],"about":[{"href":"https:\/\/vr-room.ch\/it\/wp-json\/wp\/v2\/types\/post"}],"author":[{"embeddable":true,"href":"https:\/\/vr-room.ch\/it\/wp-json\/wp\/v2\/users\/11"}],"replies":[{"embeddable":true,"href":"https:\/\/vr-room.ch\/it\/wp-json\/wp\/v2\/comments?post=11722"}],"version-history":[{"count":0,"href":"https:\/\/vr-room.ch\/it\/wp-json\/wp\/v2\/posts\/11722\/revisions"}],"wp:featuredmedia":[{"embeddable":true,"href":"https:\/\/vr-room.ch\/it\/wp-json\/wp\/v2\/media\/11723"}],"wp:attachment":[{"href":"https:\/\/vr-room.ch\/it\/wp-json\/wp\/v2\/media?parent=11722"}],"wp:term":[{"taxonomy":"category","embeddable":true,"href":"https:\/\/vr-room.ch\/it\/wp-json\/wp\/v2\/categories?post=11722"},{"taxonomy":"post_tag","embeddable":true,"href":"https:\/\/vr-room.ch\/it\/wp-json\/wp\/v2\/tags?post=11722"}],"curies":[{"name":"wp","href":"https:\/\/api.w.org\/{rel}","templated":true}]}}