{"id":11689,"date":"2018-11-09T06:07:52","date_gmt":"2018-11-09T06:07:52","guid":{"rendered":"http:\/\/vr-room.ch\/?p=11689"},"modified":"2018-10-30T16:16:18","modified_gmt":"2018-10-30T16:16:18","slug":"mit-vr-brillen-ins-berufsleben-eintauchen","status":"publish","type":"post","link":"https:\/\/vr-room.ch\/it\/2018\/11\/09\/mit-vr-brillen-ins-berufsleben-eintauchen\/","title":{"rendered":"Immergetevi nella vita professionale con gli occhiali VR"},"content":{"rendered":"<h3 id=\"an-berufsmessen-sind-virtual-reality-brillen-nicht-mehr-wegzudenken-sie-sollen-schuelern-moeglichst-nahe-an-der-realitaet-zeigen-was-sie-spaeter-in-ihrem-traumberuf-erwartet\"><span class=\"article-lead__text\">Gli occhiali per la realt\u00e0 virtuale sono diventati indispensabili alle fiere della carriera. Sono stati progettati per mostrare agli studenti, il pi\u00f9 vicino possibile alla realt\u00e0, ci\u00f2 che possono aspettarsi in seguito nel lavoro dei loro sogni.<\/span><!--more--><\/h3>\n<p>Sono finiti i tempi in cui gli scolari dovevano lottare tra i faldoni polverosi dell'ufficio di orientamento professionale per informarsi sulle varie professioni. Nella lotta per accaparrarsi i migliori apprendisti, le grandi e medie imprese si affidano oggi alle tecnologie pi\u00f9 moderne. Si presentano alle fiere della carriera e permettono ai giovani interessati di immergersi nel mondo delle diverse professioni - con occhiali di realt\u00e0 virtuale.<\/p>\n<p>Coop, che forma 3400 apprendisti, si \u00e8 impegnata a fondo nella nuova tecnologia. \"Con gli occhiali VR mostriamo alle persone interessate la vita lavorativa quotidiana degli apprendisti nel commercio al dettaglio, nella ristorazione di sistema e nella logistica\", spiega la portavoce Yvette Petillon. Il feedback degli studenti sui filmati \u00e8 stato molto positivo.<\/p>\n<h3 id=\"17-vr-videos-bei-migros\">17 video VR alla Migros<\/h3>\n<p>Anche il concorrente Migros utilizza occhiali VR. I giovani possono guardare 17 diversi video e immergersi nel mondo del lavoro. I filmati presentano apprendisti che documentano il loro lavoro quotidiano con una telecamera montata sulla testa.<\/p>\n<p>Alle FFS, gli alunni interessati alla professione di elettricista di rete possono persino dare una mano in prima persona. \"Sotto la loro guida, possono usare gli occhiali VR per riparare da soli le linee aeree presso lo stand della fiera professionale\", spiega Janine Abt del partner formativo Login delle FFS.<\/p>\n<h3 id=\"vr-wird-auch-in-der-ausbildung-eingesetzt\">La VR viene utilizzata anche nella formazione<\/h3>\n<p>L'offerta \u00e8 attualmente in fase di ottimizzazione. \"L'esperienza dell'apprendistato sar\u00e0 ulteriormente incrementata nelle future fiere della carriera\". A partire da marzo, i primi video a 360 gradi saranno utilizzati anche nella formazione per gli apprendisti.<\/p>\n<p>Il produttore di sanitari Geberit ha pubblicato sulla sua homepage un filmato in cui i giovani interessati possono fare un tour virtuale dell'azienda con occhiali VR. Un apprendista guida gli interessati attraverso la produzione con una vista panoramica a 360\u00b0, mostrando la sala pausa e gli uffici.<\/p>\n<p>Gli occhiali vengono ora utilizzati anche nelle fiere professionali di Geberit. \"L'uso ludico degli occhiali serve a rompere il ghiaccio tra il nuovo mondo delle professioni e gli studenti\", afferma Rafael Anner, istruttore professionale per ingegneri progettisti.<\/p>\n<p>Fonte: Blick<\/p>","protected":false},"excerpt":{"rendered":"Gli occhiali per la realt\u00e0 virtuale sono diventati indispensabili alle fiere di carriera. Sono stati progettati per mostrare agli studenti, il pi\u00f9 vicino possibile alla realt\u00e0, ci\u00f2 che...","protected":false},"author":12,"featured_media":11690,"comment_status":"open","ping_status":"open","sticky":false,"template":"","format":"standard","meta":{"footnotes":""},"categories":[68],"tags":[],"class_list":{"0":"post-11689","1":"post","2":"type-post","3":"status-publish","4":"format-standard","5":"has-post-thumbnail","7":"category-virtual-reality-schweiz","8":"cs-entry","9":"cs-video-wrap"},"yoast_head":"<!-- This site is optimized with the Yoast SEO plugin v27.4 - https:\/\/yoast.com\/product\/yoast-seo-wordpress\/ -->\n<title>Mit VR-Brillen ins Berufsleben eintauchen - Schweizer Virtual Reality News<\/title>\n<meta name=\"robots\" content=\"index, follow, max-snippet:-1, max-image-preview:large, max-video-preview:-1\" \/>\n<link rel=\"canonical\" href=\"https:\/\/vr-room.ch\/it\/2018\/11\/09\/mit-vr-brillen-ins-berufsleben-eintauchen\/\" \/>\n<meta property=\"og:locale\" content=\"it_IT\" \/>\n<meta property=\"og:type\" content=\"article\" \/>\n<meta property=\"og:title\" content=\"Mit VR-Brillen ins Berufsleben eintauchen - Schweizer Virtual Reality News\" \/>\n<meta property=\"og:description\" content=\"An Berufsmessen sind Virtual-Reality-Brillen nicht mehr wegzudenken. Sie sollen Sch\u00fclern m\u00f6glichst nahe an der Realit\u00e4t zeigen, was sie&hellip;\" \/>\n<meta property=\"og:url\" content=\"https:\/\/vr-room.ch\/it\/2018\/11\/09\/mit-vr-brillen-ins-berufsleben-eintauchen\/\" \/>\n<meta property=\"og:site_name\" content=\"Schweizer Virtual Reality News\" \/>\n<meta property=\"article:published_time\" content=\"2018-11-09T06:07:52+00:00\" \/>\n<meta property=\"og:image\" content=\"https:\/\/vr-room.ch\/wp-content\/uploads\/2018\/10\/Wir-VRBrille-Bildstoff1.jpg\" \/>\n\t<meta property=\"og:image:width\" content=\"980\" \/>\n\t<meta property=\"og:image:height\" content=\"646\" \/>\n\t<meta property=\"og:image:type\" content=\"image\/jpeg\" \/>\n<meta name=\"author\" content=\"Nathalie\" \/>\n<meta name=\"twitter:card\" content=\"summary_large_image\" \/>\n<meta name=\"twitter:label1\" content=\"Scritto da\" \/>\n\t<meta name=\"twitter:data1\" content=\"Nathalie\" \/>\n\t<meta name=\"twitter:label2\" content=\"Tempo di lettura stimato\" \/>\n\t<meta name=\"twitter:data2\" content=\"2 minuti\" \/>\n<script type=\"application\/ld+json\" class=\"yoast-schema-graph\">{\"@context\":\"https:\\\/\\\/schema.org\",\"@graph\":[{\"@type\":\"Article\",\"@id\":\"https:\\\/\\\/vr-room.ch\\\/it\\\/2018\\\/11\\\/09\\\/mit-vr-brillen-ins-berufsleben-eintauchen\\\/#article\",\"isPartOf\":{\"@id\":\"https:\\\/\\\/vr-room.ch\\\/it\\\/2018\\\/11\\\/09\\\/mit-vr-brillen-ins-berufsleben-eintauchen\\\/\"},\"author\":{\"name\":\"Nathalie\",\"@id\":\"http:\\\/\\\/vr-room.ch\\\/en\\\/#\\\/schema\\\/person\\\/1a03b3a6ced429fb4831f60fa2b37599\"},\"headline\":\"Mit VR-Brillen ins Berufsleben eintauchen\",\"datePublished\":\"2018-11-09T06:07:52+00:00\",\"mainEntityOfPage\":{\"@id\":\"https:\\\/\\\/vr-room.ch\\\/it\\\/2018\\\/11\\\/09\\\/mit-vr-brillen-ins-berufsleben-eintauchen\\\/\"},\"wordCount\":328,\"commentCount\":0,\"image\":{\"@id\":\"https:\\\/\\\/vr-room.ch\\\/it\\\/2018\\\/11\\\/09\\\/mit-vr-brillen-ins-berufsleben-eintauchen\\\/#primaryimage\"},\"thumbnailUrl\":\"https:\\\/\\\/vr-room.ch\\\/wp-content\\\/uploads\\\/2018\\\/10\\\/Wir-VRBrille-Bildstoff1.jpg\",\"articleSection\":[\"Schweiz\"],\"inLanguage\":\"it-IT\",\"potentialAction\":[{\"@type\":\"CommentAction\",\"name\":\"Comment\",\"target\":[\"https:\\\/\\\/vr-room.ch\\\/it\\\/2018\\\/11\\\/09\\\/mit-vr-brillen-ins-berufsleben-eintauchen\\\/#respond\"]}]},{\"@type\":\"WebPage\",\"@id\":\"https:\\\/\\\/vr-room.ch\\\/it\\\/2018\\\/11\\\/09\\\/mit-vr-brillen-ins-berufsleben-eintauchen\\\/\",\"url\":\"https:\\\/\\\/vr-room.ch\\\/it\\\/2018\\\/11\\\/09\\\/mit-vr-brillen-ins-berufsleben-eintauchen\\\/\",\"name\":\"Mit VR-Brillen ins Berufsleben eintauchen - Schweizer Virtual Reality News\",\"isPartOf\":{\"@id\":\"http:\\\/\\\/vr-room.ch\\\/en\\\/#website\"},\"primaryImageOfPage\":{\"@id\":\"https:\\\/\\\/vr-room.ch\\\/it\\\/2018\\\/11\\\/09\\\/mit-vr-brillen-ins-berufsleben-eintauchen\\\/#primaryimage\"},\"image\":{\"@id\":\"https:\\\/\\\/vr-room.ch\\\/it\\\/2018\\\/11\\\/09\\\/mit-vr-brillen-ins-berufsleben-eintauchen\\\/#primaryimage\"},\"thumbnailUrl\":\"https:\\\/\\\/vr-room.ch\\\/wp-content\\\/uploads\\\/2018\\\/10\\\/Wir-VRBrille-Bildstoff1.jpg\",\"datePublished\":\"2018-11-09T06:07:52+00:00\",\"author\":{\"@id\":\"http:\\\/\\\/vr-room.ch\\\/en\\\/#\\\/schema\\\/person\\\/1a03b3a6ced429fb4831f60fa2b37599\"},\"breadcrumb\":{\"@id\":\"https:\\\/\\\/vr-room.ch\\\/it\\\/2018\\\/11\\\/09\\\/mit-vr-brillen-ins-berufsleben-eintauchen\\\/#breadcrumb\"},\"inLanguage\":\"it-IT\",\"potentialAction\":[{\"@type\":\"ReadAction\",\"target\":[\"https:\\\/\\\/vr-room.ch\\\/it\\\/2018\\\/11\\\/09\\\/mit-vr-brillen-ins-berufsleben-eintauchen\\\/\"]}]},{\"@type\":\"ImageObject\",\"inLanguage\":\"it-IT\",\"@id\":\"https:\\\/\\\/vr-room.ch\\\/it\\\/2018\\\/11\\\/09\\\/mit-vr-brillen-ins-berufsleben-eintauchen\\\/#primaryimage\",\"url\":\"https:\\\/\\\/vr-room.ch\\\/wp-content\\\/uploads\\\/2018\\\/10\\\/Wir-VRBrille-Bildstoff1.jpg\",\"contentUrl\":\"https:\\\/\\\/vr-room.ch\\\/wp-content\\\/uploads\\\/2018\\\/10\\\/Wir-VRBrille-Bildstoff1.jpg\",\"width\":980,\"height\":646},{\"@type\":\"BreadcrumbList\",\"@id\":\"https:\\\/\\\/vr-room.ch\\\/it\\\/2018\\\/11\\\/09\\\/mit-vr-brillen-ins-berufsleben-eintauchen\\\/#breadcrumb\",\"itemListElement\":[{\"@type\":\"ListItem\",\"position\":1,\"name\":\"Startseite\",\"item\":\"http:\\\/\\\/vr-room.ch\\\/en\\\/\"},{\"@type\":\"ListItem\",\"position\":2,\"name\":\"Mit VR-Brillen ins Berufsleben eintauchen\"}]},{\"@type\":\"WebSite\",\"@id\":\"http:\\\/\\\/vr-room.ch\\\/en\\\/#website\",\"url\":\"http:\\\/\\\/vr-room.ch\\\/en\\\/\",\"name\":\"Schweizer Virtual Reality News\",\"description\":\"\",\"potentialAction\":[{\"@type\":\"SearchAction\",\"target\":{\"@type\":\"EntryPoint\",\"urlTemplate\":\"http:\\\/\\\/vr-room.ch\\\/en\\\/?s={search_term_string}\"},\"query-input\":{\"@type\":\"PropertyValueSpecification\",\"valueRequired\":true,\"valueName\":\"search_term_string\"}}],\"inLanguage\":\"it-IT\"},{\"@type\":\"Person\",\"@id\":\"http:\\\/\\\/vr-room.ch\\\/en\\\/#\\\/schema\\\/person\\\/1a03b3a6ced429fb4831f60fa2b37599\",\"name\":\"Nathalie\",\"image\":{\"@type\":\"ImageObject\",\"inLanguage\":\"it-IT\",\"@id\":\"https:\\\/\\\/vr-room.ch\\\/wp-content\\\/uploads\\\/2017\\\/01\\\/avatar_user_12_1484159890-96x96.jpg\",\"url\":\"https:\\\/\\\/vr-room.ch\\\/wp-content\\\/uploads\\\/2017\\\/01\\\/avatar_user_12_1484159890-96x96.jpg\",\"contentUrl\":\"https:\\\/\\\/vr-room.ch\\\/wp-content\\\/uploads\\\/2017\\\/01\\\/avatar_user_12_1484159890-96x96.jpg\",\"caption\":\"Nathalie\"},\"url\":\"https:\\\/\\\/vr-room.ch\\\/it\\\/author\\\/nathalie\\\/\"}]}<\/script>\n<!-- \/ Yoast SEO plugin. -->","yoast_head_json":{"title":"Mit VR-Brillen ins Berufsleben eintauchen - Schweizer Virtual Reality News","robots":{"index":"index","follow":"follow","max-snippet":"max-snippet:-1","max-image-preview":"max-image-preview:large","max-video-preview":"max-video-preview:-1"},"canonical":"https:\/\/vr-room.ch\/it\/2018\/11\/09\/mit-vr-brillen-ins-berufsleben-eintauchen\/","og_locale":"it_IT","og_type":"article","og_title":"Mit VR-Brillen ins Berufsleben eintauchen - Schweizer Virtual Reality News","og_description":"An Berufsmessen sind Virtual-Reality-Brillen nicht mehr wegzudenken. Sie sollen Sch\u00fclern m\u00f6glichst nahe an der Realit\u00e4t zeigen, was sie&hellip;","og_url":"https:\/\/vr-room.ch\/it\/2018\/11\/09\/mit-vr-brillen-ins-berufsleben-eintauchen\/","og_site_name":"Schweizer Virtual Reality News","article_published_time":"2018-11-09T06:07:52+00:00","og_image":[{"width":980,"height":646,"url":"https:\/\/vr-room.ch\/wp-content\/uploads\/2018\/10\/Wir-VRBrille-Bildstoff1.jpg","type":"image\/jpeg"}],"author":"Nathalie","twitter_card":"summary_large_image","twitter_misc":{"Scritto da":"Nathalie","Tempo di lettura stimato":"2 minuti"},"schema":{"@context":"https:\/\/schema.org","@graph":[{"@type":"Article","@id":"https:\/\/vr-room.ch\/it\/2018\/11\/09\/mit-vr-brillen-ins-berufsleben-eintauchen\/#article","isPartOf":{"@id":"https:\/\/vr-room.ch\/it\/2018\/11\/09\/mit-vr-brillen-ins-berufsleben-eintauchen\/"},"author":{"name":"Nathalie","@id":"http:\/\/vr-room.ch\/en\/#\/schema\/person\/1a03b3a6ced429fb4831f60fa2b37599"},"headline":"Mit VR-Brillen ins Berufsleben eintauchen","datePublished":"2018-11-09T06:07:52+00:00","mainEntityOfPage":{"@id":"https:\/\/vr-room.ch\/it\/2018\/11\/09\/mit-vr-brillen-ins-berufsleben-eintauchen\/"},"wordCount":328,"commentCount":0,"image":{"@id":"https:\/\/vr-room.ch\/it\/2018\/11\/09\/mit-vr-brillen-ins-berufsleben-eintauchen\/#primaryimage"},"thumbnailUrl":"https:\/\/vr-room.ch\/wp-content\/uploads\/2018\/10\/Wir-VRBrille-Bildstoff1.jpg","articleSection":["Schweiz"],"inLanguage":"it-IT","potentialAction":[{"@type":"CommentAction","name":"Comment","target":["https:\/\/vr-room.ch\/it\/2018\/11\/09\/mit-vr-brillen-ins-berufsleben-eintauchen\/#respond"]}]},{"@type":"WebPage","@id":"https:\/\/vr-room.ch\/it\/2018\/11\/09\/mit-vr-brillen-ins-berufsleben-eintauchen\/","url":"https:\/\/vr-room.ch\/it\/2018\/11\/09\/mit-vr-brillen-ins-berufsleben-eintauchen\/","name":"Mit VR-Brillen ins Berufsleben eintauchen - Schweizer Virtual Reality News","isPartOf":{"@id":"http:\/\/vr-room.ch\/en\/#website"},"primaryImageOfPage":{"@id":"https:\/\/vr-room.ch\/it\/2018\/11\/09\/mit-vr-brillen-ins-berufsleben-eintauchen\/#primaryimage"},"image":{"@id":"https:\/\/vr-room.ch\/it\/2018\/11\/09\/mit-vr-brillen-ins-berufsleben-eintauchen\/#primaryimage"},"thumbnailUrl":"https:\/\/vr-room.ch\/wp-content\/uploads\/2018\/10\/Wir-VRBrille-Bildstoff1.jpg","datePublished":"2018-11-09T06:07:52+00:00","author":{"@id":"http:\/\/vr-room.ch\/en\/#\/schema\/person\/1a03b3a6ced429fb4831f60fa2b37599"},"breadcrumb":{"@id":"https:\/\/vr-room.ch\/it\/2018\/11\/09\/mit-vr-brillen-ins-berufsleben-eintauchen\/#breadcrumb"},"inLanguage":"it-IT","potentialAction":[{"@type":"ReadAction","target":["https:\/\/vr-room.ch\/it\/2018\/11\/09\/mit-vr-brillen-ins-berufsleben-eintauchen\/"]}]},{"@type":"ImageObject","inLanguage":"it-IT","@id":"https:\/\/vr-room.ch\/it\/2018\/11\/09\/mit-vr-brillen-ins-berufsleben-eintauchen\/#primaryimage","url":"https:\/\/vr-room.ch\/wp-content\/uploads\/2018\/10\/Wir-VRBrille-Bildstoff1.jpg","contentUrl":"https:\/\/vr-room.ch\/wp-content\/uploads\/2018\/10\/Wir-VRBrille-Bildstoff1.jpg","width":980,"height":646},{"@type":"BreadcrumbList","@id":"https:\/\/vr-room.ch\/it\/2018\/11\/09\/mit-vr-brillen-ins-berufsleben-eintauchen\/#breadcrumb","itemListElement":[{"@type":"ListItem","position":1,"name":"Startseite","item":"http:\/\/vr-room.ch\/en\/"},{"@type":"ListItem","position":2,"name":"Mit VR-Brillen ins Berufsleben eintauchen"}]},{"@type":"WebSite","@id":"http:\/\/vr-room.ch\/en\/#website","url":"http:\/\/vr-room.ch\/en\/","name":"Notizie sulla realt\u00e0 virtuale in Svizzera","description":"","potentialAction":[{"@type":"SearchAction","target":{"@type":"EntryPoint","urlTemplate":"http:\/\/vr-room.ch\/en\/?s={search_term_string}"},"query-input":{"@type":"PropertyValueSpecification","valueRequired":true,"valueName":"search_term_string"}}],"inLanguage":"it-IT"},{"@type":"Person","@id":"http:\/\/vr-room.ch\/en\/#\/schema\/person\/1a03b3a6ced429fb4831f60fa2b37599","name":"Nathalie","image":{"@type":"ImageObject","inLanguage":"it-IT","@id":"https:\/\/vr-room.ch\/wp-content\/uploads\/2017\/01\/avatar_user_12_1484159890-96x96.jpg","url":"https:\/\/vr-room.ch\/wp-content\/uploads\/2017\/01\/avatar_user_12_1484159890-96x96.jpg","contentUrl":"https:\/\/vr-room.ch\/wp-content\/uploads\/2017\/01\/avatar_user_12_1484159890-96x96.jpg","caption":"Nathalie"},"url":"https:\/\/vr-room.ch\/it\/author\/nathalie\/"}]}},"_links":{"self":[{"href":"https:\/\/vr-room.ch\/it\/wp-json\/wp\/v2\/posts\/11689","targetHints":{"allow":["GET"]}}],"collection":[{"href":"https:\/\/vr-room.ch\/it\/wp-json\/wp\/v2\/posts"}],"about":[{"href":"https:\/\/vr-room.ch\/it\/wp-json\/wp\/v2\/types\/post"}],"author":[{"embeddable":true,"href":"https:\/\/vr-room.ch\/it\/wp-json\/wp\/v2\/users\/12"}],"replies":[{"embeddable":true,"href":"https:\/\/vr-room.ch\/it\/wp-json\/wp\/v2\/comments?post=11689"}],"version-history":[{"count":0,"href":"https:\/\/vr-room.ch\/it\/wp-json\/wp\/v2\/posts\/11689\/revisions"}],"wp:featuredmedia":[{"embeddable":true,"href":"https:\/\/vr-room.ch\/it\/wp-json\/wp\/v2\/media\/11690"}],"wp:attachment":[{"href":"https:\/\/vr-room.ch\/it\/wp-json\/wp\/v2\/media?parent=11689"}],"wp:term":[{"taxonomy":"category","embeddable":true,"href":"https:\/\/vr-room.ch\/it\/wp-json\/wp\/v2\/categories?post=11689"},{"taxonomy":"post_tag","embeddable":true,"href":"https:\/\/vr-room.ch\/it\/wp-json\/wp\/v2\/tags?post=11689"}],"curies":[{"name":"wp","href":"https:\/\/api.w.org\/{rel}","templated":true}]}}