{"id":11338,"date":"2018-09-20T06:19:57","date_gmt":"2018-09-20T06:19:57","guid":{"rendered":"http:\/\/vr-room.ch\/?p=11338"},"modified":"2018-09-18T13:30:23","modified_gmt":"2018-09-18T13:30:23","slug":"virtual-reality-festival-mit-der-grossen-vr-stage","status":"publish","type":"post","link":"https:\/\/vr-room.ch\/it\/2018\/09\/20\/virtual-reality-festival-mit-der-grossen-vr-stage\/","title":{"rendered":"Festival della Realt\u00e0 Virtuale con il grande palco VR"},"content":{"rendered":"<h3 id=\"schon-bald-gehts-los-die-vrdays-zuerich-zeigen-all-facetten-von-virtual-und-augmented-reality-die-besucher-an-diversen-workshops-teilnehmen-einen-der-coolen-simulatoren-ausprobieren-oder-vr-projek\">Inizier\u00e0 presto! I VRDAYS di Zurigo mostreranno tutte le sfaccettature della realt\u00e0 virtuale e aumentata. I visitatori potranno partecipare a vari workshop, provare uno dei fantastici simulatori o ammirare i progetti VR di vari sviluppatori svizzeri.<span> Sul palco dello show si svolgeranno dimostrazioni sul tema \"VR e AR\". Artisti nazionali e internazionali della realt\u00e0 virtuale mostreranno cosa \u00e8 possibile fare con la nuova tecnologia.<br \/>\n<\/span><!--more--><\/h3>\n<p>Il 29 e 30 settembre 2018, la prima edizione dei VRDAYS si svolger\u00e0 nel padiglione 622 di Zurigo Oerlikon. Il VRDAYS di Zurigo mostrer\u00e0 tutte le sfaccettature della VR e dell'AR (Realt\u00e0 Virtuale e Realt\u00e0 Aumentata). Oltre all'esposizione, i visitatori potranno conoscere lo sviluppo e la ricerca di progetti VR e provare personalmente varie applicazioni. Saranno inoltre presenti vari <a href=\"http:\/\/vr-room.ch\/it\/2018\/08\/20\/workshops-an-den-vrdays-zuerich\/\">Laboratori <\/a>per principianti e professionisti.<\/p>\n<p>Sono disponibili diversi simulatori da provare. Questi includono simulatori con temi come il calcio balilla, lo sci, il parapendio e molti altri. Anche diversi espositori presenteranno i loro progetti. Ad esempio, gli sviluppatori svizzeri Sycoforge presenteranno il loro gioco epico \"Arafinn\". Si tratta di una versione completamente nuova che non \u00e8 ancora stata mostrata al pubblico.<\/p>\n<p>In mostra anche elaborate installazioni artistiche, come la pluripremiata HanaHana di M\u00e9lodie Mousset.<\/p>\n<p>Le grandi battaglie si svolgono nella Fusion Arena, dove diversi giocatori possono sfidarsi. Chi vuole essere trasportato nel bel mezzo di un film pu\u00f2 visitare il cinema VR di WeAreCinema.<span><br \/>\n<\/span><\/p>\n<h3 id=\"vr-stage-laesst-gross-und-klein-staunen\">Il palcoscenico VR stupisce grandi e piccini<\/h3>\n<p>Sul VR Stage si svolgeranno diverse dimostrazioni. Queste saranno visibili a tutti i visitatori sul grande schermo.  Ad esempio, l'artista VR franco-russa Anna Zhilyaeva creer\u00e0 opere d'arte nello spazio virtuale. Anna ha gi\u00e0 entusiasmato un vasto pubblico con le sue opere d'arte in tutto il mondo. Inoltre, il musicista Melodiesinfonie creer\u00e0 opere d'arte sonora virtuale con Track Lab. Anche l'artista svizzera Zoe R\u00f6llin mostrer\u00e0 cosa \u00e8 artisticamente possibile fare con il programma di disegno VR Tilt Brush.  I visitatori avranno anche l'opportunit\u00e0 di provare e creare esperienze VR diverse e uniche sul palco insieme a esperti di VR. Il programma di VR Showstage copre tutti gli aspetti della VR.\u00a0\u00a0<span>\u00a0<\/span><\/p>\n<p><span>Programma sul palcoscenico:<br \/>\n<\/span><\/p>\n<p><b>Sabato 29 settembre<\/b><br \/>\n11:00 Luid Trips - Esperienza VR \/ Sara Lisa Vogl, VR Nerds<span>\u00a0<\/span><\/p>\n<p>12:30 Performance con pennello inclinato \/ Zoe R\u00f6llin<span>\u00a0<\/span><\/p>\n<p>14:00 Performance del laboratorio di binario \/ Melody Symphony<span>\u00a0<\/span><\/p>\n<p>15:30 Dal 2D al 3D in pochi minuti: Livmaker \/ Imverse<span>\u00a0<\/span><\/p>\n<p>17:00 Performance con pennello inclinato \/ Anna Zhilyaeva<span>\u00a0<\/span><\/p>\n<p>18:00 Sessione di cooperazione Masterpiece VR \/ Manu Weiss<span><br \/>\n<\/span><\/p>\n<p><span>\u00a0<\/span><\/p>\n<p><b>Domenica 30 settembre<\/b><span>\u00a0<\/span><\/p>\n<p>12:00 Costruire con i blocchi \/ Manu Weiss<span>\u00a0<\/span><\/p>\n<p>13:00 NUN - Esperienza VR \/ Doris Isabel Brunschweiler, Chris Leisi, ZHDK<span>\u00a0<\/span><\/p>\n<p>14:30 L'esperienza del pennello inclinato \/ Zoe R\u00f6llin<span>\u00a0<\/span><\/p>\n<p>16:00 Performance del laboratorio di binari \/ Melody Symphony<span>\u00a0<\/span><\/p>\n<p>17:00 Performance con pennello inclinato \/ Anna Zhilyaeva<span><br \/>\n<\/span><\/p>\n<p>I VRDAYS permettono ai visitatori di immergersi per due giorni nel mondo della realt\u00e0 virtuale e di dimenticare tutto ci\u00f2 che li circonda.<span><br \/>\n<\/span><\/p>\n<p><b>Il <\/b><b>Argomenti dei VRDAYS di Zurigo<\/b><b>:<\/b><span>\u00a0<\/span><\/p>\n<ul>\n<li>Mostra sui temi: Arte, Giochi, Produzione, Creazione e Sviluppo<span>\u00a0<\/span><\/li>\n<li>Laboratori<span>\u00a0<\/span><\/li>\n<li>Cinema VR<span>\u00a0<\/span><\/li>\n<li>Fusion Arena (Arena di gioco multigiocatore)<span>\u00a0<\/span><\/li>\n<li>Installazioni d'arte<span>\u00a0<\/span><\/li>\n<li>Artisti VR nazionali e internazionali<span>\u00a0<\/span><\/li>\n<li>Sala VR<span>\u00a0<\/span><\/li>\n<li>Area giochi<span>\u00a0<\/span><\/li>\n<li>Il suono in VR<span>\u00a0<\/span><\/li>\n<li>Simulatori VR<span>\u00a0<\/span><\/li>\n<\/ul>\n<h3 id=\"festivalinfos\">Info sul festival:<span>\u00a0<\/span><\/h3>\n<p>Data: sabato 29 e domenica 30 settembre 2018<br \/>\nSede: Padiglione 622, Zurigo Oerlikon<br \/>\nOrari di apertura: Sabato 10:00 - 19:00 \/ Domenica 12:00 - 18:00<br \/>\nPrezzo d'ingresso: 1 giorno CHF 19.- \/ 2 giorni CHF 25.-.<span>\u00a0<\/span><\/p>\n<p>Uffici di prenotazione anticipata: Starticket e Ticketcorner<span>\u00a0<\/span><\/p>\n<p>Partner: PlayStation, Blick, Ticketcorner, VRROOM.ch, Games.ch, World VR Forum, Zurigo Turismo, Pro Helvetia<span>\u00a0<\/span><\/p>\n<p>Organizzatore: MAAG Music &amp; Arts AG<span>\u00a0<\/span><\/p>\n<p><a href=\"http:\/\/www.vr-days.ch\">www.vr-days.ch<\/a> \/ <a href=\"http:\/\/www.bymaag.ch\">www.bymaag.ch<\/a><span>\u00a0<\/span><\/p>","protected":false},"excerpt":{"rendered":"Inizier\u00e0 presto! I VRDAYS di Zurigo mostreranno tutte le sfaccettature della realt\u00e0 virtuale e aumentata. I visitatori...","protected":false},"author":12,"featured_media":11169,"comment_status":"open","ping_status":"open","sticky":false,"template":"","format":"standard","meta":{"footnotes":""},"categories":[68],"tags":[],"class_list":{"0":"post-11338","1":"post","2":"type-post","3":"status-publish","4":"format-standard","5":"has-post-thumbnail","7":"category-virtual-reality-schweiz","8":"cs-entry","9":"cs-video-wrap"},"yoast_head":"<!-- This site is optimized with the Yoast SEO plugin v27.4 - https:\/\/yoast.com\/product\/yoast-seo-wordpress\/ -->\n<title>Virtual Reality Festival mit der grossen VR Stage - Schweizer Virtual Reality News<\/title>\n<meta name=\"robots\" content=\"index, follow, max-snippet:-1, max-image-preview:large, max-video-preview:-1\" \/>\n<link rel=\"canonical\" href=\"https:\/\/vr-room.ch\/it\/2018\/09\/20\/virtual-reality-festival-mit-der-grossen-vr-stage\/\" \/>\n<meta property=\"og:locale\" content=\"it_IT\" \/>\n<meta property=\"og:type\" content=\"article\" \/>\n<meta property=\"og:title\" content=\"Virtual Reality Festival mit der grossen VR Stage - Schweizer Virtual Reality News\" \/>\n<meta property=\"og:description\" content=\"Schon bald gehts los! Die VRDAYS Z\u00fcrich, zeigen all Facetten von Virtual und Augmented Reality. Die Besucher an&hellip;\" \/>\n<meta property=\"og:url\" content=\"https:\/\/vr-room.ch\/it\/2018\/09\/20\/virtual-reality-festival-mit-der-grossen-vr-stage\/\" \/>\n<meta property=\"og:site_name\" content=\"Schweizer Virtual Reality News\" \/>\n<meta property=\"article:published_time\" content=\"2018-09-20T06:19:57+00:00\" \/>\n<meta property=\"og:image\" content=\"https:\/\/vr-room.ch\/wp-content\/uploads\/2018\/08\/VR-Days-Logo-CMS-weiss2.jpg\" \/>\n\t<meta property=\"og:image:width\" content=\"1460\" \/>\n\t<meta property=\"og:image:height\" content=\"786\" \/>\n\t<meta property=\"og:image:type\" content=\"image\/jpeg\" \/>\n<meta name=\"author\" content=\"Nathalie\" \/>\n<meta name=\"twitter:card\" content=\"summary_large_image\" \/>\n<meta name=\"twitter:label1\" content=\"Scritto da\" \/>\n\t<meta name=\"twitter:data1\" content=\"Nathalie\" \/>\n\t<meta name=\"twitter:label2\" content=\"Tempo di lettura stimato\" \/>\n\t<meta name=\"twitter:data2\" content=\"3 minuti\" \/>\n<script type=\"application\/ld+json\" class=\"yoast-schema-graph\">{\"@context\":\"https:\\\/\\\/schema.org\",\"@graph\":[{\"@type\":\"Article\",\"@id\":\"https:\\\/\\\/vr-room.ch\\\/2018\\\/09\\\/20\\\/virtual-reality-festival-mit-der-grossen-vr-stage\\\/#article\",\"isPartOf\":{\"@id\":\"https:\\\/\\\/vr-room.ch\\\/2018\\\/09\\\/20\\\/virtual-reality-festival-mit-der-grossen-vr-stage\\\/\"},\"author\":{\"name\":\"Nathalie\",\"@id\":\"http:\\\/\\\/vr-room.ch\\\/en\\\/#\\\/schema\\\/person\\\/1a03b3a6ced429fb4831f60fa2b37599\"},\"headline\":\"Virtual Reality Festival mit der grossen VR Stage\",\"datePublished\":\"2018-09-20T06:19:57+00:00\",\"mainEntityOfPage\":{\"@id\":\"https:\\\/\\\/vr-room.ch\\\/2018\\\/09\\\/20\\\/virtual-reality-festival-mit-der-grossen-vr-stage\\\/\"},\"wordCount\":549,\"commentCount\":0,\"image\":{\"@id\":\"https:\\\/\\\/vr-room.ch\\\/2018\\\/09\\\/20\\\/virtual-reality-festival-mit-der-grossen-vr-stage\\\/#primaryimage\"},\"thumbnailUrl\":\"https:\\\/\\\/vr-room.ch\\\/wp-content\\\/uploads\\\/2018\\\/08\\\/VR-Days-Logo-CMS-weiss2.jpg\",\"articleSection\":[\"Schweiz\"],\"inLanguage\":\"it-IT\",\"potentialAction\":[{\"@type\":\"CommentAction\",\"name\":\"Comment\",\"target\":[\"https:\\\/\\\/vr-room.ch\\\/2018\\\/09\\\/20\\\/virtual-reality-festival-mit-der-grossen-vr-stage\\\/#respond\"]}]},{\"@type\":\"WebPage\",\"@id\":\"https:\\\/\\\/vr-room.ch\\\/2018\\\/09\\\/20\\\/virtual-reality-festival-mit-der-grossen-vr-stage\\\/\",\"url\":\"https:\\\/\\\/vr-room.ch\\\/2018\\\/09\\\/20\\\/virtual-reality-festival-mit-der-grossen-vr-stage\\\/\",\"name\":\"Virtual Reality Festival mit der grossen VR Stage - Schweizer Virtual Reality News\",\"isPartOf\":{\"@id\":\"http:\\\/\\\/vr-room.ch\\\/en\\\/#website\"},\"primaryImageOfPage\":{\"@id\":\"https:\\\/\\\/vr-room.ch\\\/2018\\\/09\\\/20\\\/virtual-reality-festival-mit-der-grossen-vr-stage\\\/#primaryimage\"},\"image\":{\"@id\":\"https:\\\/\\\/vr-room.ch\\\/2018\\\/09\\\/20\\\/virtual-reality-festival-mit-der-grossen-vr-stage\\\/#primaryimage\"},\"thumbnailUrl\":\"https:\\\/\\\/vr-room.ch\\\/wp-content\\\/uploads\\\/2018\\\/08\\\/VR-Days-Logo-CMS-weiss2.jpg\",\"datePublished\":\"2018-09-20T06:19:57+00:00\",\"author\":{\"@id\":\"http:\\\/\\\/vr-room.ch\\\/en\\\/#\\\/schema\\\/person\\\/1a03b3a6ced429fb4831f60fa2b37599\"},\"breadcrumb\":{\"@id\":\"https:\\\/\\\/vr-room.ch\\\/2018\\\/09\\\/20\\\/virtual-reality-festival-mit-der-grossen-vr-stage\\\/#breadcrumb\"},\"inLanguage\":\"it-IT\",\"potentialAction\":[{\"@type\":\"ReadAction\",\"target\":[\"https:\\\/\\\/vr-room.ch\\\/2018\\\/09\\\/20\\\/virtual-reality-festival-mit-der-grossen-vr-stage\\\/\"]}]},{\"@type\":\"ImageObject\",\"inLanguage\":\"it-IT\",\"@id\":\"https:\\\/\\\/vr-room.ch\\\/2018\\\/09\\\/20\\\/virtual-reality-festival-mit-der-grossen-vr-stage\\\/#primaryimage\",\"url\":\"https:\\\/\\\/vr-room.ch\\\/wp-content\\\/uploads\\\/2018\\\/08\\\/VR-Days-Logo-CMS-weiss2.jpg\",\"contentUrl\":\"https:\\\/\\\/vr-room.ch\\\/wp-content\\\/uploads\\\/2018\\\/08\\\/VR-Days-Logo-CMS-weiss2.jpg\",\"width\":1460,\"height\":786},{\"@type\":\"BreadcrumbList\",\"@id\":\"https:\\\/\\\/vr-room.ch\\\/2018\\\/09\\\/20\\\/virtual-reality-festival-mit-der-grossen-vr-stage\\\/#breadcrumb\",\"itemListElement\":[{\"@type\":\"ListItem\",\"position\":1,\"name\":\"Startseite\",\"item\":\"http:\\\/\\\/vr-room.ch\\\/en\\\/\"},{\"@type\":\"ListItem\",\"position\":2,\"name\":\"Virtual Reality Festival mit der grossen VR Stage\"}]},{\"@type\":\"WebSite\",\"@id\":\"http:\\\/\\\/vr-room.ch\\\/en\\\/#website\",\"url\":\"http:\\\/\\\/vr-room.ch\\\/en\\\/\",\"name\":\"Schweizer Virtual Reality News\",\"description\":\"\",\"potentialAction\":[{\"@type\":\"SearchAction\",\"target\":{\"@type\":\"EntryPoint\",\"urlTemplate\":\"http:\\\/\\\/vr-room.ch\\\/en\\\/?s={search_term_string}\"},\"query-input\":{\"@type\":\"PropertyValueSpecification\",\"valueRequired\":true,\"valueName\":\"search_term_string\"}}],\"inLanguage\":\"it-IT\"},{\"@type\":\"Person\",\"@id\":\"http:\\\/\\\/vr-room.ch\\\/en\\\/#\\\/schema\\\/person\\\/1a03b3a6ced429fb4831f60fa2b37599\",\"name\":\"Nathalie\",\"image\":{\"@type\":\"ImageObject\",\"inLanguage\":\"it-IT\",\"@id\":\"https:\\\/\\\/vr-room.ch\\\/wp-content\\\/uploads\\\/2017\\\/01\\\/avatar_user_12_1484159890-96x96.jpg\",\"url\":\"https:\\\/\\\/vr-room.ch\\\/wp-content\\\/uploads\\\/2017\\\/01\\\/avatar_user_12_1484159890-96x96.jpg\",\"contentUrl\":\"https:\\\/\\\/vr-room.ch\\\/wp-content\\\/uploads\\\/2017\\\/01\\\/avatar_user_12_1484159890-96x96.jpg\",\"caption\":\"Nathalie\"},\"url\":\"https:\\\/\\\/vr-room.ch\\\/it\\\/author\\\/nathalie\\\/\"}]}<\/script>\n<!-- \/ Yoast SEO plugin. -->","yoast_head_json":{"title":"Virtual Reality Festival mit der grossen VR Stage - Schweizer Virtual Reality News","robots":{"index":"index","follow":"follow","max-snippet":"max-snippet:-1","max-image-preview":"max-image-preview:large","max-video-preview":"max-video-preview:-1"},"canonical":"https:\/\/vr-room.ch\/it\/2018\/09\/20\/virtual-reality-festival-mit-der-grossen-vr-stage\/","og_locale":"it_IT","og_type":"article","og_title":"Virtual Reality Festival mit der grossen VR Stage - Schweizer Virtual Reality News","og_description":"Schon bald gehts los! Die VRDAYS Z\u00fcrich, zeigen all Facetten von Virtual und Augmented Reality. Die Besucher an&hellip;","og_url":"https:\/\/vr-room.ch\/it\/2018\/09\/20\/virtual-reality-festival-mit-der-grossen-vr-stage\/","og_site_name":"Schweizer Virtual Reality News","article_published_time":"2018-09-20T06:19:57+00:00","og_image":[{"width":1460,"height":786,"url":"https:\/\/vr-room.ch\/wp-content\/uploads\/2018\/08\/VR-Days-Logo-CMS-weiss2.jpg","type":"image\/jpeg"}],"author":"Nathalie","twitter_card":"summary_large_image","twitter_misc":{"Scritto da":"Nathalie","Tempo di lettura stimato":"3 minuti"},"schema":{"@context":"https:\/\/schema.org","@graph":[{"@type":"Article","@id":"https:\/\/vr-room.ch\/2018\/09\/20\/virtual-reality-festival-mit-der-grossen-vr-stage\/#article","isPartOf":{"@id":"https:\/\/vr-room.ch\/2018\/09\/20\/virtual-reality-festival-mit-der-grossen-vr-stage\/"},"author":{"name":"Nathalie","@id":"http:\/\/vr-room.ch\/en\/#\/schema\/person\/1a03b3a6ced429fb4831f60fa2b37599"},"headline":"Virtual Reality Festival mit der grossen VR Stage","datePublished":"2018-09-20T06:19:57+00:00","mainEntityOfPage":{"@id":"https:\/\/vr-room.ch\/2018\/09\/20\/virtual-reality-festival-mit-der-grossen-vr-stage\/"},"wordCount":549,"commentCount":0,"image":{"@id":"https:\/\/vr-room.ch\/2018\/09\/20\/virtual-reality-festival-mit-der-grossen-vr-stage\/#primaryimage"},"thumbnailUrl":"https:\/\/vr-room.ch\/wp-content\/uploads\/2018\/08\/VR-Days-Logo-CMS-weiss2.jpg","articleSection":["Schweiz"],"inLanguage":"it-IT","potentialAction":[{"@type":"CommentAction","name":"Comment","target":["https:\/\/vr-room.ch\/2018\/09\/20\/virtual-reality-festival-mit-der-grossen-vr-stage\/#respond"]}]},{"@type":"WebPage","@id":"https:\/\/vr-room.ch\/2018\/09\/20\/virtual-reality-festival-mit-der-grossen-vr-stage\/","url":"https:\/\/vr-room.ch\/2018\/09\/20\/virtual-reality-festival-mit-der-grossen-vr-stage\/","name":"Virtual Reality Festival mit der grossen VR Stage - Schweizer Virtual Reality News","isPartOf":{"@id":"http:\/\/vr-room.ch\/en\/#website"},"primaryImageOfPage":{"@id":"https:\/\/vr-room.ch\/2018\/09\/20\/virtual-reality-festival-mit-der-grossen-vr-stage\/#primaryimage"},"image":{"@id":"https:\/\/vr-room.ch\/2018\/09\/20\/virtual-reality-festival-mit-der-grossen-vr-stage\/#primaryimage"},"thumbnailUrl":"https:\/\/vr-room.ch\/wp-content\/uploads\/2018\/08\/VR-Days-Logo-CMS-weiss2.jpg","datePublished":"2018-09-20T06:19:57+00:00","author":{"@id":"http:\/\/vr-room.ch\/en\/#\/schema\/person\/1a03b3a6ced429fb4831f60fa2b37599"},"breadcrumb":{"@id":"https:\/\/vr-room.ch\/2018\/09\/20\/virtual-reality-festival-mit-der-grossen-vr-stage\/#breadcrumb"},"inLanguage":"it-IT","potentialAction":[{"@type":"ReadAction","target":["https:\/\/vr-room.ch\/2018\/09\/20\/virtual-reality-festival-mit-der-grossen-vr-stage\/"]}]},{"@type":"ImageObject","inLanguage":"it-IT","@id":"https:\/\/vr-room.ch\/2018\/09\/20\/virtual-reality-festival-mit-der-grossen-vr-stage\/#primaryimage","url":"https:\/\/vr-room.ch\/wp-content\/uploads\/2018\/08\/VR-Days-Logo-CMS-weiss2.jpg","contentUrl":"https:\/\/vr-room.ch\/wp-content\/uploads\/2018\/08\/VR-Days-Logo-CMS-weiss2.jpg","width":1460,"height":786},{"@type":"BreadcrumbList","@id":"https:\/\/vr-room.ch\/2018\/09\/20\/virtual-reality-festival-mit-der-grossen-vr-stage\/#breadcrumb","itemListElement":[{"@type":"ListItem","position":1,"name":"Startseite","item":"http:\/\/vr-room.ch\/en\/"},{"@type":"ListItem","position":2,"name":"Virtual Reality Festival mit der grossen VR Stage"}]},{"@type":"WebSite","@id":"http:\/\/vr-room.ch\/en\/#website","url":"http:\/\/vr-room.ch\/en\/","name":"Notizie sulla realt\u00e0 virtuale in Svizzera","description":"","potentialAction":[{"@type":"SearchAction","target":{"@type":"EntryPoint","urlTemplate":"http:\/\/vr-room.ch\/en\/?s={search_term_string}"},"query-input":{"@type":"PropertyValueSpecification","valueRequired":true,"valueName":"search_term_string"}}],"inLanguage":"it-IT"},{"@type":"Person","@id":"http:\/\/vr-room.ch\/en\/#\/schema\/person\/1a03b3a6ced429fb4831f60fa2b37599","name":"Nathalie","image":{"@type":"ImageObject","inLanguage":"it-IT","@id":"https:\/\/vr-room.ch\/wp-content\/uploads\/2017\/01\/avatar_user_12_1484159890-96x96.jpg","url":"https:\/\/vr-room.ch\/wp-content\/uploads\/2017\/01\/avatar_user_12_1484159890-96x96.jpg","contentUrl":"https:\/\/vr-room.ch\/wp-content\/uploads\/2017\/01\/avatar_user_12_1484159890-96x96.jpg","caption":"Nathalie"},"url":"https:\/\/vr-room.ch\/it\/author\/nathalie\/"}]}},"_links":{"self":[{"href":"https:\/\/vr-room.ch\/it\/wp-json\/wp\/v2\/posts\/11338","targetHints":{"allow":["GET"]}}],"collection":[{"href":"https:\/\/vr-room.ch\/it\/wp-json\/wp\/v2\/posts"}],"about":[{"href":"https:\/\/vr-room.ch\/it\/wp-json\/wp\/v2\/types\/post"}],"author":[{"embeddable":true,"href":"https:\/\/vr-room.ch\/it\/wp-json\/wp\/v2\/users\/12"}],"replies":[{"embeddable":true,"href":"https:\/\/vr-room.ch\/it\/wp-json\/wp\/v2\/comments?post=11338"}],"version-history":[{"count":0,"href":"https:\/\/vr-room.ch\/it\/wp-json\/wp\/v2\/posts\/11338\/revisions"}],"wp:featuredmedia":[{"embeddable":true,"href":"https:\/\/vr-room.ch\/it\/wp-json\/wp\/v2\/media\/11169"}],"wp:attachment":[{"href":"https:\/\/vr-room.ch\/it\/wp-json\/wp\/v2\/media?parent=11338"}],"wp:term":[{"taxonomy":"category","embeddable":true,"href":"https:\/\/vr-room.ch\/it\/wp-json\/wp\/v2\/categories?post=11338"},{"taxonomy":"post_tag","embeddable":true,"href":"https:\/\/vr-room.ch\/it\/wp-json\/wp\/v2\/tags?post=11338"}],"curies":[{"name":"wp","href":"https:\/\/api.w.org\/{rel}","templated":true}]}}