{"id":11231,"date":"2018-08-30T10:49:23","date_gmt":"2018-08-30T10:49:23","guid":{"rendered":"http:\/\/vr-room.ch\/?p=11231"},"modified":"2018-08-30T10:52:15","modified_gmt":"2018-08-30T10:52:15","slug":"microsoft-xbox-one-vr-headset","status":"publish","type":"post","link":"https:\/\/vr-room.ch\/it\/2018\/08\/30\/microsoft-xbox-one-vr-headset\/","title":{"rendered":"\u00c8 in arrivo l'auricolare Xbox VR?"},"content":{"rendered":"<p><a href=\"https:\/\/www.microsoft.com\/\">Microsoft<\/a> non ha in cantiere alcuna cuffia VR per dare filo da torcere a Sony con PlayStation VR, stando alle precedenti dichiarazioni. Si \u00e8 sempre detto che la Xbox One X sarebbe stata perfettamente in grado di realizzare mondi virtuali. Ma forse, dopotutto, qualcosa era in fase di sviluppo.<\/p>\n<p>La pagina <a href=\"https:\/\/www.cnet.com\/news\/heres-what-happened-to-microsofts-xbox-vr-gaming-headset\/\">CNET<\/a> sostiene di aver appreso da fonti a conoscenza della questione che era in fase di sviluppo una cuffia VR per Xbox One. Tuttavia, il progetto \u00e8 stato posticipato o messo in attesa fino a quando non sar\u00e0 disponibile una tecnologia migliore, secondo la notizia, che non \u00e8 stata commentata ufficialmente. Secondo quanto riferito, negli ultimi anni Microsoft ha cercato partner per la produzione di giochi per una cuffia Xbox VR.<\/p>\n<p>Secondo le fonti di CNET, la qualit\u00e0 dello schermo del dispositivo era abbastanza buona, ma non abbastanza per competere con Oculus Rift e HTC Vive. Microsoft sta quindi aspettando che la tecnologia wireless per le cuffie VR diventi pi\u00f9 economica e pratica. Inoltre, \u00e8 possibile che gli studios non abbiano avuto troppo interesse a sviluppare giochi per Xbox VR perch\u00e9 la Xbox One \u00e8 molto indietro rispetto alla PlayStation 4 in termini di vendite.<\/p>\n<p>Fonte: <a href=\"https:\/\/www.cnet.com\/news\/heres-what-happened-to-microsofts-xbox-vr-gaming-headset\/\">CNET<\/a><\/p>","protected":false},"excerpt":{"rendered":"Microsoft non ha in cantiere alcun headset VR, secondo le vecchie dichiarazioni, per fare concorrenza a Sony con PlayStation VR....","protected":false},"author":11,"featured_media":3941,"comment_status":"open","ping_status":"open","sticky":false,"template":"","format":"standard","meta":{"footnotes":""},"categories":[11],"tags":[],"class_list":{"0":"post-11231","1":"post","2":"type-post","3":"status-publish","4":"format-standard","5":"has-post-thumbnail","7":"category-virtual-reality-industrie","8":"cs-entry","9":"cs-video-wrap"},"yoast_head":"<!-- This site is optimized with the Yoast SEO plugin v27.4 - https:\/\/yoast.com\/product\/yoast-seo-wordpress\/ -->\n<title>Kommt das Xbox-VR-Headset? - Schweizer Virtual Reality News<\/title>\n<meta name=\"robots\" content=\"index, follow, max-snippet:-1, max-image-preview:large, max-video-preview:-1\" \/>\n<link rel=\"canonical\" href=\"http:\/\/vr-room.ch\/it\/2018\/08\/30\/microsoft-xbox-one-vr-headset\/\" \/>\n<meta property=\"og:locale\" content=\"it_IT\" \/>\n<meta property=\"og:type\" content=\"article\" \/>\n<meta property=\"og:title\" content=\"Kommt das Xbox-VR-Headset? - Schweizer Virtual Reality News\" \/>\n<meta property=\"og:description\" content=\"Microsoft hat laut \u00e4lterer Aussagen kein VR-Headset in Planung, um Sony mit PlayStation VR ein wenig Konkurrenz zu&hellip;\" \/>\n<meta property=\"og:url\" content=\"http:\/\/vr-room.ch\/it\/2018\/08\/30\/microsoft-xbox-one-vr-headset\/\" \/>\n<meta property=\"og:site_name\" content=\"Schweizer Virtual Reality News\" \/>\n<meta property=\"article:published_time\" content=\"2018-08-30T10:49:23+00:00\" \/>\n<meta property=\"article:modified_time\" content=\"2018-08-30T10:52:15+00:00\" \/>\n<meta property=\"og:image\" content=\"https:\/\/vr-room.ch\/wp-content\/uploads\/2017\/01\/Microsoft_VR.png\" \/>\n\t<meta property=\"og:image:width\" content=\"1012\" \/>\n\t<meta property=\"og:image:height\" content=\"549\" \/>\n\t<meta property=\"og:image:type\" content=\"image\/png\" \/>\n<meta name=\"author\" content=\"Michael\" \/>\n<meta name=\"twitter:card\" content=\"summary_large_image\" \/>\n<meta name=\"twitter:label1\" content=\"Scritto da\" \/>\n\t<meta name=\"twitter:data1\" content=\"Michael\" \/>\n\t<meta name=\"twitter:label2\" content=\"Tempo di lettura stimato\" \/>\n\t<meta name=\"twitter:data2\" content=\"1 minuto\" \/>\n<script type=\"application\/ld+json\" class=\"yoast-schema-graph\">{\"@context\":\"https:\\\/\\\/schema.org\",\"@graph\":[{\"@type\":\"Article\",\"@id\":\"http:\\\/\\\/vr-room.ch\\\/fr\\\/2018\\\/08\\\/30\\\/microsoft-xbox-one-vr-headset\\\/#article\",\"isPartOf\":{\"@id\":\"http:\\\/\\\/vr-room.ch\\\/fr\\\/2018\\\/08\\\/30\\\/microsoft-xbox-one-vr-headset\\\/\"},\"author\":{\"name\":\"Michael\",\"@id\":\"http:\\\/\\\/vr-room.ch\\\/en\\\/#\\\/schema\\\/person\\\/4022b4e1fba06681ac263b25c0f1e3d2\"},\"headline\":\"Kommt das Xbox-VR-Headset?\",\"datePublished\":\"2018-08-30T10:49:23+00:00\",\"dateModified\":\"2018-08-30T10:52:15+00:00\",\"mainEntityOfPage\":{\"@id\":\"http:\\\/\\\/vr-room.ch\\\/fr\\\/2018\\\/08\\\/30\\\/microsoft-xbox-one-vr-headset\\\/\"},\"wordCount\":197,\"commentCount\":0,\"image\":{\"@id\":\"http:\\\/\\\/vr-room.ch\\\/fr\\\/2018\\\/08\\\/30\\\/microsoft-xbox-one-vr-headset\\\/#primaryimage\"},\"thumbnailUrl\":\"https:\\\/\\\/vr-room.ch\\\/wp-content\\\/uploads\\\/2017\\\/01\\\/Microsoft_VR.png\",\"articleSection\":[\"Industrie\"],\"inLanguage\":\"it-IT\",\"potentialAction\":[{\"@type\":\"CommentAction\",\"name\":\"Comment\",\"target\":[\"http:\\\/\\\/vr-room.ch\\\/fr\\\/2018\\\/08\\\/30\\\/microsoft-xbox-one-vr-headset\\\/#respond\"]}]},{\"@type\":\"WebPage\",\"@id\":\"http:\\\/\\\/vr-room.ch\\\/fr\\\/2018\\\/08\\\/30\\\/microsoft-xbox-one-vr-headset\\\/\",\"url\":\"http:\\\/\\\/vr-room.ch\\\/fr\\\/2018\\\/08\\\/30\\\/microsoft-xbox-one-vr-headset\\\/\",\"name\":\"Kommt das Xbox-VR-Headset? - Schweizer Virtual Reality News\",\"isPartOf\":{\"@id\":\"http:\\\/\\\/vr-room.ch\\\/en\\\/#website\"},\"primaryImageOfPage\":{\"@id\":\"http:\\\/\\\/vr-room.ch\\\/fr\\\/2018\\\/08\\\/30\\\/microsoft-xbox-one-vr-headset\\\/#primaryimage\"},\"image\":{\"@id\":\"http:\\\/\\\/vr-room.ch\\\/fr\\\/2018\\\/08\\\/30\\\/microsoft-xbox-one-vr-headset\\\/#primaryimage\"},\"thumbnailUrl\":\"https:\\\/\\\/vr-room.ch\\\/wp-content\\\/uploads\\\/2017\\\/01\\\/Microsoft_VR.png\",\"datePublished\":\"2018-08-30T10:49:23+00:00\",\"dateModified\":\"2018-08-30T10:52:15+00:00\",\"author\":{\"@id\":\"http:\\\/\\\/vr-room.ch\\\/en\\\/#\\\/schema\\\/person\\\/4022b4e1fba06681ac263b25c0f1e3d2\"},\"breadcrumb\":{\"@id\":\"http:\\\/\\\/vr-room.ch\\\/fr\\\/2018\\\/08\\\/30\\\/microsoft-xbox-one-vr-headset\\\/#breadcrumb\"},\"inLanguage\":\"it-IT\",\"potentialAction\":[{\"@type\":\"ReadAction\",\"target\":[\"http:\\\/\\\/vr-room.ch\\\/fr\\\/2018\\\/08\\\/30\\\/microsoft-xbox-one-vr-headset\\\/\"]}]},{\"@type\":\"ImageObject\",\"inLanguage\":\"it-IT\",\"@id\":\"http:\\\/\\\/vr-room.ch\\\/fr\\\/2018\\\/08\\\/30\\\/microsoft-xbox-one-vr-headset\\\/#primaryimage\",\"url\":\"https:\\\/\\\/vr-room.ch\\\/wp-content\\\/uploads\\\/2017\\\/01\\\/Microsoft_VR.png\",\"contentUrl\":\"https:\\\/\\\/vr-room.ch\\\/wp-content\\\/uploads\\\/2017\\\/01\\\/Microsoft_VR.png\",\"width\":1012,\"height\":549},{\"@type\":\"BreadcrumbList\",\"@id\":\"http:\\\/\\\/vr-room.ch\\\/fr\\\/2018\\\/08\\\/30\\\/microsoft-xbox-one-vr-headset\\\/#breadcrumb\",\"itemListElement\":[{\"@type\":\"ListItem\",\"position\":1,\"name\":\"Startseite\",\"item\":\"http:\\\/\\\/vr-room.ch\\\/en\\\/\"},{\"@type\":\"ListItem\",\"position\":2,\"name\":\"Kommt das Xbox-VR-Headset?\"}]},{\"@type\":\"WebSite\",\"@id\":\"http:\\\/\\\/vr-room.ch\\\/en\\\/#website\",\"url\":\"http:\\\/\\\/vr-room.ch\\\/en\\\/\",\"name\":\"Schweizer Virtual Reality News\",\"description\":\"\",\"potentialAction\":[{\"@type\":\"SearchAction\",\"target\":{\"@type\":\"EntryPoint\",\"urlTemplate\":\"http:\\\/\\\/vr-room.ch\\\/en\\\/?s={search_term_string}\"},\"query-input\":{\"@type\":\"PropertyValueSpecification\",\"valueRequired\":true,\"valueName\":\"search_term_string\"}}],\"inLanguage\":\"it-IT\"},{\"@type\":\"Person\",\"@id\":\"http:\\\/\\\/vr-room.ch\\\/en\\\/#\\\/schema\\\/person\\\/4022b4e1fba06681ac263b25c0f1e3d2\",\"name\":\"Michael\",\"image\":{\"@type\":\"ImageObject\",\"inLanguage\":\"it-IT\",\"@id\":\"https:\\\/\\\/vr-room.ch\\\/wp-content\\\/uploads\\\/2019\\\/05\\\/avatar_user_11_1558711168-96x96.jpg\",\"url\":\"https:\\\/\\\/vr-room.ch\\\/wp-content\\\/uploads\\\/2019\\\/05\\\/avatar_user_11_1558711168-96x96.jpg\",\"contentUrl\":\"https:\\\/\\\/vr-room.ch\\\/wp-content\\\/uploads\\\/2019\\\/05\\\/avatar_user_11_1558711168-96x96.jpg\",\"caption\":\"Michael\"},\"url\":\"https:\\\/\\\/vr-room.ch\\\/it\\\/author\\\/michael\\\/\"}]}<\/script>\n<!-- \/ Yoast SEO plugin. -->","yoast_head_json":{"title":"Kommt das Xbox-VR-Headset? - Schweizer Virtual Reality News","robots":{"index":"index","follow":"follow","max-snippet":"max-snippet:-1","max-image-preview":"max-image-preview:large","max-video-preview":"max-video-preview:-1"},"canonical":"http:\/\/vr-room.ch\/it\/2018\/08\/30\/microsoft-xbox-one-vr-headset\/","og_locale":"it_IT","og_type":"article","og_title":"Kommt das Xbox-VR-Headset? - Schweizer Virtual Reality News","og_description":"Microsoft hat laut \u00e4lterer Aussagen kein VR-Headset in Planung, um Sony mit PlayStation VR ein wenig Konkurrenz zu&hellip;","og_url":"http:\/\/vr-room.ch\/it\/2018\/08\/30\/microsoft-xbox-one-vr-headset\/","og_site_name":"Schweizer Virtual Reality News","article_published_time":"2018-08-30T10:49:23+00:00","article_modified_time":"2018-08-30T10:52:15+00:00","og_image":[{"width":1012,"height":549,"url":"https:\/\/vr-room.ch\/wp-content\/uploads\/2017\/01\/Microsoft_VR.png","type":"image\/png"}],"author":"Michael","twitter_card":"summary_large_image","twitter_misc":{"Scritto da":"Michael","Tempo di lettura stimato":"1 minuto"},"schema":{"@context":"https:\/\/schema.org","@graph":[{"@type":"Article","@id":"http:\/\/vr-room.ch\/fr\/2018\/08\/30\/microsoft-xbox-one-vr-headset\/#article","isPartOf":{"@id":"http:\/\/vr-room.ch\/fr\/2018\/08\/30\/microsoft-xbox-one-vr-headset\/"},"author":{"name":"Michael","@id":"http:\/\/vr-room.ch\/en\/#\/schema\/person\/4022b4e1fba06681ac263b25c0f1e3d2"},"headline":"Kommt das Xbox-VR-Headset?","datePublished":"2018-08-30T10:49:23+00:00","dateModified":"2018-08-30T10:52:15+00:00","mainEntityOfPage":{"@id":"http:\/\/vr-room.ch\/fr\/2018\/08\/30\/microsoft-xbox-one-vr-headset\/"},"wordCount":197,"commentCount":0,"image":{"@id":"http:\/\/vr-room.ch\/fr\/2018\/08\/30\/microsoft-xbox-one-vr-headset\/#primaryimage"},"thumbnailUrl":"https:\/\/vr-room.ch\/wp-content\/uploads\/2017\/01\/Microsoft_VR.png","articleSection":["Industrie"],"inLanguage":"it-IT","potentialAction":[{"@type":"CommentAction","name":"Comment","target":["http:\/\/vr-room.ch\/fr\/2018\/08\/30\/microsoft-xbox-one-vr-headset\/#respond"]}]},{"@type":"WebPage","@id":"http:\/\/vr-room.ch\/fr\/2018\/08\/30\/microsoft-xbox-one-vr-headset\/","url":"http:\/\/vr-room.ch\/fr\/2018\/08\/30\/microsoft-xbox-one-vr-headset\/","name":"Kommt das Xbox-VR-Headset? - Schweizer Virtual Reality News","isPartOf":{"@id":"http:\/\/vr-room.ch\/en\/#website"},"primaryImageOfPage":{"@id":"http:\/\/vr-room.ch\/fr\/2018\/08\/30\/microsoft-xbox-one-vr-headset\/#primaryimage"},"image":{"@id":"http:\/\/vr-room.ch\/fr\/2018\/08\/30\/microsoft-xbox-one-vr-headset\/#primaryimage"},"thumbnailUrl":"https:\/\/vr-room.ch\/wp-content\/uploads\/2017\/01\/Microsoft_VR.png","datePublished":"2018-08-30T10:49:23+00:00","dateModified":"2018-08-30T10:52:15+00:00","author":{"@id":"http:\/\/vr-room.ch\/en\/#\/schema\/person\/4022b4e1fba06681ac263b25c0f1e3d2"},"breadcrumb":{"@id":"http:\/\/vr-room.ch\/fr\/2018\/08\/30\/microsoft-xbox-one-vr-headset\/#breadcrumb"},"inLanguage":"it-IT","potentialAction":[{"@type":"ReadAction","target":["http:\/\/vr-room.ch\/fr\/2018\/08\/30\/microsoft-xbox-one-vr-headset\/"]}]},{"@type":"ImageObject","inLanguage":"it-IT","@id":"http:\/\/vr-room.ch\/fr\/2018\/08\/30\/microsoft-xbox-one-vr-headset\/#primaryimage","url":"https:\/\/vr-room.ch\/wp-content\/uploads\/2017\/01\/Microsoft_VR.png","contentUrl":"https:\/\/vr-room.ch\/wp-content\/uploads\/2017\/01\/Microsoft_VR.png","width":1012,"height":549},{"@type":"BreadcrumbList","@id":"http:\/\/vr-room.ch\/fr\/2018\/08\/30\/microsoft-xbox-one-vr-headset\/#breadcrumb","itemListElement":[{"@type":"ListItem","position":1,"name":"Startseite","item":"http:\/\/vr-room.ch\/en\/"},{"@type":"ListItem","position":2,"name":"Kommt das Xbox-VR-Headset?"}]},{"@type":"WebSite","@id":"http:\/\/vr-room.ch\/en\/#website","url":"http:\/\/vr-room.ch\/en\/","name":"Notizie sulla realt\u00e0 virtuale in Svizzera","description":"","potentialAction":[{"@type":"SearchAction","target":{"@type":"EntryPoint","urlTemplate":"http:\/\/vr-room.ch\/en\/?s={search_term_string}"},"query-input":{"@type":"PropertyValueSpecification","valueRequired":true,"valueName":"search_term_string"}}],"inLanguage":"it-IT"},{"@type":"Person","@id":"http:\/\/vr-room.ch\/en\/#\/schema\/person\/4022b4e1fba06681ac263b25c0f1e3d2","name":"Michele","image":{"@type":"ImageObject","inLanguage":"it-IT","@id":"https:\/\/vr-room.ch\/wp-content\/uploads\/2019\/05\/avatar_user_11_1558711168-96x96.jpg","url":"https:\/\/vr-room.ch\/wp-content\/uploads\/2019\/05\/avatar_user_11_1558711168-96x96.jpg","contentUrl":"https:\/\/vr-room.ch\/wp-content\/uploads\/2019\/05\/avatar_user_11_1558711168-96x96.jpg","caption":"Michael"},"url":"https:\/\/vr-room.ch\/it\/author\/michael\/"}]}},"_links":{"self":[{"href":"https:\/\/vr-room.ch\/it\/wp-json\/wp\/v2\/posts\/11231","targetHints":{"allow":["GET"]}}],"collection":[{"href":"https:\/\/vr-room.ch\/it\/wp-json\/wp\/v2\/posts"}],"about":[{"href":"https:\/\/vr-room.ch\/it\/wp-json\/wp\/v2\/types\/post"}],"author":[{"embeddable":true,"href":"https:\/\/vr-room.ch\/it\/wp-json\/wp\/v2\/users\/11"}],"replies":[{"embeddable":true,"href":"https:\/\/vr-room.ch\/it\/wp-json\/wp\/v2\/comments?post=11231"}],"version-history":[{"count":0,"href":"https:\/\/vr-room.ch\/it\/wp-json\/wp\/v2\/posts\/11231\/revisions"}],"wp:featuredmedia":[{"embeddable":true,"href":"https:\/\/vr-room.ch\/it\/wp-json\/wp\/v2\/media\/3941"}],"wp:attachment":[{"href":"https:\/\/vr-room.ch\/it\/wp-json\/wp\/v2\/media?parent=11231"}],"wp:term":[{"taxonomy":"category","embeddable":true,"href":"https:\/\/vr-room.ch\/it\/wp-json\/wp\/v2\/categories?post=11231"},{"taxonomy":"post_tag","embeddable":true,"href":"https:\/\/vr-room.ch\/it\/wp-json\/wp\/v2\/tags?post=11231"}],"curies":[{"name":"wp","href":"https:\/\/api.w.org\/{rel}","templated":true}]}}