{"id":11209,"date":"2018-09-01T06:46:57","date_gmt":"2018-09-01T06:46:57","guid":{"rendered":"http:\/\/vr-room.ch\/?p=11209"},"modified":"2018-08-27T15:13:12","modified_gmt":"2018-08-27T15:13:12","slug":"vr-am-am-digitaltag-2018","status":"publish","type":"post","link":"https:\/\/vr-room.ch\/it\/2018\/09\/01\/vr-am-am-digitaltag-2018\/","title":{"rendered":"VR al Digitaltag 2018"},"content":{"rendered":"<h3 id=\"am-donnerstag-25-oktober-2018-findet-der-zweite-nationale-digitaltag-mit-mehr-als-80-kostenlosen-veranstaltungen-an-einem-dutzend-orten-im-ganzen-land-statt-natuerlich-stehen-auch-diverse-vr\">Gioved\u00ec 25 ottobre 2018 si terr\u00e0 il secondo Digital Day nazionale con oltre 80 eventi gratuiti in una dozzina di localit\u00e0 in tutto il Paese. Naturalmente sono in programma anche diverse applicazioni VR.\u00a0<!--more--><\/h3>\n<p>In che modo la digitalizzazione sta cambiando la nostra visione del mondo? Come sta influenzando la nostra vita quotidiana? Qui troverete tutte le attivit\u00e0 delle nostre 70 organizzazioni partner, che si svolgeranno in dodici citt\u00e0 e presenteranno una variet\u00e0 di prospettive all'interno e all'esterno dei confini della digitalizzazione. Le attivit\u00e0 sono previste a Zurigo, Ginevra, Lugano, Basilea, Berna, Coira, Friburgo, Losanna, Lucerna, Yverdon-les-Bains, Sion, San Gallo e Vaduz.<\/p>\n<p>Con analisi critiche dei sette temi: Istruzione, Salute, Mobilit\u00e0, Stile di vita, Lavoro 4.0, Media &amp; News, I miei dati, la giornata promuove in modo specifico il dialogo. I partner saranno a disposizione per rispondere alle domande durante tutta la giornata.<\/p>\n<h3 id=\"virtuelle-besucherfuehrung-durch-ein-paketzentrum\">Visita guidata virtuale di un centro pacchi<\/h3>\n<p>La Posta Svizzera invita i visitatori a scoprire un centro pacchi attraverso un tour virtuale. Il centro mostra come la tecnologia digitale permetta di offrire nuovi servizi nella logistica. I visitatori possono sperimentare in prima persona il funzionamento del complesso sistema di trasporto high-tech controllato da computer, che non solo consente di smistare i pacchi in modo affidabile e puntuale, ma permette anche di offrire un'ampia gamma di nuovi servizi grazie alla tecnologia digitale utilizzata sullo sfondo.<\/p>\n<h3 id=\"drohnenflug-in-virtual-reality\" class=\"headline\">Volo del drone in realt\u00e0 virtuale<\/h3>\n<p>Anche la Posta Svizzera \u00e8 all'avanguardia nello sviluppo e nell'utilizzo dei droni nella logistica. Con il simulatore di realt\u00e0 virtuale, i visitatori possono sperimentare un impressionante volo con un drone autonomo sul lago di Zurigo. Grazie all'utilizzo di una piattaforma full motion, in pochi secondi ci si dimentica completamente di essere \"solo\" in un simulatore.<\/p>\n<p><img loading=\"lazy\" decoding=\"async\" class=\"alignnone wp-image-11211\" src=\"http:\/\/vr-room.ch\/wp-content\/uploads\/2018\/08\/post-drohne-vr-300x169.jpg\" alt=\"\" width=\"802\" height=\"452\" srcset=\"https:\/\/vr-room.ch\/wp-content\/uploads\/2018\/08\/post-drohne-vr-300x169.jpg 300w, https:\/\/vr-room.ch\/wp-content\/uploads\/2018\/08\/post-drohne-vr-768x432.jpg 768w, https:\/\/vr-room.ch\/wp-content\/uploads\/2018\/08\/post-drohne-vr-1024x576.jpg 1024w, https:\/\/vr-room.ch\/wp-content\/uploads\/2018\/08\/post-drohne-vr-1110x624.jpg 1110w, https:\/\/vr-room.ch\/wp-content\/uploads\/2018\/08\/post-drohne-vr-730x411.jpg 730w, https:\/\/vr-room.ch\/wp-content\/uploads\/2018\/08\/post-drohne-vr-539x303.jpg 539w, https:\/\/vr-room.ch\/wp-content\/uploads\/2018\/08\/post-drohne-vr-350x197.jpg 350w, https:\/\/vr-room.ch\/wp-content\/uploads\/2018\/08\/post-drohne-vr-254x143.jpg 254w, https:\/\/vr-room.ch\/wp-content\/uploads\/2018\/08\/post-drohne-vr-125x70.jpg 125w, https:\/\/vr-room.ch\/wp-content\/uploads\/2018\/08\/post-drohne-vr.jpg 1920w\" sizes=\"auto, (max-width: 802px) 100vw, 802px\" \/><\/p>\n<h3 id=\"weltpremiere-mit-hegias\">Prima mondiale con HEGIAS<\/h3>\n<header class=\"header-element\">\n<p class=\"element-header\">HEGIAS \u00e8 una start-up con sede a Zurigo e un team di sviluppo a Lugano. Sta lanciando il primo sistema al mondo di gestione dei contenuti basato su browser per la realt\u00e0 virtuale. In una prima fase, sar\u00e0 utilizzato per la visualizzazione di progetti edilizi pianificati.<\/p>\n<\/header>\n<div class=\"subline margin-bottom-small\">&#8222;Wer einmal High End Virtual Reality\u00a0 mit HEGIAS erlebt hat, wird nie mehr ein Haus ohne vorherige virtuelle Begehung bauen. Wir wollen die vielen Schweizer Start-ups, die tagt\u00e4glich die Digitalisierung unseres Alltags weiterentwickeln, vertreten und dabei ein konkretes Produkt den Besuchern des Digitaltags erlebbar machen. Wir zeigen mit HEGIAS, dass Digitalisierung bzw. Virtual Reality einen grossen Mehrwert, nicht nur f\u00fcr die Planungsbranchen, sondern auch f\u00fcr unser t\u00e4gliches Leben schaffen kann&#8220; meint Patrik Marty, CEO\/CMO von HEGIAS.<\/div>\n<div class=\"subline margin-bottom-small\"><\/div>\n<div class=\"subline margin-bottom-small\">Durante il Digital Day, i visitatori delle stazioni di Zurigo e Lugano potranno sperimentare HEGIAS per la prima volta in pubblico, in anteprima mondiale: in altre parole, gli utenti potranno vedersi e comunicare tra loro nel mondo virtuale di un vero progetto di costruzione.<\/div>\n<div class=\"subline margin-bottom-small\"><\/div>\n<div class=\"subline margin-bottom-small\"><img loading=\"lazy\" decoding=\"async\" class=\"alignnone wp-image-11216\" src=\"http:\/\/vr-room.ch\/wp-content\/uploads\/2018\/08\/hegias-300x124.jpg\" alt=\"\" width=\"820\" height=\"339\" srcset=\"https:\/\/vr-room.ch\/wp-content\/uploads\/2018\/08\/hegias-300x124.jpg 300w, https:\/\/vr-room.ch\/wp-content\/uploads\/2018\/08\/hegias-768x319.jpg 768w, https:\/\/vr-room.ch\/wp-content\/uploads\/2018\/08\/hegias-1024x425.jpg 1024w, https:\/\/vr-room.ch\/wp-content\/uploads\/2018\/08\/hegias-730x303.jpg 730w, https:\/\/vr-room.ch\/wp-content\/uploads\/2018\/08\/hegias-539x224.jpg 539w, https:\/\/vr-room.ch\/wp-content\/uploads\/2018\/08\/hegias-350x145.jpg 350w, https:\/\/vr-room.ch\/wp-content\/uploads\/2018\/08\/hegias-254x105.jpg 254w, https:\/\/vr-room.ch\/wp-content\/uploads\/2018\/08\/hegias-125x52.jpg 125w, https:\/\/vr-room.ch\/wp-content\/uploads\/2018\/08\/hegias.jpg 1682w\" sizes=\"auto, (max-width: 820px) 100vw, 820px\" \/><\/div>\n<div><\/div>\n<div class=\"subline margin-bottom-small\">\n<h3 id=\"augmented-reality-bei-ringier-wie-eine-gedruckte-zeitung-mit-digitalen-inhalten-verschmilzt\" class=\"subline margin-vertical-small\">Realt\u00e0 aumentata da Ringier: come un giornale stampato si fonde con i contenuti digitali<\/h3>\n<p class=\"text margin-vertical-small\">Una pagina di giornale che si muove, con musica e video? Grafica 3D interattiva? La realt\u00e0 aumentata (AR) fonde i giornali stampati con i contenuti digitali. In gergo tecnico, si chiama stampa interattiva. Nella BLICK Arena, i visitatori possono scoprire le possibilit\u00e0 della realt\u00e0 aumentata.<\/p>\n<\/div>\n<p class=\"text margin-vertical-small\">Quindi sar\u00e0 emozionante!<\/p>\n<p>Fonte: Digital Day<\/p>","protected":false},"excerpt":{"rendered":"Gioved\u00ec 25 ottobre 2018 si terr\u00e0 la seconda edizione del Digitaltag nazionale con oltre 80 eventi gratuiti presso...","protected":false},"author":12,"featured_media":11210,"comment_status":"open","ping_status":"open","sticky":false,"template":"","format":"standard","meta":{"footnotes":""},"categories":[68],"tags":[],"class_list":{"0":"post-11209","1":"post","2":"type-post","3":"status-publish","4":"format-standard","5":"has-post-thumbnail","7":"category-virtual-reality-schweiz","8":"cs-entry","9":"cs-video-wrap"},"yoast_head":"<!-- This site is optimized with the Yoast SEO plugin v27.4 - https:\/\/yoast.com\/product\/yoast-seo-wordpress\/ -->\n<title>VR am am Digitaltag 2018 - Schweizer Virtual Reality News<\/title>\n<meta name=\"robots\" content=\"index, follow, max-snippet:-1, max-image-preview:large, max-video-preview:-1\" \/>\n<link rel=\"canonical\" href=\"https:\/\/vr-room.ch\/it\/2018\/09\/01\/vr-am-am-digitaltag-2018\/\" \/>\n<meta property=\"og:locale\" content=\"it_IT\" \/>\n<meta property=\"og:type\" content=\"article\" \/>\n<meta property=\"og:title\" content=\"VR am am Digitaltag 2018 - Schweizer Virtual Reality News\" \/>\n<meta property=\"og:description\" content=\"Am Donnerstag, 25. Oktober 2018, findet der zweite nationale Digitaltag mit mehr als 80 kostenlosen Veranstaltungen an einem&hellip;\" \/>\n<meta property=\"og:url\" content=\"https:\/\/vr-room.ch\/it\/2018\/09\/01\/vr-am-am-digitaltag-2018\/\" \/>\n<meta property=\"og:site_name\" content=\"Schweizer Virtual Reality News\" \/>\n<meta property=\"article:published_time\" content=\"2018-09-01T06:46:57+00:00\" \/>\n<meta property=\"og:image\" content=\"https:\/\/vr-room.ch\/wp-content\/uploads\/2018\/08\/digitaltag.jpg\" \/>\n\t<meta property=\"og:image:width\" content=\"1714\" \/>\n\t<meta property=\"og:image:height\" content=\"754\" \/>\n\t<meta property=\"og:image:type\" content=\"image\/jpeg\" \/>\n<meta name=\"author\" content=\"Nathalie\" \/>\n<meta name=\"twitter:card\" content=\"summary_large_image\" \/>\n<meta name=\"twitter:label1\" content=\"Scritto da\" \/>\n\t<meta name=\"twitter:data1\" content=\"Nathalie\" \/>\n\t<meta name=\"twitter:label2\" content=\"Tempo di lettura stimato\" \/>\n\t<meta name=\"twitter:data2\" content=\"2 minuti\" \/>\n<script type=\"application\/ld+json\" class=\"yoast-schema-graph\">{\"@context\":\"https:\\\/\\\/schema.org\",\"@graph\":[{\"@type\":\"Article\",\"@id\":\"https:\\\/\\\/vr-room.ch\\\/2018\\\/09\\\/01\\\/vr-am-am-digitaltag-2018\\\/#article\",\"isPartOf\":{\"@id\":\"https:\\\/\\\/vr-room.ch\\\/2018\\\/09\\\/01\\\/vr-am-am-digitaltag-2018\\\/\"},\"author\":{\"name\":\"Nathalie\",\"@id\":\"http:\\\/\\\/vr-room.ch\\\/en\\\/#\\\/schema\\\/person\\\/1a03b3a6ced429fb4831f60fa2b37599\"},\"headline\":\"VR am am Digitaltag 2018\",\"datePublished\":\"2018-09-01T06:46:57+00:00\",\"mainEntityOfPage\":{\"@id\":\"https:\\\/\\\/vr-room.ch\\\/2018\\\/09\\\/01\\\/vr-am-am-digitaltag-2018\\\/\"},\"wordCount\":499,\"commentCount\":0,\"image\":{\"@id\":\"https:\\\/\\\/vr-room.ch\\\/2018\\\/09\\\/01\\\/vr-am-am-digitaltag-2018\\\/#primaryimage\"},\"thumbnailUrl\":\"https:\\\/\\\/vr-room.ch\\\/wp-content\\\/uploads\\\/2018\\\/08\\\/digitaltag.jpg\",\"articleSection\":[\"Schweiz\"],\"inLanguage\":\"it-IT\",\"potentialAction\":[{\"@type\":\"CommentAction\",\"name\":\"Comment\",\"target\":[\"https:\\\/\\\/vr-room.ch\\\/2018\\\/09\\\/01\\\/vr-am-am-digitaltag-2018\\\/#respond\"]}]},{\"@type\":\"WebPage\",\"@id\":\"https:\\\/\\\/vr-room.ch\\\/2018\\\/09\\\/01\\\/vr-am-am-digitaltag-2018\\\/\",\"url\":\"https:\\\/\\\/vr-room.ch\\\/2018\\\/09\\\/01\\\/vr-am-am-digitaltag-2018\\\/\",\"name\":\"VR am am Digitaltag 2018 - Schweizer Virtual Reality News\",\"isPartOf\":{\"@id\":\"http:\\\/\\\/vr-room.ch\\\/en\\\/#website\"},\"primaryImageOfPage\":{\"@id\":\"https:\\\/\\\/vr-room.ch\\\/2018\\\/09\\\/01\\\/vr-am-am-digitaltag-2018\\\/#primaryimage\"},\"image\":{\"@id\":\"https:\\\/\\\/vr-room.ch\\\/2018\\\/09\\\/01\\\/vr-am-am-digitaltag-2018\\\/#primaryimage\"},\"thumbnailUrl\":\"https:\\\/\\\/vr-room.ch\\\/wp-content\\\/uploads\\\/2018\\\/08\\\/digitaltag.jpg\",\"datePublished\":\"2018-09-01T06:46:57+00:00\",\"author\":{\"@id\":\"http:\\\/\\\/vr-room.ch\\\/en\\\/#\\\/schema\\\/person\\\/1a03b3a6ced429fb4831f60fa2b37599\"},\"breadcrumb\":{\"@id\":\"https:\\\/\\\/vr-room.ch\\\/2018\\\/09\\\/01\\\/vr-am-am-digitaltag-2018\\\/#breadcrumb\"},\"inLanguage\":\"it-IT\",\"potentialAction\":[{\"@type\":\"ReadAction\",\"target\":[\"https:\\\/\\\/vr-room.ch\\\/2018\\\/09\\\/01\\\/vr-am-am-digitaltag-2018\\\/\"]}]},{\"@type\":\"ImageObject\",\"inLanguage\":\"it-IT\",\"@id\":\"https:\\\/\\\/vr-room.ch\\\/2018\\\/09\\\/01\\\/vr-am-am-digitaltag-2018\\\/#primaryimage\",\"url\":\"https:\\\/\\\/vr-room.ch\\\/wp-content\\\/uploads\\\/2018\\\/08\\\/digitaltag.jpg\",\"contentUrl\":\"https:\\\/\\\/vr-room.ch\\\/wp-content\\\/uploads\\\/2018\\\/08\\\/digitaltag.jpg\",\"width\":1714,\"height\":754},{\"@type\":\"BreadcrumbList\",\"@id\":\"https:\\\/\\\/vr-room.ch\\\/2018\\\/09\\\/01\\\/vr-am-am-digitaltag-2018\\\/#breadcrumb\",\"itemListElement\":[{\"@type\":\"ListItem\",\"position\":1,\"name\":\"Startseite\",\"item\":\"http:\\\/\\\/vr-room.ch\\\/en\\\/\"},{\"@type\":\"ListItem\",\"position\":2,\"name\":\"VR am am Digitaltag 2018\"}]},{\"@type\":\"WebSite\",\"@id\":\"http:\\\/\\\/vr-room.ch\\\/en\\\/#website\",\"url\":\"http:\\\/\\\/vr-room.ch\\\/en\\\/\",\"name\":\"Schweizer Virtual Reality News\",\"description\":\"\",\"potentialAction\":[{\"@type\":\"SearchAction\",\"target\":{\"@type\":\"EntryPoint\",\"urlTemplate\":\"http:\\\/\\\/vr-room.ch\\\/en\\\/?s={search_term_string}\"},\"query-input\":{\"@type\":\"PropertyValueSpecification\",\"valueRequired\":true,\"valueName\":\"search_term_string\"}}],\"inLanguage\":\"it-IT\"},{\"@type\":\"Person\",\"@id\":\"http:\\\/\\\/vr-room.ch\\\/en\\\/#\\\/schema\\\/person\\\/1a03b3a6ced429fb4831f60fa2b37599\",\"name\":\"Nathalie\",\"image\":{\"@type\":\"ImageObject\",\"inLanguage\":\"it-IT\",\"@id\":\"https:\\\/\\\/vr-room.ch\\\/wp-content\\\/uploads\\\/2017\\\/01\\\/avatar_user_12_1484159890-96x96.jpg\",\"url\":\"https:\\\/\\\/vr-room.ch\\\/wp-content\\\/uploads\\\/2017\\\/01\\\/avatar_user_12_1484159890-96x96.jpg\",\"contentUrl\":\"https:\\\/\\\/vr-room.ch\\\/wp-content\\\/uploads\\\/2017\\\/01\\\/avatar_user_12_1484159890-96x96.jpg\",\"caption\":\"Nathalie\"},\"url\":\"https:\\\/\\\/vr-room.ch\\\/it\\\/author\\\/nathalie\\\/\"}]}<\/script>\n<!-- \/ Yoast SEO plugin. -->","yoast_head_json":{"title":"VR am am Digitaltag 2018 - Schweizer Virtual Reality News","robots":{"index":"index","follow":"follow","max-snippet":"max-snippet:-1","max-image-preview":"max-image-preview:large","max-video-preview":"max-video-preview:-1"},"canonical":"https:\/\/vr-room.ch\/it\/2018\/09\/01\/vr-am-am-digitaltag-2018\/","og_locale":"it_IT","og_type":"article","og_title":"VR am am Digitaltag 2018 - Schweizer Virtual Reality News","og_description":"Am Donnerstag, 25. Oktober 2018, findet der zweite nationale Digitaltag mit mehr als 80 kostenlosen Veranstaltungen an einem&hellip;","og_url":"https:\/\/vr-room.ch\/it\/2018\/09\/01\/vr-am-am-digitaltag-2018\/","og_site_name":"Schweizer Virtual Reality News","article_published_time":"2018-09-01T06:46:57+00:00","og_image":[{"width":1714,"height":754,"url":"https:\/\/vr-room.ch\/wp-content\/uploads\/2018\/08\/digitaltag.jpg","type":"image\/jpeg"}],"author":"Nathalie","twitter_card":"summary_large_image","twitter_misc":{"Scritto da":"Nathalie","Tempo di lettura stimato":"2 minuti"},"schema":{"@context":"https:\/\/schema.org","@graph":[{"@type":"Article","@id":"https:\/\/vr-room.ch\/2018\/09\/01\/vr-am-am-digitaltag-2018\/#article","isPartOf":{"@id":"https:\/\/vr-room.ch\/2018\/09\/01\/vr-am-am-digitaltag-2018\/"},"author":{"name":"Nathalie","@id":"http:\/\/vr-room.ch\/en\/#\/schema\/person\/1a03b3a6ced429fb4831f60fa2b37599"},"headline":"VR am am Digitaltag 2018","datePublished":"2018-09-01T06:46:57+00:00","mainEntityOfPage":{"@id":"https:\/\/vr-room.ch\/2018\/09\/01\/vr-am-am-digitaltag-2018\/"},"wordCount":499,"commentCount":0,"image":{"@id":"https:\/\/vr-room.ch\/2018\/09\/01\/vr-am-am-digitaltag-2018\/#primaryimage"},"thumbnailUrl":"https:\/\/vr-room.ch\/wp-content\/uploads\/2018\/08\/digitaltag.jpg","articleSection":["Schweiz"],"inLanguage":"it-IT","potentialAction":[{"@type":"CommentAction","name":"Comment","target":["https:\/\/vr-room.ch\/2018\/09\/01\/vr-am-am-digitaltag-2018\/#respond"]}]},{"@type":"WebPage","@id":"https:\/\/vr-room.ch\/2018\/09\/01\/vr-am-am-digitaltag-2018\/","url":"https:\/\/vr-room.ch\/2018\/09\/01\/vr-am-am-digitaltag-2018\/","name":"VR am am Digitaltag 2018 - Schweizer Virtual Reality News","isPartOf":{"@id":"http:\/\/vr-room.ch\/en\/#website"},"primaryImageOfPage":{"@id":"https:\/\/vr-room.ch\/2018\/09\/01\/vr-am-am-digitaltag-2018\/#primaryimage"},"image":{"@id":"https:\/\/vr-room.ch\/2018\/09\/01\/vr-am-am-digitaltag-2018\/#primaryimage"},"thumbnailUrl":"https:\/\/vr-room.ch\/wp-content\/uploads\/2018\/08\/digitaltag.jpg","datePublished":"2018-09-01T06:46:57+00:00","author":{"@id":"http:\/\/vr-room.ch\/en\/#\/schema\/person\/1a03b3a6ced429fb4831f60fa2b37599"},"breadcrumb":{"@id":"https:\/\/vr-room.ch\/2018\/09\/01\/vr-am-am-digitaltag-2018\/#breadcrumb"},"inLanguage":"it-IT","potentialAction":[{"@type":"ReadAction","target":["https:\/\/vr-room.ch\/2018\/09\/01\/vr-am-am-digitaltag-2018\/"]}]},{"@type":"ImageObject","inLanguage":"it-IT","@id":"https:\/\/vr-room.ch\/2018\/09\/01\/vr-am-am-digitaltag-2018\/#primaryimage","url":"https:\/\/vr-room.ch\/wp-content\/uploads\/2018\/08\/digitaltag.jpg","contentUrl":"https:\/\/vr-room.ch\/wp-content\/uploads\/2018\/08\/digitaltag.jpg","width":1714,"height":754},{"@type":"BreadcrumbList","@id":"https:\/\/vr-room.ch\/2018\/09\/01\/vr-am-am-digitaltag-2018\/#breadcrumb","itemListElement":[{"@type":"ListItem","position":1,"name":"Startseite","item":"http:\/\/vr-room.ch\/en\/"},{"@type":"ListItem","position":2,"name":"VR am am Digitaltag 2018"}]},{"@type":"WebSite","@id":"http:\/\/vr-room.ch\/en\/#website","url":"http:\/\/vr-room.ch\/en\/","name":"Notizie sulla realt\u00e0 virtuale in Svizzera","description":"","potentialAction":[{"@type":"SearchAction","target":{"@type":"EntryPoint","urlTemplate":"http:\/\/vr-room.ch\/en\/?s={search_term_string}"},"query-input":{"@type":"PropertyValueSpecification","valueRequired":true,"valueName":"search_term_string"}}],"inLanguage":"it-IT"},{"@type":"Person","@id":"http:\/\/vr-room.ch\/en\/#\/schema\/person\/1a03b3a6ced429fb4831f60fa2b37599","name":"Nathalie","image":{"@type":"ImageObject","inLanguage":"it-IT","@id":"https:\/\/vr-room.ch\/wp-content\/uploads\/2017\/01\/avatar_user_12_1484159890-96x96.jpg","url":"https:\/\/vr-room.ch\/wp-content\/uploads\/2017\/01\/avatar_user_12_1484159890-96x96.jpg","contentUrl":"https:\/\/vr-room.ch\/wp-content\/uploads\/2017\/01\/avatar_user_12_1484159890-96x96.jpg","caption":"Nathalie"},"url":"https:\/\/vr-room.ch\/it\/author\/nathalie\/"}]}},"_links":{"self":[{"href":"https:\/\/vr-room.ch\/it\/wp-json\/wp\/v2\/posts\/11209","targetHints":{"allow":["GET"]}}],"collection":[{"href":"https:\/\/vr-room.ch\/it\/wp-json\/wp\/v2\/posts"}],"about":[{"href":"https:\/\/vr-room.ch\/it\/wp-json\/wp\/v2\/types\/post"}],"author":[{"embeddable":true,"href":"https:\/\/vr-room.ch\/it\/wp-json\/wp\/v2\/users\/12"}],"replies":[{"embeddable":true,"href":"https:\/\/vr-room.ch\/it\/wp-json\/wp\/v2\/comments?post=11209"}],"version-history":[{"count":0,"href":"https:\/\/vr-room.ch\/it\/wp-json\/wp\/v2\/posts\/11209\/revisions"}],"wp:featuredmedia":[{"embeddable":true,"href":"https:\/\/vr-room.ch\/it\/wp-json\/wp\/v2\/media\/11210"}],"wp:attachment":[{"href":"https:\/\/vr-room.ch\/it\/wp-json\/wp\/v2\/media?parent=11209"}],"wp:term":[{"taxonomy":"category","embeddable":true,"href":"https:\/\/vr-room.ch\/it\/wp-json\/wp\/v2\/categories?post=11209"},{"taxonomy":"post_tag","embeddable":true,"href":"https:\/\/vr-room.ch\/it\/wp-json\/wp\/v2\/tags?post=11209"}],"curies":[{"name":"wp","href":"https:\/\/api.w.org\/{rel}","templated":true}]}}