{"id":11200,"date":"2018-08-26T08:05:32","date_gmt":"2018-08-26T08:05:32","guid":{"rendered":"http:\/\/vr-room.ch\/?p=11200"},"modified":"2018-08-26T08:06:53","modified_gmt":"2018-08-26T08:06:53","slug":"htc-vive-wireless-adapter-ab-september-erhaeltlich","status":"publish","type":"post","link":"https:\/\/vr-room.ch\/it\/2018\/08\/26\/htc-vive-wireless-adapter-ab-september-erhaeltlich\/","title":{"rendered":"HTC Vive Wireless Adapter disponibile da settembre"},"content":{"rendered":"<p>HTC ha annunciato che il <a href=\"https:\/\/www.vive.com\/de\/wireless-adapter\/\">Adattatore wireless HTC Vive<\/a> pu\u00f2 essere ufficialmente preordinato a partire dal 5 settembre 2018.  L'adattatore libera gli utenti VR dalla necessit\u00e0 di collegarsi al PC tramite cavo. L'uscita avverr\u00e0 il 24 settembre 2018 a partire da 299 dollari USA.<\/p>\n<p>Tra l'altro, gli utenti non devono preoccuparsi di una riduzione delle prestazioni con l'esperienza VR wireless, poich\u00e9 le prestazioni rimangono invariate. L'adattatore di base supporta sia HTC Vive che HTC Vive Pro. Tuttavia, i possessori di HTC Vive Pro necessitano di un pacchetto di compatibilit\u00e0 aggiuntivo. Questo contiene un cavo di collegamento personalizzato per le connessioni di Vive Pro, oltre a un'imbottitura in schiuma e a un pezzo di montaggio su misura per Vive Pro.<\/p>\n<p>&#8222;Seit der Einf\u00fchrung von Vive verfolgen wir den Traum eines kabellosen Premium VR Erlebnisses. Unsere privaten wie Unternehmenskunden haben uns in diesem Wunsch stets best\u00e4rkt,&#8220; sagt Paul Brown, GM Vive Europe. &#8222;Wir sind stolz darauf, unseren Kunden mithilfe unserer talentierten Partner Intel und DisplayLink den Vive Wireless Adapter liefern zu k\u00f6nnen. Durch die Kombination von hoher Qualit\u00e4t, geringer Latenz und einfacher Bedienung h\u00e4lt der Adapter unser Versprechen von Premium-Wireless-VR.&#8220;<\/p>\n<p>So funktioniert das Ganze laut Herstellerangaben: &#8222;Die Inbetriebnahme des Vive Wireless Adapters erfolgt in wenigen Minuten, indem eine PCI-e-Karte installiert und ein Sensor am PC angeschlossen wird, der zum und vom neuen drahtlosen Vive Headset sendet. Der Adapter hat eine Reichweite von sechs Metern mit einem Sichtfeld von 150 Grad vom Sensor und l\u00e4uft im st\u00f6rungsfreien 60-GHz-Band mit Intels WiGig-Spezifikation, was in Kombination mit dem XR-Codec von DisplayLink eine geringe Latenz und hohe Leistung bei stundenlanger Akkulaufzeit bedeutet. Der Adapter wird von der HTC QC 3.0 PowerBank mit Strom versorgt, die auch als Ladeger\u00e4t f\u00fcr ein Smartphone verwendet werden kann. Eine PowerBank ist im Lieferumfang enthalten.&#8220;<\/p>\n<div style=\"width: 640px;\" class=\"wp-video\"><video class=\"wp-video-shortcode\" id=\"video-11200-1\" width=\"640\" height=\"360\" loop preload=\"metadata\" controls=\"controls\"><source type=\"video\/youtube\" src=\"https:\/\/www.youtube.com\/watch?v=B6BUiCkBFcA&#038;_=1\" \/><a href=\"https:\/\/www.youtube.com\/watch?v=B6BUiCkBFcA\">https:\/\/www.youtube.com\/watch?v=B6BUiCkBFcA<\/a><\/video><\/div>\n<p>Fonte: Comunicato stampa<\/p>","protected":false},"excerpt":{"rendered":"HTC ha annunciato che l'adattatore wireless HTC Vive sar\u00e0 ufficialmente disponibile per il pre-ordine il 5 settembre 2018. ...","protected":false},"author":11,"featured_media":11201,"comment_status":"open","ping_status":"open","sticky":false,"template":"","format":"standard","meta":{"footnotes":""},"categories":[11],"tags":[],"class_list":{"0":"post-11200","1":"post","2":"type-post","3":"status-publish","4":"format-standard","5":"has-post-thumbnail","7":"category-virtual-reality-industrie","8":"cs-entry","9":"cs-video-wrap"},"yoast_head":"<!-- This site is optimized with the Yoast SEO plugin v27.4 - https:\/\/yoast.com\/product\/yoast-seo-wordpress\/ -->\n<title>HTC Vive Wireless Adapter ab September erh\u00e4ltlich - Schweizer Virtual Reality News<\/title>\n<meta name=\"robots\" content=\"index, follow, max-snippet:-1, max-image-preview:large, max-video-preview:-1\" \/>\n<link rel=\"canonical\" href=\"https:\/\/vr-room.ch\/it\/2018\/08\/26\/htc-vive-wireless-adapter-ab-september-erhaeltlich\/\" \/>\n<meta property=\"og:locale\" content=\"it_IT\" \/>\n<meta property=\"og:type\" content=\"article\" \/>\n<meta property=\"og:title\" content=\"HTC Vive Wireless Adapter ab September erh\u00e4ltlich - Schweizer Virtual Reality News\" \/>\n<meta property=\"og:description\" content=\"HTC k\u00fcndigte an, dass der HTC Vive Wireless Adapter ab dem 5. September 2018 offiziell vorbestellt werden darf.\u00a0&hellip;\" \/>\n<meta property=\"og:url\" content=\"https:\/\/vr-room.ch\/it\/2018\/08\/26\/htc-vive-wireless-adapter-ab-september-erhaeltlich\/\" \/>\n<meta property=\"og:site_name\" content=\"Schweizer Virtual Reality News\" \/>\n<meta property=\"article:published_time\" content=\"2018-08-26T08:05:32+00:00\" \/>\n<meta property=\"article:modified_time\" content=\"2018-08-26T08:06:53+00:00\" \/>\n<meta property=\"og:image\" content=\"https:\/\/vr-room.ch\/wp-content\/uploads\/2018\/08\/VIVE-Wireless-Adapter-PR.jpg\" \/>\n\t<meta property=\"og:image:width\" content=\"1920\" \/>\n\t<meta property=\"og:image:height\" content=\"1005\" \/>\n\t<meta property=\"og:image:type\" content=\"image\/jpeg\" \/>\n<meta name=\"author\" content=\"Michael\" \/>\n<meta name=\"twitter:card\" content=\"summary_large_image\" \/>\n<meta name=\"twitter:label1\" content=\"Scritto da\" \/>\n\t<meta name=\"twitter:data1\" content=\"Michael\" \/>\n\t<meta name=\"twitter:label2\" content=\"Tempo di lettura stimato\" \/>\n\t<meta name=\"twitter:data2\" content=\"1 minuto\" \/>\n<script type=\"application\/ld+json\" class=\"yoast-schema-graph\">{\"@context\":\"https:\\\/\\\/schema.org\",\"@graph\":[{\"@type\":\"Article\",\"@id\":\"https:\\\/\\\/vr-room.ch\\\/2018\\\/08\\\/26\\\/htc-vive-wireless-adapter-ab-september-erhaeltlich\\\/#article\",\"isPartOf\":{\"@id\":\"https:\\\/\\\/vr-room.ch\\\/2018\\\/08\\\/26\\\/htc-vive-wireless-adapter-ab-september-erhaeltlich\\\/\"},\"author\":{\"name\":\"Michael\",\"@id\":\"http:\\\/\\\/vr-room.ch\\\/en\\\/#\\\/schema\\\/person\\\/4022b4e1fba06681ac263b25c0f1e3d2\"},\"headline\":\"HTC Vive Wireless Adapter ab September erh\u00e4ltlich\",\"datePublished\":\"2018-08-26T08:05:32+00:00\",\"dateModified\":\"2018-08-26T08:06:53+00:00\",\"mainEntityOfPage\":{\"@id\":\"https:\\\/\\\/vr-room.ch\\\/2018\\\/08\\\/26\\\/htc-vive-wireless-adapter-ab-september-erhaeltlich\\\/\"},\"wordCount\":305,\"commentCount\":0,\"image\":{\"@id\":\"https:\\\/\\\/vr-room.ch\\\/2018\\\/08\\\/26\\\/htc-vive-wireless-adapter-ab-september-erhaeltlich\\\/#primaryimage\"},\"thumbnailUrl\":\"https:\\\/\\\/vr-room.ch\\\/wp-content\\\/uploads\\\/2018\\\/08\\\/VIVE-Wireless-Adapter-PR.jpg\",\"articleSection\":[\"Industrie\"],\"inLanguage\":\"it-IT\",\"potentialAction\":[{\"@type\":\"CommentAction\",\"name\":\"Comment\",\"target\":[\"https:\\\/\\\/vr-room.ch\\\/2018\\\/08\\\/26\\\/htc-vive-wireless-adapter-ab-september-erhaeltlich\\\/#respond\"]}]},{\"@type\":\"WebPage\",\"@id\":\"https:\\\/\\\/vr-room.ch\\\/2018\\\/08\\\/26\\\/htc-vive-wireless-adapter-ab-september-erhaeltlich\\\/\",\"url\":\"https:\\\/\\\/vr-room.ch\\\/2018\\\/08\\\/26\\\/htc-vive-wireless-adapter-ab-september-erhaeltlich\\\/\",\"name\":\"HTC Vive Wireless Adapter ab September erh\u00e4ltlich - Schweizer Virtual Reality News\",\"isPartOf\":{\"@id\":\"http:\\\/\\\/vr-room.ch\\\/en\\\/#website\"},\"primaryImageOfPage\":{\"@id\":\"https:\\\/\\\/vr-room.ch\\\/2018\\\/08\\\/26\\\/htc-vive-wireless-adapter-ab-september-erhaeltlich\\\/#primaryimage\"},\"image\":{\"@id\":\"https:\\\/\\\/vr-room.ch\\\/2018\\\/08\\\/26\\\/htc-vive-wireless-adapter-ab-september-erhaeltlich\\\/#primaryimage\"},\"thumbnailUrl\":\"https:\\\/\\\/vr-room.ch\\\/wp-content\\\/uploads\\\/2018\\\/08\\\/VIVE-Wireless-Adapter-PR.jpg\",\"datePublished\":\"2018-08-26T08:05:32+00:00\",\"dateModified\":\"2018-08-26T08:06:53+00:00\",\"author\":{\"@id\":\"http:\\\/\\\/vr-room.ch\\\/en\\\/#\\\/schema\\\/person\\\/4022b4e1fba06681ac263b25c0f1e3d2\"},\"breadcrumb\":{\"@id\":\"https:\\\/\\\/vr-room.ch\\\/2018\\\/08\\\/26\\\/htc-vive-wireless-adapter-ab-september-erhaeltlich\\\/#breadcrumb\"},\"inLanguage\":\"it-IT\",\"potentialAction\":[{\"@type\":\"ReadAction\",\"target\":[\"https:\\\/\\\/vr-room.ch\\\/2018\\\/08\\\/26\\\/htc-vive-wireless-adapter-ab-september-erhaeltlich\\\/\"]}]},{\"@type\":\"ImageObject\",\"inLanguage\":\"it-IT\",\"@id\":\"https:\\\/\\\/vr-room.ch\\\/2018\\\/08\\\/26\\\/htc-vive-wireless-adapter-ab-september-erhaeltlich\\\/#primaryimage\",\"url\":\"https:\\\/\\\/vr-room.ch\\\/wp-content\\\/uploads\\\/2018\\\/08\\\/VIVE-Wireless-Adapter-PR.jpg\",\"contentUrl\":\"https:\\\/\\\/vr-room.ch\\\/wp-content\\\/uploads\\\/2018\\\/08\\\/VIVE-Wireless-Adapter-PR.jpg\",\"width\":1920,\"height\":1005},{\"@type\":\"BreadcrumbList\",\"@id\":\"https:\\\/\\\/vr-room.ch\\\/2018\\\/08\\\/26\\\/htc-vive-wireless-adapter-ab-september-erhaeltlich\\\/#breadcrumb\",\"itemListElement\":[{\"@type\":\"ListItem\",\"position\":1,\"name\":\"Startseite\",\"item\":\"http:\\\/\\\/vr-room.ch\\\/en\\\/\"},{\"@type\":\"ListItem\",\"position\":2,\"name\":\"HTC Vive Wireless Adapter ab September erh\u00e4ltlich\"}]},{\"@type\":\"WebSite\",\"@id\":\"http:\\\/\\\/vr-room.ch\\\/en\\\/#website\",\"url\":\"http:\\\/\\\/vr-room.ch\\\/en\\\/\",\"name\":\"Schweizer Virtual Reality News\",\"description\":\"\",\"potentialAction\":[{\"@type\":\"SearchAction\",\"target\":{\"@type\":\"EntryPoint\",\"urlTemplate\":\"http:\\\/\\\/vr-room.ch\\\/en\\\/?s={search_term_string}\"},\"query-input\":{\"@type\":\"PropertyValueSpecification\",\"valueRequired\":true,\"valueName\":\"search_term_string\"}}],\"inLanguage\":\"it-IT\"},{\"@type\":\"Person\",\"@id\":\"http:\\\/\\\/vr-room.ch\\\/en\\\/#\\\/schema\\\/person\\\/4022b4e1fba06681ac263b25c0f1e3d2\",\"name\":\"Michael\",\"image\":{\"@type\":\"ImageObject\",\"inLanguage\":\"it-IT\",\"@id\":\"https:\\\/\\\/vr-room.ch\\\/wp-content\\\/uploads\\\/2019\\\/05\\\/avatar_user_11_1558711168-96x96.jpg\",\"url\":\"https:\\\/\\\/vr-room.ch\\\/wp-content\\\/uploads\\\/2019\\\/05\\\/avatar_user_11_1558711168-96x96.jpg\",\"contentUrl\":\"https:\\\/\\\/vr-room.ch\\\/wp-content\\\/uploads\\\/2019\\\/05\\\/avatar_user_11_1558711168-96x96.jpg\",\"caption\":\"Michael\"},\"url\":\"https:\\\/\\\/vr-room.ch\\\/it\\\/author\\\/michael\\\/\"}]}<\/script>\n<!-- \/ Yoast SEO plugin. -->","yoast_head_json":{"title":"HTC Vive Wireless Adapter ab September erh\u00e4ltlich - Schweizer Virtual Reality News","robots":{"index":"index","follow":"follow","max-snippet":"max-snippet:-1","max-image-preview":"max-image-preview:large","max-video-preview":"max-video-preview:-1"},"canonical":"https:\/\/vr-room.ch\/it\/2018\/08\/26\/htc-vive-wireless-adapter-ab-september-erhaeltlich\/","og_locale":"it_IT","og_type":"article","og_title":"HTC Vive Wireless Adapter ab September erh\u00e4ltlich - Schweizer Virtual Reality News","og_description":"HTC k\u00fcndigte an, dass der HTC Vive Wireless Adapter ab dem 5. September 2018 offiziell vorbestellt werden darf.\u00a0&hellip;","og_url":"https:\/\/vr-room.ch\/it\/2018\/08\/26\/htc-vive-wireless-adapter-ab-september-erhaeltlich\/","og_site_name":"Schweizer Virtual Reality News","article_published_time":"2018-08-26T08:05:32+00:00","article_modified_time":"2018-08-26T08:06:53+00:00","og_image":[{"width":1920,"height":1005,"url":"https:\/\/vr-room.ch\/wp-content\/uploads\/2018\/08\/VIVE-Wireless-Adapter-PR.jpg","type":"image\/jpeg"}],"author":"Michael","twitter_card":"summary_large_image","twitter_misc":{"Scritto da":"Michael","Tempo di lettura stimato":"1 minuto"},"schema":{"@context":"https:\/\/schema.org","@graph":[{"@type":"Article","@id":"https:\/\/vr-room.ch\/2018\/08\/26\/htc-vive-wireless-adapter-ab-september-erhaeltlich\/#article","isPartOf":{"@id":"https:\/\/vr-room.ch\/2018\/08\/26\/htc-vive-wireless-adapter-ab-september-erhaeltlich\/"},"author":{"name":"Michael","@id":"http:\/\/vr-room.ch\/en\/#\/schema\/person\/4022b4e1fba06681ac263b25c0f1e3d2"},"headline":"HTC Vive Wireless Adapter ab September erh\u00e4ltlich","datePublished":"2018-08-26T08:05:32+00:00","dateModified":"2018-08-26T08:06:53+00:00","mainEntityOfPage":{"@id":"https:\/\/vr-room.ch\/2018\/08\/26\/htc-vive-wireless-adapter-ab-september-erhaeltlich\/"},"wordCount":305,"commentCount":0,"image":{"@id":"https:\/\/vr-room.ch\/2018\/08\/26\/htc-vive-wireless-adapter-ab-september-erhaeltlich\/#primaryimage"},"thumbnailUrl":"https:\/\/vr-room.ch\/wp-content\/uploads\/2018\/08\/VIVE-Wireless-Adapter-PR.jpg","articleSection":["Industrie"],"inLanguage":"it-IT","potentialAction":[{"@type":"CommentAction","name":"Comment","target":["https:\/\/vr-room.ch\/2018\/08\/26\/htc-vive-wireless-adapter-ab-september-erhaeltlich\/#respond"]}]},{"@type":"WebPage","@id":"https:\/\/vr-room.ch\/2018\/08\/26\/htc-vive-wireless-adapter-ab-september-erhaeltlich\/","url":"https:\/\/vr-room.ch\/2018\/08\/26\/htc-vive-wireless-adapter-ab-september-erhaeltlich\/","name":"HTC Vive Wireless Adapter ab September erh\u00e4ltlich - Schweizer Virtual Reality News","isPartOf":{"@id":"http:\/\/vr-room.ch\/en\/#website"},"primaryImageOfPage":{"@id":"https:\/\/vr-room.ch\/2018\/08\/26\/htc-vive-wireless-adapter-ab-september-erhaeltlich\/#primaryimage"},"image":{"@id":"https:\/\/vr-room.ch\/2018\/08\/26\/htc-vive-wireless-adapter-ab-september-erhaeltlich\/#primaryimage"},"thumbnailUrl":"https:\/\/vr-room.ch\/wp-content\/uploads\/2018\/08\/VIVE-Wireless-Adapter-PR.jpg","datePublished":"2018-08-26T08:05:32+00:00","dateModified":"2018-08-26T08:06:53+00:00","author":{"@id":"http:\/\/vr-room.ch\/en\/#\/schema\/person\/4022b4e1fba06681ac263b25c0f1e3d2"},"breadcrumb":{"@id":"https:\/\/vr-room.ch\/2018\/08\/26\/htc-vive-wireless-adapter-ab-september-erhaeltlich\/#breadcrumb"},"inLanguage":"it-IT","potentialAction":[{"@type":"ReadAction","target":["https:\/\/vr-room.ch\/2018\/08\/26\/htc-vive-wireless-adapter-ab-september-erhaeltlich\/"]}]},{"@type":"ImageObject","inLanguage":"it-IT","@id":"https:\/\/vr-room.ch\/2018\/08\/26\/htc-vive-wireless-adapter-ab-september-erhaeltlich\/#primaryimage","url":"https:\/\/vr-room.ch\/wp-content\/uploads\/2018\/08\/VIVE-Wireless-Adapter-PR.jpg","contentUrl":"https:\/\/vr-room.ch\/wp-content\/uploads\/2018\/08\/VIVE-Wireless-Adapter-PR.jpg","width":1920,"height":1005},{"@type":"BreadcrumbList","@id":"https:\/\/vr-room.ch\/2018\/08\/26\/htc-vive-wireless-adapter-ab-september-erhaeltlich\/#breadcrumb","itemListElement":[{"@type":"ListItem","position":1,"name":"Startseite","item":"http:\/\/vr-room.ch\/en\/"},{"@type":"ListItem","position":2,"name":"HTC Vive Wireless Adapter ab September erh\u00e4ltlich"}]},{"@type":"WebSite","@id":"http:\/\/vr-room.ch\/en\/#website","url":"http:\/\/vr-room.ch\/en\/","name":"Notizie sulla realt\u00e0 virtuale in Svizzera","description":"","potentialAction":[{"@type":"SearchAction","target":{"@type":"EntryPoint","urlTemplate":"http:\/\/vr-room.ch\/en\/?s={search_term_string}"},"query-input":{"@type":"PropertyValueSpecification","valueRequired":true,"valueName":"search_term_string"}}],"inLanguage":"it-IT"},{"@type":"Person","@id":"http:\/\/vr-room.ch\/en\/#\/schema\/person\/4022b4e1fba06681ac263b25c0f1e3d2","name":"Michele","image":{"@type":"ImageObject","inLanguage":"it-IT","@id":"https:\/\/vr-room.ch\/wp-content\/uploads\/2019\/05\/avatar_user_11_1558711168-96x96.jpg","url":"https:\/\/vr-room.ch\/wp-content\/uploads\/2019\/05\/avatar_user_11_1558711168-96x96.jpg","contentUrl":"https:\/\/vr-room.ch\/wp-content\/uploads\/2019\/05\/avatar_user_11_1558711168-96x96.jpg","caption":"Michael"},"url":"https:\/\/vr-room.ch\/it\/author\/michael\/"}]}},"_links":{"self":[{"href":"https:\/\/vr-room.ch\/it\/wp-json\/wp\/v2\/posts\/11200","targetHints":{"allow":["GET"]}}],"collection":[{"href":"https:\/\/vr-room.ch\/it\/wp-json\/wp\/v2\/posts"}],"about":[{"href":"https:\/\/vr-room.ch\/it\/wp-json\/wp\/v2\/types\/post"}],"author":[{"embeddable":true,"href":"https:\/\/vr-room.ch\/it\/wp-json\/wp\/v2\/users\/11"}],"replies":[{"embeddable":true,"href":"https:\/\/vr-room.ch\/it\/wp-json\/wp\/v2\/comments?post=11200"}],"version-history":[{"count":0,"href":"https:\/\/vr-room.ch\/it\/wp-json\/wp\/v2\/posts\/11200\/revisions"}],"wp:featuredmedia":[{"embeddable":true,"href":"https:\/\/vr-room.ch\/it\/wp-json\/wp\/v2\/media\/11201"}],"wp:attachment":[{"href":"https:\/\/vr-room.ch\/it\/wp-json\/wp\/v2\/media?parent=11200"}],"wp:term":[{"taxonomy":"category","embeddable":true,"href":"https:\/\/vr-room.ch\/it\/wp-json\/wp\/v2\/categories?post=11200"},{"taxonomy":"post_tag","embeddable":true,"href":"https:\/\/vr-room.ch\/it\/wp-json\/wp\/v2\/tags?post=11200"}],"curies":[{"name":"wp","href":"https:\/\/api.w.org\/{rel}","templated":true}]}}