{"id":10661,"date":"2018-07-09T06:57:40","date_gmt":"2018-07-09T06:57:40","guid":{"rendered":"http:\/\/vr-room.ch\/?p=10661"},"modified":"2018-07-04T18:07:42","modified_gmt":"2018-07-04T18:07:42","slug":"premiere-profi-vr-headset-mit-gestensteuerung","status":"publish","type":"post","link":"https:\/\/vr-room.ch\/it\/2018\/07\/09\/premiere-profi-vr-headset-mit-gestensteuerung\/","title":{"rendered":"Premiere: cuffie VR professionali con controllo gestuale"},"content":{"rendered":"<h3 id=\"mit-der-vr-brille-xtal-hat-vrginers-profis-im-visier-als-erstes-vr-headset-weltweit-ist-die-neue-vr-brille-mit-leap-motion-gestensteuerung-ausgeruestet-auch-funktionen-zur-zur-sprachsteuerung-sind-v\" class=\"vortext\">VRginers ha messo gli occhi sui professionisti con le cuffie XTAL VR. Il nuovo headset VR \u00e8 il primo al mondo dotato di controllo gestuale Leap Motion. Sono disponibili anche funzioni di controllo vocale. Inoltre, le cuffie dallo stile futuristico si adattano automaticamente alla distanza interpupillare ottimale.<!--more--><\/h3>\n<p><a href=\"https:\/\/vrgineers.com\/\">VRgineers Inc<\/a>., societ\u00e0 di ingegneria della realt\u00e0 virtuale e produttrice di cuffie VR professionali, presenta XTAL, la sua nuova cuffia VR per l'uso professionale degli ambienti di realt\u00e0 virtuale.<\/p>\n<p>Le nuove cuffie sono quindi particolarmente adatte per la progettazione virtuale, la creazione, lo sviluppo di prototipi e per l'uso nella formazione e nella simulazione. Le soluzioni della piattaforma VRgineers si rivolgono in particolare alle aziende dell'industria automobilistica, dell'architettura, del design industriale e della formazione e simulazione.<\/p>\n<h3 id=\"autoeye-technologie-sorgt-fuer-korrekten-augenabstand\" class=\"zwiti\">La tecnologia AutoEye garantisce una corretta distanza tra gli occhi<\/h3>\n<p>Le cuffie XTAL VR offrono un'ampia gamma di funzioni e tecnologie all'avanguardia, oltre a un'enorme nitidezza delle immagini. \u00c8 l'unica cuffia al mondo a garantire che la distanza interpupillare sia sempre impostata correttamente.<\/p>\n<p>\u00c8 anche la prima cuffia sul mercato mondiale a disporre di un sensore Leap Motion integrato. Il rilevamento della mano consente all'utente di interagire in modo semplice e intuitivo negli ambienti virtuali senza tecnologie aggiuntive. Un microfono integrato nelle cuffie e un software di riconoscimento vocale consentono di impartire comandi vocali nel mondo virtuale. In questo modo \u00e8 pi\u00f9 facile lavorare direttamente negli ambienti virtuali.<\/p>\n<p>\u201eIm vergangenen Jahr haben wir uns viel Zeit f\u00fcr Gespr\u00e4che in den verschiedensten Industriebranchen genommen, um zu erfahren, welche Schwierigkeiten die Nutzer bei professionellen Virtual-Reality-Anwendungen haben\u201c, erl\u00e4utert Marek Polcak, Gesch\u00e4ftsf\u00fchrer bei VRgineers. \u201eIm Anschluss investierten wir unsere ganze Energie darauf, mit einer VR-Brille der n\u00e4chsten Generation diese verschiedenen W\u00fcnsche und Anforderungen zu erf\u00fcllen. Wir sind fest davon \u00fcberzeugt, dass XTAL ein wichtiges Instrument f\u00fcr die Entwicklung von Produkten, Design sowie bei Simulation und Trainingsprozessen sein wird. Mit unserer Brille kann man sehr pr\u00e4zise und intuitiv arbeiten, w\u00e4hrend man gleichzeitig Ressourcen, Geld und Zeit einspart.&#8220;<\/p>\n<p>Anche il peso delle cuffie \u00e8 sempre un problema e anche in questo caso c'\u00e8 una soluzione: il peso \u00e8 stato ridotto del dodici per cento rispetto al modello VRHero. Grazie a una montatura pi\u00f9 sottile e compatta e a un cuscinetto per il viso in vera pelle, gli utenti possono ora indossare comodamente gli occhiali per periodi di tempo pi\u00f9 lunghi.<\/p>\n<h3 id=\"der-kristall-unter-den-headsets\">Il cristallo tra le cuffie<\/h3>\n<p>\"XTAL \u00e8 l'abbreviazione di 'Crystal'\", spiega Martin Holecko, uno dei co-fondatori di VRgineers. \"Il nome del prodotto indica sia le nuove strutture poligonali simili a cristalli delle cuffie, sia il nostro entusiasmo incondizionato per la qualit\u00e0 cristallina delle immagini negli ambienti VR. Inoltre, allude al paese d'origine della nostra azienda, la Repubblica Ceca, e alla sua tradizionale e rinomata lavorazione artigianale del vetro e del cristallo boemo.\"<\/p>\n<p>Fonte: L'industria delle cose<\/p>\n<p>&nbsp;<\/p>","protected":false},"excerpt":{"rendered":"VRginers ha puntato sui professionisti con gli occhiali XTAL VR. Come prima cuffia VR al mondo, i nuovi occhiali VR sono...","protected":false},"author":12,"featured_media":10662,"comment_status":"open","ping_status":"open","sticky":false,"template":"","format":"standard","meta":{"footnotes":""},"categories":[11],"tags":[],"class_list":{"0":"post-10661","1":"post","2":"type-post","3":"status-publish","4":"format-standard","5":"has-post-thumbnail","7":"category-virtual-reality-industrie","8":"cs-entry","9":"cs-video-wrap"},"yoast_head":"<!-- This site is optimized with the Yoast SEO plugin v27.4 - https:\/\/yoast.com\/product\/yoast-seo-wordpress\/ -->\n<title>Premiere: Profi-VR Headset mit Gestensteuerung - Schweizer Virtual Reality News<\/title>\n<meta name=\"robots\" content=\"index, follow, max-snippet:-1, max-image-preview:large, max-video-preview:-1\" \/>\n<link rel=\"canonical\" href=\"https:\/\/vr-room.ch\/it\/2018\/07\/09\/premiere-profi-vr-headset-mit-gestensteuerung\/\" \/>\n<meta property=\"og:locale\" content=\"it_IT\" \/>\n<meta property=\"og:type\" content=\"article\" \/>\n<meta property=\"og:title\" content=\"Premiere: Profi-VR Headset mit Gestensteuerung - Schweizer Virtual Reality News\" \/>\n<meta property=\"og:description\" content=\"Mit der VR-Brille XTAL hat VRginers Profis im Visier. Als erstes VR-Headset weltweit ist die neue VR-Brille mit&hellip;\" \/>\n<meta property=\"og:url\" content=\"https:\/\/vr-room.ch\/it\/2018\/07\/09\/premiere-profi-vr-headset-mit-gestensteuerung\/\" \/>\n<meta property=\"og:site_name\" content=\"Schweizer Virtual Reality News\" \/>\n<meta property=\"article:published_time\" content=\"2018-07-09T06:57:40+00:00\" \/>\n<meta property=\"og:image\" content=\"https:\/\/vr-room.ch\/wp-content\/uploads\/2018\/07\/profivr.jpg\" \/>\n\t<meta property=\"og:image:width\" content=\"960\" \/>\n\t<meta property=\"og:image:height\" content=\"320\" \/>\n\t<meta property=\"og:image:type\" content=\"image\/jpeg\" \/>\n<meta name=\"author\" content=\"Nathalie\" \/>\n<meta name=\"twitter:card\" content=\"summary_large_image\" \/>\n<meta name=\"twitter:label1\" content=\"Scritto da\" \/>\n\t<meta name=\"twitter:data1\" content=\"Nathalie\" \/>\n\t<meta name=\"twitter:label2\" content=\"Tempo di lettura stimato\" \/>\n\t<meta name=\"twitter:data2\" content=\"2 minuti\" \/>\n<script type=\"application\/ld+json\" class=\"yoast-schema-graph\">{\"@context\":\"https:\\\/\\\/schema.org\",\"@graph\":[{\"@type\":\"Article\",\"@id\":\"https:\\\/\\\/vr-room.ch\\\/fr\\\/2018\\\/07\\\/09\\\/premiere-profi-vr-headset-mit-gestensteuerung\\\/#article\",\"isPartOf\":{\"@id\":\"https:\\\/\\\/vr-room.ch\\\/fr\\\/2018\\\/07\\\/09\\\/premiere-profi-vr-headset-mit-gestensteuerung\\\/\"},\"author\":{\"name\":\"Nathalie\",\"@id\":\"http:\\\/\\\/vr-room.ch\\\/en\\\/#\\\/schema\\\/person\\\/1a03b3a6ced429fb4831f60fa2b37599\"},\"headline\":\"Premiere: Profi-VR Headset mit Gestensteuerung\",\"datePublished\":\"2018-07-09T06:57:40+00:00\",\"mainEntityOfPage\":{\"@id\":\"https:\\\/\\\/vr-room.ch\\\/fr\\\/2018\\\/07\\\/09\\\/premiere-profi-vr-headset-mit-gestensteuerung\\\/\"},\"wordCount\":445,\"commentCount\":0,\"image\":{\"@id\":\"https:\\\/\\\/vr-room.ch\\\/fr\\\/2018\\\/07\\\/09\\\/premiere-profi-vr-headset-mit-gestensteuerung\\\/#primaryimage\"},\"thumbnailUrl\":\"https:\\\/\\\/vr-room.ch\\\/wp-content\\\/uploads\\\/2018\\\/07\\\/profivr.jpg\",\"articleSection\":[\"Industrie\"],\"inLanguage\":\"it-IT\",\"potentialAction\":[{\"@type\":\"CommentAction\",\"name\":\"Comment\",\"target\":[\"https:\\\/\\\/vr-room.ch\\\/fr\\\/2018\\\/07\\\/09\\\/premiere-profi-vr-headset-mit-gestensteuerung\\\/#respond\"]}]},{\"@type\":\"WebPage\",\"@id\":\"https:\\\/\\\/vr-room.ch\\\/fr\\\/2018\\\/07\\\/09\\\/premiere-profi-vr-headset-mit-gestensteuerung\\\/\",\"url\":\"https:\\\/\\\/vr-room.ch\\\/fr\\\/2018\\\/07\\\/09\\\/premiere-profi-vr-headset-mit-gestensteuerung\\\/\",\"name\":\"Premiere: Profi-VR Headset mit Gestensteuerung - Schweizer Virtual Reality News\",\"isPartOf\":{\"@id\":\"http:\\\/\\\/vr-room.ch\\\/en\\\/#website\"},\"primaryImageOfPage\":{\"@id\":\"https:\\\/\\\/vr-room.ch\\\/fr\\\/2018\\\/07\\\/09\\\/premiere-profi-vr-headset-mit-gestensteuerung\\\/#primaryimage\"},\"image\":{\"@id\":\"https:\\\/\\\/vr-room.ch\\\/fr\\\/2018\\\/07\\\/09\\\/premiere-profi-vr-headset-mit-gestensteuerung\\\/#primaryimage\"},\"thumbnailUrl\":\"https:\\\/\\\/vr-room.ch\\\/wp-content\\\/uploads\\\/2018\\\/07\\\/profivr.jpg\",\"datePublished\":\"2018-07-09T06:57:40+00:00\",\"author\":{\"@id\":\"http:\\\/\\\/vr-room.ch\\\/en\\\/#\\\/schema\\\/person\\\/1a03b3a6ced429fb4831f60fa2b37599\"},\"breadcrumb\":{\"@id\":\"https:\\\/\\\/vr-room.ch\\\/fr\\\/2018\\\/07\\\/09\\\/premiere-profi-vr-headset-mit-gestensteuerung\\\/#breadcrumb\"},\"inLanguage\":\"it-IT\",\"potentialAction\":[{\"@type\":\"ReadAction\",\"target\":[\"https:\\\/\\\/vr-room.ch\\\/fr\\\/2018\\\/07\\\/09\\\/premiere-profi-vr-headset-mit-gestensteuerung\\\/\"]}]},{\"@type\":\"ImageObject\",\"inLanguage\":\"it-IT\",\"@id\":\"https:\\\/\\\/vr-room.ch\\\/fr\\\/2018\\\/07\\\/09\\\/premiere-profi-vr-headset-mit-gestensteuerung\\\/#primaryimage\",\"url\":\"https:\\\/\\\/vr-room.ch\\\/wp-content\\\/uploads\\\/2018\\\/07\\\/profivr.jpg\",\"contentUrl\":\"https:\\\/\\\/vr-room.ch\\\/wp-content\\\/uploads\\\/2018\\\/07\\\/profivr.jpg\",\"width\":960,\"height\":320},{\"@type\":\"BreadcrumbList\",\"@id\":\"https:\\\/\\\/vr-room.ch\\\/fr\\\/2018\\\/07\\\/09\\\/premiere-profi-vr-headset-mit-gestensteuerung\\\/#breadcrumb\",\"itemListElement\":[{\"@type\":\"ListItem\",\"position\":1,\"name\":\"Startseite\",\"item\":\"http:\\\/\\\/vr-room.ch\\\/en\\\/\"},{\"@type\":\"ListItem\",\"position\":2,\"name\":\"Premiere: Profi-VR Headset mit Gestensteuerung\"}]},{\"@type\":\"WebSite\",\"@id\":\"http:\\\/\\\/vr-room.ch\\\/en\\\/#website\",\"url\":\"http:\\\/\\\/vr-room.ch\\\/en\\\/\",\"name\":\"Schweizer Virtual Reality News\",\"description\":\"\",\"potentialAction\":[{\"@type\":\"SearchAction\",\"target\":{\"@type\":\"EntryPoint\",\"urlTemplate\":\"http:\\\/\\\/vr-room.ch\\\/en\\\/?s={search_term_string}\"},\"query-input\":{\"@type\":\"PropertyValueSpecification\",\"valueRequired\":true,\"valueName\":\"search_term_string\"}}],\"inLanguage\":\"it-IT\"},{\"@type\":\"Person\",\"@id\":\"http:\\\/\\\/vr-room.ch\\\/en\\\/#\\\/schema\\\/person\\\/1a03b3a6ced429fb4831f60fa2b37599\",\"name\":\"Nathalie\",\"image\":{\"@type\":\"ImageObject\",\"inLanguage\":\"it-IT\",\"@id\":\"https:\\\/\\\/vr-room.ch\\\/wp-content\\\/uploads\\\/2017\\\/01\\\/avatar_user_12_1484159890-96x96.jpg\",\"url\":\"https:\\\/\\\/vr-room.ch\\\/wp-content\\\/uploads\\\/2017\\\/01\\\/avatar_user_12_1484159890-96x96.jpg\",\"contentUrl\":\"https:\\\/\\\/vr-room.ch\\\/wp-content\\\/uploads\\\/2017\\\/01\\\/avatar_user_12_1484159890-96x96.jpg\",\"caption\":\"Nathalie\"},\"url\":\"https:\\\/\\\/vr-room.ch\\\/it\\\/author\\\/nathalie\\\/\"}]}<\/script>\n<!-- \/ Yoast SEO plugin. -->","yoast_head_json":{"title":"Premiere: Profi-VR Headset mit Gestensteuerung - Schweizer Virtual Reality News","robots":{"index":"index","follow":"follow","max-snippet":"max-snippet:-1","max-image-preview":"max-image-preview:large","max-video-preview":"max-video-preview:-1"},"canonical":"https:\/\/vr-room.ch\/it\/2018\/07\/09\/premiere-profi-vr-headset-mit-gestensteuerung\/","og_locale":"it_IT","og_type":"article","og_title":"Premiere: Profi-VR Headset mit Gestensteuerung - Schweizer Virtual Reality News","og_description":"Mit der VR-Brille XTAL hat VRginers Profis im Visier. Als erstes VR-Headset weltweit ist die neue VR-Brille mit&hellip;","og_url":"https:\/\/vr-room.ch\/it\/2018\/07\/09\/premiere-profi-vr-headset-mit-gestensteuerung\/","og_site_name":"Schweizer Virtual Reality News","article_published_time":"2018-07-09T06:57:40+00:00","og_image":[{"width":960,"height":320,"url":"https:\/\/vr-room.ch\/wp-content\/uploads\/2018\/07\/profivr.jpg","type":"image\/jpeg"}],"author":"Nathalie","twitter_card":"summary_large_image","twitter_misc":{"Scritto da":"Nathalie","Tempo di lettura stimato":"2 minuti"},"schema":{"@context":"https:\/\/schema.org","@graph":[{"@type":"Article","@id":"https:\/\/vr-room.ch\/fr\/2018\/07\/09\/premiere-profi-vr-headset-mit-gestensteuerung\/#article","isPartOf":{"@id":"https:\/\/vr-room.ch\/fr\/2018\/07\/09\/premiere-profi-vr-headset-mit-gestensteuerung\/"},"author":{"name":"Nathalie","@id":"http:\/\/vr-room.ch\/en\/#\/schema\/person\/1a03b3a6ced429fb4831f60fa2b37599"},"headline":"Premiere: Profi-VR Headset mit Gestensteuerung","datePublished":"2018-07-09T06:57:40+00:00","mainEntityOfPage":{"@id":"https:\/\/vr-room.ch\/fr\/2018\/07\/09\/premiere-profi-vr-headset-mit-gestensteuerung\/"},"wordCount":445,"commentCount":0,"image":{"@id":"https:\/\/vr-room.ch\/fr\/2018\/07\/09\/premiere-profi-vr-headset-mit-gestensteuerung\/#primaryimage"},"thumbnailUrl":"https:\/\/vr-room.ch\/wp-content\/uploads\/2018\/07\/profivr.jpg","articleSection":["Industrie"],"inLanguage":"it-IT","potentialAction":[{"@type":"CommentAction","name":"Comment","target":["https:\/\/vr-room.ch\/fr\/2018\/07\/09\/premiere-profi-vr-headset-mit-gestensteuerung\/#respond"]}]},{"@type":"WebPage","@id":"https:\/\/vr-room.ch\/fr\/2018\/07\/09\/premiere-profi-vr-headset-mit-gestensteuerung\/","url":"https:\/\/vr-room.ch\/fr\/2018\/07\/09\/premiere-profi-vr-headset-mit-gestensteuerung\/","name":"Premiere: Profi-VR Headset mit Gestensteuerung - Schweizer Virtual Reality News","isPartOf":{"@id":"http:\/\/vr-room.ch\/en\/#website"},"primaryImageOfPage":{"@id":"https:\/\/vr-room.ch\/fr\/2018\/07\/09\/premiere-profi-vr-headset-mit-gestensteuerung\/#primaryimage"},"image":{"@id":"https:\/\/vr-room.ch\/fr\/2018\/07\/09\/premiere-profi-vr-headset-mit-gestensteuerung\/#primaryimage"},"thumbnailUrl":"https:\/\/vr-room.ch\/wp-content\/uploads\/2018\/07\/profivr.jpg","datePublished":"2018-07-09T06:57:40+00:00","author":{"@id":"http:\/\/vr-room.ch\/en\/#\/schema\/person\/1a03b3a6ced429fb4831f60fa2b37599"},"breadcrumb":{"@id":"https:\/\/vr-room.ch\/fr\/2018\/07\/09\/premiere-profi-vr-headset-mit-gestensteuerung\/#breadcrumb"},"inLanguage":"it-IT","potentialAction":[{"@type":"ReadAction","target":["https:\/\/vr-room.ch\/fr\/2018\/07\/09\/premiere-profi-vr-headset-mit-gestensteuerung\/"]}]},{"@type":"ImageObject","inLanguage":"it-IT","@id":"https:\/\/vr-room.ch\/fr\/2018\/07\/09\/premiere-profi-vr-headset-mit-gestensteuerung\/#primaryimage","url":"https:\/\/vr-room.ch\/wp-content\/uploads\/2018\/07\/profivr.jpg","contentUrl":"https:\/\/vr-room.ch\/wp-content\/uploads\/2018\/07\/profivr.jpg","width":960,"height":320},{"@type":"BreadcrumbList","@id":"https:\/\/vr-room.ch\/fr\/2018\/07\/09\/premiere-profi-vr-headset-mit-gestensteuerung\/#breadcrumb","itemListElement":[{"@type":"ListItem","position":1,"name":"Startseite","item":"http:\/\/vr-room.ch\/en\/"},{"@type":"ListItem","position":2,"name":"Premiere: Profi-VR Headset mit Gestensteuerung"}]},{"@type":"WebSite","@id":"http:\/\/vr-room.ch\/en\/#website","url":"http:\/\/vr-room.ch\/en\/","name":"Notizie sulla realt\u00e0 virtuale in Svizzera","description":"","potentialAction":[{"@type":"SearchAction","target":{"@type":"EntryPoint","urlTemplate":"http:\/\/vr-room.ch\/en\/?s={search_term_string}"},"query-input":{"@type":"PropertyValueSpecification","valueRequired":true,"valueName":"search_term_string"}}],"inLanguage":"it-IT"},{"@type":"Person","@id":"http:\/\/vr-room.ch\/en\/#\/schema\/person\/1a03b3a6ced429fb4831f60fa2b37599","name":"Nathalie","image":{"@type":"ImageObject","inLanguage":"it-IT","@id":"https:\/\/vr-room.ch\/wp-content\/uploads\/2017\/01\/avatar_user_12_1484159890-96x96.jpg","url":"https:\/\/vr-room.ch\/wp-content\/uploads\/2017\/01\/avatar_user_12_1484159890-96x96.jpg","contentUrl":"https:\/\/vr-room.ch\/wp-content\/uploads\/2017\/01\/avatar_user_12_1484159890-96x96.jpg","caption":"Nathalie"},"url":"https:\/\/vr-room.ch\/it\/author\/nathalie\/"}]}},"_links":{"self":[{"href":"https:\/\/vr-room.ch\/it\/wp-json\/wp\/v2\/posts\/10661","targetHints":{"allow":["GET"]}}],"collection":[{"href":"https:\/\/vr-room.ch\/it\/wp-json\/wp\/v2\/posts"}],"about":[{"href":"https:\/\/vr-room.ch\/it\/wp-json\/wp\/v2\/types\/post"}],"author":[{"embeddable":true,"href":"https:\/\/vr-room.ch\/it\/wp-json\/wp\/v2\/users\/12"}],"replies":[{"embeddable":true,"href":"https:\/\/vr-room.ch\/it\/wp-json\/wp\/v2\/comments?post=10661"}],"version-history":[{"count":0,"href":"https:\/\/vr-room.ch\/it\/wp-json\/wp\/v2\/posts\/10661\/revisions"}],"wp:featuredmedia":[{"embeddable":true,"href":"https:\/\/vr-room.ch\/it\/wp-json\/wp\/v2\/media\/10662"}],"wp:attachment":[{"href":"https:\/\/vr-room.ch\/it\/wp-json\/wp\/v2\/media?parent=10661"}],"wp:term":[{"taxonomy":"category","embeddable":true,"href":"https:\/\/vr-room.ch\/it\/wp-json\/wp\/v2\/categories?post=10661"},{"taxonomy":"post_tag","embeddable":true,"href":"https:\/\/vr-room.ch\/it\/wp-json\/wp\/v2\/tags?post=10661"}],"curies":[{"name":"wp","href":"https:\/\/api.w.org\/{rel}","templated":true}]}}