{"id":10539,"date":"2018-06-21T08:02:11","date_gmt":"2018-06-21T08:02:11","guid":{"rendered":"http:\/\/vr-room.ch\/?p=10539"},"modified":"2018-06-17T08:02:28","modified_gmt":"2018-06-17T08:02:28","slug":"anne-franks-alltag-im-versteck-hautnah-erleben","status":"publish","type":"post","link":"https:\/\/vr-room.ch\/it\/2018\/06\/21\/anne-franks-alltag-im-versteck-hautnah-erleben\/","title":{"rendered":"Vivere in prima persona la vita quotidiana di Anne Frank in clandestinit\u00e0"},"content":{"rendered":"<h3 id=\"das-tagebuch-von-anne-frank-gehoert-zu-den-bekanntesten-aufzeichnungen-eines-holocaust-opfers-eine-neue-25-minuetige-virtual-reality-tour-bietet-nun-die-moeglichkeit-das-leben-im-versteck-des-maedch\">Il diario di Anne Frank \u00e8 una delle testimonianze pi\u00f9 famose di una vittima dell'Olocausto. Un nuovo tour di 25 minuti in realt\u00e0 virtuale offre ora l'opportunit\u00e0 di ricreare la vita nel nascondiglio della ragazza.<!--more--><\/h3>\n<p id=\"tw-target-text\" class=\"tw-data-text tw-ta tw-text-small\" dir=\"ltr\"><span lang=\"de\">Il museo di Amsterdam dedicato alla vita di Anne Frank sta lanciando un nuovo<\/span> Tour in realt\u00e0 virtuale. In questo modo gli utenti possono avere una visione ravvicinata del nascondiglio in quel momento, <span lang=\"de\">dove la famiglia di Anne Frank e altri quattro ebrei si nascosero dal luglio 1942 all'agosto 1944 prima di essere deportati nei campi di concentramento.<\/span>. <span lang=\"de\">Solo il padre di Anne, Otto Frank, sopravvisse alla guerra. Anne e sua sorella morirono nel campo di Bergen-Belsen. Anne aveva 15 anni.<\/span><\/p>\n<p class=\"tw-data-text tw-ta tw-text-small\" dir=\"ltr\">Grazie a questo progetto, le persone potranno visitare il nascondiglio per la prima volta in tutto il mondo,<span lang=\"de\"> ohne direkt das Museum aufzusuchen. Anne-Frank-Hausdirektor Ronald Leopold sagte, die Tour &#8222;bietet eine immersive Erfahrung&#8220; der R\u00e4ume, wo Anne ihr Tagebuch schrieb.<br \/>\n<\/span><\/p>\n<p id=\"tw-target-text\" class=\"tw-data-text tw-ta tw-text-small\" dir=\"ltr\"><span lang=\"de\">Il nuovo tour virtuale \u00e8 gratuito e pu\u00f2 essere scaricato in sette lingue dall'Oculus Store per le cuffie Samsung Gear e Oculus Go. Le persone con mobilit\u00e0 limitata che visitano il museo di Amsterdam ma non possono vedere le piccole stanze potranno ora sperimentarle in realt\u00e0 virtuale. Il museo ha dichiarato che l'esperienza VR sar\u00e0 disponibile nei centri Anne Frank di Berlino e New York nel corso dell'anno.<\/span><\/p>\n<p>Potete trovare un breve video teaser <a href=\"https:\/\/www.welt.de\/kultur\/history\/video177629718\/VR-Tour-Anne-Franks-Alltag-im-Versteck-hautnah-erleben.html\">qui<\/a>.<\/p>\n<p>Fonte: Mondo \/ nytimes<\/p>","protected":false},"excerpt":{"rendered":"Il diario di Anne Frank \u00e8 una delle testimonianze pi\u00f9 famose di una vittima dell'Olocausto. Un nuovo tour di 25 minuti in realt\u00e0 virtuale offre ora...","protected":false},"author":12,"featured_media":10540,"comment_status":"open","ping_status":"open","sticky":false,"template":"","format":"standard","meta":{"footnotes":""},"categories":[67,3],"tags":[],"class_list":{"0":"post-10539","1":"post","2":"type-post","3":"status-publish","4":"format-standard","5":"has-post-thumbnail","7":"category-virtual-reality-gesellschaft","8":"category-virtual-reality-kunst","9":"cs-entry","10":"cs-video-wrap"},"yoast_head":"<!-- This site is optimized with the Yoast SEO plugin v27.4 - https:\/\/yoast.com\/product\/yoast-seo-wordpress\/ -->\n<title>Anne Franks Alltag im Versteck hautnah erleben - Schweizer Virtual Reality News<\/title>\n<meta name=\"robots\" content=\"index, follow, max-snippet:-1, max-image-preview:large, max-video-preview:-1\" \/>\n<link rel=\"canonical\" href=\"https:\/\/vr-room.ch\/it\/2018\/06\/21\/anne-franks-alltag-im-versteck-hautnah-erleben\/\" \/>\n<meta property=\"og:locale\" content=\"it_IT\" \/>\n<meta property=\"og:type\" content=\"article\" \/>\n<meta property=\"og:title\" content=\"Anne Franks Alltag im Versteck hautnah erleben - Schweizer Virtual Reality News\" \/>\n<meta property=\"og:description\" content=\"Das Tagebuch von Anne Frank geh\u00f6rt zu den bekanntesten Aufzeichnungen eines Holocaust-Opfers. Eine neue 25-min\u00fctige Virtual-Reality-Tour bietet nun&hellip;\" \/>\n<meta property=\"og:url\" content=\"https:\/\/vr-room.ch\/it\/2018\/06\/21\/anne-franks-alltag-im-versteck-hautnah-erleben\/\" \/>\n<meta property=\"og:site_name\" content=\"Schweizer Virtual Reality News\" \/>\n<meta property=\"article:published_time\" content=\"2018-06-21T08:02:11+00:00\" \/>\n<meta property=\"og:image\" content=\"https:\/\/vr-room.ch\/wp-content\/uploads\/2018\/06\/annes-kamer-720x720.jpg\" \/>\n\t<meta property=\"og:image:width\" content=\"720\" \/>\n\t<meta property=\"og:image:height\" content=\"480\" \/>\n\t<meta property=\"og:image:type\" content=\"image\/jpeg\" \/>\n<meta name=\"author\" content=\"Nathalie\" \/>\n<meta name=\"twitter:card\" content=\"summary_large_image\" \/>\n<meta name=\"twitter:label1\" content=\"Scritto da\" \/>\n\t<meta name=\"twitter:data1\" content=\"Nathalie\" \/>\n\t<meta name=\"twitter:label2\" content=\"Tempo di lettura stimato\" \/>\n\t<meta name=\"twitter:data2\" content=\"1 minuto\" \/>\n<script type=\"application\/ld+json\" class=\"yoast-schema-graph\">{\"@context\":\"https:\\\/\\\/schema.org\",\"@graph\":[{\"@type\":\"Article\",\"@id\":\"https:\\\/\\\/vr-room.ch\\\/2018\\\/06\\\/21\\\/anne-franks-alltag-im-versteck-hautnah-erleben\\\/#article\",\"isPartOf\":{\"@id\":\"https:\\\/\\\/vr-room.ch\\\/2018\\\/06\\\/21\\\/anne-franks-alltag-im-versteck-hautnah-erleben\\\/\"},\"author\":{\"name\":\"Nathalie\",\"@id\":\"http:\\\/\\\/vr-room.ch\\\/en\\\/#\\\/schema\\\/person\\\/1a03b3a6ced429fb4831f60fa2b37599\"},\"headline\":\"Anne Franks Alltag im Versteck hautnah erleben\",\"datePublished\":\"2018-06-21T08:02:11+00:00\",\"mainEntityOfPage\":{\"@id\":\"https:\\\/\\\/vr-room.ch\\\/2018\\\/06\\\/21\\\/anne-franks-alltag-im-versteck-hautnah-erleben\\\/\"},\"wordCount\":219,\"commentCount\":0,\"image\":{\"@id\":\"https:\\\/\\\/vr-room.ch\\\/2018\\\/06\\\/21\\\/anne-franks-alltag-im-versteck-hautnah-erleben\\\/#primaryimage\"},\"thumbnailUrl\":\"https:\\\/\\\/vr-room.ch\\\/wp-content\\\/uploads\\\/2018\\\/06\\\/annes-kamer-720x720.jpg\",\"articleSection\":[\"Gesellschaft\",\"Kunst\"],\"inLanguage\":\"it-IT\",\"potentialAction\":[{\"@type\":\"CommentAction\",\"name\":\"Comment\",\"target\":[\"https:\\\/\\\/vr-room.ch\\\/2018\\\/06\\\/21\\\/anne-franks-alltag-im-versteck-hautnah-erleben\\\/#respond\"]}]},{\"@type\":\"WebPage\",\"@id\":\"https:\\\/\\\/vr-room.ch\\\/2018\\\/06\\\/21\\\/anne-franks-alltag-im-versteck-hautnah-erleben\\\/\",\"url\":\"https:\\\/\\\/vr-room.ch\\\/2018\\\/06\\\/21\\\/anne-franks-alltag-im-versteck-hautnah-erleben\\\/\",\"name\":\"Anne Franks Alltag im Versteck hautnah erleben - Schweizer Virtual Reality News\",\"isPartOf\":{\"@id\":\"http:\\\/\\\/vr-room.ch\\\/en\\\/#website\"},\"primaryImageOfPage\":{\"@id\":\"https:\\\/\\\/vr-room.ch\\\/2018\\\/06\\\/21\\\/anne-franks-alltag-im-versteck-hautnah-erleben\\\/#primaryimage\"},\"image\":{\"@id\":\"https:\\\/\\\/vr-room.ch\\\/2018\\\/06\\\/21\\\/anne-franks-alltag-im-versteck-hautnah-erleben\\\/#primaryimage\"},\"thumbnailUrl\":\"https:\\\/\\\/vr-room.ch\\\/wp-content\\\/uploads\\\/2018\\\/06\\\/annes-kamer-720x720.jpg\",\"datePublished\":\"2018-06-21T08:02:11+00:00\",\"author\":{\"@id\":\"http:\\\/\\\/vr-room.ch\\\/en\\\/#\\\/schema\\\/person\\\/1a03b3a6ced429fb4831f60fa2b37599\"},\"breadcrumb\":{\"@id\":\"https:\\\/\\\/vr-room.ch\\\/2018\\\/06\\\/21\\\/anne-franks-alltag-im-versteck-hautnah-erleben\\\/#breadcrumb\"},\"inLanguage\":\"it-IT\",\"potentialAction\":[{\"@type\":\"ReadAction\",\"target\":[\"https:\\\/\\\/vr-room.ch\\\/2018\\\/06\\\/21\\\/anne-franks-alltag-im-versteck-hautnah-erleben\\\/\"]}]},{\"@type\":\"ImageObject\",\"inLanguage\":\"it-IT\",\"@id\":\"https:\\\/\\\/vr-room.ch\\\/2018\\\/06\\\/21\\\/anne-franks-alltag-im-versteck-hautnah-erleben\\\/#primaryimage\",\"url\":\"https:\\\/\\\/vr-room.ch\\\/wp-content\\\/uploads\\\/2018\\\/06\\\/annes-kamer-720x720.jpg\",\"contentUrl\":\"https:\\\/\\\/vr-room.ch\\\/wp-content\\\/uploads\\\/2018\\\/06\\\/annes-kamer-720x720.jpg\",\"width\":720,\"height\":480},{\"@type\":\"BreadcrumbList\",\"@id\":\"https:\\\/\\\/vr-room.ch\\\/2018\\\/06\\\/21\\\/anne-franks-alltag-im-versteck-hautnah-erleben\\\/#breadcrumb\",\"itemListElement\":[{\"@type\":\"ListItem\",\"position\":1,\"name\":\"Startseite\",\"item\":\"http:\\\/\\\/vr-room.ch\\\/en\\\/\"},{\"@type\":\"ListItem\",\"position\":2,\"name\":\"Anne Franks Alltag im Versteck hautnah erleben\"}]},{\"@type\":\"WebSite\",\"@id\":\"http:\\\/\\\/vr-room.ch\\\/en\\\/#website\",\"url\":\"http:\\\/\\\/vr-room.ch\\\/en\\\/\",\"name\":\"Schweizer Virtual Reality News\",\"description\":\"\",\"potentialAction\":[{\"@type\":\"SearchAction\",\"target\":{\"@type\":\"EntryPoint\",\"urlTemplate\":\"http:\\\/\\\/vr-room.ch\\\/en\\\/?s={search_term_string}\"},\"query-input\":{\"@type\":\"PropertyValueSpecification\",\"valueRequired\":true,\"valueName\":\"search_term_string\"}}],\"inLanguage\":\"it-IT\"},{\"@type\":\"Person\",\"@id\":\"http:\\\/\\\/vr-room.ch\\\/en\\\/#\\\/schema\\\/person\\\/1a03b3a6ced429fb4831f60fa2b37599\",\"name\":\"Nathalie\",\"image\":{\"@type\":\"ImageObject\",\"inLanguage\":\"it-IT\",\"@id\":\"https:\\\/\\\/vr-room.ch\\\/wp-content\\\/uploads\\\/2017\\\/01\\\/avatar_user_12_1484159890-96x96.jpg\",\"url\":\"https:\\\/\\\/vr-room.ch\\\/wp-content\\\/uploads\\\/2017\\\/01\\\/avatar_user_12_1484159890-96x96.jpg\",\"contentUrl\":\"https:\\\/\\\/vr-room.ch\\\/wp-content\\\/uploads\\\/2017\\\/01\\\/avatar_user_12_1484159890-96x96.jpg\",\"caption\":\"Nathalie\"},\"url\":\"https:\\\/\\\/vr-room.ch\\\/it\\\/author\\\/nathalie\\\/\"}]}<\/script>\n<!-- \/ Yoast SEO plugin. -->","yoast_head_json":{"title":"Anne Franks Alltag im Versteck hautnah erleben - Schweizer Virtual Reality News","robots":{"index":"index","follow":"follow","max-snippet":"max-snippet:-1","max-image-preview":"max-image-preview:large","max-video-preview":"max-video-preview:-1"},"canonical":"https:\/\/vr-room.ch\/it\/2018\/06\/21\/anne-franks-alltag-im-versteck-hautnah-erleben\/","og_locale":"it_IT","og_type":"article","og_title":"Anne Franks Alltag im Versteck hautnah erleben - Schweizer Virtual Reality News","og_description":"Das Tagebuch von Anne Frank geh\u00f6rt zu den bekanntesten Aufzeichnungen eines Holocaust-Opfers. Eine neue 25-min\u00fctige Virtual-Reality-Tour bietet nun&hellip;","og_url":"https:\/\/vr-room.ch\/it\/2018\/06\/21\/anne-franks-alltag-im-versteck-hautnah-erleben\/","og_site_name":"Schweizer Virtual Reality News","article_published_time":"2018-06-21T08:02:11+00:00","og_image":[{"width":720,"height":480,"url":"https:\/\/vr-room.ch\/wp-content\/uploads\/2018\/06\/annes-kamer-720x720.jpg","type":"image\/jpeg"}],"author":"Nathalie","twitter_card":"summary_large_image","twitter_misc":{"Scritto da":"Nathalie","Tempo di lettura stimato":"1 minuto"},"schema":{"@context":"https:\/\/schema.org","@graph":[{"@type":"Article","@id":"https:\/\/vr-room.ch\/2018\/06\/21\/anne-franks-alltag-im-versteck-hautnah-erleben\/#article","isPartOf":{"@id":"https:\/\/vr-room.ch\/2018\/06\/21\/anne-franks-alltag-im-versteck-hautnah-erleben\/"},"author":{"name":"Nathalie","@id":"http:\/\/vr-room.ch\/en\/#\/schema\/person\/1a03b3a6ced429fb4831f60fa2b37599"},"headline":"Anne Franks Alltag im Versteck hautnah erleben","datePublished":"2018-06-21T08:02:11+00:00","mainEntityOfPage":{"@id":"https:\/\/vr-room.ch\/2018\/06\/21\/anne-franks-alltag-im-versteck-hautnah-erleben\/"},"wordCount":219,"commentCount":0,"image":{"@id":"https:\/\/vr-room.ch\/2018\/06\/21\/anne-franks-alltag-im-versteck-hautnah-erleben\/#primaryimage"},"thumbnailUrl":"https:\/\/vr-room.ch\/wp-content\/uploads\/2018\/06\/annes-kamer-720x720.jpg","articleSection":["Gesellschaft","Kunst"],"inLanguage":"it-IT","potentialAction":[{"@type":"CommentAction","name":"Comment","target":["https:\/\/vr-room.ch\/2018\/06\/21\/anne-franks-alltag-im-versteck-hautnah-erleben\/#respond"]}]},{"@type":"WebPage","@id":"https:\/\/vr-room.ch\/2018\/06\/21\/anne-franks-alltag-im-versteck-hautnah-erleben\/","url":"https:\/\/vr-room.ch\/2018\/06\/21\/anne-franks-alltag-im-versteck-hautnah-erleben\/","name":"Anne Franks Alltag im Versteck hautnah erleben - Schweizer Virtual Reality News","isPartOf":{"@id":"http:\/\/vr-room.ch\/en\/#website"},"primaryImageOfPage":{"@id":"https:\/\/vr-room.ch\/2018\/06\/21\/anne-franks-alltag-im-versteck-hautnah-erleben\/#primaryimage"},"image":{"@id":"https:\/\/vr-room.ch\/2018\/06\/21\/anne-franks-alltag-im-versteck-hautnah-erleben\/#primaryimage"},"thumbnailUrl":"https:\/\/vr-room.ch\/wp-content\/uploads\/2018\/06\/annes-kamer-720x720.jpg","datePublished":"2018-06-21T08:02:11+00:00","author":{"@id":"http:\/\/vr-room.ch\/en\/#\/schema\/person\/1a03b3a6ced429fb4831f60fa2b37599"},"breadcrumb":{"@id":"https:\/\/vr-room.ch\/2018\/06\/21\/anne-franks-alltag-im-versteck-hautnah-erleben\/#breadcrumb"},"inLanguage":"it-IT","potentialAction":[{"@type":"ReadAction","target":["https:\/\/vr-room.ch\/2018\/06\/21\/anne-franks-alltag-im-versteck-hautnah-erleben\/"]}]},{"@type":"ImageObject","inLanguage":"it-IT","@id":"https:\/\/vr-room.ch\/2018\/06\/21\/anne-franks-alltag-im-versteck-hautnah-erleben\/#primaryimage","url":"https:\/\/vr-room.ch\/wp-content\/uploads\/2018\/06\/annes-kamer-720x720.jpg","contentUrl":"https:\/\/vr-room.ch\/wp-content\/uploads\/2018\/06\/annes-kamer-720x720.jpg","width":720,"height":480},{"@type":"BreadcrumbList","@id":"https:\/\/vr-room.ch\/2018\/06\/21\/anne-franks-alltag-im-versteck-hautnah-erleben\/#breadcrumb","itemListElement":[{"@type":"ListItem","position":1,"name":"Startseite","item":"http:\/\/vr-room.ch\/en\/"},{"@type":"ListItem","position":2,"name":"Anne Franks Alltag im Versteck hautnah erleben"}]},{"@type":"WebSite","@id":"http:\/\/vr-room.ch\/en\/#website","url":"http:\/\/vr-room.ch\/en\/","name":"Notizie sulla realt\u00e0 virtuale in Svizzera","description":"","potentialAction":[{"@type":"SearchAction","target":{"@type":"EntryPoint","urlTemplate":"http:\/\/vr-room.ch\/en\/?s={search_term_string}"},"query-input":{"@type":"PropertyValueSpecification","valueRequired":true,"valueName":"search_term_string"}}],"inLanguage":"it-IT"},{"@type":"Person","@id":"http:\/\/vr-room.ch\/en\/#\/schema\/person\/1a03b3a6ced429fb4831f60fa2b37599","name":"Nathalie","image":{"@type":"ImageObject","inLanguage":"it-IT","@id":"https:\/\/vr-room.ch\/wp-content\/uploads\/2017\/01\/avatar_user_12_1484159890-96x96.jpg","url":"https:\/\/vr-room.ch\/wp-content\/uploads\/2017\/01\/avatar_user_12_1484159890-96x96.jpg","contentUrl":"https:\/\/vr-room.ch\/wp-content\/uploads\/2017\/01\/avatar_user_12_1484159890-96x96.jpg","caption":"Nathalie"},"url":"https:\/\/vr-room.ch\/it\/author\/nathalie\/"}]}},"_links":{"self":[{"href":"https:\/\/vr-room.ch\/it\/wp-json\/wp\/v2\/posts\/10539","targetHints":{"allow":["GET"]}}],"collection":[{"href":"https:\/\/vr-room.ch\/it\/wp-json\/wp\/v2\/posts"}],"about":[{"href":"https:\/\/vr-room.ch\/it\/wp-json\/wp\/v2\/types\/post"}],"author":[{"embeddable":true,"href":"https:\/\/vr-room.ch\/it\/wp-json\/wp\/v2\/users\/12"}],"replies":[{"embeddable":true,"href":"https:\/\/vr-room.ch\/it\/wp-json\/wp\/v2\/comments?post=10539"}],"version-history":[{"count":0,"href":"https:\/\/vr-room.ch\/it\/wp-json\/wp\/v2\/posts\/10539\/revisions"}],"wp:featuredmedia":[{"embeddable":true,"href":"https:\/\/vr-room.ch\/it\/wp-json\/wp\/v2\/media\/10540"}],"wp:attachment":[{"href":"https:\/\/vr-room.ch\/it\/wp-json\/wp\/v2\/media?parent=10539"}],"wp:term":[{"taxonomy":"category","embeddable":true,"href":"https:\/\/vr-room.ch\/it\/wp-json\/wp\/v2\/categories?post=10539"},{"taxonomy":"post_tag","embeddable":true,"href":"https:\/\/vr-room.ch\/it\/wp-json\/wp\/v2\/tags?post=10539"}],"curies":[{"name":"wp","href":"https:\/\/api.w.org\/{rel}","templated":true}]}}