{"id":10289,"date":"2018-05-09T06:17:08","date_gmt":"2018-05-09T06:17:08","guid":{"rendered":"http:\/\/vr-room.ch\/?p=10289"},"modified":"2018-05-08T14:28:04","modified_gmt":"2018-05-08T14:28:04","slug":"mit-vr-im-dialog-mit-einem-laborhasen","status":"publish","type":"post","link":"https:\/\/vr-room.ch\/it\/2018\/05\/09\/mit-vr-im-dialog-mit-einem-laborhasen\/","title":{"rendered":"Con la VR in dialogo con un coniglietto da laboratorio"},"content":{"rendered":"<h3 id=\"eye-to-eye-besucher-der-re-publica-konnten-per-vr-in-dialog-mit-einem-laborhasen-treten-peta-kolle-rebbe-und-demodern-stecken-die-besucher-in-ein-vr-kaefig-wo-sie-die-erlebnisse-mit\">&#8222;Eye to Eye&#8220;: Besucher der Re Publica konnten per VR in Dialog mit einem Laborhasen treten. <span class=\"app-wuv-article-title\">Peta, Kolle Rebbe e Demodern mettono i visitatori in una gabbia VR dove possono condividere le loro esperienze con l'animale intrappolato.<br \/>\n<\/span><!--more--><\/h3>\n<div id=\"news-paragraphs-above-ad\">\n<p>Saltellare nella foresta per poi ritrovarsi improvvisamente in laboratorio. Dalla parte sbagliata del vetro. Immaginarlo \u00e8 davvero brutto - viverlo fa praticamente soffocare lo stomaco.<\/p>\n<p>Als Sozialexperiment bezeichnet die Tierschutzorganisation\u00a0Peta den Virtual-Reality-Dialog mit einem Hasen. &#8222;Eye To Eye&#8220; entstand gemeinsam mit der Kreativagentur Kolle Rebbe und der Digitalagentur Demodern. Die ersten, die das probieren durften, waren die Besucher der Internetkonferenz Re Publica in Berlin. Eine deutsche Trailer-Tour ist geplant. Hendrik Thiele, Leiter des Bereichs Kreation und Grossprojekte bei Peta: &#8222;Wir leben in einer technikverliebten Welt. Virtual Reality bietet uns die Chance, Menschen zu erreichen, die sich bisher wenig oder gar nicht mit dem Thema Tierrechte besch\u00e4ftigt haben.&#8220;<\/p>\n<\/div>\n<p>In &#8222;Eye to Eye&#8220; schicken Peta und das Kreativteam die Zuschauer mithilfe der VR-Brille nicht einfach in die Erlebniswelt eines Versuchstiers, Schlachtviehs, Zirkustiers &#8211; es gibt einen Dialog. Daf\u00fcr hat Demodern einen Schauspieler engagiert, der einen Hasen in Echtzeit zum Leben erweckt. Das erm\u00f6glicht ein Face-Reenactment-System, das Stimme und Mimik des Darstellers live auf den virtuellen Charakter \u00fcbertr\u00e4gt. Hinzu kommt eindringliches Sounddesign von German Wahnsinn.<\/p>\n<p>E all'improvviso \u00e8 possibile qualcosa che altrimenti non sarebbe possibile: i visitatori dell'esperimento parlano con un animale e devono rispondere alle sue domande.<\/p>\n<p><iframe loading=\"lazy\" title=\"PETA #eyetoeye - il primo dialogo tra uomini e animali \/\/ con ST in inglese!\" width=\"1200\" height=\"675\" src=\"https:\/\/www.youtube.com\/embed\/pO1wctpTmTY?feature=oembed\" frameborder=\"0\" allow=\"accelerometer; autoplay; clipboard-write; encrypted-media; gyroscope; picture-in-picture\" allowfullscreen><\/iframe><\/p>\n<p>&#8222;Zum ersten Mal begegnen sich Mensch und Tier auf Augenh\u00f6he, f\u00fcr ein Gespr\u00e4ch, das uns die Augen \u00f6ffnet \u2013 und die Herzen&#8220;, so Ingrid Newkirk, Gr\u00fcnderin und Pr\u00e4sidentin der Tierrechtsorganisation, \u00fcber das Projekt.<\/p>\n<p>F\u00fcr Andreas Brunsch, Executive Creative Director Digital bei Kolle Rebbe, meint: &#8222;Der Hase \u00fcberrascht mit echten Emotionen und Einf\u00fchlungsverm\u00f6gen. Es ist ein Spiel mit den Erwartungen der User, das neue Massst\u00e4be daf\u00fcr setzt, was in virtuellen Welten m\u00f6glich ist.&#8220; Alexander El-Meligi, Managing Partner und Creative Director bei Demodern: &#8222;Dieses Projekt zeigt nicht nur, was mit Virtual Reality visuell und technisch alles machbar ist, sondern auch, welche Chancen in diesem immersiven Medium f\u00fcr Storytelling und Storydoing stecken.&#8220;<\/p>\n<p>Fonte: WUV \/ Youtube<\/p>","protected":false},"excerpt":{"rendered":"&#8222;Eye to Eye&#8220;: Besucher der Re Publica konnten per VR in Dialog mit einem Laborhasen treten. Peta, Kolle&hellip;","protected":false},"author":12,"featured_media":10290,"comment_status":"open","ping_status":"open","sticky":false,"template":"","format":"standard","meta":{"footnotes":""},"categories":[67],"tags":[],"class_list":{"0":"post-10289","1":"post","2":"type-post","3":"status-publish","4":"format-standard","5":"has-post-thumbnail","7":"category-virtual-reality-gesellschaft","8":"cs-entry","9":"cs-video-wrap"},"yoast_head":"<!-- This site is optimized with the Yoast SEO plugin v27.4 - https:\/\/yoast.com\/product\/yoast-seo-wordpress\/ -->\n<title>Mit VR im Dialog mit einem Laborhasen - Schweizer Virtual Reality News<\/title>\n<meta name=\"robots\" content=\"index, follow, max-snippet:-1, max-image-preview:large, max-video-preview:-1\" \/>\n<link rel=\"canonical\" href=\"http:\/\/vr-room.ch\/it\/2018\/05\/09\/mit-vr-im-dialog-mit-einem-laborhasen\/\" \/>\n<meta property=\"og:locale\" content=\"it_IT\" \/>\n<meta property=\"og:type\" content=\"article\" \/>\n<meta property=\"og:title\" content=\"Mit VR im Dialog mit einem Laborhasen - Schweizer Virtual Reality News\" \/>\n<meta property=\"og:description\" content=\"&#8222;Eye to Eye&#8220;: Besucher der Re Publica konnten per VR in Dialog mit einem Laborhasen treten. Peta, Kolle&hellip;\" \/>\n<meta property=\"og:url\" content=\"http:\/\/vr-room.ch\/it\/2018\/05\/09\/mit-vr-im-dialog-mit-einem-laborhasen\/\" \/>\n<meta property=\"og:site_name\" content=\"Schweizer Virtual Reality News\" \/>\n<meta property=\"article:published_time\" content=\"2018-05-09T06:17:08+00:00\" \/>\n<meta property=\"og:image\" content=\"https:\/\/vr-room.ch\/wp-content\/uploads\/2018\/05\/peta_kolle_rebbe_und_demodern_stecken_re_publica_besucher_in_vr_kaefig7_gross.jpg\" \/>\n\t<meta property=\"og:image:width\" content=\"1200\" \/>\n\t<meta property=\"og:image:height\" content=\"677\" \/>\n\t<meta property=\"og:image:type\" content=\"image\/jpeg\" \/>\n<meta name=\"author\" content=\"Nathalie\" \/>\n<meta name=\"twitter:card\" content=\"summary_large_image\" \/>\n<meta name=\"twitter:label1\" content=\"Scritto da\" \/>\n\t<meta name=\"twitter:data1\" content=\"Nathalie\" \/>\n\t<meta name=\"twitter:label2\" content=\"Tempo di lettura stimato\" \/>\n\t<meta name=\"twitter:data2\" content=\"2 minuti\" \/>\n<script type=\"application\/ld+json\" class=\"yoast-schema-graph\">{\"@context\":\"https:\\\/\\\/schema.org\",\"@graph\":[{\"@type\":\"Article\",\"@id\":\"http:\\\/\\\/vr-room.ch\\\/fr\\\/2018\\\/05\\\/09\\\/mit-vr-im-dialog-mit-einem-laborhasen\\\/#article\",\"isPartOf\":{\"@id\":\"http:\\\/\\\/vr-room.ch\\\/fr\\\/2018\\\/05\\\/09\\\/mit-vr-im-dialog-mit-einem-laborhasen\\\/\"},\"author\":{\"name\":\"Nathalie\",\"@id\":\"http:\\\/\\\/vr-room.ch\\\/en\\\/#\\\/schema\\\/person\\\/1a03b3a6ced429fb4831f60fa2b37599\"},\"headline\":\"Mit VR im Dialog mit einem Laborhasen\",\"datePublished\":\"2018-05-09T06:17:08+00:00\",\"mainEntityOfPage\":{\"@id\":\"http:\\\/\\\/vr-room.ch\\\/fr\\\/2018\\\/05\\\/09\\\/mit-vr-im-dialog-mit-einem-laborhasen\\\/\"},\"wordCount\":399,\"commentCount\":0,\"image\":{\"@id\":\"http:\\\/\\\/vr-room.ch\\\/fr\\\/2018\\\/05\\\/09\\\/mit-vr-im-dialog-mit-einem-laborhasen\\\/#primaryimage\"},\"thumbnailUrl\":\"https:\\\/\\\/vr-room.ch\\\/wp-content\\\/uploads\\\/2018\\\/05\\\/peta_kolle_rebbe_und_demodern_stecken_re_publica_besucher_in_vr_kaefig7_gross.jpg\",\"articleSection\":[\"Gesellschaft\"],\"inLanguage\":\"it-IT\",\"potentialAction\":[{\"@type\":\"CommentAction\",\"name\":\"Comment\",\"target\":[\"http:\\\/\\\/vr-room.ch\\\/fr\\\/2018\\\/05\\\/09\\\/mit-vr-im-dialog-mit-einem-laborhasen\\\/#respond\"]}]},{\"@type\":\"WebPage\",\"@id\":\"http:\\\/\\\/vr-room.ch\\\/fr\\\/2018\\\/05\\\/09\\\/mit-vr-im-dialog-mit-einem-laborhasen\\\/\",\"url\":\"http:\\\/\\\/vr-room.ch\\\/fr\\\/2018\\\/05\\\/09\\\/mit-vr-im-dialog-mit-einem-laborhasen\\\/\",\"name\":\"Mit VR im Dialog mit einem Laborhasen - Schweizer Virtual Reality News\",\"isPartOf\":{\"@id\":\"http:\\\/\\\/vr-room.ch\\\/en\\\/#website\"},\"primaryImageOfPage\":{\"@id\":\"http:\\\/\\\/vr-room.ch\\\/fr\\\/2018\\\/05\\\/09\\\/mit-vr-im-dialog-mit-einem-laborhasen\\\/#primaryimage\"},\"image\":{\"@id\":\"http:\\\/\\\/vr-room.ch\\\/fr\\\/2018\\\/05\\\/09\\\/mit-vr-im-dialog-mit-einem-laborhasen\\\/#primaryimage\"},\"thumbnailUrl\":\"https:\\\/\\\/vr-room.ch\\\/wp-content\\\/uploads\\\/2018\\\/05\\\/peta_kolle_rebbe_und_demodern_stecken_re_publica_besucher_in_vr_kaefig7_gross.jpg\",\"datePublished\":\"2018-05-09T06:17:08+00:00\",\"author\":{\"@id\":\"http:\\\/\\\/vr-room.ch\\\/en\\\/#\\\/schema\\\/person\\\/1a03b3a6ced429fb4831f60fa2b37599\"},\"breadcrumb\":{\"@id\":\"http:\\\/\\\/vr-room.ch\\\/fr\\\/2018\\\/05\\\/09\\\/mit-vr-im-dialog-mit-einem-laborhasen\\\/#breadcrumb\"},\"inLanguage\":\"it-IT\",\"potentialAction\":[{\"@type\":\"ReadAction\",\"target\":[\"http:\\\/\\\/vr-room.ch\\\/fr\\\/2018\\\/05\\\/09\\\/mit-vr-im-dialog-mit-einem-laborhasen\\\/\"]}]},{\"@type\":\"ImageObject\",\"inLanguage\":\"it-IT\",\"@id\":\"http:\\\/\\\/vr-room.ch\\\/fr\\\/2018\\\/05\\\/09\\\/mit-vr-im-dialog-mit-einem-laborhasen\\\/#primaryimage\",\"url\":\"https:\\\/\\\/vr-room.ch\\\/wp-content\\\/uploads\\\/2018\\\/05\\\/peta_kolle_rebbe_und_demodern_stecken_re_publica_besucher_in_vr_kaefig7_gross.jpg\",\"contentUrl\":\"https:\\\/\\\/vr-room.ch\\\/wp-content\\\/uploads\\\/2018\\\/05\\\/peta_kolle_rebbe_und_demodern_stecken_re_publica_besucher_in_vr_kaefig7_gross.jpg\",\"width\":1200,\"height\":677},{\"@type\":\"BreadcrumbList\",\"@id\":\"http:\\\/\\\/vr-room.ch\\\/fr\\\/2018\\\/05\\\/09\\\/mit-vr-im-dialog-mit-einem-laborhasen\\\/#breadcrumb\",\"itemListElement\":[{\"@type\":\"ListItem\",\"position\":1,\"name\":\"Startseite\",\"item\":\"http:\\\/\\\/vr-room.ch\\\/en\\\/\"},{\"@type\":\"ListItem\",\"position\":2,\"name\":\"Mit VR im Dialog mit einem Laborhasen\"}]},{\"@type\":\"WebSite\",\"@id\":\"http:\\\/\\\/vr-room.ch\\\/en\\\/#website\",\"url\":\"http:\\\/\\\/vr-room.ch\\\/en\\\/\",\"name\":\"Schweizer Virtual Reality News\",\"description\":\"\",\"potentialAction\":[{\"@type\":\"SearchAction\",\"target\":{\"@type\":\"EntryPoint\",\"urlTemplate\":\"http:\\\/\\\/vr-room.ch\\\/en\\\/?s={search_term_string}\"},\"query-input\":{\"@type\":\"PropertyValueSpecification\",\"valueRequired\":true,\"valueName\":\"search_term_string\"}}],\"inLanguage\":\"it-IT\"},{\"@type\":\"Person\",\"@id\":\"http:\\\/\\\/vr-room.ch\\\/en\\\/#\\\/schema\\\/person\\\/1a03b3a6ced429fb4831f60fa2b37599\",\"name\":\"Nathalie\",\"image\":{\"@type\":\"ImageObject\",\"inLanguage\":\"it-IT\",\"@id\":\"https:\\\/\\\/vr-room.ch\\\/wp-content\\\/uploads\\\/2017\\\/01\\\/avatar_user_12_1484159890-96x96.jpg\",\"url\":\"https:\\\/\\\/vr-room.ch\\\/wp-content\\\/uploads\\\/2017\\\/01\\\/avatar_user_12_1484159890-96x96.jpg\",\"contentUrl\":\"https:\\\/\\\/vr-room.ch\\\/wp-content\\\/uploads\\\/2017\\\/01\\\/avatar_user_12_1484159890-96x96.jpg\",\"caption\":\"Nathalie\"},\"url\":\"https:\\\/\\\/vr-room.ch\\\/it\\\/author\\\/nathalie\\\/\"}]}<\/script>\n<!-- \/ Yoast SEO plugin. -->","yoast_head_json":{"title":"Mit VR im Dialog mit einem Laborhasen - Schweizer Virtual Reality News","robots":{"index":"index","follow":"follow","max-snippet":"max-snippet:-1","max-image-preview":"max-image-preview:large","max-video-preview":"max-video-preview:-1"},"canonical":"http:\/\/vr-room.ch\/it\/2018\/05\/09\/mit-vr-im-dialog-mit-einem-laborhasen\/","og_locale":"it_IT","og_type":"article","og_title":"Mit VR im Dialog mit einem Laborhasen - Schweizer Virtual Reality News","og_description":"&#8222;Eye to Eye&#8220;: Besucher der Re Publica konnten per VR in Dialog mit einem Laborhasen treten. Peta, Kolle&hellip;","og_url":"http:\/\/vr-room.ch\/it\/2018\/05\/09\/mit-vr-im-dialog-mit-einem-laborhasen\/","og_site_name":"Schweizer Virtual Reality News","article_published_time":"2018-05-09T06:17:08+00:00","og_image":[{"width":1200,"height":677,"url":"https:\/\/vr-room.ch\/wp-content\/uploads\/2018\/05\/peta_kolle_rebbe_und_demodern_stecken_re_publica_besucher_in_vr_kaefig7_gross.jpg","type":"image\/jpeg"}],"author":"Nathalie","twitter_card":"summary_large_image","twitter_misc":{"Scritto da":"Nathalie","Tempo di lettura stimato":"2 minuti"},"schema":{"@context":"https:\/\/schema.org","@graph":[{"@type":"Article","@id":"http:\/\/vr-room.ch\/fr\/2018\/05\/09\/mit-vr-im-dialog-mit-einem-laborhasen\/#article","isPartOf":{"@id":"http:\/\/vr-room.ch\/fr\/2018\/05\/09\/mit-vr-im-dialog-mit-einem-laborhasen\/"},"author":{"name":"Nathalie","@id":"http:\/\/vr-room.ch\/en\/#\/schema\/person\/1a03b3a6ced429fb4831f60fa2b37599"},"headline":"Mit VR im Dialog mit einem Laborhasen","datePublished":"2018-05-09T06:17:08+00:00","mainEntityOfPage":{"@id":"http:\/\/vr-room.ch\/fr\/2018\/05\/09\/mit-vr-im-dialog-mit-einem-laborhasen\/"},"wordCount":399,"commentCount":0,"image":{"@id":"http:\/\/vr-room.ch\/fr\/2018\/05\/09\/mit-vr-im-dialog-mit-einem-laborhasen\/#primaryimage"},"thumbnailUrl":"https:\/\/vr-room.ch\/wp-content\/uploads\/2018\/05\/peta_kolle_rebbe_und_demodern_stecken_re_publica_besucher_in_vr_kaefig7_gross.jpg","articleSection":["Gesellschaft"],"inLanguage":"it-IT","potentialAction":[{"@type":"CommentAction","name":"Comment","target":["http:\/\/vr-room.ch\/fr\/2018\/05\/09\/mit-vr-im-dialog-mit-einem-laborhasen\/#respond"]}]},{"@type":"WebPage","@id":"http:\/\/vr-room.ch\/fr\/2018\/05\/09\/mit-vr-im-dialog-mit-einem-laborhasen\/","url":"http:\/\/vr-room.ch\/fr\/2018\/05\/09\/mit-vr-im-dialog-mit-einem-laborhasen\/","name":"Mit VR im Dialog mit einem Laborhasen - Schweizer Virtual Reality News","isPartOf":{"@id":"http:\/\/vr-room.ch\/en\/#website"},"primaryImageOfPage":{"@id":"http:\/\/vr-room.ch\/fr\/2018\/05\/09\/mit-vr-im-dialog-mit-einem-laborhasen\/#primaryimage"},"image":{"@id":"http:\/\/vr-room.ch\/fr\/2018\/05\/09\/mit-vr-im-dialog-mit-einem-laborhasen\/#primaryimage"},"thumbnailUrl":"https:\/\/vr-room.ch\/wp-content\/uploads\/2018\/05\/peta_kolle_rebbe_und_demodern_stecken_re_publica_besucher_in_vr_kaefig7_gross.jpg","datePublished":"2018-05-09T06:17:08+00:00","author":{"@id":"http:\/\/vr-room.ch\/en\/#\/schema\/person\/1a03b3a6ced429fb4831f60fa2b37599"},"breadcrumb":{"@id":"http:\/\/vr-room.ch\/fr\/2018\/05\/09\/mit-vr-im-dialog-mit-einem-laborhasen\/#breadcrumb"},"inLanguage":"it-IT","potentialAction":[{"@type":"ReadAction","target":["http:\/\/vr-room.ch\/fr\/2018\/05\/09\/mit-vr-im-dialog-mit-einem-laborhasen\/"]}]},{"@type":"ImageObject","inLanguage":"it-IT","@id":"http:\/\/vr-room.ch\/fr\/2018\/05\/09\/mit-vr-im-dialog-mit-einem-laborhasen\/#primaryimage","url":"https:\/\/vr-room.ch\/wp-content\/uploads\/2018\/05\/peta_kolle_rebbe_und_demodern_stecken_re_publica_besucher_in_vr_kaefig7_gross.jpg","contentUrl":"https:\/\/vr-room.ch\/wp-content\/uploads\/2018\/05\/peta_kolle_rebbe_und_demodern_stecken_re_publica_besucher_in_vr_kaefig7_gross.jpg","width":1200,"height":677},{"@type":"BreadcrumbList","@id":"http:\/\/vr-room.ch\/fr\/2018\/05\/09\/mit-vr-im-dialog-mit-einem-laborhasen\/#breadcrumb","itemListElement":[{"@type":"ListItem","position":1,"name":"Startseite","item":"http:\/\/vr-room.ch\/en\/"},{"@type":"ListItem","position":2,"name":"Mit VR im Dialog mit einem Laborhasen"}]},{"@type":"WebSite","@id":"http:\/\/vr-room.ch\/en\/#website","url":"http:\/\/vr-room.ch\/en\/","name":"Notizie sulla realt\u00e0 virtuale in Svizzera","description":"","potentialAction":[{"@type":"SearchAction","target":{"@type":"EntryPoint","urlTemplate":"http:\/\/vr-room.ch\/en\/?s={search_term_string}"},"query-input":{"@type":"PropertyValueSpecification","valueRequired":true,"valueName":"search_term_string"}}],"inLanguage":"it-IT"},{"@type":"Person","@id":"http:\/\/vr-room.ch\/en\/#\/schema\/person\/1a03b3a6ced429fb4831f60fa2b37599","name":"Nathalie","image":{"@type":"ImageObject","inLanguage":"it-IT","@id":"https:\/\/vr-room.ch\/wp-content\/uploads\/2017\/01\/avatar_user_12_1484159890-96x96.jpg","url":"https:\/\/vr-room.ch\/wp-content\/uploads\/2017\/01\/avatar_user_12_1484159890-96x96.jpg","contentUrl":"https:\/\/vr-room.ch\/wp-content\/uploads\/2017\/01\/avatar_user_12_1484159890-96x96.jpg","caption":"Nathalie"},"url":"https:\/\/vr-room.ch\/it\/author\/nathalie\/"}]}},"_links":{"self":[{"href":"https:\/\/vr-room.ch\/it\/wp-json\/wp\/v2\/posts\/10289","targetHints":{"allow":["GET"]}}],"collection":[{"href":"https:\/\/vr-room.ch\/it\/wp-json\/wp\/v2\/posts"}],"about":[{"href":"https:\/\/vr-room.ch\/it\/wp-json\/wp\/v2\/types\/post"}],"author":[{"embeddable":true,"href":"https:\/\/vr-room.ch\/it\/wp-json\/wp\/v2\/users\/12"}],"replies":[{"embeddable":true,"href":"https:\/\/vr-room.ch\/it\/wp-json\/wp\/v2\/comments?post=10289"}],"version-history":[{"count":0,"href":"https:\/\/vr-room.ch\/it\/wp-json\/wp\/v2\/posts\/10289\/revisions"}],"wp:featuredmedia":[{"embeddable":true,"href":"https:\/\/vr-room.ch\/it\/wp-json\/wp\/v2\/media\/10290"}],"wp:attachment":[{"href":"https:\/\/vr-room.ch\/it\/wp-json\/wp\/v2\/media?parent=10289"}],"wp:term":[{"taxonomy":"category","embeddable":true,"href":"https:\/\/vr-room.ch\/it\/wp-json\/wp\/v2\/categories?post=10289"},{"taxonomy":"post_tag","embeddable":true,"href":"https:\/\/vr-room.ch\/it\/wp-json\/wp\/v2\/tags?post=10289"}],"curies":[{"name":"wp","href":"https:\/\/api.w.org\/{rel}","templated":true}]}}