{"id":10182,"date":"2018-04-29T07:18:20","date_gmt":"2018-04-29T07:18:20","guid":{"rendered":"http:\/\/vr-room.ch\/?p=10182"},"modified":"2018-04-29T07:18:20","modified_gmt":"2018-04-29T07:18:20","slug":"8k-ar-vr-brille-apple-2020-erscheinen","status":"publish","type":"post","link":"https:\/\/vr-room.ch\/it\/2018\/04\/29\/8k-ar-vr-brille-apple-2020-erscheinen\/","title":{"rendered":"Gli occhiali AR\/VR 8K di Apple saranno disponibili nel 2020"},"content":{"rendered":"<p>Non \u00e8 un segreto che Apple sia molto interessata all'AR e alla VR. Lo dimostrano, ad esempio, i brevetti presentati, gli annunci di lavoro e le acquisizioni di start-up che si occupano di questi temi. Tuttavia, la domanda che ci si pone ora \u00e8 quando Apple lancer\u00e0 sul mercato un prodotto adeguato.<\/p>\n<p><a href=\"https:\/\/www.cnet.com\/news\/apple-is-working-on-an-ar-augmented-reality-vr-virtual-reality-headset-powered-by-a-wireless-wigig-hub\/\">CNET<\/a>basandosi su una fonte anonima che si dice abbia familiarit\u00e0 con i piani di Apple, riferisce che i produttori di iPhone e iPad stanno lavorando a un mix di occhiali per la realt\u00e0 aumentata e virtuale che offriranno una risoluzione di 8K per occhio. 8K per occhio pu\u00f2 sembrare piuttosto ambizioso, ma le cuffie AR-VR non saranno in vendita prima del 2020.<\/p>\n<p>Gli occhiali AR-VR con il nome in codice <a href=\"https:\/\/www.roadtovr.com\/report-apple-developing-ar-vr-headset-with-8k-resolution-per-eye\/\">&#8222;T288&#8220;<\/a> Il rapporto afferma che le cuffie si basano su una connessione dati wireless a 60 GHz e su un chip Apple personalizzato e non utilizzano tracker esterni. Le cuffie dovrebbero essere in grado di riconoscere l'ambiente in modo indipendente e senza periferiche aggiuntive. <a href=\"https:\/\/www.apple.com\">Mela<\/a> non ha voluto commentare l'indiscrezione.<\/p>\n<p>Fonti: VR-Nerds, Road to VR<\/p>","protected":false},"excerpt":{"rendered":"Non \u00e8 un segreto che Apple sia molto interessata all'AR e alla VR. Lo dimostrano, ad esempio, i brevetti depositati,...","protected":false},"author":11,"featured_media":10184,"comment_status":"open","ping_status":"open","sticky":false,"template":"","format":"standard","meta":{"footnotes":""},"categories":[11],"tags":[],"class_list":{"0":"post-10182","1":"post","2":"type-post","3":"status-publish","4":"format-standard","5":"has-post-thumbnail","7":"category-virtual-reality-industrie","8":"cs-entry","9":"cs-video-wrap"},"yoast_head":"<!-- This site is optimized with the Yoast SEO plugin v27.4 - https:\/\/yoast.com\/product\/yoast-seo-wordpress\/ -->\n<title>8K-AR\/VR-Brille von Apple soll 2020 erscheinen - Schweizer Virtual Reality News<\/title>\n<meta name=\"robots\" content=\"index, follow, max-snippet:-1, max-image-preview:large, max-video-preview:-1\" \/>\n<link rel=\"canonical\" href=\"http:\/\/vr-room.ch\/it\/2018\/04\/29\/8k-ar-vr-brille-apple-2020-erscheinen\/\" \/>\n<meta property=\"og:locale\" content=\"it_IT\" \/>\n<meta property=\"og:type\" content=\"article\" \/>\n<meta property=\"og:title\" content=\"8K-AR\/VR-Brille von Apple soll 2020 erscheinen - Schweizer Virtual Reality News\" \/>\n<meta property=\"og:description\" content=\"Es ist kein Geheimnis, dass sich Apple sehr f\u00fcr AR und VR interssiert. Das beweisen beispielsweise eingereichte Patente,&hellip;\" \/>\n<meta property=\"og:url\" content=\"http:\/\/vr-room.ch\/it\/2018\/04\/29\/8k-ar-vr-brille-apple-2020-erscheinen\/\" \/>\n<meta property=\"og:site_name\" content=\"Schweizer Virtual Reality News\" \/>\n<meta property=\"article:published_time\" content=\"2018-04-29T07:18:20+00:00\" \/>\n<meta property=\"og:image\" content=\"https:\/\/vr-room.ch\/wp-content\/uploads\/2018\/04\/Apple.jpg\" \/>\n\t<meta property=\"og:image:width\" content=\"1200\" \/>\n\t<meta property=\"og:image:height\" content=\"630\" \/>\n\t<meta property=\"og:image:type\" content=\"image\/jpeg\" \/>\n<meta name=\"author\" content=\"Michael\" \/>\n<meta name=\"twitter:card\" content=\"summary_large_image\" \/>\n<meta name=\"twitter:label1\" content=\"Scritto da\" \/>\n\t<meta name=\"twitter:data1\" content=\"Michael\" \/>\n\t<meta name=\"twitter:label2\" content=\"Tempo di lettura stimato\" \/>\n\t<meta name=\"twitter:data2\" content=\"1 minuto\" \/>\n<script type=\"application\/ld+json\" class=\"yoast-schema-graph\">{\"@context\":\"https:\\\/\\\/schema.org\",\"@graph\":[{\"@type\":\"Article\",\"@id\":\"http:\\\/\\\/vr-room.ch\\\/fr\\\/2018\\\/04\\\/29\\\/8k-ar-vr-brille-apple-2020-erscheinen\\\/#article\",\"isPartOf\":{\"@id\":\"http:\\\/\\\/vr-room.ch\\\/fr\\\/2018\\\/04\\\/29\\\/8k-ar-vr-brille-apple-2020-erscheinen\\\/\"},\"author\":{\"name\":\"Michael\",\"@id\":\"http:\\\/\\\/vr-room.ch\\\/en\\\/#\\\/schema\\\/person\\\/4022b4e1fba06681ac263b25c0f1e3d2\"},\"headline\":\"8K-AR\\\/VR-Brille von Apple soll 2020 erscheinen\",\"datePublished\":\"2018-04-29T07:18:20+00:00\",\"mainEntityOfPage\":{\"@id\":\"http:\\\/\\\/vr-room.ch\\\/fr\\\/2018\\\/04\\\/29\\\/8k-ar-vr-brille-apple-2020-erscheinen\\\/\"},\"wordCount\":169,\"commentCount\":0,\"image\":{\"@id\":\"http:\\\/\\\/vr-room.ch\\\/fr\\\/2018\\\/04\\\/29\\\/8k-ar-vr-brille-apple-2020-erscheinen\\\/#primaryimage\"},\"thumbnailUrl\":\"https:\\\/\\\/vr-room.ch\\\/wp-content\\\/uploads\\\/2018\\\/04\\\/Apple.jpg\",\"articleSection\":[\"Industrie\"],\"inLanguage\":\"it-IT\",\"potentialAction\":[{\"@type\":\"CommentAction\",\"name\":\"Comment\",\"target\":[\"http:\\\/\\\/vr-room.ch\\\/fr\\\/2018\\\/04\\\/29\\\/8k-ar-vr-brille-apple-2020-erscheinen\\\/#respond\"]}]},{\"@type\":\"WebPage\",\"@id\":\"http:\\\/\\\/vr-room.ch\\\/fr\\\/2018\\\/04\\\/29\\\/8k-ar-vr-brille-apple-2020-erscheinen\\\/\",\"url\":\"http:\\\/\\\/vr-room.ch\\\/fr\\\/2018\\\/04\\\/29\\\/8k-ar-vr-brille-apple-2020-erscheinen\\\/\",\"name\":\"8K-AR\\\/VR-Brille von Apple soll 2020 erscheinen - Schweizer Virtual Reality News\",\"isPartOf\":{\"@id\":\"http:\\\/\\\/vr-room.ch\\\/en\\\/#website\"},\"primaryImageOfPage\":{\"@id\":\"http:\\\/\\\/vr-room.ch\\\/fr\\\/2018\\\/04\\\/29\\\/8k-ar-vr-brille-apple-2020-erscheinen\\\/#primaryimage\"},\"image\":{\"@id\":\"http:\\\/\\\/vr-room.ch\\\/fr\\\/2018\\\/04\\\/29\\\/8k-ar-vr-brille-apple-2020-erscheinen\\\/#primaryimage\"},\"thumbnailUrl\":\"https:\\\/\\\/vr-room.ch\\\/wp-content\\\/uploads\\\/2018\\\/04\\\/Apple.jpg\",\"datePublished\":\"2018-04-29T07:18:20+00:00\",\"author\":{\"@id\":\"http:\\\/\\\/vr-room.ch\\\/en\\\/#\\\/schema\\\/person\\\/4022b4e1fba06681ac263b25c0f1e3d2\"},\"breadcrumb\":{\"@id\":\"http:\\\/\\\/vr-room.ch\\\/fr\\\/2018\\\/04\\\/29\\\/8k-ar-vr-brille-apple-2020-erscheinen\\\/#breadcrumb\"},\"inLanguage\":\"it-IT\",\"potentialAction\":[{\"@type\":\"ReadAction\",\"target\":[\"http:\\\/\\\/vr-room.ch\\\/fr\\\/2018\\\/04\\\/29\\\/8k-ar-vr-brille-apple-2020-erscheinen\\\/\"]}]},{\"@type\":\"ImageObject\",\"inLanguage\":\"it-IT\",\"@id\":\"http:\\\/\\\/vr-room.ch\\\/fr\\\/2018\\\/04\\\/29\\\/8k-ar-vr-brille-apple-2020-erscheinen\\\/#primaryimage\",\"url\":\"https:\\\/\\\/vr-room.ch\\\/wp-content\\\/uploads\\\/2018\\\/04\\\/Apple.jpg\",\"contentUrl\":\"https:\\\/\\\/vr-room.ch\\\/wp-content\\\/uploads\\\/2018\\\/04\\\/Apple.jpg\",\"width\":1200,\"height\":630},{\"@type\":\"BreadcrumbList\",\"@id\":\"http:\\\/\\\/vr-room.ch\\\/fr\\\/2018\\\/04\\\/29\\\/8k-ar-vr-brille-apple-2020-erscheinen\\\/#breadcrumb\",\"itemListElement\":[{\"@type\":\"ListItem\",\"position\":1,\"name\":\"Startseite\",\"item\":\"http:\\\/\\\/vr-room.ch\\\/en\\\/\"},{\"@type\":\"ListItem\",\"position\":2,\"name\":\"8K-AR\\\/VR-Brille von Apple soll 2020 erscheinen\"}]},{\"@type\":\"WebSite\",\"@id\":\"http:\\\/\\\/vr-room.ch\\\/en\\\/#website\",\"url\":\"http:\\\/\\\/vr-room.ch\\\/en\\\/\",\"name\":\"Schweizer Virtual Reality News\",\"description\":\"\",\"potentialAction\":[{\"@type\":\"SearchAction\",\"target\":{\"@type\":\"EntryPoint\",\"urlTemplate\":\"http:\\\/\\\/vr-room.ch\\\/en\\\/?s={search_term_string}\"},\"query-input\":{\"@type\":\"PropertyValueSpecification\",\"valueRequired\":true,\"valueName\":\"search_term_string\"}}],\"inLanguage\":\"it-IT\"},{\"@type\":\"Person\",\"@id\":\"http:\\\/\\\/vr-room.ch\\\/en\\\/#\\\/schema\\\/person\\\/4022b4e1fba06681ac263b25c0f1e3d2\",\"name\":\"Michael\",\"image\":{\"@type\":\"ImageObject\",\"inLanguage\":\"it-IT\",\"@id\":\"https:\\\/\\\/vr-room.ch\\\/wp-content\\\/uploads\\\/2019\\\/05\\\/avatar_user_11_1558711168-96x96.jpg\",\"url\":\"https:\\\/\\\/vr-room.ch\\\/wp-content\\\/uploads\\\/2019\\\/05\\\/avatar_user_11_1558711168-96x96.jpg\",\"contentUrl\":\"https:\\\/\\\/vr-room.ch\\\/wp-content\\\/uploads\\\/2019\\\/05\\\/avatar_user_11_1558711168-96x96.jpg\",\"caption\":\"Michael\"},\"url\":\"https:\\\/\\\/vr-room.ch\\\/it\\\/author\\\/michael\\\/\"}]}<\/script>\n<!-- \/ Yoast SEO plugin. -->","yoast_head_json":{"title":"8K-AR\/VR-Brille von Apple soll 2020 erscheinen - Schweizer Virtual Reality News","robots":{"index":"index","follow":"follow","max-snippet":"max-snippet:-1","max-image-preview":"max-image-preview:large","max-video-preview":"max-video-preview:-1"},"canonical":"http:\/\/vr-room.ch\/it\/2018\/04\/29\/8k-ar-vr-brille-apple-2020-erscheinen\/","og_locale":"it_IT","og_type":"article","og_title":"8K-AR\/VR-Brille von Apple soll 2020 erscheinen - Schweizer Virtual Reality News","og_description":"Es ist kein Geheimnis, dass sich Apple sehr f\u00fcr AR und VR interssiert. Das beweisen beispielsweise eingereichte Patente,&hellip;","og_url":"http:\/\/vr-room.ch\/it\/2018\/04\/29\/8k-ar-vr-brille-apple-2020-erscheinen\/","og_site_name":"Schweizer Virtual Reality News","article_published_time":"2018-04-29T07:18:20+00:00","og_image":[{"width":1200,"height":630,"url":"https:\/\/vr-room.ch\/wp-content\/uploads\/2018\/04\/Apple.jpg","type":"image\/jpeg"}],"author":"Michael","twitter_card":"summary_large_image","twitter_misc":{"Scritto da":"Michael","Tempo di lettura stimato":"1 minuto"},"schema":{"@context":"https:\/\/schema.org","@graph":[{"@type":"Article","@id":"http:\/\/vr-room.ch\/fr\/2018\/04\/29\/8k-ar-vr-brille-apple-2020-erscheinen\/#article","isPartOf":{"@id":"http:\/\/vr-room.ch\/fr\/2018\/04\/29\/8k-ar-vr-brille-apple-2020-erscheinen\/"},"author":{"name":"Michael","@id":"http:\/\/vr-room.ch\/en\/#\/schema\/person\/4022b4e1fba06681ac263b25c0f1e3d2"},"headline":"8K-AR\/VR-Brille von Apple soll 2020 erscheinen","datePublished":"2018-04-29T07:18:20+00:00","mainEntityOfPage":{"@id":"http:\/\/vr-room.ch\/fr\/2018\/04\/29\/8k-ar-vr-brille-apple-2020-erscheinen\/"},"wordCount":169,"commentCount":0,"image":{"@id":"http:\/\/vr-room.ch\/fr\/2018\/04\/29\/8k-ar-vr-brille-apple-2020-erscheinen\/#primaryimage"},"thumbnailUrl":"https:\/\/vr-room.ch\/wp-content\/uploads\/2018\/04\/Apple.jpg","articleSection":["Industrie"],"inLanguage":"it-IT","potentialAction":[{"@type":"CommentAction","name":"Comment","target":["http:\/\/vr-room.ch\/fr\/2018\/04\/29\/8k-ar-vr-brille-apple-2020-erscheinen\/#respond"]}]},{"@type":"WebPage","@id":"http:\/\/vr-room.ch\/fr\/2018\/04\/29\/8k-ar-vr-brille-apple-2020-erscheinen\/","url":"http:\/\/vr-room.ch\/fr\/2018\/04\/29\/8k-ar-vr-brille-apple-2020-erscheinen\/","name":"8K-AR\/VR-Brille von Apple soll 2020 erscheinen - Schweizer Virtual Reality News","isPartOf":{"@id":"http:\/\/vr-room.ch\/en\/#website"},"primaryImageOfPage":{"@id":"http:\/\/vr-room.ch\/fr\/2018\/04\/29\/8k-ar-vr-brille-apple-2020-erscheinen\/#primaryimage"},"image":{"@id":"http:\/\/vr-room.ch\/fr\/2018\/04\/29\/8k-ar-vr-brille-apple-2020-erscheinen\/#primaryimage"},"thumbnailUrl":"https:\/\/vr-room.ch\/wp-content\/uploads\/2018\/04\/Apple.jpg","datePublished":"2018-04-29T07:18:20+00:00","author":{"@id":"http:\/\/vr-room.ch\/en\/#\/schema\/person\/4022b4e1fba06681ac263b25c0f1e3d2"},"breadcrumb":{"@id":"http:\/\/vr-room.ch\/fr\/2018\/04\/29\/8k-ar-vr-brille-apple-2020-erscheinen\/#breadcrumb"},"inLanguage":"it-IT","potentialAction":[{"@type":"ReadAction","target":["http:\/\/vr-room.ch\/fr\/2018\/04\/29\/8k-ar-vr-brille-apple-2020-erscheinen\/"]}]},{"@type":"ImageObject","inLanguage":"it-IT","@id":"http:\/\/vr-room.ch\/fr\/2018\/04\/29\/8k-ar-vr-brille-apple-2020-erscheinen\/#primaryimage","url":"https:\/\/vr-room.ch\/wp-content\/uploads\/2018\/04\/Apple.jpg","contentUrl":"https:\/\/vr-room.ch\/wp-content\/uploads\/2018\/04\/Apple.jpg","width":1200,"height":630},{"@type":"BreadcrumbList","@id":"http:\/\/vr-room.ch\/fr\/2018\/04\/29\/8k-ar-vr-brille-apple-2020-erscheinen\/#breadcrumb","itemListElement":[{"@type":"ListItem","position":1,"name":"Startseite","item":"http:\/\/vr-room.ch\/en\/"},{"@type":"ListItem","position":2,"name":"8K-AR\/VR-Brille von Apple soll 2020 erscheinen"}]},{"@type":"WebSite","@id":"http:\/\/vr-room.ch\/en\/#website","url":"http:\/\/vr-room.ch\/en\/","name":"Notizie sulla realt\u00e0 virtuale in Svizzera","description":"","potentialAction":[{"@type":"SearchAction","target":{"@type":"EntryPoint","urlTemplate":"http:\/\/vr-room.ch\/en\/?s={search_term_string}"},"query-input":{"@type":"PropertyValueSpecification","valueRequired":true,"valueName":"search_term_string"}}],"inLanguage":"it-IT"},{"@type":"Person","@id":"http:\/\/vr-room.ch\/en\/#\/schema\/person\/4022b4e1fba06681ac263b25c0f1e3d2","name":"Michele","image":{"@type":"ImageObject","inLanguage":"it-IT","@id":"https:\/\/vr-room.ch\/wp-content\/uploads\/2019\/05\/avatar_user_11_1558711168-96x96.jpg","url":"https:\/\/vr-room.ch\/wp-content\/uploads\/2019\/05\/avatar_user_11_1558711168-96x96.jpg","contentUrl":"https:\/\/vr-room.ch\/wp-content\/uploads\/2019\/05\/avatar_user_11_1558711168-96x96.jpg","caption":"Michael"},"url":"https:\/\/vr-room.ch\/it\/author\/michael\/"}]}},"_links":{"self":[{"href":"https:\/\/vr-room.ch\/it\/wp-json\/wp\/v2\/posts\/10182","targetHints":{"allow":["GET"]}}],"collection":[{"href":"https:\/\/vr-room.ch\/it\/wp-json\/wp\/v2\/posts"}],"about":[{"href":"https:\/\/vr-room.ch\/it\/wp-json\/wp\/v2\/types\/post"}],"author":[{"embeddable":true,"href":"https:\/\/vr-room.ch\/it\/wp-json\/wp\/v2\/users\/11"}],"replies":[{"embeddable":true,"href":"https:\/\/vr-room.ch\/it\/wp-json\/wp\/v2\/comments?post=10182"}],"version-history":[{"count":0,"href":"https:\/\/vr-room.ch\/it\/wp-json\/wp\/v2\/posts\/10182\/revisions"}],"wp:featuredmedia":[{"embeddable":true,"href":"https:\/\/vr-room.ch\/it\/wp-json\/wp\/v2\/media\/10184"}],"wp:attachment":[{"href":"https:\/\/vr-room.ch\/it\/wp-json\/wp\/v2\/media?parent=10182"}],"wp:term":[{"taxonomy":"category","embeddable":true,"href":"https:\/\/vr-room.ch\/it\/wp-json\/wp\/v2\/categories?post=10182"},{"taxonomy":"post_tag","embeddable":true,"href":"https:\/\/vr-room.ch\/it\/wp-json\/wp\/v2\/tags?post=10182"}],"curies":[{"name":"wp","href":"https:\/\/api.w.org\/{rel}","templated":true}]}}