{"id":9735,"date":"2018-03-29T06:07:32","date_gmt":"2018-03-29T06:07:32","guid":{"rendered":"http:\/\/vr-room.ch\/?p=9735"},"modified":"2018-03-23T10:22:19","modified_gmt":"2018-03-23T10:22:19","slug":"panik-kunst-und-virtual-reality-bei-udo-lindenberg","status":"publish","type":"post","link":"https:\/\/vr-room.ch\/fr\/2018\/03\/29\/panik-kunst-und-virtual-reality-bei-udo-lindenberg\/","title":{"rendered":"Panique, art et r\u00e9alit\u00e9 virtuelle chez Udo Lindenberg"},"content":{"rendered":"<h3 id=\"in-hamburg-sollen-leben-und-wirken-von-udo-lindenberg-in-einem-multimedialen-museum-erlebbar-werden-neben-vr-und-ar-ist-auch-ein-glaeschen-eierlikoer-im-eintritt-in-die-panik-city-inbegriffen\">\u00c0 Hambourg, la vie et l'\u0153uvre d'Udo Lindenberg doivent pouvoir \u00eatre v\u00e9cues dans un mus\u00e9e multim\u00e9dia. En plus de la VR et de la RA, un petit verre de lait de poule est inclus dans l'entr\u00e9e de la Panik City.<!--more--><\/h3>\n<p>Udo Lindenberg s'\u00e9tend. Dans sa ville d'adoption, Hambourg, l'autoproclam\u00e9 Panikrocker ouvre sa propre petite ville - la ville multim\u00e9dia virtuelle r\u00e9elle en 3D.<a class=\"icon external\" href=\"http:\/\/panikcity.de\/\" target=\"_blank\" rel=\"noopener noreferrer\">Panic City<\/a>. Auf 700 Quadratmetern soll eine multimediale Erlebniswelt mit Audio- und Videoinstallationen, Panoramaw\u00e4nden und Virtual Reality das Leben und Schaffen des K\u00fcnstlers mit der deutschen Geschichte verbinden. Selbstverst\u00e4ndlich ist Panik City auf der Reeperbahn beheimatet, die Lindenberg anno 2000 im gleichnamigen Lied als &#8222;geile Meile&#8220; und &#8222;Gangsterbraut&#8220; beschrieb, ohne die er immer &#8222;irgendwie so traurig&#8220; sei.<\/p>\n<p><strong>Voyage \u00e0 travers la vie<\/strong><\/p>\n<p>Mit der Panik ist das so eine Sache: Schon seit 40 Jahren heisst Lindenbergs Band &#8222;Panikorchester&#8220;, sein Motto hingegen lautet &#8222;Keine Panik&#8220;.\u00a0Angek\u00fcndigt wird jedenfalls ein &#8222;Trip durch Udos Lebensstationen&#8220; und man m\u00f6chte hoffen, dass man durchs blosse Aufsetzen einer Virtual-Reality-Brille nicht ausgerechnet in eine der weniger glamour\u00f6sen Phasen im Leben des Musikers eintaucht.<\/p>\n<p>Que ce soit dans le salon des fumeurs de sa r\u00e9sidence de l'h\u00f4tel Atlantic ou en train de peindre des liqueurs uniques, on n'a jamais vu Udo d'aussi pr\u00e8s et de mani\u00e8re aussi authentique. \u00c0 l'aide de la r\u00e9alit\u00e9 augment\u00e9e et de la r\u00e9alit\u00e9 virtuelle, les contenus du monde r\u00e9el sont m\u00eal\u00e9s aux contenus virtuels, cr\u00e9ant ainsi une exp\u00e9rience Udo Lindenberg intense. Se retrouver sur sc\u00e8ne avec Udo dans une dimension VR : c'est aussi une r\u00e9alit\u00e9 \u00e0 PANIK CITY.<\/p>\n<p>Le projet technique, artistique et culturel comprend \u00e9galement l'\u0153uvre picturale de Lindenberg et est h\u00e9berg\u00e9 sur la Spielbudenplatz dans le Klubhaus St. Pauli, g\u00e9r\u00e9 par l'exploitant de th\u00e9\u00e2tre Corny Littmann (Schmidts Tivoli), qui comprend un th\u00e9\u00e2tre, une salle de laser tag et diff\u00e9rents lieux de concert et de f\u00eate.<\/p>\n<p>Panik City a ouvert ses portes au public d\u00e8s le 20 mars. Jusqu'\u00e0 800 visiteurs sont attendus chaque jour. Le tarif normal de 18,50 euros comprend une visite guid\u00e9e d'environ 90 minutes ainsi qu'un bon pour un verre de la boisson pr\u00e9f\u00e9r\u00e9e d'Udo : la liqueur aux \u0153ufs. Une raison suppl\u00e9mentaire de retourner \u00e0 Hambourg !<\/p>\n<p><iframe loading=\"lazy\" title=\"Udo Lindenberg - Interview \u00e0 l&#039;occasion de l&#039;ouverture de PANIK CITY\" width=\"1200\" height=\"675\" src=\"https:\/\/www.youtube.com\/embed\/d1Q7mYWkEcE?feature=oembed\" frameborder=\"0\" allow=\"accelerometer; autoplay; clipboard-write; encrypted-media; gyroscope; picture-in-picture\" allowfullscreen><\/iframe><\/p>\n<p>Source : DW \/ Panik City<\/p>","protected":false},"excerpt":{"rendered":"A Hambourg, la vie et l'\u0153uvre d'Udo Lindenberg seront pr\u00e9sent\u00e9es dans un mus\u00e9e multim\u00e9dia. Outre la VR et...","protected":false},"author":12,"featured_media":9736,"comment_status":"open","ping_status":"open","sticky":false,"template":"","format":"standard","meta":{"footnotes":""},"categories":[3],"tags":[],"class_list":{"0":"post-9735","1":"post","2":"type-post","3":"status-publish","4":"format-standard","5":"has-post-thumbnail","7":"category-virtual-reality-kunst","8":"cs-entry","9":"cs-video-wrap"},"yoast_head":"<!-- This site is optimized with the Yoast SEO plugin v27.4 - https:\/\/yoast.com\/product\/yoast-seo-wordpress\/ -->\n<title>Panik, Kunst und Virtual Reality bei Udo Lindenberg - Schweizer Virtual Reality News<\/title>\n<meta name=\"robots\" content=\"index, follow, max-snippet:-1, max-image-preview:large, max-video-preview:-1\" \/>\n<link rel=\"canonical\" href=\"https:\/\/vr-room.ch\/fr\/2018\/03\/29\/panik-kunst-und-virtual-reality-bei-udo-lindenberg\/\" \/>\n<meta property=\"og:locale\" content=\"fr_FR\" \/>\n<meta property=\"og:type\" content=\"article\" \/>\n<meta property=\"og:title\" content=\"Panik, Kunst und Virtual Reality bei Udo Lindenberg - Schweizer Virtual Reality News\" \/>\n<meta property=\"og:description\" content=\"In Hamburg sollen Leben und Wirken von Udo Lindenberg in einem multimedialen Museum erlebbar werden. Neben VR und&hellip;\" \/>\n<meta property=\"og:url\" content=\"https:\/\/vr-room.ch\/fr\/2018\/03\/29\/panik-kunst-und-virtual-reality-bei-udo-lindenberg\/\" \/>\n<meta property=\"og:site_name\" content=\"Schweizer Virtual Reality News\" \/>\n<meta property=\"article:published_time\" content=\"2018-03-29T06:07:32+00:00\" \/>\n<meta property=\"og:image\" content=\"https:\/\/vr-room.ch\/wp-content\/uploads\/2018\/03\/Panik-City-Die-Udo-Lindenberg-Experience-Hamburg-Slider-1.jpg\" \/>\n\t<meta property=\"og:image:width\" content=\"1920\" \/>\n\t<meta property=\"og:image:height\" content=\"1271\" \/>\n\t<meta property=\"og:image:type\" content=\"image\/jpeg\" \/>\n<meta name=\"author\" content=\"Nathalie\" \/>\n<meta name=\"twitter:card\" content=\"summary_large_image\" \/>\n<meta name=\"twitter:label1\" content=\"\u00c9crit par\" \/>\n\t<meta name=\"twitter:data1\" content=\"Nathalie\" \/>\n\t<meta name=\"twitter:label2\" content=\"Dur\u00e9e de lecture estim\u00e9e\" \/>\n\t<meta name=\"twitter:data2\" content=\"2 minutes\" \/>\n<script type=\"application\/ld+json\" class=\"yoast-schema-graph\">{\"@context\":\"https:\\\/\\\/schema.org\",\"@graph\":[{\"@type\":\"Article\",\"@id\":\"https:\\\/\\\/vr-room.ch\\\/en\\\/2018\\\/03\\\/29\\\/panik-kunst-und-virtual-reality-bei-udo-lindenberg\\\/#article\",\"isPartOf\":{\"@id\":\"https:\\\/\\\/vr-room.ch\\\/en\\\/2018\\\/03\\\/29\\\/panik-kunst-und-virtual-reality-bei-udo-lindenberg\\\/\"},\"author\":{\"name\":\"Nathalie\",\"@id\":\"http:\\\/\\\/vr-room.ch\\\/en\\\/#\\\/schema\\\/person\\\/1a03b3a6ced429fb4831f60fa2b37599\"},\"headline\":\"Panik, Kunst und Virtual Reality bei Udo Lindenberg\",\"datePublished\":\"2018-03-29T06:07:32+00:00\",\"mainEntityOfPage\":{\"@id\":\"https:\\\/\\\/vr-room.ch\\\/en\\\/2018\\\/03\\\/29\\\/panik-kunst-und-virtual-reality-bei-udo-lindenberg\\\/\"},\"wordCount\":353,\"commentCount\":0,\"image\":{\"@id\":\"https:\\\/\\\/vr-room.ch\\\/en\\\/2018\\\/03\\\/29\\\/panik-kunst-und-virtual-reality-bei-udo-lindenberg\\\/#primaryimage\"},\"thumbnailUrl\":\"https:\\\/\\\/vr-room.ch\\\/wp-content\\\/uploads\\\/2018\\\/03\\\/Panik-City-Die-Udo-Lindenberg-Experience-Hamburg-Slider-1.jpg\",\"articleSection\":[\"Kunst\"],\"inLanguage\":\"fr-FR\",\"potentialAction\":[{\"@type\":\"CommentAction\",\"name\":\"Comment\",\"target\":[\"https:\\\/\\\/vr-room.ch\\\/en\\\/2018\\\/03\\\/29\\\/panik-kunst-und-virtual-reality-bei-udo-lindenberg\\\/#respond\"]}]},{\"@type\":\"WebPage\",\"@id\":\"https:\\\/\\\/vr-room.ch\\\/en\\\/2018\\\/03\\\/29\\\/panik-kunst-und-virtual-reality-bei-udo-lindenberg\\\/\",\"url\":\"https:\\\/\\\/vr-room.ch\\\/en\\\/2018\\\/03\\\/29\\\/panik-kunst-und-virtual-reality-bei-udo-lindenberg\\\/\",\"name\":\"Panik, Kunst und Virtual Reality bei Udo Lindenberg - Schweizer Virtual Reality News\",\"isPartOf\":{\"@id\":\"http:\\\/\\\/vr-room.ch\\\/en\\\/#website\"},\"primaryImageOfPage\":{\"@id\":\"https:\\\/\\\/vr-room.ch\\\/en\\\/2018\\\/03\\\/29\\\/panik-kunst-und-virtual-reality-bei-udo-lindenberg\\\/#primaryimage\"},\"image\":{\"@id\":\"https:\\\/\\\/vr-room.ch\\\/en\\\/2018\\\/03\\\/29\\\/panik-kunst-und-virtual-reality-bei-udo-lindenberg\\\/#primaryimage\"},\"thumbnailUrl\":\"https:\\\/\\\/vr-room.ch\\\/wp-content\\\/uploads\\\/2018\\\/03\\\/Panik-City-Die-Udo-Lindenberg-Experience-Hamburg-Slider-1.jpg\",\"datePublished\":\"2018-03-29T06:07:32+00:00\",\"author\":{\"@id\":\"http:\\\/\\\/vr-room.ch\\\/en\\\/#\\\/schema\\\/person\\\/1a03b3a6ced429fb4831f60fa2b37599\"},\"breadcrumb\":{\"@id\":\"https:\\\/\\\/vr-room.ch\\\/en\\\/2018\\\/03\\\/29\\\/panik-kunst-und-virtual-reality-bei-udo-lindenberg\\\/#breadcrumb\"},\"inLanguage\":\"fr-FR\",\"potentialAction\":[{\"@type\":\"ReadAction\",\"target\":[\"https:\\\/\\\/vr-room.ch\\\/en\\\/2018\\\/03\\\/29\\\/panik-kunst-und-virtual-reality-bei-udo-lindenberg\\\/\"]}]},{\"@type\":\"ImageObject\",\"inLanguage\":\"fr-FR\",\"@id\":\"https:\\\/\\\/vr-room.ch\\\/en\\\/2018\\\/03\\\/29\\\/panik-kunst-und-virtual-reality-bei-udo-lindenberg\\\/#primaryimage\",\"url\":\"https:\\\/\\\/vr-room.ch\\\/wp-content\\\/uploads\\\/2018\\\/03\\\/Panik-City-Die-Udo-Lindenberg-Experience-Hamburg-Slider-1.jpg\",\"contentUrl\":\"https:\\\/\\\/vr-room.ch\\\/wp-content\\\/uploads\\\/2018\\\/03\\\/Panik-City-Die-Udo-Lindenberg-Experience-Hamburg-Slider-1.jpg\",\"width\":1920,\"height\":1271},{\"@type\":\"BreadcrumbList\",\"@id\":\"https:\\\/\\\/vr-room.ch\\\/en\\\/2018\\\/03\\\/29\\\/panik-kunst-und-virtual-reality-bei-udo-lindenberg\\\/#breadcrumb\",\"itemListElement\":[{\"@type\":\"ListItem\",\"position\":1,\"name\":\"Startseite\",\"item\":\"http:\\\/\\\/vr-room.ch\\\/en\\\/\"},{\"@type\":\"ListItem\",\"position\":2,\"name\":\"Panik, Kunst und Virtual Reality bei Udo Lindenberg\"}]},{\"@type\":\"WebSite\",\"@id\":\"http:\\\/\\\/vr-room.ch\\\/en\\\/#website\",\"url\":\"http:\\\/\\\/vr-room.ch\\\/en\\\/\",\"name\":\"Schweizer Virtual Reality News\",\"description\":\"\",\"potentialAction\":[{\"@type\":\"SearchAction\",\"target\":{\"@type\":\"EntryPoint\",\"urlTemplate\":\"http:\\\/\\\/vr-room.ch\\\/en\\\/?s={search_term_string}\"},\"query-input\":{\"@type\":\"PropertyValueSpecification\",\"valueRequired\":true,\"valueName\":\"search_term_string\"}}],\"inLanguage\":\"fr-FR\"},{\"@type\":\"Person\",\"@id\":\"http:\\\/\\\/vr-room.ch\\\/en\\\/#\\\/schema\\\/person\\\/1a03b3a6ced429fb4831f60fa2b37599\",\"name\":\"Nathalie\",\"image\":{\"@type\":\"ImageObject\",\"inLanguage\":\"fr-FR\",\"@id\":\"https:\\\/\\\/vr-room.ch\\\/wp-content\\\/uploads\\\/2017\\\/01\\\/avatar_user_12_1484159890-96x96.jpg\",\"url\":\"https:\\\/\\\/vr-room.ch\\\/wp-content\\\/uploads\\\/2017\\\/01\\\/avatar_user_12_1484159890-96x96.jpg\",\"contentUrl\":\"https:\\\/\\\/vr-room.ch\\\/wp-content\\\/uploads\\\/2017\\\/01\\\/avatar_user_12_1484159890-96x96.jpg\",\"caption\":\"Nathalie\"},\"url\":\"https:\\\/\\\/vr-room.ch\\\/fr\\\/author\\\/nathalie\\\/\"}]}<\/script>\n<!-- \/ Yoast SEO plugin. -->","yoast_head_json":{"title":"Panik, Kunst und Virtual Reality bei Udo Lindenberg - Schweizer Virtual Reality News","robots":{"index":"index","follow":"follow","max-snippet":"max-snippet:-1","max-image-preview":"max-image-preview:large","max-video-preview":"max-video-preview:-1"},"canonical":"https:\/\/vr-room.ch\/fr\/2018\/03\/29\/panik-kunst-und-virtual-reality-bei-udo-lindenberg\/","og_locale":"fr_FR","og_type":"article","og_title":"Panik, Kunst und Virtual Reality bei Udo Lindenberg - Schweizer Virtual Reality News","og_description":"In Hamburg sollen Leben und Wirken von Udo Lindenberg in einem multimedialen Museum erlebbar werden. Neben VR und&hellip;","og_url":"https:\/\/vr-room.ch\/fr\/2018\/03\/29\/panik-kunst-und-virtual-reality-bei-udo-lindenberg\/","og_site_name":"Schweizer Virtual Reality News","article_published_time":"2018-03-29T06:07:32+00:00","og_image":[{"width":1920,"height":1271,"url":"https:\/\/vr-room.ch\/wp-content\/uploads\/2018\/03\/Panik-City-Die-Udo-Lindenberg-Experience-Hamburg-Slider-1.jpg","type":"image\/jpeg"}],"author":"Nathalie","twitter_card":"summary_large_image","twitter_misc":{"\u00c9crit par":"Nathalie","Dur\u00e9e de lecture estim\u00e9e":"2 minutes"},"schema":{"@context":"https:\/\/schema.org","@graph":[{"@type":"Article","@id":"https:\/\/vr-room.ch\/en\/2018\/03\/29\/panik-kunst-und-virtual-reality-bei-udo-lindenberg\/#article","isPartOf":{"@id":"https:\/\/vr-room.ch\/en\/2018\/03\/29\/panik-kunst-und-virtual-reality-bei-udo-lindenberg\/"},"author":{"name":"Nathalie","@id":"http:\/\/vr-room.ch\/en\/#\/schema\/person\/1a03b3a6ced429fb4831f60fa2b37599"},"headline":"Panik, Kunst und Virtual Reality bei Udo Lindenberg","datePublished":"2018-03-29T06:07:32+00:00","mainEntityOfPage":{"@id":"https:\/\/vr-room.ch\/en\/2018\/03\/29\/panik-kunst-und-virtual-reality-bei-udo-lindenberg\/"},"wordCount":353,"commentCount":0,"image":{"@id":"https:\/\/vr-room.ch\/en\/2018\/03\/29\/panik-kunst-und-virtual-reality-bei-udo-lindenberg\/#primaryimage"},"thumbnailUrl":"https:\/\/vr-room.ch\/wp-content\/uploads\/2018\/03\/Panik-City-Die-Udo-Lindenberg-Experience-Hamburg-Slider-1.jpg","articleSection":["Kunst"],"inLanguage":"fr-FR","potentialAction":[{"@type":"CommentAction","name":"Comment","target":["https:\/\/vr-room.ch\/en\/2018\/03\/29\/panik-kunst-und-virtual-reality-bei-udo-lindenberg\/#respond"]}]},{"@type":"WebPage","@id":"https:\/\/vr-room.ch\/en\/2018\/03\/29\/panik-kunst-und-virtual-reality-bei-udo-lindenberg\/","url":"https:\/\/vr-room.ch\/en\/2018\/03\/29\/panik-kunst-und-virtual-reality-bei-udo-lindenberg\/","name":"Panik, Kunst und Virtual Reality bei Udo Lindenberg - Schweizer Virtual Reality News","isPartOf":{"@id":"http:\/\/vr-room.ch\/en\/#website"},"primaryImageOfPage":{"@id":"https:\/\/vr-room.ch\/en\/2018\/03\/29\/panik-kunst-und-virtual-reality-bei-udo-lindenberg\/#primaryimage"},"image":{"@id":"https:\/\/vr-room.ch\/en\/2018\/03\/29\/panik-kunst-und-virtual-reality-bei-udo-lindenberg\/#primaryimage"},"thumbnailUrl":"https:\/\/vr-room.ch\/wp-content\/uploads\/2018\/03\/Panik-City-Die-Udo-Lindenberg-Experience-Hamburg-Slider-1.jpg","datePublished":"2018-03-29T06:07:32+00:00","author":{"@id":"http:\/\/vr-room.ch\/en\/#\/schema\/person\/1a03b3a6ced429fb4831f60fa2b37599"},"breadcrumb":{"@id":"https:\/\/vr-room.ch\/en\/2018\/03\/29\/panik-kunst-und-virtual-reality-bei-udo-lindenberg\/#breadcrumb"},"inLanguage":"fr-FR","potentialAction":[{"@type":"ReadAction","target":["https:\/\/vr-room.ch\/en\/2018\/03\/29\/panik-kunst-und-virtual-reality-bei-udo-lindenberg\/"]}]},{"@type":"ImageObject","inLanguage":"fr-FR","@id":"https:\/\/vr-room.ch\/en\/2018\/03\/29\/panik-kunst-und-virtual-reality-bei-udo-lindenberg\/#primaryimage","url":"https:\/\/vr-room.ch\/wp-content\/uploads\/2018\/03\/Panik-City-Die-Udo-Lindenberg-Experience-Hamburg-Slider-1.jpg","contentUrl":"https:\/\/vr-room.ch\/wp-content\/uploads\/2018\/03\/Panik-City-Die-Udo-Lindenberg-Experience-Hamburg-Slider-1.jpg","width":1920,"height":1271},{"@type":"BreadcrumbList","@id":"https:\/\/vr-room.ch\/en\/2018\/03\/29\/panik-kunst-und-virtual-reality-bei-udo-lindenberg\/#breadcrumb","itemListElement":[{"@type":"ListItem","position":1,"name":"Startseite","item":"http:\/\/vr-room.ch\/en\/"},{"@type":"ListItem","position":2,"name":"Panik, Kunst und Virtual Reality bei Udo Lindenberg"}]},{"@type":"WebSite","@id":"http:\/\/vr-room.ch\/en\/#website","url":"http:\/\/vr-room.ch\/en\/","name":"Nouvelles de la r\u00e9alit\u00e9 virtuelle suisse","description":"","potentialAction":[{"@type":"SearchAction","target":{"@type":"EntryPoint","urlTemplate":"http:\/\/vr-room.ch\/en\/?s={search_term_string}"},"query-input":{"@type":"PropertyValueSpecification","valueRequired":true,"valueName":"search_term_string"}}],"inLanguage":"fr-FR"},{"@type":"Person","@id":"http:\/\/vr-room.ch\/en\/#\/schema\/person\/1a03b3a6ced429fb4831f60fa2b37599","name":"Nathalie","image":{"@type":"ImageObject","inLanguage":"fr-FR","@id":"https:\/\/vr-room.ch\/wp-content\/uploads\/2017\/01\/avatar_user_12_1484159890-96x96.jpg","url":"https:\/\/vr-room.ch\/wp-content\/uploads\/2017\/01\/avatar_user_12_1484159890-96x96.jpg","contentUrl":"https:\/\/vr-room.ch\/wp-content\/uploads\/2017\/01\/avatar_user_12_1484159890-96x96.jpg","caption":"Nathalie"},"url":"https:\/\/vr-room.ch\/fr\/author\/nathalie\/"}]}},"_links":{"self":[{"href":"https:\/\/vr-room.ch\/fr\/wp-json\/wp\/v2\/posts\/9735","targetHints":{"allow":["GET"]}}],"collection":[{"href":"https:\/\/vr-room.ch\/fr\/wp-json\/wp\/v2\/posts"}],"about":[{"href":"https:\/\/vr-room.ch\/fr\/wp-json\/wp\/v2\/types\/post"}],"author":[{"embeddable":true,"href":"https:\/\/vr-room.ch\/fr\/wp-json\/wp\/v2\/users\/12"}],"replies":[{"embeddable":true,"href":"https:\/\/vr-room.ch\/fr\/wp-json\/wp\/v2\/comments?post=9735"}],"version-history":[{"count":0,"href":"https:\/\/vr-room.ch\/fr\/wp-json\/wp\/v2\/posts\/9735\/revisions"}],"wp:featuredmedia":[{"embeddable":true,"href":"https:\/\/vr-room.ch\/fr\/wp-json\/wp\/v2\/media\/9736"}],"wp:attachment":[{"href":"https:\/\/vr-room.ch\/fr\/wp-json\/wp\/v2\/media?parent=9735"}],"wp:term":[{"taxonomy":"category","embeddable":true,"href":"https:\/\/vr-room.ch\/fr\/wp-json\/wp\/v2\/categories?post=9735"},{"taxonomy":"post_tag","embeddable":true,"href":"https:\/\/vr-room.ch\/fr\/wp-json\/wp\/v2\/tags?post=9735"}],"curies":[{"name":"wp","href":"https:\/\/api.w.org\/{rel}","templated":true}]}}