{"id":9562,"date":"2018-02-26T09:59:50","date_gmt":"2018-02-26T09:59:50","guid":{"rendered":"http:\/\/vr-room.ch\/?p=9562"},"modified":"2018-02-26T10:02:08","modified_gmt":"2018-02-26T10:02:08","slug":"kunstwerk-salvador-dali-vr","status":"publish","type":"post","link":"https:\/\/vr-room.ch\/fr\/2018\/02\/26\/kunstwerk-salvador-dali-vr\/","title":{"rendered":"D\u00e9couvrir l'\u0153uvre d'art de Salvador Dal\u00ed en VR"},"content":{"rendered":"<p><a href=\"https:\/\/de.wikipedia.org\/wiki\/Salvador_Dal%C3%AD\">Salvador Dal\u00ed<\/a> gilt als einer der bekanntesten Vertreter des Surrealismus. Jetzt wurde das kostenlose VR-Erlebnis &#8222;Dreams of Dal\u00ed&#8220; ver\u00f6ffentlicht, weswegen sein Schaffen in der virtuellen Realit\u00e4t entdeckt werden kann.<\/p>\n<p>Dans l'exp\u00e9rience VR du mus\u00e9e Dal\u00ed \u00e0 St. Petersburg, en Floride, on peut se plonger dans un monde de r\u00eave fantastique. Cela tombe plut\u00f4t bien, puisque Salvador Dal\u00ed est connu pour ses images du subconscient et des r\u00eaves.<\/p>\n<p>Les d\u00e9veloppeurs de <a href=\"http:\/\/www.dreamsofdali.net\/\">&#8222;Dreams of Dal\u00ed&#8220;<\/a>, in dem speziell das Bild &#8222;Archaeological Reminiscence of Millet&#8217;s Angelus&#8220; erforscht wird, sind sich sicher, dass Salvador Dal\u00ed eine solche VR-Erfahrung sehr begr\u00fcsst h\u00e4tte, weil er schon damals als &#8222;Early Adopter&#8220; neuer Technologien bezeichnet werden konnte.<\/p>\n<p>&#8222;Dreams of Dal\u00ed&#8220; ist kostenlos \u00fcber den <a href=\"https:\/\/www.oculus.com\/experiences\/rift\/1873099679429920\/\">Boutique Oculus<\/a> et <a href=\"http:\/\/store.steampowered.com\/app\/591360\/Dreams_of_Dali\/\">Steam<\/a> pour Oculus Rift et HTC Vive. Une vid\u00e9o \u00e0 360 degr\u00e9s et une bande-annonce peuvent \u00e9galement \u00eatre visionn\u00e9es.<\/p>\n<div style=\"width: 640px;\" class=\"wp-video\"><video class=\"wp-video-shortcode\" id=\"video-9562-1\" width=\"640\" height=\"360\" loop preload=\"metadata\" controls=\"controls\"><source type=\"video\/youtube\" src=\"https:\/\/www.youtube.com\/watch?v=I-Fb1lPL5WA&#038;_=1\" \/><a href=\"https:\/\/www.youtube.com\/watch?v=I-Fb1lPL5WA\">https:\/\/www.youtube.com\/watch?v=I-Fb1lPL5WA<\/a><\/video><\/div>\n<div style=\"width: 640px;\" class=\"wp-video\"><video class=\"wp-video-shortcode\" id=\"video-9562-2\" width=\"640\" height=\"360\" loop preload=\"metadata\" controls=\"controls\"><source type=\"video\/youtube\" src=\"https:\/\/www.youtube.com\/watch?v=F1eLeIocAcU&#038;_=2\" \/><a href=\"https:\/\/www.youtube.com\/watch?v=F1eLeIocAcU\">https:\/\/www.youtube.com\/watch?v=F1eLeIocAcU<\/a><\/video><\/div>\n<p>Source : VR-World<\/p>","protected":false},"excerpt":{"rendered":"Salvador Dal\u00ed gilt als einer der bekanntesten Vertreter des Surrealismus. Jetzt wurde das kostenlose VR-Erlebnis &#8222;Dreams of Dal\u00ed&#8220;&hellip;","protected":false},"author":11,"featured_media":9564,"comment_status":"open","ping_status":"open","sticky":false,"template":"","format":"standard","meta":{"footnotes":""},"categories":[3],"tags":[],"class_list":{"0":"post-9562","1":"post","2":"type-post","3":"status-publish","4":"format-standard","5":"has-post-thumbnail","7":"category-virtual-reality-kunst","8":"cs-entry","9":"cs-video-wrap"},"yoast_head":"<!-- This site is optimized with the Yoast SEO plugin v27.4 - https:\/\/yoast.com\/product\/yoast-seo-wordpress\/ -->\n<title>Kunstwerk von Salvador Dal\u00ed in VR erleben - Schweizer Virtual Reality News<\/title>\n<meta name=\"robots\" content=\"index, follow, max-snippet:-1, max-image-preview:large, max-video-preview:-1\" \/>\n<link rel=\"canonical\" href=\"https:\/\/vr-room.ch\/fr\/2018\/02\/26\/kunstwerk-salvador-dali-vr\/\" \/>\n<meta property=\"og:locale\" content=\"fr_FR\" \/>\n<meta property=\"og:type\" content=\"article\" \/>\n<meta property=\"og:title\" content=\"Kunstwerk von Salvador Dal\u00ed in VR erleben - Schweizer Virtual Reality News\" \/>\n<meta property=\"og:description\" content=\"Salvador Dal\u00ed gilt als einer der bekanntesten Vertreter des Surrealismus. Jetzt wurde das kostenlose VR-Erlebnis &#8222;Dreams of Dal\u00ed&#8220;&hellip;\" \/>\n<meta property=\"og:url\" content=\"https:\/\/vr-room.ch\/fr\/2018\/02\/26\/kunstwerk-salvador-dali-vr\/\" \/>\n<meta property=\"og:site_name\" content=\"Schweizer Virtual Reality News\" \/>\n<meta property=\"article:published_time\" content=\"2018-02-26T09:59:50+00:00\" \/>\n<meta property=\"article:modified_time\" content=\"2018-02-26T10:02:08+00:00\" \/>\n<meta property=\"og:image\" content=\"https:\/\/vr-room.ch\/wp-content\/uploads\/2018\/02\/DramsDali.jpg\" \/>\n\t<meta property=\"og:image:width\" content=\"1920\" \/>\n\t<meta property=\"og:image:height\" content=\"1080\" \/>\n\t<meta property=\"og:image:type\" content=\"image\/jpeg\" \/>\n<meta name=\"author\" content=\"Michael\" \/>\n<meta name=\"twitter:card\" content=\"summary_large_image\" \/>\n<meta name=\"twitter:label1\" content=\"\u00c9crit par\" \/>\n\t<meta name=\"twitter:data1\" content=\"Michael\" \/>\n\t<meta name=\"twitter:label2\" content=\"Dur\u00e9e de lecture estim\u00e9e\" \/>\n\t<meta name=\"twitter:data2\" content=\"1 minute\" \/>\n<script type=\"application\/ld+json\" class=\"yoast-schema-graph\">{\"@context\":\"https:\\\/\\\/schema.org\",\"@graph\":[{\"@type\":\"Article\",\"@id\":\"https:\\\/\\\/vr-room.ch\\\/it\\\/2018\\\/02\\\/26\\\/kunstwerk-salvador-dali-vr\\\/#article\",\"isPartOf\":{\"@id\":\"https:\\\/\\\/vr-room.ch\\\/it\\\/2018\\\/02\\\/26\\\/kunstwerk-salvador-dali-vr\\\/\"},\"author\":{\"name\":\"Michael\",\"@id\":\"http:\\\/\\\/vr-room.ch\\\/en\\\/#\\\/schema\\\/person\\\/4022b4e1fba06681ac263b25c0f1e3d2\"},\"headline\":\"Kunstwerk von Salvador Dal\u00ed in VR erleben\",\"datePublished\":\"2018-02-26T09:59:50+00:00\",\"dateModified\":\"2018-02-26T10:02:08+00:00\",\"mainEntityOfPage\":{\"@id\":\"https:\\\/\\\/vr-room.ch\\\/it\\\/2018\\\/02\\\/26\\\/kunstwerk-salvador-dali-vr\\\/\"},\"wordCount\":181,\"commentCount\":0,\"image\":{\"@id\":\"https:\\\/\\\/vr-room.ch\\\/it\\\/2018\\\/02\\\/26\\\/kunstwerk-salvador-dali-vr\\\/#primaryimage\"},\"thumbnailUrl\":\"https:\\\/\\\/vr-room.ch\\\/wp-content\\\/uploads\\\/2018\\\/02\\\/DramsDali.jpg\",\"articleSection\":[\"Kunst\"],\"inLanguage\":\"fr-FR\",\"potentialAction\":[{\"@type\":\"CommentAction\",\"name\":\"Comment\",\"target\":[\"https:\\\/\\\/vr-room.ch\\\/it\\\/2018\\\/02\\\/26\\\/kunstwerk-salvador-dali-vr\\\/#respond\"]}]},{\"@type\":\"WebPage\",\"@id\":\"https:\\\/\\\/vr-room.ch\\\/it\\\/2018\\\/02\\\/26\\\/kunstwerk-salvador-dali-vr\\\/\",\"url\":\"https:\\\/\\\/vr-room.ch\\\/it\\\/2018\\\/02\\\/26\\\/kunstwerk-salvador-dali-vr\\\/\",\"name\":\"Kunstwerk von Salvador Dal\u00ed in VR erleben - Schweizer Virtual Reality News\",\"isPartOf\":{\"@id\":\"http:\\\/\\\/vr-room.ch\\\/en\\\/#website\"},\"primaryImageOfPage\":{\"@id\":\"https:\\\/\\\/vr-room.ch\\\/it\\\/2018\\\/02\\\/26\\\/kunstwerk-salvador-dali-vr\\\/#primaryimage\"},\"image\":{\"@id\":\"https:\\\/\\\/vr-room.ch\\\/it\\\/2018\\\/02\\\/26\\\/kunstwerk-salvador-dali-vr\\\/#primaryimage\"},\"thumbnailUrl\":\"https:\\\/\\\/vr-room.ch\\\/wp-content\\\/uploads\\\/2018\\\/02\\\/DramsDali.jpg\",\"datePublished\":\"2018-02-26T09:59:50+00:00\",\"dateModified\":\"2018-02-26T10:02:08+00:00\",\"author\":{\"@id\":\"http:\\\/\\\/vr-room.ch\\\/en\\\/#\\\/schema\\\/person\\\/4022b4e1fba06681ac263b25c0f1e3d2\"},\"breadcrumb\":{\"@id\":\"https:\\\/\\\/vr-room.ch\\\/it\\\/2018\\\/02\\\/26\\\/kunstwerk-salvador-dali-vr\\\/#breadcrumb\"},\"inLanguage\":\"fr-FR\",\"potentialAction\":[{\"@type\":\"ReadAction\",\"target\":[\"https:\\\/\\\/vr-room.ch\\\/it\\\/2018\\\/02\\\/26\\\/kunstwerk-salvador-dali-vr\\\/\"]}]},{\"@type\":\"ImageObject\",\"inLanguage\":\"fr-FR\",\"@id\":\"https:\\\/\\\/vr-room.ch\\\/it\\\/2018\\\/02\\\/26\\\/kunstwerk-salvador-dali-vr\\\/#primaryimage\",\"url\":\"https:\\\/\\\/vr-room.ch\\\/wp-content\\\/uploads\\\/2018\\\/02\\\/DramsDali.jpg\",\"contentUrl\":\"https:\\\/\\\/vr-room.ch\\\/wp-content\\\/uploads\\\/2018\\\/02\\\/DramsDali.jpg\",\"width\":1920,\"height\":1080},{\"@type\":\"BreadcrumbList\",\"@id\":\"https:\\\/\\\/vr-room.ch\\\/it\\\/2018\\\/02\\\/26\\\/kunstwerk-salvador-dali-vr\\\/#breadcrumb\",\"itemListElement\":[{\"@type\":\"ListItem\",\"position\":1,\"name\":\"Startseite\",\"item\":\"http:\\\/\\\/vr-room.ch\\\/en\\\/\"},{\"@type\":\"ListItem\",\"position\":2,\"name\":\"Kunstwerk von Salvador Dal\u00ed in VR erleben\"}]},{\"@type\":\"WebSite\",\"@id\":\"http:\\\/\\\/vr-room.ch\\\/en\\\/#website\",\"url\":\"http:\\\/\\\/vr-room.ch\\\/en\\\/\",\"name\":\"Schweizer Virtual Reality News\",\"description\":\"\",\"potentialAction\":[{\"@type\":\"SearchAction\",\"target\":{\"@type\":\"EntryPoint\",\"urlTemplate\":\"http:\\\/\\\/vr-room.ch\\\/en\\\/?s={search_term_string}\"},\"query-input\":{\"@type\":\"PropertyValueSpecification\",\"valueRequired\":true,\"valueName\":\"search_term_string\"}}],\"inLanguage\":\"fr-FR\"},{\"@type\":\"Person\",\"@id\":\"http:\\\/\\\/vr-room.ch\\\/en\\\/#\\\/schema\\\/person\\\/4022b4e1fba06681ac263b25c0f1e3d2\",\"name\":\"Michael\",\"image\":{\"@type\":\"ImageObject\",\"inLanguage\":\"fr-FR\",\"@id\":\"https:\\\/\\\/vr-room.ch\\\/wp-content\\\/uploads\\\/2019\\\/05\\\/avatar_user_11_1558711168-96x96.jpg\",\"url\":\"https:\\\/\\\/vr-room.ch\\\/wp-content\\\/uploads\\\/2019\\\/05\\\/avatar_user_11_1558711168-96x96.jpg\",\"contentUrl\":\"https:\\\/\\\/vr-room.ch\\\/wp-content\\\/uploads\\\/2019\\\/05\\\/avatar_user_11_1558711168-96x96.jpg\",\"caption\":\"Michael\"},\"url\":\"https:\\\/\\\/vr-room.ch\\\/fr\\\/author\\\/michael\\\/\"}]}<\/script>\n<!-- \/ Yoast SEO plugin. -->","yoast_head_json":{"title":"Kunstwerk von Salvador Dal\u00ed in VR erleben - Schweizer Virtual Reality News","robots":{"index":"index","follow":"follow","max-snippet":"max-snippet:-1","max-image-preview":"max-image-preview:large","max-video-preview":"max-video-preview:-1"},"canonical":"https:\/\/vr-room.ch\/fr\/2018\/02\/26\/kunstwerk-salvador-dali-vr\/","og_locale":"fr_FR","og_type":"article","og_title":"Kunstwerk von Salvador Dal\u00ed in VR erleben - Schweizer Virtual Reality News","og_description":"Salvador Dal\u00ed gilt als einer der bekanntesten Vertreter des Surrealismus. Jetzt wurde das kostenlose VR-Erlebnis &#8222;Dreams of Dal\u00ed&#8220;&hellip;","og_url":"https:\/\/vr-room.ch\/fr\/2018\/02\/26\/kunstwerk-salvador-dali-vr\/","og_site_name":"Schweizer Virtual Reality News","article_published_time":"2018-02-26T09:59:50+00:00","article_modified_time":"2018-02-26T10:02:08+00:00","og_image":[{"width":1920,"height":1080,"url":"https:\/\/vr-room.ch\/wp-content\/uploads\/2018\/02\/DramsDali.jpg","type":"image\/jpeg"}],"author":"Michael","twitter_card":"summary_large_image","twitter_misc":{"\u00c9crit par":"Michael","Dur\u00e9e de lecture estim\u00e9e":"1 minute"},"schema":{"@context":"https:\/\/schema.org","@graph":[{"@type":"Article","@id":"https:\/\/vr-room.ch\/it\/2018\/02\/26\/kunstwerk-salvador-dali-vr\/#article","isPartOf":{"@id":"https:\/\/vr-room.ch\/it\/2018\/02\/26\/kunstwerk-salvador-dali-vr\/"},"author":{"name":"Michael","@id":"http:\/\/vr-room.ch\/en\/#\/schema\/person\/4022b4e1fba06681ac263b25c0f1e3d2"},"headline":"Kunstwerk von Salvador Dal\u00ed in VR erleben","datePublished":"2018-02-26T09:59:50+00:00","dateModified":"2018-02-26T10:02:08+00:00","mainEntityOfPage":{"@id":"https:\/\/vr-room.ch\/it\/2018\/02\/26\/kunstwerk-salvador-dali-vr\/"},"wordCount":181,"commentCount":0,"image":{"@id":"https:\/\/vr-room.ch\/it\/2018\/02\/26\/kunstwerk-salvador-dali-vr\/#primaryimage"},"thumbnailUrl":"https:\/\/vr-room.ch\/wp-content\/uploads\/2018\/02\/DramsDali.jpg","articleSection":["Kunst"],"inLanguage":"fr-FR","potentialAction":[{"@type":"CommentAction","name":"Comment","target":["https:\/\/vr-room.ch\/it\/2018\/02\/26\/kunstwerk-salvador-dali-vr\/#respond"]}]},{"@type":"WebPage","@id":"https:\/\/vr-room.ch\/it\/2018\/02\/26\/kunstwerk-salvador-dali-vr\/","url":"https:\/\/vr-room.ch\/it\/2018\/02\/26\/kunstwerk-salvador-dali-vr\/","name":"Kunstwerk von Salvador Dal\u00ed in VR erleben - Schweizer Virtual Reality News","isPartOf":{"@id":"http:\/\/vr-room.ch\/en\/#website"},"primaryImageOfPage":{"@id":"https:\/\/vr-room.ch\/it\/2018\/02\/26\/kunstwerk-salvador-dali-vr\/#primaryimage"},"image":{"@id":"https:\/\/vr-room.ch\/it\/2018\/02\/26\/kunstwerk-salvador-dali-vr\/#primaryimage"},"thumbnailUrl":"https:\/\/vr-room.ch\/wp-content\/uploads\/2018\/02\/DramsDali.jpg","datePublished":"2018-02-26T09:59:50+00:00","dateModified":"2018-02-26T10:02:08+00:00","author":{"@id":"http:\/\/vr-room.ch\/en\/#\/schema\/person\/4022b4e1fba06681ac263b25c0f1e3d2"},"breadcrumb":{"@id":"https:\/\/vr-room.ch\/it\/2018\/02\/26\/kunstwerk-salvador-dali-vr\/#breadcrumb"},"inLanguage":"fr-FR","potentialAction":[{"@type":"ReadAction","target":["https:\/\/vr-room.ch\/it\/2018\/02\/26\/kunstwerk-salvador-dali-vr\/"]}]},{"@type":"ImageObject","inLanguage":"fr-FR","@id":"https:\/\/vr-room.ch\/it\/2018\/02\/26\/kunstwerk-salvador-dali-vr\/#primaryimage","url":"https:\/\/vr-room.ch\/wp-content\/uploads\/2018\/02\/DramsDali.jpg","contentUrl":"https:\/\/vr-room.ch\/wp-content\/uploads\/2018\/02\/DramsDali.jpg","width":1920,"height":1080},{"@type":"BreadcrumbList","@id":"https:\/\/vr-room.ch\/it\/2018\/02\/26\/kunstwerk-salvador-dali-vr\/#breadcrumb","itemListElement":[{"@type":"ListItem","position":1,"name":"Startseite","item":"http:\/\/vr-room.ch\/en\/"},{"@type":"ListItem","position":2,"name":"Kunstwerk von Salvador Dal\u00ed in VR erleben"}]},{"@type":"WebSite","@id":"http:\/\/vr-room.ch\/en\/#website","url":"http:\/\/vr-room.ch\/en\/","name":"Nouvelles de la r\u00e9alit\u00e9 virtuelle suisse","description":"","potentialAction":[{"@type":"SearchAction","target":{"@type":"EntryPoint","urlTemplate":"http:\/\/vr-room.ch\/en\/?s={search_term_string}"},"query-input":{"@type":"PropertyValueSpecification","valueRequired":true,"valueName":"search_term_string"}}],"inLanguage":"fr-FR"},{"@type":"Person","@id":"http:\/\/vr-room.ch\/en\/#\/schema\/person\/4022b4e1fba06681ac263b25c0f1e3d2","name":"Michael","image":{"@type":"ImageObject","inLanguage":"fr-FR","@id":"https:\/\/vr-room.ch\/wp-content\/uploads\/2019\/05\/avatar_user_11_1558711168-96x96.jpg","url":"https:\/\/vr-room.ch\/wp-content\/uploads\/2019\/05\/avatar_user_11_1558711168-96x96.jpg","contentUrl":"https:\/\/vr-room.ch\/wp-content\/uploads\/2019\/05\/avatar_user_11_1558711168-96x96.jpg","caption":"Michael"},"url":"https:\/\/vr-room.ch\/fr\/author\/michael\/"}]}},"_links":{"self":[{"href":"https:\/\/vr-room.ch\/fr\/wp-json\/wp\/v2\/posts\/9562","targetHints":{"allow":["GET"]}}],"collection":[{"href":"https:\/\/vr-room.ch\/fr\/wp-json\/wp\/v2\/posts"}],"about":[{"href":"https:\/\/vr-room.ch\/fr\/wp-json\/wp\/v2\/types\/post"}],"author":[{"embeddable":true,"href":"https:\/\/vr-room.ch\/fr\/wp-json\/wp\/v2\/users\/11"}],"replies":[{"embeddable":true,"href":"https:\/\/vr-room.ch\/fr\/wp-json\/wp\/v2\/comments?post=9562"}],"version-history":[{"count":0,"href":"https:\/\/vr-room.ch\/fr\/wp-json\/wp\/v2\/posts\/9562\/revisions"}],"wp:featuredmedia":[{"embeddable":true,"href":"https:\/\/vr-room.ch\/fr\/wp-json\/wp\/v2\/media\/9564"}],"wp:attachment":[{"href":"https:\/\/vr-room.ch\/fr\/wp-json\/wp\/v2\/media?parent=9562"}],"wp:term":[{"taxonomy":"category","embeddable":true,"href":"https:\/\/vr-room.ch\/fr\/wp-json\/wp\/v2\/categories?post=9562"},{"taxonomy":"post_tag","embeddable":true,"href":"https:\/\/vr-room.ch\/fr\/wp-json\/wp\/v2\/tags?post=9562"}],"curies":[{"name":"wp","href":"https:\/\/api.w.org\/{rel}","templated":true}]}}