{"id":9327,"date":"2018-02-09T06:57:53","date_gmt":"2018-02-09T06:57:53","guid":{"rendered":"http:\/\/vr-room.ch\/?p=9327"},"modified":"2018-02-06T12:24:20","modified_gmt":"2018-02-06T12:24:20","slug":"klimts-bildwelt-in-vr-erleben","status":"publish","type":"post","link":"https:\/\/vr-room.ch\/fr\/2018\/02\/09\/klimts-bildwelt-in-vr-erleben\/","title":{"rendered":"D\u00e9couvrir l'univers pictural de Klimt en VR"},"content":{"rendered":"<h3 id=\"der-vr-kuenstler-und-filmemacher-frederick-baker-hat-fuer-das-museum-fuer-angewandte-kunst-anlaesslich-des-100-todestags-von-gustav-klimt-eines-seiner-hauptwerke-in-eine-landschaft-verwandelt-d\">Pour le Mus\u00e9e des arts appliqu\u00e9s, \u00e0 l'occasion du centenaire de la mort de Gustav Klimt, l'artiste VR et cin\u00e9aste Frederick Baker a transform\u00e9 l'une de ses \u0153uvres majeures en un paysage dans lequel on p\u00e9n\u00e8tre \u00e0 l'aide de lunettes VR.<\/h3>\n<p><!--more--><\/p>\n<p>R\u00e9unir l'art et la vie, envelopper les gens dans la beaut\u00e9, tel \u00e9tait l'objectif d\u00e9clar\u00e9 de l'Art nouveau. C'est pourquoi l'artiste num\u00e9rique Frederick Baker est presque certain que Gustav Klimt (1862-1918) aurait \u00e9t\u00e9 enthousiasm\u00e9 par la RV. Et surtout de l'installation Klimt's Magic Garden, que Baker pr\u00e9sente au Museum f\u00fcr angewandte Kunst (Mak) \u00e0 l'occasion du 100e anniversaire de Klimt : En enfilant les lunettes VR, on se retrouve au c\u0153ur de l'univers pictural de Klimt.<\/p>\n<p>Le sol de ce paysage vallonn\u00e9 est recouvert d'ornements aux reflets dor\u00e9s ; tout autour, des arbres aux ornements en spirale se dressent au-dessus de nous. Des motifs triangulaires s'\u00e9coulent comme des cascades, et \u00e0 un moment donn\u00e9, on se retrouve sous une pluie d'yeux et de ronds. Ce voyage en VR, kitsch \u00e0 souhait mais qui vaut la peine d'\u00eatre v\u00e9cu, s'inspire de la frise de mosa\u00efque de Klimt pour le Palais Stoclet de Bruxelles. Baker a assembl\u00e9 des \u00e9l\u00e9ments disparates pour cr\u00e9er une fantaisie \u00e0 mi-chemin entre l'apocalypse et Alice au pays des merveilles (\u00e0 la mani\u00e8re de Tim Burton).<\/p>\n<div id='gallery-1' class='gallery galleryid-9327 gallery-columns-3 gallery-size-thumbnail'><figure class='gallery-item'>\n\t\t\t<div class='gallery-icon landscape'>\n\t\t\t\t<a href='https:\/\/vr-room.ch\/fr\/2018\/02\/09\/klimts-bildwelt-in-vr-erleben\/baker-4\/'><img loading=\"lazy\" decoding=\"async\" width=\"150\" height=\"150\" src=\"https:\/\/vr-room.ch\/wp-content\/uploads\/2018\/02\/baker-4-150x150.jpg\" class=\"attachment-thumbnail size-thumbnail\" alt=\"\" srcset=\"https:\/\/vr-room.ch\/wp-content\/uploads\/2018\/02\/baker-4-150x150.jpg 150w, https:\/\/vr-room.ch\/wp-content\/uploads\/2018\/02\/baker-4-539x538.jpg 539w, https:\/\/vr-room.ch\/wp-content\/uploads\/2018\/02\/baker-4-350x350.jpg 350w, https:\/\/vr-room.ch\/wp-content\/uploads\/2018\/02\/baker-4-254x254.jpg 254w, https:\/\/vr-room.ch\/wp-content\/uploads\/2018\/02\/baker-4-125x125.jpg 125w\" sizes=\"auto, (max-width: 150px) 100vw, 150px\" \/><\/a>\n\t\t\t<\/div><\/figure><figure class='gallery-item'>\n\t\t\t<div class='gallery-icon landscape'>\n\t\t\t\t<a href='https:\/\/vr-room.ch\/fr\/2018\/02\/09\/klimts-bildwelt-in-vr-erleben\/baker-3_1\/'><img loading=\"lazy\" decoding=\"async\" width=\"150\" height=\"150\" src=\"https:\/\/vr-room.ch\/wp-content\/uploads\/2018\/02\/baker-3_1-150x150.jpg\" class=\"attachment-thumbnail size-thumbnail\" alt=\"\" srcset=\"https:\/\/vr-room.ch\/wp-content\/uploads\/2018\/02\/baker-3_1-150x150.jpg 150w, https:\/\/vr-room.ch\/wp-content\/uploads\/2018\/02\/baker-3_1-539x538.jpg 539w, https:\/\/vr-room.ch\/wp-content\/uploads\/2018\/02\/baker-3_1-350x350.jpg 350w, https:\/\/vr-room.ch\/wp-content\/uploads\/2018\/02\/baker-3_1-254x254.jpg 254w, https:\/\/vr-room.ch\/wp-content\/uploads\/2018\/02\/baker-3_1-125x125.jpg 125w\" sizes=\"auto, (max-width: 150px) 100vw, 150px\" \/><\/a>\n\t\t\t<\/div><\/figure><figure class='gallery-item'>\n\t\t\t<div class='gallery-icon landscape'>\n\t\t\t\t<a href='https:\/\/vr-room.ch\/fr\/2018\/02\/09\/klimts-bildwelt-in-vr-erleben\/baker-2_1\/'><img loading=\"lazy\" decoding=\"async\" width=\"150\" height=\"150\" src=\"https:\/\/vr-room.ch\/wp-content\/uploads\/2018\/02\/baker-2_1-150x150.jpg\" class=\"attachment-thumbnail size-thumbnail\" alt=\"\" srcset=\"https:\/\/vr-room.ch\/wp-content\/uploads\/2018\/02\/baker-2_1-150x150.jpg 150w, https:\/\/vr-room.ch\/wp-content\/uploads\/2018\/02\/baker-2_1-539x538.jpg 539w, https:\/\/vr-room.ch\/wp-content\/uploads\/2018\/02\/baker-2_1-350x350.jpg 350w, https:\/\/vr-room.ch\/wp-content\/uploads\/2018\/02\/baker-2_1-254x254.jpg 254w, https:\/\/vr-room.ch\/wp-content\/uploads\/2018\/02\/baker-2_1-125x125.jpg 125w\" sizes=\"auto, (max-width: 150px) 100vw, 150px\" \/><\/a>\n\t\t\t<\/div><\/figure>\n\t\t<\/div>\n\n<h3 id=\"ego-flaneur-statt-ego-shooter\">Un fl\u00e2neur \u00e0 la premi\u00e8re personne plut\u00f4t qu'un tireur \u00e0 la premi\u00e8re personne<\/h3>\n<p>Auch die Narration der interaktiven virtuellen Reise \u2013 &#8222;Erwartung und Erf\u00fcllung&#8220; \u2013 ist an Klimt angelehnt. Der Digitalk\u00fcnstler habe sich hierbei \u00fcberlegt, wie so eine Landschaft zum Thema Erwartung und wie eine zu Erf\u00fcllung aussehen k\u00f6nnte. Der Weg, den Betrachter durch die virtuelle Welt nehmen, ist frei w\u00e4hlbar.<\/p>\n<p>Cela incite Baker et Christoph Thun-Hohenstein, directeur du Mak, \u00e0 philosopher sur la non-lin\u00e9arit\u00e9, les nouvelles notions d'\u0153uvre et les points de vue inhabituels sur l'\u0153uvre originale de Klimt, ce que le travail bien pens\u00e9 de Baker permet certainement. Il s'appuie notamment sur les recherches men\u00e9es depuis de nombreuses ann\u00e9es par l'artiste sur les modes de narration alternatifs dans la RV.<\/p>\n<p>Klimt&#8217;s Magic Garden ist mitunter auch ein Versuch, VR einem breiten Publikum m\u00f6glichst niedrigschwellig nahezubringen und sie als Kunstform zu etablieren. Dies ist der Grund, warum Baker sich darum bem\u00fcht, Computerspielklischees zu durchbrechen: &#8222;Ego-Flaneur statt Ego-Shooter&#8220;, so beschreibt er seinen Ansatz, der mehr auf alternative Verwendungsweisen und weniger auf den schnellen Rausch zielt.<\/p>\n<p>Source : derstandard<\/p>","protected":false},"excerpt":{"rendered":"L'artiste VR et cin\u00e9aste Frederick Baker a r\u00e9alis\u00e9 pour le Museum f\u00fcr angewandte Kunst, \u00e0 l'occasion du centenaire de la mort de...","protected":false},"author":12,"featured_media":9328,"comment_status":"open","ping_status":"open","sticky":false,"template":"","format":"standard","meta":{"footnotes":""},"categories":[3],"tags":[],"class_list":{"0":"post-9327","1":"post","2":"type-post","3":"status-publish","4":"format-standard","5":"has-post-thumbnail","7":"category-virtual-reality-kunst","8":"cs-entry","9":"cs-video-wrap"},"yoast_head":"<!-- This site is optimized with the Yoast SEO plugin v27.4 - https:\/\/yoast.com\/product\/yoast-seo-wordpress\/ -->\n<title>Klimts Bildwelt in VR erleben - Schweizer Virtual Reality News<\/title>\n<meta name=\"robots\" content=\"index, follow, max-snippet:-1, max-image-preview:large, max-video-preview:-1\" \/>\n<link rel=\"canonical\" href=\"https:\/\/vr-room.ch\/fr\/2018\/02\/09\/klimts-bildwelt-in-vr-erleben\/\" \/>\n<meta property=\"og:locale\" content=\"fr_FR\" \/>\n<meta property=\"og:type\" content=\"article\" \/>\n<meta property=\"og:title\" content=\"Klimts Bildwelt in VR erleben - Schweizer Virtual Reality News\" \/>\n<meta property=\"og:description\" content=\"Der VR-K\u00fcnstler und Filmemacher Frederick Baker hat f\u00fcr das Museum f\u00fcr angewandte Kunst anl\u00e4sslich des 100. Todestags von\u00a0Gustav&hellip;\" \/>\n<meta property=\"og:url\" content=\"https:\/\/vr-room.ch\/fr\/2018\/02\/09\/klimts-bildwelt-in-vr-erleben\/\" \/>\n<meta property=\"og:site_name\" content=\"Schweizer Virtual Reality News\" \/>\n<meta property=\"article:published_time\" content=\"2018-02-09T06:57:53+00:00\" \/>\n<meta property=\"og:image\" content=\"https:\/\/vr-room.ch\/wp-content\/uploads\/2018\/02\/baker-1_1.jpg\" \/>\n\t<meta property=\"og:image:width\" content=\"1200\" \/>\n\t<meta property=\"og:image:height\" content=\"675\" \/>\n\t<meta property=\"og:image:type\" content=\"image\/jpeg\" \/>\n<meta name=\"author\" content=\"Nathalie\" \/>\n<meta name=\"twitter:card\" content=\"summary_large_image\" \/>\n<meta name=\"twitter:label1\" content=\"\u00c9crit par\" \/>\n\t<meta name=\"twitter:data1\" content=\"Nathalie\" \/>\n\t<meta name=\"twitter:label2\" content=\"Dur\u00e9e de lecture estim\u00e9e\" \/>\n\t<meta name=\"twitter:data2\" content=\"2 minutes\" \/>\n<script type=\"application\/ld+json\" class=\"yoast-schema-graph\">{\"@context\":\"https:\\\/\\\/schema.org\",\"@graph\":[{\"@type\":\"Article\",\"@id\":\"https:\\\/\\\/vr-room.ch\\\/2018\\\/02\\\/09\\\/klimts-bildwelt-in-vr-erleben\\\/#article\",\"isPartOf\":{\"@id\":\"https:\\\/\\\/vr-room.ch\\\/2018\\\/02\\\/09\\\/klimts-bildwelt-in-vr-erleben\\\/\"},\"author\":{\"name\":\"Nathalie\",\"@id\":\"http:\\\/\\\/vr-room.ch\\\/en\\\/#\\\/schema\\\/person\\\/1a03b3a6ced429fb4831f60fa2b37599\"},\"headline\":\"Klimts Bildwelt in VR erleben\",\"datePublished\":\"2018-02-09T06:57:53+00:00\",\"mainEntityOfPage\":{\"@id\":\"https:\\\/\\\/vr-room.ch\\\/2018\\\/02\\\/09\\\/klimts-bildwelt-in-vr-erleben\\\/\"},\"wordCount\":355,\"commentCount\":0,\"image\":{\"@id\":\"https:\\\/\\\/vr-room.ch\\\/2018\\\/02\\\/09\\\/klimts-bildwelt-in-vr-erleben\\\/#primaryimage\"},\"thumbnailUrl\":\"https:\\\/\\\/vr-room.ch\\\/wp-content\\\/uploads\\\/2018\\\/02\\\/baker-1_1.jpg\",\"articleSection\":[\"Kunst\"],\"inLanguage\":\"fr-FR\",\"potentialAction\":[{\"@type\":\"CommentAction\",\"name\":\"Comment\",\"target\":[\"https:\\\/\\\/vr-room.ch\\\/2018\\\/02\\\/09\\\/klimts-bildwelt-in-vr-erleben\\\/#respond\"]}]},{\"@type\":\"WebPage\",\"@id\":\"https:\\\/\\\/vr-room.ch\\\/2018\\\/02\\\/09\\\/klimts-bildwelt-in-vr-erleben\\\/\",\"url\":\"https:\\\/\\\/vr-room.ch\\\/2018\\\/02\\\/09\\\/klimts-bildwelt-in-vr-erleben\\\/\",\"name\":\"Klimts Bildwelt in VR erleben - Schweizer Virtual Reality News\",\"isPartOf\":{\"@id\":\"http:\\\/\\\/vr-room.ch\\\/en\\\/#website\"},\"primaryImageOfPage\":{\"@id\":\"https:\\\/\\\/vr-room.ch\\\/2018\\\/02\\\/09\\\/klimts-bildwelt-in-vr-erleben\\\/#primaryimage\"},\"image\":{\"@id\":\"https:\\\/\\\/vr-room.ch\\\/2018\\\/02\\\/09\\\/klimts-bildwelt-in-vr-erleben\\\/#primaryimage\"},\"thumbnailUrl\":\"https:\\\/\\\/vr-room.ch\\\/wp-content\\\/uploads\\\/2018\\\/02\\\/baker-1_1.jpg\",\"datePublished\":\"2018-02-09T06:57:53+00:00\",\"author\":{\"@id\":\"http:\\\/\\\/vr-room.ch\\\/en\\\/#\\\/schema\\\/person\\\/1a03b3a6ced429fb4831f60fa2b37599\"},\"breadcrumb\":{\"@id\":\"https:\\\/\\\/vr-room.ch\\\/2018\\\/02\\\/09\\\/klimts-bildwelt-in-vr-erleben\\\/#breadcrumb\"},\"inLanguage\":\"fr-FR\",\"potentialAction\":[{\"@type\":\"ReadAction\",\"target\":[\"https:\\\/\\\/vr-room.ch\\\/2018\\\/02\\\/09\\\/klimts-bildwelt-in-vr-erleben\\\/\"]}]},{\"@type\":\"ImageObject\",\"inLanguage\":\"fr-FR\",\"@id\":\"https:\\\/\\\/vr-room.ch\\\/2018\\\/02\\\/09\\\/klimts-bildwelt-in-vr-erleben\\\/#primaryimage\",\"url\":\"https:\\\/\\\/vr-room.ch\\\/wp-content\\\/uploads\\\/2018\\\/02\\\/baker-1_1.jpg\",\"contentUrl\":\"https:\\\/\\\/vr-room.ch\\\/wp-content\\\/uploads\\\/2018\\\/02\\\/baker-1_1.jpg\",\"width\":1200,\"height\":675},{\"@type\":\"BreadcrumbList\",\"@id\":\"https:\\\/\\\/vr-room.ch\\\/2018\\\/02\\\/09\\\/klimts-bildwelt-in-vr-erleben\\\/#breadcrumb\",\"itemListElement\":[{\"@type\":\"ListItem\",\"position\":1,\"name\":\"Startseite\",\"item\":\"http:\\\/\\\/vr-room.ch\\\/en\\\/\"},{\"@type\":\"ListItem\",\"position\":2,\"name\":\"Klimts Bildwelt in VR erleben\"}]},{\"@type\":\"WebSite\",\"@id\":\"http:\\\/\\\/vr-room.ch\\\/en\\\/#website\",\"url\":\"http:\\\/\\\/vr-room.ch\\\/en\\\/\",\"name\":\"Schweizer Virtual Reality News\",\"description\":\"\",\"potentialAction\":[{\"@type\":\"SearchAction\",\"target\":{\"@type\":\"EntryPoint\",\"urlTemplate\":\"http:\\\/\\\/vr-room.ch\\\/en\\\/?s={search_term_string}\"},\"query-input\":{\"@type\":\"PropertyValueSpecification\",\"valueRequired\":true,\"valueName\":\"search_term_string\"}}],\"inLanguage\":\"fr-FR\"},{\"@type\":\"Person\",\"@id\":\"http:\\\/\\\/vr-room.ch\\\/en\\\/#\\\/schema\\\/person\\\/1a03b3a6ced429fb4831f60fa2b37599\",\"name\":\"Nathalie\",\"image\":{\"@type\":\"ImageObject\",\"inLanguage\":\"fr-FR\",\"@id\":\"https:\\\/\\\/vr-room.ch\\\/wp-content\\\/uploads\\\/2017\\\/01\\\/avatar_user_12_1484159890-96x96.jpg\",\"url\":\"https:\\\/\\\/vr-room.ch\\\/wp-content\\\/uploads\\\/2017\\\/01\\\/avatar_user_12_1484159890-96x96.jpg\",\"contentUrl\":\"https:\\\/\\\/vr-room.ch\\\/wp-content\\\/uploads\\\/2017\\\/01\\\/avatar_user_12_1484159890-96x96.jpg\",\"caption\":\"Nathalie\"},\"url\":\"https:\\\/\\\/vr-room.ch\\\/fr\\\/author\\\/nathalie\\\/\"}]}<\/script>\n<!-- \/ Yoast SEO plugin. -->","yoast_head_json":{"title":"Klimts Bildwelt in VR erleben - Schweizer Virtual Reality News","robots":{"index":"index","follow":"follow","max-snippet":"max-snippet:-1","max-image-preview":"max-image-preview:large","max-video-preview":"max-video-preview:-1"},"canonical":"https:\/\/vr-room.ch\/fr\/2018\/02\/09\/klimts-bildwelt-in-vr-erleben\/","og_locale":"fr_FR","og_type":"article","og_title":"Klimts Bildwelt in VR erleben - Schweizer Virtual Reality News","og_description":"Der VR-K\u00fcnstler und Filmemacher Frederick Baker hat f\u00fcr das Museum f\u00fcr angewandte Kunst anl\u00e4sslich des 100. Todestags von\u00a0Gustav&hellip;","og_url":"https:\/\/vr-room.ch\/fr\/2018\/02\/09\/klimts-bildwelt-in-vr-erleben\/","og_site_name":"Schweizer Virtual Reality News","article_published_time":"2018-02-09T06:57:53+00:00","og_image":[{"width":1200,"height":675,"url":"https:\/\/vr-room.ch\/wp-content\/uploads\/2018\/02\/baker-1_1.jpg","type":"image\/jpeg"}],"author":"Nathalie","twitter_card":"summary_large_image","twitter_misc":{"\u00c9crit par":"Nathalie","Dur\u00e9e de lecture estim\u00e9e":"2 minutes"},"schema":{"@context":"https:\/\/schema.org","@graph":[{"@type":"Article","@id":"https:\/\/vr-room.ch\/2018\/02\/09\/klimts-bildwelt-in-vr-erleben\/#article","isPartOf":{"@id":"https:\/\/vr-room.ch\/2018\/02\/09\/klimts-bildwelt-in-vr-erleben\/"},"author":{"name":"Nathalie","@id":"http:\/\/vr-room.ch\/en\/#\/schema\/person\/1a03b3a6ced429fb4831f60fa2b37599"},"headline":"Klimts Bildwelt in VR erleben","datePublished":"2018-02-09T06:57:53+00:00","mainEntityOfPage":{"@id":"https:\/\/vr-room.ch\/2018\/02\/09\/klimts-bildwelt-in-vr-erleben\/"},"wordCount":355,"commentCount":0,"image":{"@id":"https:\/\/vr-room.ch\/2018\/02\/09\/klimts-bildwelt-in-vr-erleben\/#primaryimage"},"thumbnailUrl":"https:\/\/vr-room.ch\/wp-content\/uploads\/2018\/02\/baker-1_1.jpg","articleSection":["Kunst"],"inLanguage":"fr-FR","potentialAction":[{"@type":"CommentAction","name":"Comment","target":["https:\/\/vr-room.ch\/2018\/02\/09\/klimts-bildwelt-in-vr-erleben\/#respond"]}]},{"@type":"WebPage","@id":"https:\/\/vr-room.ch\/2018\/02\/09\/klimts-bildwelt-in-vr-erleben\/","url":"https:\/\/vr-room.ch\/2018\/02\/09\/klimts-bildwelt-in-vr-erleben\/","name":"Klimts Bildwelt in VR erleben - Schweizer Virtual Reality News","isPartOf":{"@id":"http:\/\/vr-room.ch\/en\/#website"},"primaryImageOfPage":{"@id":"https:\/\/vr-room.ch\/2018\/02\/09\/klimts-bildwelt-in-vr-erleben\/#primaryimage"},"image":{"@id":"https:\/\/vr-room.ch\/2018\/02\/09\/klimts-bildwelt-in-vr-erleben\/#primaryimage"},"thumbnailUrl":"https:\/\/vr-room.ch\/wp-content\/uploads\/2018\/02\/baker-1_1.jpg","datePublished":"2018-02-09T06:57:53+00:00","author":{"@id":"http:\/\/vr-room.ch\/en\/#\/schema\/person\/1a03b3a6ced429fb4831f60fa2b37599"},"breadcrumb":{"@id":"https:\/\/vr-room.ch\/2018\/02\/09\/klimts-bildwelt-in-vr-erleben\/#breadcrumb"},"inLanguage":"fr-FR","potentialAction":[{"@type":"ReadAction","target":["https:\/\/vr-room.ch\/2018\/02\/09\/klimts-bildwelt-in-vr-erleben\/"]}]},{"@type":"ImageObject","inLanguage":"fr-FR","@id":"https:\/\/vr-room.ch\/2018\/02\/09\/klimts-bildwelt-in-vr-erleben\/#primaryimage","url":"https:\/\/vr-room.ch\/wp-content\/uploads\/2018\/02\/baker-1_1.jpg","contentUrl":"https:\/\/vr-room.ch\/wp-content\/uploads\/2018\/02\/baker-1_1.jpg","width":1200,"height":675},{"@type":"BreadcrumbList","@id":"https:\/\/vr-room.ch\/2018\/02\/09\/klimts-bildwelt-in-vr-erleben\/#breadcrumb","itemListElement":[{"@type":"ListItem","position":1,"name":"Startseite","item":"http:\/\/vr-room.ch\/en\/"},{"@type":"ListItem","position":2,"name":"Klimts Bildwelt in VR erleben"}]},{"@type":"WebSite","@id":"http:\/\/vr-room.ch\/en\/#website","url":"http:\/\/vr-room.ch\/en\/","name":"Nouvelles de la r\u00e9alit\u00e9 virtuelle suisse","description":"","potentialAction":[{"@type":"SearchAction","target":{"@type":"EntryPoint","urlTemplate":"http:\/\/vr-room.ch\/en\/?s={search_term_string}"},"query-input":{"@type":"PropertyValueSpecification","valueRequired":true,"valueName":"search_term_string"}}],"inLanguage":"fr-FR"},{"@type":"Person","@id":"http:\/\/vr-room.ch\/en\/#\/schema\/person\/1a03b3a6ced429fb4831f60fa2b37599","name":"Nathalie","image":{"@type":"ImageObject","inLanguage":"fr-FR","@id":"https:\/\/vr-room.ch\/wp-content\/uploads\/2017\/01\/avatar_user_12_1484159890-96x96.jpg","url":"https:\/\/vr-room.ch\/wp-content\/uploads\/2017\/01\/avatar_user_12_1484159890-96x96.jpg","contentUrl":"https:\/\/vr-room.ch\/wp-content\/uploads\/2017\/01\/avatar_user_12_1484159890-96x96.jpg","caption":"Nathalie"},"url":"https:\/\/vr-room.ch\/fr\/author\/nathalie\/"}]}},"_links":{"self":[{"href":"https:\/\/vr-room.ch\/fr\/wp-json\/wp\/v2\/posts\/9327","targetHints":{"allow":["GET"]}}],"collection":[{"href":"https:\/\/vr-room.ch\/fr\/wp-json\/wp\/v2\/posts"}],"about":[{"href":"https:\/\/vr-room.ch\/fr\/wp-json\/wp\/v2\/types\/post"}],"author":[{"embeddable":true,"href":"https:\/\/vr-room.ch\/fr\/wp-json\/wp\/v2\/users\/12"}],"replies":[{"embeddable":true,"href":"https:\/\/vr-room.ch\/fr\/wp-json\/wp\/v2\/comments?post=9327"}],"version-history":[{"count":0,"href":"https:\/\/vr-room.ch\/fr\/wp-json\/wp\/v2\/posts\/9327\/revisions"}],"wp:featuredmedia":[{"embeddable":true,"href":"https:\/\/vr-room.ch\/fr\/wp-json\/wp\/v2\/media\/9328"}],"wp:attachment":[{"href":"https:\/\/vr-room.ch\/fr\/wp-json\/wp\/v2\/media?parent=9327"}],"wp:term":[{"taxonomy":"category","embeddable":true,"href":"https:\/\/vr-room.ch\/fr\/wp-json\/wp\/v2\/categories?post=9327"},{"taxonomy":"post_tag","embeddable":true,"href":"https:\/\/vr-room.ch\/fr\/wp-json\/wp\/v2\/tags?post=9327"}],"curies":[{"name":"wp","href":"https:\/\/api.w.org\/{rel}","templated":true}]}}