{"id":8817,"date":"2017-12-18T09:04:02","date_gmt":"2017-12-18T09:04:02","guid":{"rendered":"http:\/\/vr-room.ch\/?p=8817"},"modified":"2017-12-14T09:18:40","modified_gmt":"2017-12-14T09:18:40","slug":"airbnb-setzt-auf-vr","status":"publish","type":"post","link":"https:\/\/vr-room.ch\/fr\/2017\/12\/18\/airbnb-setzt-auf-vr\/","title":{"rendered":"AIRBNB mise sur la VR"},"content":{"rendered":"<div class=\"post-exerpt\">\n<h3 id=\"die-plattform-airbnb-will-zukuenftig-ihren-kunden-ermoeglichen-die-wohnungen-und-umgebung-per-vr-technologie-zu-erleben-so-koennen-sich-die-nutzer-bereits-vor-reiseantritt-ueber-die-oertlichkeiten-un\">La plateforme Airbnb veut \u00e0 l'avenir permettre \u00e0 ses clients de d\u00e9couvrir les appartements et les environs par la technologie VR. Les utilisateurs peuvent ainsi s'informer virtuellement sur les lieux et les logements avant m\u00eame de partir en voyage. Une fois sur place, le clou de la RA devrait leur \u00eatre utile.<\/h3>\n<div class=\"fb-quote fb_iframe_widget\"><\/div>\n<\/div>\n<p><!--more--><\/p>\n<div class=\"post-content\">\n<p class=\"bodytext\">Gr\u00e2ce \u00e0 des photos \u00e0 360 degr\u00e9s et des scans en 3D, il est possible de visiter les appartements, de faire la connaissance de l'h\u00f4te ou de d\u00e9couvrir les lieux avant le d\u00e9but des vacances. L'id\u00e9e n'est pas nouvelle. Ainsi <a href=\"http:\/\/vr-room.ch\/fr\/2017\/01\/07\/hoteplan-machts-vor-ferientest-mit-virtual-reality\/\">Plan d'h\u00f4tel, <\/a>en plus de diverses autres institutions touristiques et agences de voyage au cours de l'ann\u00e9e, a d\u00e9j\u00e0 mis en service une solution VR dans ses filiales au d\u00e9but de l'ann\u00e9e. D\u00e9sormais, la plateforme Airbnb, connue dans le monde entier, veut elle aussi offrir un aper\u00e7u \u00e0 ses clients gr\u00e2ce \u00e0 la VR. Dans un <a href=\"https:\/\/press.atairbnb.com\/developing-the-next-realities-for-travel\/\">Blogpost <\/a>expliquez-en plus.<\/p>\n<p class=\"bodytext\">Mais la VR n'est pas seulement utilis\u00e9e avant le voyage. Une fois que le client est parti en vacances, la r\u00e9alit\u00e9 augment\u00e9e doit \u00eatre utilis\u00e9e sur place pour l'aider. Les choses de tous les jours, comme l'utilisation du syst\u00e8me de chauffage et des appareils de cuisine, peuvent \u00eatre expliqu\u00e9es facilement avec la RA. Elle permet \u00e9galement de surmonter facilement les barri\u00e8res linguistiques et aide le vacancier \u00e0 s'orienter dans un environnement \u00e9tranger. Une v\u00e9ritable valeur ajout\u00e9e !<\/p>\n<h3 id=\"persoenlichkeit-zeigen\" class=\"bodytext\">Montrer sa personnalit\u00e9<\/h3>\n<p>Les propri\u00e9taires peuvent \u00e9galement utiliser la r\u00e9alit\u00e9 augment\u00e9e pour collecter des informations sur des objets sp\u00e9cifiques dans l'appartement. Par exemple, il pourrait \u00eatre indiqu\u00e9 que certains objets ont une histoire personnelle. Avec cette technologie, Airbnb veut rapprocher encore plus le fournisseur et le client. Les clients doivent se sentir imm\u00e9diatement \u00e0 l'aise dans leur environnement de vacances. En outre, l'anonymat entre le loueur et le locataire doit \u00eatre supprim\u00e9. Le loueur peut par exemple se pr\u00e9senter par un message vid\u00e9o et \u00e9tablir ainsi une relation personnelle avec le locataire.<\/p>\n<h3 id=\"zum-kaffee-navigieren\">Naviguer vers le caf\u00e9<\/h3>\n<p>Airbnb beschreibt dazu auch ein etwas kurioses Beispiel: Mit AR w\u00e4re es demnach sogar m\u00f6glich sich zur &#8222;ersten Tasse Kaffee am Morgen&#8220; (in der Wohnung) navigieren zu lassen. Dies ist sicherlich \u00fcberspitzt, demonstriert aber recht anschaulich, welche Ziele das Unternehmen mit der Einf\u00fchrung der Technologie verfolgt.<\/p>\n<p>Source : Airbnb\/ TWT<\/p>\n<\/div>","protected":false},"excerpt":{"rendered":"La plateforme Airbnb veut \u00e0 l'avenir permettre \u00e0 ses clients de d\u00e9couvrir les appartements et les environs par la technologie VR. Ainsi, les...","protected":false},"author":12,"featured_media":8818,"comment_status":"open","ping_status":"open","sticky":false,"template":"","format":"standard","meta":{"footnotes":""},"categories":[67],"tags":[],"class_list":{"0":"post-8817","1":"post","2":"type-post","3":"status-publish","4":"format-standard","5":"has-post-thumbnail","7":"category-virtual-reality-gesellschaft","8":"cs-entry","9":"cs-video-wrap"},"yoast_head":"<!-- This site is optimized with the Yoast SEO plugin v27.4 - https:\/\/yoast.com\/product\/yoast-seo-wordpress\/ -->\n<title>AIRBNB setzt auf VR - Schweizer Virtual Reality News<\/title>\n<meta name=\"robots\" content=\"index, follow, max-snippet:-1, max-image-preview:large, max-video-preview:-1\" \/>\n<link rel=\"canonical\" href=\"https:\/\/vr-room.ch\/fr\/2017\/12\/18\/airbnb-setzt-auf-vr\/\" \/>\n<meta property=\"og:locale\" content=\"fr_FR\" \/>\n<meta property=\"og:type\" content=\"article\" \/>\n<meta property=\"og:title\" content=\"AIRBNB setzt auf VR - Schweizer Virtual Reality News\" \/>\n<meta property=\"og:description\" content=\"Die Plattform Airbnb will zuk\u00fcnftig ihren Kunden erm\u00f6glichen die Wohnungen und Umgebung per VR-Technologie zu erleben. So k\u00f6nnen&hellip;\" \/>\n<meta property=\"og:url\" content=\"https:\/\/vr-room.ch\/fr\/2017\/12\/18\/airbnb-setzt-auf-vr\/\" \/>\n<meta property=\"og:site_name\" content=\"Schweizer Virtual Reality News\" \/>\n<meta property=\"article:published_time\" content=\"2017-12-18T09:04:02+00:00\" \/>\n<meta property=\"og:image\" content=\"https:\/\/vr-room.ch\/wp-content\/uploads\/2017\/12\/airbnb-1024x553.png\" \/>\n\t<meta property=\"og:image:width\" content=\"1024\" \/>\n\t<meta property=\"og:image:height\" content=\"553\" \/>\n\t<meta property=\"og:image:type\" content=\"image\/png\" \/>\n<meta name=\"author\" content=\"Nathalie\" \/>\n<meta name=\"twitter:card\" content=\"summary_large_image\" \/>\n<meta name=\"twitter:label1\" content=\"\u00c9crit par\" \/>\n\t<meta name=\"twitter:data1\" content=\"Nathalie\" \/>\n\t<meta name=\"twitter:label2\" content=\"Dur\u00e9e de lecture estim\u00e9e\" \/>\n\t<meta name=\"twitter:data2\" content=\"2 minutes\" \/>\n<script type=\"application\/ld+json\" class=\"yoast-schema-graph\">{\"@context\":\"https:\\\/\\\/schema.org\",\"@graph\":[{\"@type\":\"Article\",\"@id\":\"https:\\\/\\\/vr-room.ch\\\/en\\\/2017\\\/12\\\/18\\\/airbnb-setzt-auf-vr\\\/#article\",\"isPartOf\":{\"@id\":\"https:\\\/\\\/vr-room.ch\\\/en\\\/2017\\\/12\\\/18\\\/airbnb-setzt-auf-vr\\\/\"},\"author\":{\"name\":\"Nathalie\",\"@id\":\"http:\\\/\\\/vr-room.ch\\\/en\\\/#\\\/schema\\\/person\\\/1a03b3a6ced429fb4831f60fa2b37599\"},\"headline\":\"AIRBNB setzt auf VR\",\"datePublished\":\"2017-12-18T09:04:02+00:00\",\"mainEntityOfPage\":{\"@id\":\"https:\\\/\\\/vr-room.ch\\\/en\\\/2017\\\/12\\\/18\\\/airbnb-setzt-auf-vr\\\/\"},\"wordCount\":338,\"commentCount\":0,\"image\":{\"@id\":\"https:\\\/\\\/vr-room.ch\\\/en\\\/2017\\\/12\\\/18\\\/airbnb-setzt-auf-vr\\\/#primaryimage\"},\"thumbnailUrl\":\"https:\\\/\\\/vr-room.ch\\\/wp-content\\\/uploads\\\/2017\\\/12\\\/airbnb.png\",\"articleSection\":[\"Gesellschaft\"],\"inLanguage\":\"fr-FR\",\"potentialAction\":[{\"@type\":\"CommentAction\",\"name\":\"Comment\",\"target\":[\"https:\\\/\\\/vr-room.ch\\\/en\\\/2017\\\/12\\\/18\\\/airbnb-setzt-auf-vr\\\/#respond\"]}]},{\"@type\":\"WebPage\",\"@id\":\"https:\\\/\\\/vr-room.ch\\\/en\\\/2017\\\/12\\\/18\\\/airbnb-setzt-auf-vr\\\/\",\"url\":\"https:\\\/\\\/vr-room.ch\\\/en\\\/2017\\\/12\\\/18\\\/airbnb-setzt-auf-vr\\\/\",\"name\":\"AIRBNB setzt auf VR - Schweizer Virtual Reality News\",\"isPartOf\":{\"@id\":\"http:\\\/\\\/vr-room.ch\\\/en\\\/#website\"},\"primaryImageOfPage\":{\"@id\":\"https:\\\/\\\/vr-room.ch\\\/en\\\/2017\\\/12\\\/18\\\/airbnb-setzt-auf-vr\\\/#primaryimage\"},\"image\":{\"@id\":\"https:\\\/\\\/vr-room.ch\\\/en\\\/2017\\\/12\\\/18\\\/airbnb-setzt-auf-vr\\\/#primaryimage\"},\"thumbnailUrl\":\"https:\\\/\\\/vr-room.ch\\\/wp-content\\\/uploads\\\/2017\\\/12\\\/airbnb.png\",\"datePublished\":\"2017-12-18T09:04:02+00:00\",\"author\":{\"@id\":\"http:\\\/\\\/vr-room.ch\\\/en\\\/#\\\/schema\\\/person\\\/1a03b3a6ced429fb4831f60fa2b37599\"},\"breadcrumb\":{\"@id\":\"https:\\\/\\\/vr-room.ch\\\/en\\\/2017\\\/12\\\/18\\\/airbnb-setzt-auf-vr\\\/#breadcrumb\"},\"inLanguage\":\"fr-FR\",\"potentialAction\":[{\"@type\":\"ReadAction\",\"target\":[\"https:\\\/\\\/vr-room.ch\\\/en\\\/2017\\\/12\\\/18\\\/airbnb-setzt-auf-vr\\\/\"]}]},{\"@type\":\"ImageObject\",\"inLanguage\":\"fr-FR\",\"@id\":\"https:\\\/\\\/vr-room.ch\\\/en\\\/2017\\\/12\\\/18\\\/airbnb-setzt-auf-vr\\\/#primaryimage\",\"url\":\"https:\\\/\\\/vr-room.ch\\\/wp-content\\\/uploads\\\/2017\\\/12\\\/airbnb.png\",\"contentUrl\":\"https:\\\/\\\/vr-room.ch\\\/wp-content\\\/uploads\\\/2017\\\/12\\\/airbnb.png\",\"width\":2315,\"height\":1251},{\"@type\":\"BreadcrumbList\",\"@id\":\"https:\\\/\\\/vr-room.ch\\\/en\\\/2017\\\/12\\\/18\\\/airbnb-setzt-auf-vr\\\/#breadcrumb\",\"itemListElement\":[{\"@type\":\"ListItem\",\"position\":1,\"name\":\"Startseite\",\"item\":\"http:\\\/\\\/vr-room.ch\\\/en\\\/\"},{\"@type\":\"ListItem\",\"position\":2,\"name\":\"AIRBNB setzt auf VR\"}]},{\"@type\":\"WebSite\",\"@id\":\"http:\\\/\\\/vr-room.ch\\\/en\\\/#website\",\"url\":\"http:\\\/\\\/vr-room.ch\\\/en\\\/\",\"name\":\"Schweizer Virtual Reality News\",\"description\":\"\",\"potentialAction\":[{\"@type\":\"SearchAction\",\"target\":{\"@type\":\"EntryPoint\",\"urlTemplate\":\"http:\\\/\\\/vr-room.ch\\\/en\\\/?s={search_term_string}\"},\"query-input\":{\"@type\":\"PropertyValueSpecification\",\"valueRequired\":true,\"valueName\":\"search_term_string\"}}],\"inLanguage\":\"fr-FR\"},{\"@type\":\"Person\",\"@id\":\"http:\\\/\\\/vr-room.ch\\\/en\\\/#\\\/schema\\\/person\\\/1a03b3a6ced429fb4831f60fa2b37599\",\"name\":\"Nathalie\",\"image\":{\"@type\":\"ImageObject\",\"inLanguage\":\"fr-FR\",\"@id\":\"https:\\\/\\\/vr-room.ch\\\/wp-content\\\/uploads\\\/2017\\\/01\\\/avatar_user_12_1484159890-96x96.jpg\",\"url\":\"https:\\\/\\\/vr-room.ch\\\/wp-content\\\/uploads\\\/2017\\\/01\\\/avatar_user_12_1484159890-96x96.jpg\",\"contentUrl\":\"https:\\\/\\\/vr-room.ch\\\/wp-content\\\/uploads\\\/2017\\\/01\\\/avatar_user_12_1484159890-96x96.jpg\",\"caption\":\"Nathalie\"},\"url\":\"https:\\\/\\\/vr-room.ch\\\/fr\\\/author\\\/nathalie\\\/\"}]}<\/script>\n<!-- \/ Yoast SEO plugin. -->","yoast_head_json":{"title":"AIRBNB setzt auf VR - Schweizer Virtual Reality News","robots":{"index":"index","follow":"follow","max-snippet":"max-snippet:-1","max-image-preview":"max-image-preview:large","max-video-preview":"max-video-preview:-1"},"canonical":"https:\/\/vr-room.ch\/fr\/2017\/12\/18\/airbnb-setzt-auf-vr\/","og_locale":"fr_FR","og_type":"article","og_title":"AIRBNB setzt auf VR - Schweizer Virtual Reality News","og_description":"Die Plattform Airbnb will zuk\u00fcnftig ihren Kunden erm\u00f6glichen die Wohnungen und Umgebung per VR-Technologie zu erleben. So k\u00f6nnen&hellip;","og_url":"https:\/\/vr-room.ch\/fr\/2017\/12\/18\/airbnb-setzt-auf-vr\/","og_site_name":"Schweizer Virtual Reality News","article_published_time":"2017-12-18T09:04:02+00:00","og_image":[{"width":1024,"height":553,"url":"https:\/\/vr-room.ch\/wp-content\/uploads\/2017\/12\/airbnb-1024x553.png","type":"image\/png"}],"author":"Nathalie","twitter_card":"summary_large_image","twitter_misc":{"\u00c9crit par":"Nathalie","Dur\u00e9e de lecture estim\u00e9e":"2 minutes"},"schema":{"@context":"https:\/\/schema.org","@graph":[{"@type":"Article","@id":"https:\/\/vr-room.ch\/en\/2017\/12\/18\/airbnb-setzt-auf-vr\/#article","isPartOf":{"@id":"https:\/\/vr-room.ch\/en\/2017\/12\/18\/airbnb-setzt-auf-vr\/"},"author":{"name":"Nathalie","@id":"http:\/\/vr-room.ch\/en\/#\/schema\/person\/1a03b3a6ced429fb4831f60fa2b37599"},"headline":"AIRBNB setzt auf VR","datePublished":"2017-12-18T09:04:02+00:00","mainEntityOfPage":{"@id":"https:\/\/vr-room.ch\/en\/2017\/12\/18\/airbnb-setzt-auf-vr\/"},"wordCount":338,"commentCount":0,"image":{"@id":"https:\/\/vr-room.ch\/en\/2017\/12\/18\/airbnb-setzt-auf-vr\/#primaryimage"},"thumbnailUrl":"https:\/\/vr-room.ch\/wp-content\/uploads\/2017\/12\/airbnb.png","articleSection":["Gesellschaft"],"inLanguage":"fr-FR","potentialAction":[{"@type":"CommentAction","name":"Comment","target":["https:\/\/vr-room.ch\/en\/2017\/12\/18\/airbnb-setzt-auf-vr\/#respond"]}]},{"@type":"WebPage","@id":"https:\/\/vr-room.ch\/en\/2017\/12\/18\/airbnb-setzt-auf-vr\/","url":"https:\/\/vr-room.ch\/en\/2017\/12\/18\/airbnb-setzt-auf-vr\/","name":"AIRBNB setzt auf VR - Schweizer Virtual Reality News","isPartOf":{"@id":"http:\/\/vr-room.ch\/en\/#website"},"primaryImageOfPage":{"@id":"https:\/\/vr-room.ch\/en\/2017\/12\/18\/airbnb-setzt-auf-vr\/#primaryimage"},"image":{"@id":"https:\/\/vr-room.ch\/en\/2017\/12\/18\/airbnb-setzt-auf-vr\/#primaryimage"},"thumbnailUrl":"https:\/\/vr-room.ch\/wp-content\/uploads\/2017\/12\/airbnb.png","datePublished":"2017-12-18T09:04:02+00:00","author":{"@id":"http:\/\/vr-room.ch\/en\/#\/schema\/person\/1a03b3a6ced429fb4831f60fa2b37599"},"breadcrumb":{"@id":"https:\/\/vr-room.ch\/en\/2017\/12\/18\/airbnb-setzt-auf-vr\/#breadcrumb"},"inLanguage":"fr-FR","potentialAction":[{"@type":"ReadAction","target":["https:\/\/vr-room.ch\/en\/2017\/12\/18\/airbnb-setzt-auf-vr\/"]}]},{"@type":"ImageObject","inLanguage":"fr-FR","@id":"https:\/\/vr-room.ch\/en\/2017\/12\/18\/airbnb-setzt-auf-vr\/#primaryimage","url":"https:\/\/vr-room.ch\/wp-content\/uploads\/2017\/12\/airbnb.png","contentUrl":"https:\/\/vr-room.ch\/wp-content\/uploads\/2017\/12\/airbnb.png","width":2315,"height":1251},{"@type":"BreadcrumbList","@id":"https:\/\/vr-room.ch\/en\/2017\/12\/18\/airbnb-setzt-auf-vr\/#breadcrumb","itemListElement":[{"@type":"ListItem","position":1,"name":"Startseite","item":"http:\/\/vr-room.ch\/en\/"},{"@type":"ListItem","position":2,"name":"AIRBNB setzt auf VR"}]},{"@type":"WebSite","@id":"http:\/\/vr-room.ch\/en\/#website","url":"http:\/\/vr-room.ch\/en\/","name":"Nouvelles de la r\u00e9alit\u00e9 virtuelle suisse","description":"","potentialAction":[{"@type":"SearchAction","target":{"@type":"EntryPoint","urlTemplate":"http:\/\/vr-room.ch\/en\/?s={search_term_string}"},"query-input":{"@type":"PropertyValueSpecification","valueRequired":true,"valueName":"search_term_string"}}],"inLanguage":"fr-FR"},{"@type":"Person","@id":"http:\/\/vr-room.ch\/en\/#\/schema\/person\/1a03b3a6ced429fb4831f60fa2b37599","name":"Nathalie","image":{"@type":"ImageObject","inLanguage":"fr-FR","@id":"https:\/\/vr-room.ch\/wp-content\/uploads\/2017\/01\/avatar_user_12_1484159890-96x96.jpg","url":"https:\/\/vr-room.ch\/wp-content\/uploads\/2017\/01\/avatar_user_12_1484159890-96x96.jpg","contentUrl":"https:\/\/vr-room.ch\/wp-content\/uploads\/2017\/01\/avatar_user_12_1484159890-96x96.jpg","caption":"Nathalie"},"url":"https:\/\/vr-room.ch\/fr\/author\/nathalie\/"}]}},"_links":{"self":[{"href":"https:\/\/vr-room.ch\/fr\/wp-json\/wp\/v2\/posts\/8817","targetHints":{"allow":["GET"]}}],"collection":[{"href":"https:\/\/vr-room.ch\/fr\/wp-json\/wp\/v2\/posts"}],"about":[{"href":"https:\/\/vr-room.ch\/fr\/wp-json\/wp\/v2\/types\/post"}],"author":[{"embeddable":true,"href":"https:\/\/vr-room.ch\/fr\/wp-json\/wp\/v2\/users\/12"}],"replies":[{"embeddable":true,"href":"https:\/\/vr-room.ch\/fr\/wp-json\/wp\/v2\/comments?post=8817"}],"version-history":[{"count":0,"href":"https:\/\/vr-room.ch\/fr\/wp-json\/wp\/v2\/posts\/8817\/revisions"}],"wp:featuredmedia":[{"embeddable":true,"href":"https:\/\/vr-room.ch\/fr\/wp-json\/wp\/v2\/media\/8818"}],"wp:attachment":[{"href":"https:\/\/vr-room.ch\/fr\/wp-json\/wp\/v2\/media?parent=8817"}],"wp:term":[{"taxonomy":"category","embeddable":true,"href":"https:\/\/vr-room.ch\/fr\/wp-json\/wp\/v2\/categories?post=8817"},{"taxonomy":"post_tag","embeddable":true,"href":"https:\/\/vr-room.ch\/fr\/wp-json\/wp\/v2\/tags?post=8817"}],"curies":[{"name":"wp","href":"https:\/\/api.w.org\/{rel}","templated":true}]}}