{"id":8581,"date":"2017-11-30T06:16:06","date_gmt":"2017-11-30T06:16:06","guid":{"rendered":"http:\/\/vr-room.ch\/?p=8581"},"modified":"2017-11-24T15:05:40","modified_gmt":"2017-11-24T15:05:40","slug":"vr-erlebnis-von-adidas-klettern-wie-die-profis","status":"publish","type":"post","link":"https:\/\/vr-room.ch\/fr\/2017\/11\/30\/vr-erlebnis-von-adidas-klettern-wie-die-profis\/","title":{"rendered":"Exp\u00e9rience VR d'Adidas : grimper comme les pros"},"content":{"rendered":"<h3 id=\"adidas-verschafft-zur-bewerbung-seiner-outdoor-marke-terrex-outdoor-fans-ein-vr-kletter-erlebnis-nutzer-duerfen-zusammen-mit-zwei-kletter-cracks-einen-berg-in-korsika-besteigen\">Adidas propose aux fans d'activit\u00e9s de plein air une exp\u00e9rience d'escalade en VR pour promouvoir sa marque Terrex Outdoor : les utilisateurs peuvent escalader une montagne en Corse en compagnie de deux cracks de l'escalade.<!--more--><\/h3>\n<p>Outdoor-Fans k\u00f6nnen sich wie professionelle Kletterer f\u00fchlen &#8211; daf\u00fcr sorgt der Sportartikelhersteller Adidas. Im Mai begleitete das Unternehmen aus Herzogenaurach die Kletter-Profis\u00a0Delaney Miller und Ben Rueck nach Korsika. Sie kn\u00f6pften sich dort die Route &#8222;Delicatessen&#8220; am Col de Bavella vor.\u00a0Die beiden drangen nicht alleine in die luftigen H\u00f6hen vor: Insgesamt 16 GoPros hielten die Tour der Sportler fest. Auch ein Fotograf begleitete sie.<\/p>\n<p>Das Team tat sich ausserdem mit Google zusammen. Der Internetkonzern b\u00fcndelt unter dem Namen Google Jump einige Werkzeuge f\u00fcr VR und 360-Grad-Videos,\u00a0darunter\u00a0Kameratr\u00e4ger. Das Unternehmen\u00a0plant zudem aus dem Korsika-Material eine\u00a0&#8222;Google Expedition&#8220; zu machen &#8211;\u00a0f\u00fcr den Einsatz an Schulen.<\/p>\n<p>C'est l'effort que se permet la marque de sports de montagne Adidas Terrex pour pouvoir offrir une exp\u00e9rience VR \u00e0 ses clients. Pour cela, les curieux se voient remettre des casques VR dans certaines boutiques Adidas. Ils doivent ainsi se faire une id\u00e9e de ce que cela fait de s'attaquer \u00e0 cette randonn\u00e9e et apprendre en m\u00eame temps quelques astuces d'escalade. Pour participer \u00e0 l'une des ascensions les plus difficiles de Corse et en gravir le sommet, il faut avoir les nerfs solides et surtout ne pas avoir le vertige.<\/p>\n<p>L'exp\u00e9rience VR sera d'abord expos\u00e9e dans diverses villes de Chine pour \u00eatre test\u00e9e. En outre, les Europ\u00e9ens pourront \u00e9galement profiter de l'exp\u00e9rience d'escalade, notamment sur le\u00a0<i>Festival de Kendal Mountan\u00a0<\/i>en Angleterre du 16 au 19 novembre. D'autres points d'accueil devraient suivre en Europe.<\/p>\n<p><iframe loading=\"lazy\" title=\"ADIDAS TERREX VR - TEASER\" width=\"1200\" height=\"675\" src=\"https:\/\/www.youtube.com\/embed\/FqH4E4tjxAk?feature=oembed\" frameborder=\"0\" allow=\"accelerometer; autoplay; clipboard-write; encrypted-media; gyroscope; picture-in-picture\" allowfullscreen><\/iframe><\/p>\n<p>Source : tech.lead-digital \/ VRnerds<\/p>","protected":false},"excerpt":{"rendered":"Adidas propose aux fans d'outdoor une exp\u00e9rience d'escalade en VR pour promouvoir sa marque Terrex Outdoor : les utilisateurs peuvent escalader une montagne en compagnie de deux...","protected":false},"author":12,"featured_media":8582,"comment_status":"open","ping_status":"open","sticky":false,"template":"","format":"standard","meta":{"footnotes":""},"categories":[67],"tags":[],"class_list":{"0":"post-8581","1":"post","2":"type-post","3":"status-publish","4":"format-standard","5":"has-post-thumbnail","7":"category-virtual-reality-gesellschaft","8":"cs-entry","9":"cs-video-wrap"},"yoast_head":"<!-- This site is optimized with the Yoast SEO plugin v27.4 - https:\/\/yoast.com\/product\/yoast-seo-wordpress\/ -->\n<title>VR-Erlebnis von Adidas: Klettern wie die Profis - Schweizer Virtual Reality News<\/title>\n<meta name=\"robots\" content=\"index, follow, max-snippet:-1, max-image-preview:large, max-video-preview:-1\" \/>\n<link rel=\"canonical\" href=\"http:\/\/vr-room.ch\/fr\/2017\/11\/30\/vr-erlebnis-von-adidas-klettern-wie-die-profis\/\" \/>\n<meta property=\"og:locale\" content=\"fr_FR\" \/>\n<meta property=\"og:type\" content=\"article\" \/>\n<meta property=\"og:title\" content=\"VR-Erlebnis von Adidas: Klettern wie die Profis - Schweizer Virtual Reality News\" \/>\n<meta property=\"og:description\" content=\"Adidas verschafft zur Bewerbung seiner Outdoor-Marke Terrex Outdoor-Fans ein VR-Kletter-Erlebnis: Nutzer d\u00fcrfen\u00a0zusammen mit zwei Kletter-Cracks einen Berg in&hellip;\" \/>\n<meta property=\"og:url\" content=\"http:\/\/vr-room.ch\/fr\/2017\/11\/30\/vr-erlebnis-von-adidas-klettern-wie-die-profis\/\" \/>\n<meta property=\"og:site_name\" content=\"Schweizer Virtual Reality News\" \/>\n<meta property=\"article:published_time\" content=\"2017-11-30T06:16:06+00:00\" \/>\n<meta property=\"og:image\" content=\"https:\/\/vr-room.ch\/wp-content\/uploads\/2017\/11\/Adidas-Delicatessen-VR.png\" \/>\n\t<meta property=\"og:image:width\" content=\"1024\" \/>\n\t<meta property=\"og:image:height\" content=\"576\" \/>\n\t<meta property=\"og:image:type\" content=\"image\/png\" \/>\n<meta name=\"author\" content=\"Nathalie\" \/>\n<meta name=\"twitter:card\" content=\"summary_large_image\" \/>\n<meta name=\"twitter:label1\" content=\"\u00c9crit par\" \/>\n\t<meta name=\"twitter:data1\" content=\"Nathalie\" \/>\n\t<meta name=\"twitter:label2\" content=\"Dur\u00e9e de lecture estim\u00e9e\" \/>\n\t<meta name=\"twitter:data2\" content=\"1 minute\" \/>\n<script type=\"application\/ld+json\" class=\"yoast-schema-graph\">{\"@context\":\"https:\\\/\\\/schema.org\",\"@graph\":[{\"@type\":\"Article\",\"@id\":\"http:\\\/\\\/vr-room.ch\\\/it\\\/2017\\\/11\\\/30\\\/vr-erlebnis-von-adidas-klettern-wie-die-profis\\\/#article\",\"isPartOf\":{\"@id\":\"http:\\\/\\\/vr-room.ch\\\/it\\\/2017\\\/11\\\/30\\\/vr-erlebnis-von-adidas-klettern-wie-die-profis\\\/\"},\"author\":{\"name\":\"Nathalie\",\"@id\":\"http:\\\/\\\/vr-room.ch\\\/en\\\/#\\\/schema\\\/person\\\/1a03b3a6ced429fb4831f60fa2b37599\"},\"headline\":\"VR-Erlebnis von Adidas: Klettern wie die Profis\",\"datePublished\":\"2017-11-30T06:16:06+00:00\",\"mainEntityOfPage\":{\"@id\":\"http:\\\/\\\/vr-room.ch\\\/it\\\/2017\\\/11\\\/30\\\/vr-erlebnis-von-adidas-klettern-wie-die-profis\\\/\"},\"wordCount\":271,\"commentCount\":0,\"image\":{\"@id\":\"http:\\\/\\\/vr-room.ch\\\/it\\\/2017\\\/11\\\/30\\\/vr-erlebnis-von-adidas-klettern-wie-die-profis\\\/#primaryimage\"},\"thumbnailUrl\":\"https:\\\/\\\/vr-room.ch\\\/wp-content\\\/uploads\\\/2017\\\/11\\\/Adidas-Delicatessen-VR.png\",\"articleSection\":[\"Gesellschaft\"],\"inLanguage\":\"fr-FR\",\"potentialAction\":[{\"@type\":\"CommentAction\",\"name\":\"Comment\",\"target\":[\"http:\\\/\\\/vr-room.ch\\\/it\\\/2017\\\/11\\\/30\\\/vr-erlebnis-von-adidas-klettern-wie-die-profis\\\/#respond\"]}]},{\"@type\":\"WebPage\",\"@id\":\"http:\\\/\\\/vr-room.ch\\\/it\\\/2017\\\/11\\\/30\\\/vr-erlebnis-von-adidas-klettern-wie-die-profis\\\/\",\"url\":\"http:\\\/\\\/vr-room.ch\\\/it\\\/2017\\\/11\\\/30\\\/vr-erlebnis-von-adidas-klettern-wie-die-profis\\\/\",\"name\":\"VR-Erlebnis von Adidas: Klettern wie die Profis - Schweizer Virtual Reality News\",\"isPartOf\":{\"@id\":\"http:\\\/\\\/vr-room.ch\\\/en\\\/#website\"},\"primaryImageOfPage\":{\"@id\":\"http:\\\/\\\/vr-room.ch\\\/it\\\/2017\\\/11\\\/30\\\/vr-erlebnis-von-adidas-klettern-wie-die-profis\\\/#primaryimage\"},\"image\":{\"@id\":\"http:\\\/\\\/vr-room.ch\\\/it\\\/2017\\\/11\\\/30\\\/vr-erlebnis-von-adidas-klettern-wie-die-profis\\\/#primaryimage\"},\"thumbnailUrl\":\"https:\\\/\\\/vr-room.ch\\\/wp-content\\\/uploads\\\/2017\\\/11\\\/Adidas-Delicatessen-VR.png\",\"datePublished\":\"2017-11-30T06:16:06+00:00\",\"author\":{\"@id\":\"http:\\\/\\\/vr-room.ch\\\/en\\\/#\\\/schema\\\/person\\\/1a03b3a6ced429fb4831f60fa2b37599\"},\"breadcrumb\":{\"@id\":\"http:\\\/\\\/vr-room.ch\\\/it\\\/2017\\\/11\\\/30\\\/vr-erlebnis-von-adidas-klettern-wie-die-profis\\\/#breadcrumb\"},\"inLanguage\":\"fr-FR\",\"potentialAction\":[{\"@type\":\"ReadAction\",\"target\":[\"http:\\\/\\\/vr-room.ch\\\/it\\\/2017\\\/11\\\/30\\\/vr-erlebnis-von-adidas-klettern-wie-die-profis\\\/\"]}]},{\"@type\":\"ImageObject\",\"inLanguage\":\"fr-FR\",\"@id\":\"http:\\\/\\\/vr-room.ch\\\/it\\\/2017\\\/11\\\/30\\\/vr-erlebnis-von-adidas-klettern-wie-die-profis\\\/#primaryimage\",\"url\":\"https:\\\/\\\/vr-room.ch\\\/wp-content\\\/uploads\\\/2017\\\/11\\\/Adidas-Delicatessen-VR.png\",\"contentUrl\":\"https:\\\/\\\/vr-room.ch\\\/wp-content\\\/uploads\\\/2017\\\/11\\\/Adidas-Delicatessen-VR.png\",\"width\":1024,\"height\":576},{\"@type\":\"BreadcrumbList\",\"@id\":\"http:\\\/\\\/vr-room.ch\\\/it\\\/2017\\\/11\\\/30\\\/vr-erlebnis-von-adidas-klettern-wie-die-profis\\\/#breadcrumb\",\"itemListElement\":[{\"@type\":\"ListItem\",\"position\":1,\"name\":\"Startseite\",\"item\":\"http:\\\/\\\/vr-room.ch\\\/en\\\/\"},{\"@type\":\"ListItem\",\"position\":2,\"name\":\"VR-Erlebnis von Adidas: Klettern wie die Profis\"}]},{\"@type\":\"WebSite\",\"@id\":\"http:\\\/\\\/vr-room.ch\\\/en\\\/#website\",\"url\":\"http:\\\/\\\/vr-room.ch\\\/en\\\/\",\"name\":\"Schweizer Virtual Reality News\",\"description\":\"\",\"potentialAction\":[{\"@type\":\"SearchAction\",\"target\":{\"@type\":\"EntryPoint\",\"urlTemplate\":\"http:\\\/\\\/vr-room.ch\\\/en\\\/?s={search_term_string}\"},\"query-input\":{\"@type\":\"PropertyValueSpecification\",\"valueRequired\":true,\"valueName\":\"search_term_string\"}}],\"inLanguage\":\"fr-FR\"},{\"@type\":\"Person\",\"@id\":\"http:\\\/\\\/vr-room.ch\\\/en\\\/#\\\/schema\\\/person\\\/1a03b3a6ced429fb4831f60fa2b37599\",\"name\":\"Nathalie\",\"image\":{\"@type\":\"ImageObject\",\"inLanguage\":\"fr-FR\",\"@id\":\"https:\\\/\\\/vr-room.ch\\\/wp-content\\\/uploads\\\/2017\\\/01\\\/avatar_user_12_1484159890-96x96.jpg\",\"url\":\"https:\\\/\\\/vr-room.ch\\\/wp-content\\\/uploads\\\/2017\\\/01\\\/avatar_user_12_1484159890-96x96.jpg\",\"contentUrl\":\"https:\\\/\\\/vr-room.ch\\\/wp-content\\\/uploads\\\/2017\\\/01\\\/avatar_user_12_1484159890-96x96.jpg\",\"caption\":\"Nathalie\"},\"url\":\"https:\\\/\\\/vr-room.ch\\\/fr\\\/author\\\/nathalie\\\/\"}]}<\/script>\n<!-- \/ Yoast SEO plugin. -->","yoast_head_json":{"title":"VR-Erlebnis von Adidas: Klettern wie die Profis - Schweizer Virtual Reality News","robots":{"index":"index","follow":"follow","max-snippet":"max-snippet:-1","max-image-preview":"max-image-preview:large","max-video-preview":"max-video-preview:-1"},"canonical":"http:\/\/vr-room.ch\/fr\/2017\/11\/30\/vr-erlebnis-von-adidas-klettern-wie-die-profis\/","og_locale":"fr_FR","og_type":"article","og_title":"VR-Erlebnis von Adidas: Klettern wie die Profis - Schweizer Virtual Reality News","og_description":"Adidas verschafft zur Bewerbung seiner Outdoor-Marke Terrex Outdoor-Fans ein VR-Kletter-Erlebnis: Nutzer d\u00fcrfen\u00a0zusammen mit zwei Kletter-Cracks einen Berg in&hellip;","og_url":"http:\/\/vr-room.ch\/fr\/2017\/11\/30\/vr-erlebnis-von-adidas-klettern-wie-die-profis\/","og_site_name":"Schweizer Virtual Reality News","article_published_time":"2017-11-30T06:16:06+00:00","og_image":[{"width":1024,"height":576,"url":"https:\/\/vr-room.ch\/wp-content\/uploads\/2017\/11\/Adidas-Delicatessen-VR.png","type":"image\/png"}],"author":"Nathalie","twitter_card":"summary_large_image","twitter_misc":{"\u00c9crit par":"Nathalie","Dur\u00e9e de lecture estim\u00e9e":"1 minute"},"schema":{"@context":"https:\/\/schema.org","@graph":[{"@type":"Article","@id":"http:\/\/vr-room.ch\/it\/2017\/11\/30\/vr-erlebnis-von-adidas-klettern-wie-die-profis\/#article","isPartOf":{"@id":"http:\/\/vr-room.ch\/it\/2017\/11\/30\/vr-erlebnis-von-adidas-klettern-wie-die-profis\/"},"author":{"name":"Nathalie","@id":"http:\/\/vr-room.ch\/en\/#\/schema\/person\/1a03b3a6ced429fb4831f60fa2b37599"},"headline":"VR-Erlebnis von Adidas: Klettern wie die Profis","datePublished":"2017-11-30T06:16:06+00:00","mainEntityOfPage":{"@id":"http:\/\/vr-room.ch\/it\/2017\/11\/30\/vr-erlebnis-von-adidas-klettern-wie-die-profis\/"},"wordCount":271,"commentCount":0,"image":{"@id":"http:\/\/vr-room.ch\/it\/2017\/11\/30\/vr-erlebnis-von-adidas-klettern-wie-die-profis\/#primaryimage"},"thumbnailUrl":"https:\/\/vr-room.ch\/wp-content\/uploads\/2017\/11\/Adidas-Delicatessen-VR.png","articleSection":["Gesellschaft"],"inLanguage":"fr-FR","potentialAction":[{"@type":"CommentAction","name":"Comment","target":["http:\/\/vr-room.ch\/it\/2017\/11\/30\/vr-erlebnis-von-adidas-klettern-wie-die-profis\/#respond"]}]},{"@type":"WebPage","@id":"http:\/\/vr-room.ch\/it\/2017\/11\/30\/vr-erlebnis-von-adidas-klettern-wie-die-profis\/","url":"http:\/\/vr-room.ch\/it\/2017\/11\/30\/vr-erlebnis-von-adidas-klettern-wie-die-profis\/","name":"VR-Erlebnis von Adidas: Klettern wie die Profis - Schweizer Virtual Reality News","isPartOf":{"@id":"http:\/\/vr-room.ch\/en\/#website"},"primaryImageOfPage":{"@id":"http:\/\/vr-room.ch\/it\/2017\/11\/30\/vr-erlebnis-von-adidas-klettern-wie-die-profis\/#primaryimage"},"image":{"@id":"http:\/\/vr-room.ch\/it\/2017\/11\/30\/vr-erlebnis-von-adidas-klettern-wie-die-profis\/#primaryimage"},"thumbnailUrl":"https:\/\/vr-room.ch\/wp-content\/uploads\/2017\/11\/Adidas-Delicatessen-VR.png","datePublished":"2017-11-30T06:16:06+00:00","author":{"@id":"http:\/\/vr-room.ch\/en\/#\/schema\/person\/1a03b3a6ced429fb4831f60fa2b37599"},"breadcrumb":{"@id":"http:\/\/vr-room.ch\/it\/2017\/11\/30\/vr-erlebnis-von-adidas-klettern-wie-die-profis\/#breadcrumb"},"inLanguage":"fr-FR","potentialAction":[{"@type":"ReadAction","target":["http:\/\/vr-room.ch\/it\/2017\/11\/30\/vr-erlebnis-von-adidas-klettern-wie-die-profis\/"]}]},{"@type":"ImageObject","inLanguage":"fr-FR","@id":"http:\/\/vr-room.ch\/it\/2017\/11\/30\/vr-erlebnis-von-adidas-klettern-wie-die-profis\/#primaryimage","url":"https:\/\/vr-room.ch\/wp-content\/uploads\/2017\/11\/Adidas-Delicatessen-VR.png","contentUrl":"https:\/\/vr-room.ch\/wp-content\/uploads\/2017\/11\/Adidas-Delicatessen-VR.png","width":1024,"height":576},{"@type":"BreadcrumbList","@id":"http:\/\/vr-room.ch\/it\/2017\/11\/30\/vr-erlebnis-von-adidas-klettern-wie-die-profis\/#breadcrumb","itemListElement":[{"@type":"ListItem","position":1,"name":"Startseite","item":"http:\/\/vr-room.ch\/en\/"},{"@type":"ListItem","position":2,"name":"VR-Erlebnis von Adidas: Klettern wie die Profis"}]},{"@type":"WebSite","@id":"http:\/\/vr-room.ch\/en\/#website","url":"http:\/\/vr-room.ch\/en\/","name":"Nouvelles de la r\u00e9alit\u00e9 virtuelle suisse","description":"","potentialAction":[{"@type":"SearchAction","target":{"@type":"EntryPoint","urlTemplate":"http:\/\/vr-room.ch\/en\/?s={search_term_string}"},"query-input":{"@type":"PropertyValueSpecification","valueRequired":true,"valueName":"search_term_string"}}],"inLanguage":"fr-FR"},{"@type":"Person","@id":"http:\/\/vr-room.ch\/en\/#\/schema\/person\/1a03b3a6ced429fb4831f60fa2b37599","name":"Nathalie","image":{"@type":"ImageObject","inLanguage":"fr-FR","@id":"https:\/\/vr-room.ch\/wp-content\/uploads\/2017\/01\/avatar_user_12_1484159890-96x96.jpg","url":"https:\/\/vr-room.ch\/wp-content\/uploads\/2017\/01\/avatar_user_12_1484159890-96x96.jpg","contentUrl":"https:\/\/vr-room.ch\/wp-content\/uploads\/2017\/01\/avatar_user_12_1484159890-96x96.jpg","caption":"Nathalie"},"url":"https:\/\/vr-room.ch\/fr\/author\/nathalie\/"}]}},"_links":{"self":[{"href":"https:\/\/vr-room.ch\/fr\/wp-json\/wp\/v2\/posts\/8581","targetHints":{"allow":["GET"]}}],"collection":[{"href":"https:\/\/vr-room.ch\/fr\/wp-json\/wp\/v2\/posts"}],"about":[{"href":"https:\/\/vr-room.ch\/fr\/wp-json\/wp\/v2\/types\/post"}],"author":[{"embeddable":true,"href":"https:\/\/vr-room.ch\/fr\/wp-json\/wp\/v2\/users\/12"}],"replies":[{"embeddable":true,"href":"https:\/\/vr-room.ch\/fr\/wp-json\/wp\/v2\/comments?post=8581"}],"version-history":[{"count":0,"href":"https:\/\/vr-room.ch\/fr\/wp-json\/wp\/v2\/posts\/8581\/revisions"}],"wp:featuredmedia":[{"embeddable":true,"href":"https:\/\/vr-room.ch\/fr\/wp-json\/wp\/v2\/media\/8582"}],"wp:attachment":[{"href":"https:\/\/vr-room.ch\/fr\/wp-json\/wp\/v2\/media?parent=8581"}],"wp:term":[{"taxonomy":"category","embeddable":true,"href":"https:\/\/vr-room.ch\/fr\/wp-json\/wp\/v2\/categories?post=8581"},{"taxonomy":"post_tag","embeddable":true,"href":"https:\/\/vr-room.ch\/fr\/wp-json\/wp\/v2\/tags?post=8581"}],"curies":[{"name":"wp","href":"https:\/\/api.w.org\/{rel}","templated":true}]}}