{"id":7805,"date":"2017-10-06T06:25:40","date_gmt":"2017-10-06T06:25:40","guid":{"rendered":"http:\/\/vr-room.ch\/?p=7805"},"modified":"2017-10-05T13:07:29","modified_gmt":"2017-10-05T13:07:29","slug":"vr-am-zuerich-filmfestival","status":"publish","type":"post","link":"https:\/\/vr-room.ch\/fr\/2017\/10\/06\/vr-am-zuerich-filmfestival\/","title":{"rendered":"VR au Festival du film de Zurich"},"content":{"rendered":"<h3 id=\"der-siegeszug-der-virtual-reality-geht-ein-stueck-weiter-und-so-finden-vr-filme-in-diesem-jahr-auch-platz-im-rahmenprogramm-des-zuerich-film-festivals-welches-bereits-voll-im-gange-ist-wieso-und-wie\">La marche triomphale de la r\u00e9alit\u00e9 virtuelle se poursuit et les films VR trouveront cette ann\u00e9e leur place dans le programme-cadre du Festival du film de Zurich, qui bat d\u00e9j\u00e0 son plein. D\u00e9couvrez ici pourquoi et comment les films VR peuvent \u00eatre g\u00e9niaux dans notre petit plaidoyer pour les films VR.\u00a0<!--more--><\/h3>\n<p>Dans le programme du\u00a0<a href=\"https:\/\/zff.com\/de\/programm\/rahmenveranstaltungen\/?s=virtual-reality-lab\">Laboratoire de r\u00e9alit\u00e9 virtuelle <\/a>le Z\u00fcrich Film Festival pr\u00e9sente cette ann\u00e9e les derniers films VR. Trois blocs permettront d'explorer de nouvelles possibilit\u00e9s d'expression artistique et une autre approche des formats immersifs. Le ZFF VR Lab est une collaboration entre Flux Laboratory, We Are cinema et le ZFF. L'entr\u00e9e est gratuite, mais il faut retirer un billet avant le d\u00e9but de la repr\u00e9sentation au centre du festival sur la Sechsel\u00e4utenplatz. Le nombre de places est limit\u00e9. Les repr\u00e9sentations auront lieu du 29 septembre au 8 octobre 2017. Divis\u00e9es en trois th\u00e8mes : Real Vision, Family Affairs et Beyond Reality.<\/p>\n<h3 id=\"ein-kleines-plaedoyer-fuer-vr-filme\">Un petit plaidoyer pour les films VR<\/h3>\n<p>Ich bin \u00fcberzeugt, dass VR Filme klassische Kinofilme kaum total verdr\u00e4ngen\u00a0werden. Es wird, wie es die ewigen Diskussionen in meinem Bekanntenkreis zeigen &#8211; &#8222;Gehen wir den Film in 2D, 3D oder gar 4DX schauen?&#8220; &#8211; wahrscheinlich immer Kinobesucher geben, die einfach gerne zur\u00fccklehnen und den Film flach, herk\u00f6mmlich ohne Interaktion erleben m\u00f6chten. Hat ja auch seine Berechtigung. VR Filme bringen jedoch ein grosses Potential, mit dem die Kinobesitzer ihren Kinosaal wieder f\u00fcllen k\u00f6nnen. Denn einen grossen Bildschirm hat ja mittlerweile jeder zu Hause.<\/p>\n<p>J'entends souvent mes amis me dire : \"Une vue \u00e0 360 degr\u00e9s dans un film ? Je vais certainement rater l'essentiel du film ! En tout cas, les nouvelles technologies ont pour cons\u00e9quence que les cin\u00e9astes ne peuvent plus diriger le regard de leur public que de mani\u00e8re limit\u00e9e. Mais c'est peut-\u00eatre aussi ce qui fait son charme. Comme dans la vie r\u00e9elle, on peut passer \u00e0 c\u00f4t\u00e9 de quelque chose, mais d\u00e9couvrir autre chose. Et comme c'est cool, si on a aim\u00e9 le film, de pouvoir le revivre sous une autre perspective. Les approches qui permettent d'influer sur le d\u00e9roulement sont \u00e9galement passionnantes. C'est ainsi que na\u00eetront des formes de narration qui se distingueront nettement de l'exp\u00e9rience cin\u00e9matographique actuelle.<\/p>\n<p>J'ai eu l'occasion de voir plusieurs films de ce genre et mon pr\u00e9f\u00e9r\u00e9 est toujours <a href=\"http:\/\/vr-room.ch\/fr\/2017\/01\/18\/ein-virtueller-einblick-ins-blindsein\/\">Notes sur la c\u00e9cit\u00e9<\/a>. Le film VR est un merveilleux exemple de la mani\u00e8re dont les producteurs de films peuvent bien guider le spectateur et \u00e9galement introduire un peu d'interaction dans l'histoire. Ainsi, la musique, la voix de l'orateur et les bruits orientent le regard du spectateur dans la direction o\u00f9 se d\u00e9roule quelque chose d'important. Ou encore, des \u00e9l\u00e9ments sont int\u00e9gr\u00e9s qui doivent d'abord \u00eatre observ\u00e9s avant que le film ne se poursuive. Une autre approche attribue au spectateur le r\u00f4le d'acteur secondaire, guid\u00e9 par l'acteur principal \u00e0 travers l'histoire. Je pense que les choses vont encore \u00e9voluer dans ce domaine.<\/p>\n<p>Source : Festival du film de Zurich<\/p>\n<h2 id=\"\"><\/h2>\n<p>&nbsp;<\/p>","protected":false},"excerpt":{"rendered":"Le triomphe de la r\u00e9alit\u00e9 virtuelle se poursuit un peu plus loin et les films VR trouvent...","protected":false},"author":12,"featured_media":7806,"comment_status":"open","ping_status":"open","sticky":false,"template":"","format":"standard","meta":{"footnotes":""},"categories":[68],"tags":[],"class_list":{"0":"post-7805","1":"post","2":"type-post","3":"status-publish","4":"format-standard","5":"has-post-thumbnail","7":"category-virtual-reality-schweiz","8":"cs-entry","9":"cs-video-wrap"},"yoast_head":"<!-- This site is optimized with the Yoast SEO plugin v27.4 - https:\/\/yoast.com\/product\/yoast-seo-wordpress\/ -->\n<title>VR am Z\u00fcrich Filmfestival - Schweizer Virtual Reality News<\/title>\n<meta name=\"robots\" content=\"index, follow, max-snippet:-1, max-image-preview:large, max-video-preview:-1\" \/>\n<link rel=\"canonical\" href=\"https:\/\/vr-room.ch\/fr\/2017\/10\/06\/vr-am-zuerich-filmfestival\/\" \/>\n<meta property=\"og:locale\" content=\"fr_FR\" \/>\n<meta property=\"og:type\" content=\"article\" \/>\n<meta property=\"og:title\" content=\"VR am Z\u00fcrich Filmfestival - Schweizer Virtual Reality News\" \/>\n<meta property=\"og:description\" content=\"Der Siegeszug der Virtual Reality geht ein St\u00fcck weiter und so finden VR Filme in diesem Jahr auch&hellip;\" \/>\n<meta property=\"og:url\" content=\"https:\/\/vr-room.ch\/fr\/2017\/10\/06\/vr-am-zuerich-filmfestival\/\" \/>\n<meta property=\"og:site_name\" content=\"Schweizer Virtual Reality News\" \/>\n<meta property=\"article:published_time\" content=\"2017-10-06T06:25:40+00:00\" \/>\n<meta property=\"og:image\" content=\"https:\/\/vr-room.ch\/wp-content\/uploads\/2017\/10\/film-festival-zurich.jpg\" \/>\n\t<meta property=\"og:image:width\" content=\"1000\" \/>\n\t<meta property=\"og:image:height\" content=\"415\" \/>\n\t<meta property=\"og:image:type\" content=\"image\/jpeg\" \/>\n<meta name=\"author\" content=\"Nathalie\" \/>\n<meta name=\"twitter:card\" content=\"summary_large_image\" \/>\n<meta name=\"twitter:label1\" content=\"\u00c9crit par\" \/>\n\t<meta name=\"twitter:data1\" content=\"Nathalie\" \/>\n\t<meta name=\"twitter:label2\" content=\"Dur\u00e9e de lecture estim\u00e9e\" \/>\n\t<meta name=\"twitter:data2\" content=\"2 minutes\" \/>\n<script type=\"application\/ld+json\" class=\"yoast-schema-graph\">{\"@context\":\"https:\\\/\\\/schema.org\",\"@graph\":[{\"@type\":\"Article\",\"@id\":\"https:\\\/\\\/vr-room.ch\\\/fr\\\/2017\\\/10\\\/06\\\/vr-am-zuerich-filmfestival\\\/#article\",\"isPartOf\":{\"@id\":\"https:\\\/\\\/vr-room.ch\\\/fr\\\/2017\\\/10\\\/06\\\/vr-am-zuerich-filmfestival\\\/\"},\"author\":{\"name\":\"Nathalie\",\"@id\":\"http:\\\/\\\/vr-room.ch\\\/en\\\/#\\\/schema\\\/person\\\/1a03b3a6ced429fb4831f60fa2b37599\"},\"headline\":\"VR am Z\u00fcrich Filmfestival\",\"datePublished\":\"2017-10-06T06:25:40+00:00\",\"mainEntityOfPage\":{\"@id\":\"https:\\\/\\\/vr-room.ch\\\/fr\\\/2017\\\/10\\\/06\\\/vr-am-zuerich-filmfestival\\\/\"},\"wordCount\":479,\"commentCount\":0,\"image\":{\"@id\":\"https:\\\/\\\/vr-room.ch\\\/fr\\\/2017\\\/10\\\/06\\\/vr-am-zuerich-filmfestival\\\/#primaryimage\"},\"thumbnailUrl\":\"https:\\\/\\\/vr-room.ch\\\/wp-content\\\/uploads\\\/2017\\\/10\\\/film-festival-zurich.jpg\",\"articleSection\":[\"Schweiz\"],\"inLanguage\":\"fr-FR\",\"potentialAction\":[{\"@type\":\"CommentAction\",\"name\":\"Comment\",\"target\":[\"https:\\\/\\\/vr-room.ch\\\/fr\\\/2017\\\/10\\\/06\\\/vr-am-zuerich-filmfestival\\\/#respond\"]}]},{\"@type\":\"WebPage\",\"@id\":\"https:\\\/\\\/vr-room.ch\\\/fr\\\/2017\\\/10\\\/06\\\/vr-am-zuerich-filmfestival\\\/\",\"url\":\"https:\\\/\\\/vr-room.ch\\\/fr\\\/2017\\\/10\\\/06\\\/vr-am-zuerich-filmfestival\\\/\",\"name\":\"VR am Z\u00fcrich Filmfestival - Schweizer Virtual Reality News\",\"isPartOf\":{\"@id\":\"http:\\\/\\\/vr-room.ch\\\/en\\\/#website\"},\"primaryImageOfPage\":{\"@id\":\"https:\\\/\\\/vr-room.ch\\\/fr\\\/2017\\\/10\\\/06\\\/vr-am-zuerich-filmfestival\\\/#primaryimage\"},\"image\":{\"@id\":\"https:\\\/\\\/vr-room.ch\\\/fr\\\/2017\\\/10\\\/06\\\/vr-am-zuerich-filmfestival\\\/#primaryimage\"},\"thumbnailUrl\":\"https:\\\/\\\/vr-room.ch\\\/wp-content\\\/uploads\\\/2017\\\/10\\\/film-festival-zurich.jpg\",\"datePublished\":\"2017-10-06T06:25:40+00:00\",\"author\":{\"@id\":\"http:\\\/\\\/vr-room.ch\\\/en\\\/#\\\/schema\\\/person\\\/1a03b3a6ced429fb4831f60fa2b37599\"},\"breadcrumb\":{\"@id\":\"https:\\\/\\\/vr-room.ch\\\/fr\\\/2017\\\/10\\\/06\\\/vr-am-zuerich-filmfestival\\\/#breadcrumb\"},\"inLanguage\":\"fr-FR\",\"potentialAction\":[{\"@type\":\"ReadAction\",\"target\":[\"https:\\\/\\\/vr-room.ch\\\/fr\\\/2017\\\/10\\\/06\\\/vr-am-zuerich-filmfestival\\\/\"]}]},{\"@type\":\"ImageObject\",\"inLanguage\":\"fr-FR\",\"@id\":\"https:\\\/\\\/vr-room.ch\\\/fr\\\/2017\\\/10\\\/06\\\/vr-am-zuerich-filmfestival\\\/#primaryimage\",\"url\":\"https:\\\/\\\/vr-room.ch\\\/wp-content\\\/uploads\\\/2017\\\/10\\\/film-festival-zurich.jpg\",\"contentUrl\":\"https:\\\/\\\/vr-room.ch\\\/wp-content\\\/uploads\\\/2017\\\/10\\\/film-festival-zurich.jpg\",\"width\":1000,\"height\":415},{\"@type\":\"BreadcrumbList\",\"@id\":\"https:\\\/\\\/vr-room.ch\\\/fr\\\/2017\\\/10\\\/06\\\/vr-am-zuerich-filmfestival\\\/#breadcrumb\",\"itemListElement\":[{\"@type\":\"ListItem\",\"position\":1,\"name\":\"Startseite\",\"item\":\"http:\\\/\\\/vr-room.ch\\\/en\\\/\"},{\"@type\":\"ListItem\",\"position\":2,\"name\":\"VR am Z\u00fcrich Filmfestival\"}]},{\"@type\":\"WebSite\",\"@id\":\"http:\\\/\\\/vr-room.ch\\\/en\\\/#website\",\"url\":\"http:\\\/\\\/vr-room.ch\\\/en\\\/\",\"name\":\"Schweizer Virtual Reality News\",\"description\":\"\",\"potentialAction\":[{\"@type\":\"SearchAction\",\"target\":{\"@type\":\"EntryPoint\",\"urlTemplate\":\"http:\\\/\\\/vr-room.ch\\\/en\\\/?s={search_term_string}\"},\"query-input\":{\"@type\":\"PropertyValueSpecification\",\"valueRequired\":true,\"valueName\":\"search_term_string\"}}],\"inLanguage\":\"fr-FR\"},{\"@type\":\"Person\",\"@id\":\"http:\\\/\\\/vr-room.ch\\\/en\\\/#\\\/schema\\\/person\\\/1a03b3a6ced429fb4831f60fa2b37599\",\"name\":\"Nathalie\",\"image\":{\"@type\":\"ImageObject\",\"inLanguage\":\"fr-FR\",\"@id\":\"https:\\\/\\\/vr-room.ch\\\/wp-content\\\/uploads\\\/2017\\\/01\\\/avatar_user_12_1484159890-96x96.jpg\",\"url\":\"https:\\\/\\\/vr-room.ch\\\/wp-content\\\/uploads\\\/2017\\\/01\\\/avatar_user_12_1484159890-96x96.jpg\",\"contentUrl\":\"https:\\\/\\\/vr-room.ch\\\/wp-content\\\/uploads\\\/2017\\\/01\\\/avatar_user_12_1484159890-96x96.jpg\",\"caption\":\"Nathalie\"},\"url\":\"https:\\\/\\\/vr-room.ch\\\/fr\\\/author\\\/nathalie\\\/\"}]}<\/script>\n<!-- \/ Yoast SEO plugin. -->","yoast_head_json":{"title":"VR am Z\u00fcrich Filmfestival - Schweizer Virtual Reality News","robots":{"index":"index","follow":"follow","max-snippet":"max-snippet:-1","max-image-preview":"max-image-preview:large","max-video-preview":"max-video-preview:-1"},"canonical":"https:\/\/vr-room.ch\/fr\/2017\/10\/06\/vr-am-zuerich-filmfestival\/","og_locale":"fr_FR","og_type":"article","og_title":"VR am Z\u00fcrich Filmfestival - Schweizer Virtual Reality News","og_description":"Der Siegeszug der Virtual Reality geht ein St\u00fcck weiter und so finden VR Filme in diesem Jahr auch&hellip;","og_url":"https:\/\/vr-room.ch\/fr\/2017\/10\/06\/vr-am-zuerich-filmfestival\/","og_site_name":"Schweizer Virtual Reality News","article_published_time":"2017-10-06T06:25:40+00:00","og_image":[{"width":1000,"height":415,"url":"https:\/\/vr-room.ch\/wp-content\/uploads\/2017\/10\/film-festival-zurich.jpg","type":"image\/jpeg"}],"author":"Nathalie","twitter_card":"summary_large_image","twitter_misc":{"\u00c9crit par":"Nathalie","Dur\u00e9e de lecture estim\u00e9e":"2 minutes"},"schema":{"@context":"https:\/\/schema.org","@graph":[{"@type":"Article","@id":"https:\/\/vr-room.ch\/fr\/2017\/10\/06\/vr-am-zuerich-filmfestival\/#article","isPartOf":{"@id":"https:\/\/vr-room.ch\/fr\/2017\/10\/06\/vr-am-zuerich-filmfestival\/"},"author":{"name":"Nathalie","@id":"http:\/\/vr-room.ch\/en\/#\/schema\/person\/1a03b3a6ced429fb4831f60fa2b37599"},"headline":"VR am Z\u00fcrich Filmfestival","datePublished":"2017-10-06T06:25:40+00:00","mainEntityOfPage":{"@id":"https:\/\/vr-room.ch\/fr\/2017\/10\/06\/vr-am-zuerich-filmfestival\/"},"wordCount":479,"commentCount":0,"image":{"@id":"https:\/\/vr-room.ch\/fr\/2017\/10\/06\/vr-am-zuerich-filmfestival\/#primaryimage"},"thumbnailUrl":"https:\/\/vr-room.ch\/wp-content\/uploads\/2017\/10\/film-festival-zurich.jpg","articleSection":["Schweiz"],"inLanguage":"fr-FR","potentialAction":[{"@type":"CommentAction","name":"Comment","target":["https:\/\/vr-room.ch\/fr\/2017\/10\/06\/vr-am-zuerich-filmfestival\/#respond"]}]},{"@type":"WebPage","@id":"https:\/\/vr-room.ch\/fr\/2017\/10\/06\/vr-am-zuerich-filmfestival\/","url":"https:\/\/vr-room.ch\/fr\/2017\/10\/06\/vr-am-zuerich-filmfestival\/","name":"VR am Z\u00fcrich Filmfestival - Schweizer Virtual Reality News","isPartOf":{"@id":"http:\/\/vr-room.ch\/en\/#website"},"primaryImageOfPage":{"@id":"https:\/\/vr-room.ch\/fr\/2017\/10\/06\/vr-am-zuerich-filmfestival\/#primaryimage"},"image":{"@id":"https:\/\/vr-room.ch\/fr\/2017\/10\/06\/vr-am-zuerich-filmfestival\/#primaryimage"},"thumbnailUrl":"https:\/\/vr-room.ch\/wp-content\/uploads\/2017\/10\/film-festival-zurich.jpg","datePublished":"2017-10-06T06:25:40+00:00","author":{"@id":"http:\/\/vr-room.ch\/en\/#\/schema\/person\/1a03b3a6ced429fb4831f60fa2b37599"},"breadcrumb":{"@id":"https:\/\/vr-room.ch\/fr\/2017\/10\/06\/vr-am-zuerich-filmfestival\/#breadcrumb"},"inLanguage":"fr-FR","potentialAction":[{"@type":"ReadAction","target":["https:\/\/vr-room.ch\/fr\/2017\/10\/06\/vr-am-zuerich-filmfestival\/"]}]},{"@type":"ImageObject","inLanguage":"fr-FR","@id":"https:\/\/vr-room.ch\/fr\/2017\/10\/06\/vr-am-zuerich-filmfestival\/#primaryimage","url":"https:\/\/vr-room.ch\/wp-content\/uploads\/2017\/10\/film-festival-zurich.jpg","contentUrl":"https:\/\/vr-room.ch\/wp-content\/uploads\/2017\/10\/film-festival-zurich.jpg","width":1000,"height":415},{"@type":"BreadcrumbList","@id":"https:\/\/vr-room.ch\/fr\/2017\/10\/06\/vr-am-zuerich-filmfestival\/#breadcrumb","itemListElement":[{"@type":"ListItem","position":1,"name":"Startseite","item":"http:\/\/vr-room.ch\/en\/"},{"@type":"ListItem","position":2,"name":"VR am Z\u00fcrich Filmfestival"}]},{"@type":"WebSite","@id":"http:\/\/vr-room.ch\/en\/#website","url":"http:\/\/vr-room.ch\/en\/","name":"Nouvelles de la r\u00e9alit\u00e9 virtuelle suisse","description":"","potentialAction":[{"@type":"SearchAction","target":{"@type":"EntryPoint","urlTemplate":"http:\/\/vr-room.ch\/en\/?s={search_term_string}"},"query-input":{"@type":"PropertyValueSpecification","valueRequired":true,"valueName":"search_term_string"}}],"inLanguage":"fr-FR"},{"@type":"Person","@id":"http:\/\/vr-room.ch\/en\/#\/schema\/person\/1a03b3a6ced429fb4831f60fa2b37599","name":"Nathalie","image":{"@type":"ImageObject","inLanguage":"fr-FR","@id":"https:\/\/vr-room.ch\/wp-content\/uploads\/2017\/01\/avatar_user_12_1484159890-96x96.jpg","url":"https:\/\/vr-room.ch\/wp-content\/uploads\/2017\/01\/avatar_user_12_1484159890-96x96.jpg","contentUrl":"https:\/\/vr-room.ch\/wp-content\/uploads\/2017\/01\/avatar_user_12_1484159890-96x96.jpg","caption":"Nathalie"},"url":"https:\/\/vr-room.ch\/fr\/author\/nathalie\/"}]}},"_links":{"self":[{"href":"https:\/\/vr-room.ch\/fr\/wp-json\/wp\/v2\/posts\/7805","targetHints":{"allow":["GET"]}}],"collection":[{"href":"https:\/\/vr-room.ch\/fr\/wp-json\/wp\/v2\/posts"}],"about":[{"href":"https:\/\/vr-room.ch\/fr\/wp-json\/wp\/v2\/types\/post"}],"author":[{"embeddable":true,"href":"https:\/\/vr-room.ch\/fr\/wp-json\/wp\/v2\/users\/12"}],"replies":[{"embeddable":true,"href":"https:\/\/vr-room.ch\/fr\/wp-json\/wp\/v2\/comments?post=7805"}],"version-history":[{"count":0,"href":"https:\/\/vr-room.ch\/fr\/wp-json\/wp\/v2\/posts\/7805\/revisions"}],"wp:featuredmedia":[{"embeddable":true,"href":"https:\/\/vr-room.ch\/fr\/wp-json\/wp\/v2\/media\/7806"}],"wp:attachment":[{"href":"https:\/\/vr-room.ch\/fr\/wp-json\/wp\/v2\/media?parent=7805"}],"wp:term":[{"taxonomy":"category","embeddable":true,"href":"https:\/\/vr-room.ch\/fr\/wp-json\/wp\/v2\/categories?post=7805"},{"taxonomy":"post_tag","embeddable":true,"href":"https:\/\/vr-room.ch\/fr\/wp-json\/wp\/v2\/tags?post=7805"}],"curies":[{"name":"wp","href":"https:\/\/api.w.org\/{rel}","templated":true}]}}