{"id":6297,"date":"2017-07-17T09:57:43","date_gmt":"2017-07-17T09:57:43","guid":{"rendered":"http:\/\/vr-room.ch\/?p=6297"},"modified":"2017-07-17T10:00:00","modified_gmt":"2017-07-17T10:00:00","slug":"marvel-powers-united-vr-angekuendigt","status":"publish","type":"post","link":"https:\/\/vr-room.ch\/fr\/2017\/07\/17\/marvel-powers-united-vr-angekuendigt\/","title":{"rendered":"Marvel Powers United VR annonc\u00e9"},"content":{"rendered":"<p>Marvel Entertainment, les studios Oculus et Sanzaru Games ont annonc\u00e9 lors de la <a href=\"https:\/\/d23.com\/d23-expo\/\">D23 Expo 2017<\/a>, die am Wochenende stattgefunden hat, &#8222;Marvel Powers United VR&#8220; angek\u00fcndigt. Das VR-Spiel wird exklusiv f\u00fcr Oculus Rift und Touch auf den Markt kommen. Der Release soll im Jahr 2018 erfolgen.<\/p>\n<p>In &#8222;Marvel Powers United VR&#8220; \u00fcbernimmt man die Rolle bekannter Marvel-Charaktere wie Rocket Racoon, Hulk, Captain Marvel und Ronan, die aus der First-Person-Sicht gesteuert werden und an bekannten Orten gegen die B\u00f6sewichte k\u00e4mpfen. Weitere spielbare Helden werden im Laufe der Zeit enth\u00fcllt (zum Beispiel auf der <a href=\"https:\/\/www.comic-con.org\/\">Comic-Con<\/a> \u00e0 San Diego).<\/p>\n<p>&#8222;Marvel Powers United VR&#8220; wird sogar einen Koop-Modus f\u00fcr bis zu vier Spieler bieten, in dem man die verschiedenen Missionen gemeinsam bew\u00e4ltigen darf. Zudem werden die Steuerung und die Fortbewegung als intuitiv bezeichnet. Im ersten Trailer bekommt man bereits einen Eindruck von dem Gameplay geboten und eine <a href=\"https:\/\/www.oculus.com\/marvel-powers-united-vr\/\">site officiel<\/a> est \u00e9galement disponible.<\/p>\n<div style=\"width: 640px;\" class=\"wp-video\"><video class=\"wp-video-shortcode\" id=\"video-6297-1\" width=\"640\" height=\"360\" loop preload=\"metadata\" controls=\"controls\"><source type=\"video\/youtube\" src=\"https:\/\/www.youtube.com\/watch?v=Bz1oX0rvYz0&#038;_=1\" \/><a href=\"https:\/\/www.youtube.com\/watch?v=Bz1oX0rvYz0\">https:\/\/www.youtube.com\/watch?v=Bz1oX0rvYz0<\/a><\/video><\/div>\n<p>Source : <a href=\"http:\/\/www.dualshockers.com\/marvel-powers-united-vr-announced-d23-expo\/\">DualShockers<\/a><\/p>\n<p>&nbsp;<\/p>","protected":false},"excerpt":{"rendered":"Marvel Entertainment, Oculus Studios et Sanzaru Games ont pr\u00e9sent\u00e9 leurs jeux lors de la D23 Expo 2017 qui s'est d\u00e9roul\u00e9e ce week-end.","protected":false},"author":11,"featured_media":6299,"comment_status":"open","ping_status":"open","sticky":false,"template":"","format":"standard","meta":{"footnotes":""},"categories":[2],"tags":[],"class_list":{"0":"post-6297","1":"post","2":"type-post","3":"status-publish","4":"format-standard","5":"has-post-thumbnail","7":"category-virtual-reality-games","8":"cs-entry","9":"cs-video-wrap"},"yoast_head":"<!-- This site is optimized with the Yoast SEO plugin v27.4 - https:\/\/yoast.com\/product\/yoast-seo-wordpress\/ -->\n<title>Marvel Powers United VR angek\u00fcndigt - Schweizer Virtual Reality News<\/title>\n<meta name=\"robots\" content=\"index, follow, max-snippet:-1, max-image-preview:large, max-video-preview:-1\" \/>\n<link rel=\"canonical\" href=\"https:\/\/vr-room.ch\/fr\/2017\/07\/17\/marvel-powers-united-vr-angekuendigt\/\" \/>\n<meta property=\"og:locale\" content=\"fr_FR\" \/>\n<meta property=\"og:type\" content=\"article\" \/>\n<meta property=\"og:title\" content=\"Marvel Powers United VR angek\u00fcndigt - Schweizer Virtual Reality News\" \/>\n<meta property=\"og:description\" content=\"Marvel Entertainment, die Oculus Studios und Sanzaru Games haben auf der D23 Expo 2017, die am Wochenende stattgefunden&hellip;\" \/>\n<meta property=\"og:url\" content=\"https:\/\/vr-room.ch\/fr\/2017\/07\/17\/marvel-powers-united-vr-angekuendigt\/\" \/>\n<meta property=\"og:site_name\" content=\"Schweizer Virtual Reality News\" \/>\n<meta property=\"article:published_time\" content=\"2017-07-17T09:57:43+00:00\" \/>\n<meta property=\"article:modified_time\" content=\"2017-07-17T10:00:00+00:00\" \/>\n<meta property=\"og:image\" content=\"https:\/\/vr-room.ch\/wp-content\/uploads\/2017\/07\/MarvelPowersUnitedVR.jpg\" \/>\n\t<meta property=\"og:image:width\" content=\"1423\" \/>\n\t<meta property=\"og:image:height\" content=\"937\" \/>\n\t<meta property=\"og:image:type\" content=\"image\/jpeg\" \/>\n<meta name=\"author\" content=\"Michael\" \/>\n<meta name=\"twitter:card\" content=\"summary_large_image\" \/>\n<meta name=\"twitter:label1\" content=\"\u00c9crit par\" \/>\n\t<meta name=\"twitter:data1\" content=\"Michael\" \/>\n\t<meta name=\"twitter:label2\" content=\"Dur\u00e9e de lecture estim\u00e9e\" \/>\n\t<meta name=\"twitter:data2\" content=\"1 minute\" \/>\n<script type=\"application\/ld+json\" class=\"yoast-schema-graph\">{\"@context\":\"https:\\\/\\\/schema.org\",\"@graph\":[{\"@type\":\"Article\",\"@id\":\"https:\\\/\\\/vr-room.ch\\\/it\\\/2017\\\/07\\\/17\\\/marvel-powers-united-vr-angekuendigt\\\/#article\",\"isPartOf\":{\"@id\":\"https:\\\/\\\/vr-room.ch\\\/it\\\/2017\\\/07\\\/17\\\/marvel-powers-united-vr-angekuendigt\\\/\"},\"author\":{\"name\":\"Michael\",\"@id\":\"http:\\\/\\\/vr-room.ch\\\/en\\\/#\\\/schema\\\/person\\\/4022b4e1fba06681ac263b25c0f1e3d2\"},\"headline\":\"Marvel Powers United VR angek\u00fcndigt\",\"datePublished\":\"2017-07-17T09:57:43+00:00\",\"dateModified\":\"2017-07-17T10:00:00+00:00\",\"mainEntityOfPage\":{\"@id\":\"https:\\\/\\\/vr-room.ch\\\/it\\\/2017\\\/07\\\/17\\\/marvel-powers-united-vr-angekuendigt\\\/\"},\"wordCount\":176,\"commentCount\":0,\"image\":{\"@id\":\"https:\\\/\\\/vr-room.ch\\\/it\\\/2017\\\/07\\\/17\\\/marvel-powers-united-vr-angekuendigt\\\/#primaryimage\"},\"thumbnailUrl\":\"https:\\\/\\\/vr-room.ch\\\/wp-content\\\/uploads\\\/2017\\\/07\\\/MarvelPowersUnitedVR.jpg\",\"articleSection\":[\"Games\"],\"inLanguage\":\"fr-FR\",\"potentialAction\":[{\"@type\":\"CommentAction\",\"name\":\"Comment\",\"target\":[\"https:\\\/\\\/vr-room.ch\\\/it\\\/2017\\\/07\\\/17\\\/marvel-powers-united-vr-angekuendigt\\\/#respond\"]}]},{\"@type\":\"WebPage\",\"@id\":\"https:\\\/\\\/vr-room.ch\\\/it\\\/2017\\\/07\\\/17\\\/marvel-powers-united-vr-angekuendigt\\\/\",\"url\":\"https:\\\/\\\/vr-room.ch\\\/it\\\/2017\\\/07\\\/17\\\/marvel-powers-united-vr-angekuendigt\\\/\",\"name\":\"Marvel Powers United VR angek\u00fcndigt - Schweizer Virtual Reality News\",\"isPartOf\":{\"@id\":\"http:\\\/\\\/vr-room.ch\\\/en\\\/#website\"},\"primaryImageOfPage\":{\"@id\":\"https:\\\/\\\/vr-room.ch\\\/it\\\/2017\\\/07\\\/17\\\/marvel-powers-united-vr-angekuendigt\\\/#primaryimage\"},\"image\":{\"@id\":\"https:\\\/\\\/vr-room.ch\\\/it\\\/2017\\\/07\\\/17\\\/marvel-powers-united-vr-angekuendigt\\\/#primaryimage\"},\"thumbnailUrl\":\"https:\\\/\\\/vr-room.ch\\\/wp-content\\\/uploads\\\/2017\\\/07\\\/MarvelPowersUnitedVR.jpg\",\"datePublished\":\"2017-07-17T09:57:43+00:00\",\"dateModified\":\"2017-07-17T10:00:00+00:00\",\"author\":{\"@id\":\"http:\\\/\\\/vr-room.ch\\\/en\\\/#\\\/schema\\\/person\\\/4022b4e1fba06681ac263b25c0f1e3d2\"},\"breadcrumb\":{\"@id\":\"https:\\\/\\\/vr-room.ch\\\/it\\\/2017\\\/07\\\/17\\\/marvel-powers-united-vr-angekuendigt\\\/#breadcrumb\"},\"inLanguage\":\"fr-FR\",\"potentialAction\":[{\"@type\":\"ReadAction\",\"target\":[\"https:\\\/\\\/vr-room.ch\\\/it\\\/2017\\\/07\\\/17\\\/marvel-powers-united-vr-angekuendigt\\\/\"]}]},{\"@type\":\"ImageObject\",\"inLanguage\":\"fr-FR\",\"@id\":\"https:\\\/\\\/vr-room.ch\\\/it\\\/2017\\\/07\\\/17\\\/marvel-powers-united-vr-angekuendigt\\\/#primaryimage\",\"url\":\"https:\\\/\\\/vr-room.ch\\\/wp-content\\\/uploads\\\/2017\\\/07\\\/MarvelPowersUnitedVR.jpg\",\"contentUrl\":\"https:\\\/\\\/vr-room.ch\\\/wp-content\\\/uploads\\\/2017\\\/07\\\/MarvelPowersUnitedVR.jpg\",\"width\":1423,\"height\":937},{\"@type\":\"BreadcrumbList\",\"@id\":\"https:\\\/\\\/vr-room.ch\\\/it\\\/2017\\\/07\\\/17\\\/marvel-powers-united-vr-angekuendigt\\\/#breadcrumb\",\"itemListElement\":[{\"@type\":\"ListItem\",\"position\":1,\"name\":\"Startseite\",\"item\":\"http:\\\/\\\/vr-room.ch\\\/en\\\/\"},{\"@type\":\"ListItem\",\"position\":2,\"name\":\"Marvel Powers United VR angek\u00fcndigt\"}]},{\"@type\":\"WebSite\",\"@id\":\"http:\\\/\\\/vr-room.ch\\\/en\\\/#website\",\"url\":\"http:\\\/\\\/vr-room.ch\\\/en\\\/\",\"name\":\"Schweizer Virtual Reality News\",\"description\":\"\",\"potentialAction\":[{\"@type\":\"SearchAction\",\"target\":{\"@type\":\"EntryPoint\",\"urlTemplate\":\"http:\\\/\\\/vr-room.ch\\\/en\\\/?s={search_term_string}\"},\"query-input\":{\"@type\":\"PropertyValueSpecification\",\"valueRequired\":true,\"valueName\":\"search_term_string\"}}],\"inLanguage\":\"fr-FR\"},{\"@type\":\"Person\",\"@id\":\"http:\\\/\\\/vr-room.ch\\\/en\\\/#\\\/schema\\\/person\\\/4022b4e1fba06681ac263b25c0f1e3d2\",\"name\":\"Michael\",\"image\":{\"@type\":\"ImageObject\",\"inLanguage\":\"fr-FR\",\"@id\":\"https:\\\/\\\/vr-room.ch\\\/wp-content\\\/uploads\\\/2019\\\/05\\\/avatar_user_11_1558711168-96x96.jpg\",\"url\":\"https:\\\/\\\/vr-room.ch\\\/wp-content\\\/uploads\\\/2019\\\/05\\\/avatar_user_11_1558711168-96x96.jpg\",\"contentUrl\":\"https:\\\/\\\/vr-room.ch\\\/wp-content\\\/uploads\\\/2019\\\/05\\\/avatar_user_11_1558711168-96x96.jpg\",\"caption\":\"Michael\"},\"url\":\"https:\\\/\\\/vr-room.ch\\\/fr\\\/author\\\/michael\\\/\"}]}<\/script>\n<!-- \/ Yoast SEO plugin. -->","yoast_head_json":{"title":"Marvel Powers United VR angek\u00fcndigt - Schweizer Virtual Reality News","robots":{"index":"index","follow":"follow","max-snippet":"max-snippet:-1","max-image-preview":"max-image-preview:large","max-video-preview":"max-video-preview:-1"},"canonical":"https:\/\/vr-room.ch\/fr\/2017\/07\/17\/marvel-powers-united-vr-angekuendigt\/","og_locale":"fr_FR","og_type":"article","og_title":"Marvel Powers United VR angek\u00fcndigt - Schweizer Virtual Reality News","og_description":"Marvel Entertainment, die Oculus Studios und Sanzaru Games haben auf der D23 Expo 2017, die am Wochenende stattgefunden&hellip;","og_url":"https:\/\/vr-room.ch\/fr\/2017\/07\/17\/marvel-powers-united-vr-angekuendigt\/","og_site_name":"Schweizer Virtual Reality News","article_published_time":"2017-07-17T09:57:43+00:00","article_modified_time":"2017-07-17T10:00:00+00:00","og_image":[{"width":1423,"height":937,"url":"https:\/\/vr-room.ch\/wp-content\/uploads\/2017\/07\/MarvelPowersUnitedVR.jpg","type":"image\/jpeg"}],"author":"Michael","twitter_card":"summary_large_image","twitter_misc":{"\u00c9crit par":"Michael","Dur\u00e9e de lecture estim\u00e9e":"1 minute"},"schema":{"@context":"https:\/\/schema.org","@graph":[{"@type":"Article","@id":"https:\/\/vr-room.ch\/it\/2017\/07\/17\/marvel-powers-united-vr-angekuendigt\/#article","isPartOf":{"@id":"https:\/\/vr-room.ch\/it\/2017\/07\/17\/marvel-powers-united-vr-angekuendigt\/"},"author":{"name":"Michael","@id":"http:\/\/vr-room.ch\/en\/#\/schema\/person\/4022b4e1fba06681ac263b25c0f1e3d2"},"headline":"Marvel Powers United VR angek\u00fcndigt","datePublished":"2017-07-17T09:57:43+00:00","dateModified":"2017-07-17T10:00:00+00:00","mainEntityOfPage":{"@id":"https:\/\/vr-room.ch\/it\/2017\/07\/17\/marvel-powers-united-vr-angekuendigt\/"},"wordCount":176,"commentCount":0,"image":{"@id":"https:\/\/vr-room.ch\/it\/2017\/07\/17\/marvel-powers-united-vr-angekuendigt\/#primaryimage"},"thumbnailUrl":"https:\/\/vr-room.ch\/wp-content\/uploads\/2017\/07\/MarvelPowersUnitedVR.jpg","articleSection":["Games"],"inLanguage":"fr-FR","potentialAction":[{"@type":"CommentAction","name":"Comment","target":["https:\/\/vr-room.ch\/it\/2017\/07\/17\/marvel-powers-united-vr-angekuendigt\/#respond"]}]},{"@type":"WebPage","@id":"https:\/\/vr-room.ch\/it\/2017\/07\/17\/marvel-powers-united-vr-angekuendigt\/","url":"https:\/\/vr-room.ch\/it\/2017\/07\/17\/marvel-powers-united-vr-angekuendigt\/","name":"Marvel Powers United VR angek\u00fcndigt - Schweizer Virtual Reality News","isPartOf":{"@id":"http:\/\/vr-room.ch\/en\/#website"},"primaryImageOfPage":{"@id":"https:\/\/vr-room.ch\/it\/2017\/07\/17\/marvel-powers-united-vr-angekuendigt\/#primaryimage"},"image":{"@id":"https:\/\/vr-room.ch\/it\/2017\/07\/17\/marvel-powers-united-vr-angekuendigt\/#primaryimage"},"thumbnailUrl":"https:\/\/vr-room.ch\/wp-content\/uploads\/2017\/07\/MarvelPowersUnitedVR.jpg","datePublished":"2017-07-17T09:57:43+00:00","dateModified":"2017-07-17T10:00:00+00:00","author":{"@id":"http:\/\/vr-room.ch\/en\/#\/schema\/person\/4022b4e1fba06681ac263b25c0f1e3d2"},"breadcrumb":{"@id":"https:\/\/vr-room.ch\/it\/2017\/07\/17\/marvel-powers-united-vr-angekuendigt\/#breadcrumb"},"inLanguage":"fr-FR","potentialAction":[{"@type":"ReadAction","target":["https:\/\/vr-room.ch\/it\/2017\/07\/17\/marvel-powers-united-vr-angekuendigt\/"]}]},{"@type":"ImageObject","inLanguage":"fr-FR","@id":"https:\/\/vr-room.ch\/it\/2017\/07\/17\/marvel-powers-united-vr-angekuendigt\/#primaryimage","url":"https:\/\/vr-room.ch\/wp-content\/uploads\/2017\/07\/MarvelPowersUnitedVR.jpg","contentUrl":"https:\/\/vr-room.ch\/wp-content\/uploads\/2017\/07\/MarvelPowersUnitedVR.jpg","width":1423,"height":937},{"@type":"BreadcrumbList","@id":"https:\/\/vr-room.ch\/it\/2017\/07\/17\/marvel-powers-united-vr-angekuendigt\/#breadcrumb","itemListElement":[{"@type":"ListItem","position":1,"name":"Startseite","item":"http:\/\/vr-room.ch\/en\/"},{"@type":"ListItem","position":2,"name":"Marvel Powers United VR angek\u00fcndigt"}]},{"@type":"WebSite","@id":"http:\/\/vr-room.ch\/en\/#website","url":"http:\/\/vr-room.ch\/en\/","name":"Nouvelles de la r\u00e9alit\u00e9 virtuelle suisse","description":"","potentialAction":[{"@type":"SearchAction","target":{"@type":"EntryPoint","urlTemplate":"http:\/\/vr-room.ch\/en\/?s={search_term_string}"},"query-input":{"@type":"PropertyValueSpecification","valueRequired":true,"valueName":"search_term_string"}}],"inLanguage":"fr-FR"},{"@type":"Person","@id":"http:\/\/vr-room.ch\/en\/#\/schema\/person\/4022b4e1fba06681ac263b25c0f1e3d2","name":"Michael","image":{"@type":"ImageObject","inLanguage":"fr-FR","@id":"https:\/\/vr-room.ch\/wp-content\/uploads\/2019\/05\/avatar_user_11_1558711168-96x96.jpg","url":"https:\/\/vr-room.ch\/wp-content\/uploads\/2019\/05\/avatar_user_11_1558711168-96x96.jpg","contentUrl":"https:\/\/vr-room.ch\/wp-content\/uploads\/2019\/05\/avatar_user_11_1558711168-96x96.jpg","caption":"Michael"},"url":"https:\/\/vr-room.ch\/fr\/author\/michael\/"}]}},"_links":{"self":[{"href":"https:\/\/vr-room.ch\/fr\/wp-json\/wp\/v2\/posts\/6297","targetHints":{"allow":["GET"]}}],"collection":[{"href":"https:\/\/vr-room.ch\/fr\/wp-json\/wp\/v2\/posts"}],"about":[{"href":"https:\/\/vr-room.ch\/fr\/wp-json\/wp\/v2\/types\/post"}],"author":[{"embeddable":true,"href":"https:\/\/vr-room.ch\/fr\/wp-json\/wp\/v2\/users\/11"}],"replies":[{"embeddable":true,"href":"https:\/\/vr-room.ch\/fr\/wp-json\/wp\/v2\/comments?post=6297"}],"version-history":[{"count":0,"href":"https:\/\/vr-room.ch\/fr\/wp-json\/wp\/v2\/posts\/6297\/revisions"}],"wp:featuredmedia":[{"embeddable":true,"href":"https:\/\/vr-room.ch\/fr\/wp-json\/wp\/v2\/media\/6299"}],"wp:attachment":[{"href":"https:\/\/vr-room.ch\/fr\/wp-json\/wp\/v2\/media?parent=6297"}],"wp:term":[{"taxonomy":"category","embeddable":true,"href":"https:\/\/vr-room.ch\/fr\/wp-json\/wp\/v2\/categories?post=6297"},{"taxonomy":"post_tag","embeddable":true,"href":"https:\/\/vr-room.ch\/fr\/wp-json\/wp\/v2\/tags?post=6297"}],"curies":[{"name":"wp","href":"https:\/\/api.w.org\/{rel}","templated":true}]}}