{"id":5733,"date":"2017-06-09T07:15:21","date_gmt":"2017-06-09T07:15:21","guid":{"rendered":"http:\/\/vr-room.ch\/?p=5733"},"modified":"2017-06-02T09:43:03","modified_gmt":"2017-06-02T09:43:03","slug":"eine-stadt-wird-virtuell","status":"publish","type":"post","link":"https:\/\/vr-room.ch\/fr\/2017\/06\/09\/eine-stadt-wird-virtuell\/","title":{"rendered":"Une ville devient virtuelle."},"content":{"rendered":"<p>La capitale cantonale Liestal peut \u00eatre visit\u00e9e virtuellement depuis avril 2017. A l'occasion des travaux de transformation de la Rathausstrasse de mars \u00e0 d\u00e9cembre 2017, le KMU Liestal (kmu.li) a lanc\u00e9 l'action <a href=\"https:\/\/liestal-virtuell.ch\">D\u00e9fi pelleteuse<\/a> a vu le jour. Les visiteurs peuvent ainsi d\u00e9couvrir Liestal virtuellement et partir \u00e0 la chasse aux pelleteuses. Une pelleteuse jouet est cach\u00e9e dans 41 magasins, bureaux et entreprises. Celui qui trouve toutes les pelles m\u00e9caniques peut participer au concours.<\/p>\n<p><strong>Les bons d'achat PME suivants sont \u00e0 gagner :<br \/>\n<\/strong>1 x Fr. 300.-, 3 x Fr. 100.-, 8 x Fr. 50.-<\/p>\n<p>Le projet a \u00e9t\u00e9 mis en \u0153uvre par la <a href=\"http:\/\/www.berchtold-marketing.ch\">Berchtold Marketing GmbH <\/a>de Liestal, qui dispose d'une exp\u00e9rience de plusieurs ann\u00e9es dans le domaine de la r\u00e9alit\u00e9 virtuelle. Pour le projet, cent panoramas \u00e0 360\u00b0 ont \u00e9t\u00e9 pris, compos\u00e9s de 1386 photos individuelles. De plus, un concept de navigation a \u00e9t\u00e9 d\u00e9velopp\u00e9 afin que les visiteurs puissent se rep\u00e9rer rapidement dans l'environnement virtuel.<\/p>\n<p>Un autre point fort est le lien avec les m\u00e9dias sociaux. Outre les traditionnels boutons \"Partager\" et \"J'aime\", les visiteurs peuvent prendre des photos dans toute la ville et les diffuser directement par e-mail ou via Facebook et LinkedIn.<\/p>\n<p>L'action se poursuit jusqu'au 16 d\u00e9cembre 2017.<\/p>\n<div id='gallery-1' class='gallery galleryid-5733 gallery-columns-3 gallery-size-thumbnail'><figure class='gallery-item'>\n\t\t\t<div class='gallery-icon landscape'>\n\t\t\t\t<a href='https:\/\/vr-room.ch\/fr\/2017\/06\/09\/eine-stadt-wird-virtuell\/screenshot-21\/'><img loading=\"lazy\" decoding=\"async\" width=\"150\" height=\"150\" src=\"https:\/\/vr-room.ch\/wp-content\/uploads\/2017\/06\/Screenshot-21-150x150.png\" class=\"attachment-thumbnail size-thumbnail\" alt=\"\" srcset=\"https:\/\/vr-room.ch\/wp-content\/uploads\/2017\/06\/Screenshot-21-150x150.png 150w, https:\/\/vr-room.ch\/wp-content\/uploads\/2017\/06\/Screenshot-21-730x730.png 730w, https:\/\/vr-room.ch\/wp-content\/uploads\/2017\/06\/Screenshot-21-539x538.png 539w, https:\/\/vr-room.ch\/wp-content\/uploads\/2017\/06\/Screenshot-21-350x350.png 350w, https:\/\/vr-room.ch\/wp-content\/uploads\/2017\/06\/Screenshot-21-254x254.png 254w, https:\/\/vr-room.ch\/wp-content\/uploads\/2017\/06\/Screenshot-21-125x125.png 125w\" sizes=\"auto, (max-width: 150px) 100vw, 150px\" \/><\/a>\n\t\t\t<\/div><\/figure><figure class='gallery-item'>\n\t\t\t<div class='gallery-icon landscape'>\n\t\t\t\t<a href='https:\/\/vr-room.ch\/fr\/2017\/06\/09\/eine-stadt-wird-virtuell\/screenshot-11\/'><img loading=\"lazy\" decoding=\"async\" width=\"150\" height=\"150\" src=\"https:\/\/vr-room.ch\/wp-content\/uploads\/2017\/06\/Screenshot-11-150x150.png\" class=\"attachment-thumbnail size-thumbnail\" alt=\"\" srcset=\"https:\/\/vr-room.ch\/wp-content\/uploads\/2017\/06\/Screenshot-11-150x150.png 150w, https:\/\/vr-room.ch\/wp-content\/uploads\/2017\/06\/Screenshot-11-730x730.png 730w, https:\/\/vr-room.ch\/wp-content\/uploads\/2017\/06\/Screenshot-11-539x538.png 539w, https:\/\/vr-room.ch\/wp-content\/uploads\/2017\/06\/Screenshot-11-350x350.png 350w, https:\/\/vr-room.ch\/wp-content\/uploads\/2017\/06\/Screenshot-11-254x254.png 254w, https:\/\/vr-room.ch\/wp-content\/uploads\/2017\/06\/Screenshot-11-125x125.png 125w\" sizes=\"auto, (max-width: 150px) 100vw, 150px\" \/><\/a>\n\t\t\t<\/div><\/figure><figure class='gallery-item'>\n\t\t\t<div class='gallery-icon landscape'>\n\t\t\t\t<a href='https:\/\/vr-room.ch\/fr\/2017\/06\/09\/eine-stadt-wird-virtuell\/screenshot-31\/'><img loading=\"lazy\" decoding=\"async\" width=\"150\" height=\"150\" src=\"https:\/\/vr-room.ch\/wp-content\/uploads\/2017\/06\/Screenshot-31-150x150.png\" class=\"attachment-thumbnail size-thumbnail\" alt=\"\" srcset=\"https:\/\/vr-room.ch\/wp-content\/uploads\/2017\/06\/Screenshot-31-150x150.png 150w, https:\/\/vr-room.ch\/wp-content\/uploads\/2017\/06\/Screenshot-31-730x730.png 730w, https:\/\/vr-room.ch\/wp-content\/uploads\/2017\/06\/Screenshot-31-539x538.png 539w, https:\/\/vr-room.ch\/wp-content\/uploads\/2017\/06\/Screenshot-31-350x350.png 350w, https:\/\/vr-room.ch\/wp-content\/uploads\/2017\/06\/Screenshot-31-254x254.png 254w, https:\/\/vr-room.ch\/wp-content\/uploads\/2017\/06\/Screenshot-31-125x125.png 125w\" sizes=\"auto, (max-width: 150px) 100vw, 150px\" \/><\/a>\n\t\t\t<\/div><\/figure><figure class='gallery-item'>\n\t\t\t<div class='gallery-icon landscape'>\n\t\t\t\t<a href='https:\/\/vr-room.ch\/fr\/2017\/06\/09\/eine-stadt-wird-virtuell\/screenshot-41\/'><img loading=\"lazy\" decoding=\"async\" width=\"150\" height=\"150\" src=\"https:\/\/vr-room.ch\/wp-content\/uploads\/2017\/06\/Screenshot-41-150x150.png\" class=\"attachment-thumbnail size-thumbnail\" alt=\"\" srcset=\"https:\/\/vr-room.ch\/wp-content\/uploads\/2017\/06\/Screenshot-41-150x150.png 150w, https:\/\/vr-room.ch\/wp-content\/uploads\/2017\/06\/Screenshot-41-730x730.png 730w, https:\/\/vr-room.ch\/wp-content\/uploads\/2017\/06\/Screenshot-41-539x538.png 539w, https:\/\/vr-room.ch\/wp-content\/uploads\/2017\/06\/Screenshot-41-350x350.png 350w, https:\/\/vr-room.ch\/wp-content\/uploads\/2017\/06\/Screenshot-41-254x254.png 254w, https:\/\/vr-room.ch\/wp-content\/uploads\/2017\/06\/Screenshot-41-125x125.png 125w\" sizes=\"auto, (max-width: 150px) 100vw, 150px\" \/><\/a>\n\t\t\t<\/div><\/figure>\n\t\t<\/div>\n\n<p>Source : communiqu\u00e9 de presse<\/p>","protected":false},"excerpt":{"rendered":"La capitale cantonale Liestal peut \u00eatre visit\u00e9e virtuellement depuis avril 2017. A l'occasion des travaux de transformation de la Rathausstrasse de mars \u00e0 d\u00e9cembre...","protected":false},"author":12,"featured_media":5734,"comment_status":"open","ping_status":"open","sticky":false,"template":"","format":"standard","meta":{"footnotes":""},"categories":[68],"tags":[],"class_list":{"0":"post-5733","1":"post","2":"type-post","3":"status-publish","4":"format-standard","5":"has-post-thumbnail","7":"category-virtual-reality-schweiz","8":"cs-entry","9":"cs-video-wrap"},"yoast_head":"<!-- This site is optimized with the Yoast SEO plugin v27.4 - https:\/\/yoast.com\/product\/yoast-seo-wordpress\/ -->\n<title>Eine Stadt wird virtuell. - Schweizer Virtual Reality News<\/title>\n<meta name=\"robots\" content=\"index, follow, max-snippet:-1, max-image-preview:large, max-video-preview:-1\" \/>\n<link rel=\"canonical\" href=\"http:\/\/vr-room.ch\/fr\/2017\/06\/09\/eine-stadt-wird-virtuell\/\" \/>\n<meta property=\"og:locale\" content=\"fr_FR\" \/>\n<meta property=\"og:type\" content=\"article\" \/>\n<meta property=\"og:title\" content=\"Eine Stadt wird virtuell. - Schweizer Virtual Reality News\" \/>\n<meta property=\"og:description\" content=\"Die Kantonshauptstadt Liestal ist seit April 2017 virtuell besuchbar. Anl\u00e4sslich des Umbaus der Rathausstrasse von M\u00e4rz bis Dezember&hellip;\" \/>\n<meta property=\"og:url\" content=\"http:\/\/vr-room.ch\/fr\/2017\/06\/09\/eine-stadt-wird-virtuell\/\" \/>\n<meta property=\"og:site_name\" content=\"Schweizer Virtual Reality News\" \/>\n<meta property=\"article:published_time\" content=\"2017-06-09T07:15:21+00:00\" \/>\n<meta property=\"og:image\" content=\"https:\/\/vr-room.ch\/wp-content\/uploads\/2017\/06\/Bagger-Challenge-Teilnehmer1-scaled.jpg\" \/>\n\t<meta property=\"og:image:width\" content=\"2560\" \/>\n\t<meta property=\"og:image:height\" content=\"2560\" \/>\n\t<meta property=\"og:image:type\" content=\"image\/jpeg\" \/>\n<meta name=\"author\" content=\"Nathalie\" \/>\n<meta name=\"twitter:card\" content=\"summary_large_image\" \/>\n<meta name=\"twitter:label1\" content=\"\u00c9crit par\" \/>\n\t<meta name=\"twitter:data1\" content=\"Nathalie\" \/>\n\t<meta name=\"twitter:label2\" content=\"Dur\u00e9e de lecture estim\u00e9e\" \/>\n\t<meta name=\"twitter:data2\" content=\"1 minute\" \/>\n<script type=\"application\/ld+json\" class=\"yoast-schema-graph\">{\"@context\":\"https:\\\/\\\/schema.org\",\"@graph\":[{\"@type\":\"Article\",\"@id\":\"http:\\\/\\\/vr-room.ch\\\/fr\\\/2017\\\/06\\\/09\\\/eine-stadt-wird-virtuell\\\/#article\",\"isPartOf\":{\"@id\":\"http:\\\/\\\/vr-room.ch\\\/fr\\\/2017\\\/06\\\/09\\\/eine-stadt-wird-virtuell\\\/\"},\"author\":{\"name\":\"Nathalie\",\"@id\":\"http:\\\/\\\/vr-room.ch\\\/en\\\/#\\\/schema\\\/person\\\/1a03b3a6ced429fb4831f60fa2b37599\"},\"headline\":\"Eine Stadt wird virtuell.\",\"datePublished\":\"2017-06-09T07:15:21+00:00\",\"mainEntityOfPage\":{\"@id\":\"http:\\\/\\\/vr-room.ch\\\/fr\\\/2017\\\/06\\\/09\\\/eine-stadt-wird-virtuell\\\/\"},\"wordCount\":188,\"commentCount\":0,\"image\":{\"@id\":\"http:\\\/\\\/vr-room.ch\\\/fr\\\/2017\\\/06\\\/09\\\/eine-stadt-wird-virtuell\\\/#primaryimage\"},\"thumbnailUrl\":\"https:\\\/\\\/vr-room.ch\\\/wp-content\\\/uploads\\\/2017\\\/06\\\/Bagger-Challenge-Teilnehmer1-scaled.jpg\",\"articleSection\":[\"Schweiz\"],\"inLanguage\":\"fr-FR\",\"potentialAction\":[{\"@type\":\"CommentAction\",\"name\":\"Comment\",\"target\":[\"http:\\\/\\\/vr-room.ch\\\/fr\\\/2017\\\/06\\\/09\\\/eine-stadt-wird-virtuell\\\/#respond\"]}]},{\"@type\":\"WebPage\",\"@id\":\"http:\\\/\\\/vr-room.ch\\\/fr\\\/2017\\\/06\\\/09\\\/eine-stadt-wird-virtuell\\\/\",\"url\":\"http:\\\/\\\/vr-room.ch\\\/fr\\\/2017\\\/06\\\/09\\\/eine-stadt-wird-virtuell\\\/\",\"name\":\"Eine Stadt wird virtuell. - Schweizer Virtual Reality News\",\"isPartOf\":{\"@id\":\"http:\\\/\\\/vr-room.ch\\\/en\\\/#website\"},\"primaryImageOfPage\":{\"@id\":\"http:\\\/\\\/vr-room.ch\\\/fr\\\/2017\\\/06\\\/09\\\/eine-stadt-wird-virtuell\\\/#primaryimage\"},\"image\":{\"@id\":\"http:\\\/\\\/vr-room.ch\\\/fr\\\/2017\\\/06\\\/09\\\/eine-stadt-wird-virtuell\\\/#primaryimage\"},\"thumbnailUrl\":\"https:\\\/\\\/vr-room.ch\\\/wp-content\\\/uploads\\\/2017\\\/06\\\/Bagger-Challenge-Teilnehmer1-scaled.jpg\",\"datePublished\":\"2017-06-09T07:15:21+00:00\",\"author\":{\"@id\":\"http:\\\/\\\/vr-room.ch\\\/en\\\/#\\\/schema\\\/person\\\/1a03b3a6ced429fb4831f60fa2b37599\"},\"breadcrumb\":{\"@id\":\"http:\\\/\\\/vr-room.ch\\\/fr\\\/2017\\\/06\\\/09\\\/eine-stadt-wird-virtuell\\\/#breadcrumb\"},\"inLanguage\":\"fr-FR\",\"potentialAction\":[{\"@type\":\"ReadAction\",\"target\":[\"http:\\\/\\\/vr-room.ch\\\/fr\\\/2017\\\/06\\\/09\\\/eine-stadt-wird-virtuell\\\/\"]}]},{\"@type\":\"ImageObject\",\"inLanguage\":\"fr-FR\",\"@id\":\"http:\\\/\\\/vr-room.ch\\\/fr\\\/2017\\\/06\\\/09\\\/eine-stadt-wird-virtuell\\\/#primaryimage\",\"url\":\"https:\\\/\\\/vr-room.ch\\\/wp-content\\\/uploads\\\/2017\\\/06\\\/Bagger-Challenge-Teilnehmer1-scaled.jpg\",\"contentUrl\":\"https:\\\/\\\/vr-room.ch\\\/wp-content\\\/uploads\\\/2017\\\/06\\\/Bagger-Challenge-Teilnehmer1-scaled.jpg\",\"width\":2560,\"height\":2560},{\"@type\":\"BreadcrumbList\",\"@id\":\"http:\\\/\\\/vr-room.ch\\\/fr\\\/2017\\\/06\\\/09\\\/eine-stadt-wird-virtuell\\\/#breadcrumb\",\"itemListElement\":[{\"@type\":\"ListItem\",\"position\":1,\"name\":\"Startseite\",\"item\":\"http:\\\/\\\/vr-room.ch\\\/en\\\/\"},{\"@type\":\"ListItem\",\"position\":2,\"name\":\"Eine Stadt wird virtuell.\"}]},{\"@type\":\"WebSite\",\"@id\":\"http:\\\/\\\/vr-room.ch\\\/en\\\/#website\",\"url\":\"http:\\\/\\\/vr-room.ch\\\/en\\\/\",\"name\":\"Schweizer Virtual Reality News\",\"description\":\"\",\"potentialAction\":[{\"@type\":\"SearchAction\",\"target\":{\"@type\":\"EntryPoint\",\"urlTemplate\":\"http:\\\/\\\/vr-room.ch\\\/en\\\/?s={search_term_string}\"},\"query-input\":{\"@type\":\"PropertyValueSpecification\",\"valueRequired\":true,\"valueName\":\"search_term_string\"}}],\"inLanguage\":\"fr-FR\"},{\"@type\":\"Person\",\"@id\":\"http:\\\/\\\/vr-room.ch\\\/en\\\/#\\\/schema\\\/person\\\/1a03b3a6ced429fb4831f60fa2b37599\",\"name\":\"Nathalie\",\"image\":{\"@type\":\"ImageObject\",\"inLanguage\":\"fr-FR\",\"@id\":\"https:\\\/\\\/vr-room.ch\\\/wp-content\\\/uploads\\\/2017\\\/01\\\/avatar_user_12_1484159890-96x96.jpg\",\"url\":\"https:\\\/\\\/vr-room.ch\\\/wp-content\\\/uploads\\\/2017\\\/01\\\/avatar_user_12_1484159890-96x96.jpg\",\"contentUrl\":\"https:\\\/\\\/vr-room.ch\\\/wp-content\\\/uploads\\\/2017\\\/01\\\/avatar_user_12_1484159890-96x96.jpg\",\"caption\":\"Nathalie\"},\"url\":\"https:\\\/\\\/vr-room.ch\\\/fr\\\/author\\\/nathalie\\\/\"}]}<\/script>\n<!-- \/ Yoast SEO plugin. -->","yoast_head_json":{"title":"Eine Stadt wird virtuell. - Schweizer Virtual Reality News","robots":{"index":"index","follow":"follow","max-snippet":"max-snippet:-1","max-image-preview":"max-image-preview:large","max-video-preview":"max-video-preview:-1"},"canonical":"http:\/\/vr-room.ch\/fr\/2017\/06\/09\/eine-stadt-wird-virtuell\/","og_locale":"fr_FR","og_type":"article","og_title":"Eine Stadt wird virtuell. - Schweizer Virtual Reality News","og_description":"Die Kantonshauptstadt Liestal ist seit April 2017 virtuell besuchbar. Anl\u00e4sslich des Umbaus der Rathausstrasse von M\u00e4rz bis Dezember&hellip;","og_url":"http:\/\/vr-room.ch\/fr\/2017\/06\/09\/eine-stadt-wird-virtuell\/","og_site_name":"Schweizer Virtual Reality News","article_published_time":"2017-06-09T07:15:21+00:00","og_image":[{"width":2560,"height":2560,"url":"https:\/\/vr-room.ch\/wp-content\/uploads\/2017\/06\/Bagger-Challenge-Teilnehmer1-scaled.jpg","type":"image\/jpeg"}],"author":"Nathalie","twitter_card":"summary_large_image","twitter_misc":{"\u00c9crit par":"Nathalie","Dur\u00e9e de lecture estim\u00e9e":"1 minute"},"schema":{"@context":"https:\/\/schema.org","@graph":[{"@type":"Article","@id":"http:\/\/vr-room.ch\/fr\/2017\/06\/09\/eine-stadt-wird-virtuell\/#article","isPartOf":{"@id":"http:\/\/vr-room.ch\/fr\/2017\/06\/09\/eine-stadt-wird-virtuell\/"},"author":{"name":"Nathalie","@id":"http:\/\/vr-room.ch\/en\/#\/schema\/person\/1a03b3a6ced429fb4831f60fa2b37599"},"headline":"Eine Stadt wird virtuell.","datePublished":"2017-06-09T07:15:21+00:00","mainEntityOfPage":{"@id":"http:\/\/vr-room.ch\/fr\/2017\/06\/09\/eine-stadt-wird-virtuell\/"},"wordCount":188,"commentCount":0,"image":{"@id":"http:\/\/vr-room.ch\/fr\/2017\/06\/09\/eine-stadt-wird-virtuell\/#primaryimage"},"thumbnailUrl":"https:\/\/vr-room.ch\/wp-content\/uploads\/2017\/06\/Bagger-Challenge-Teilnehmer1-scaled.jpg","articleSection":["Schweiz"],"inLanguage":"fr-FR","potentialAction":[{"@type":"CommentAction","name":"Comment","target":["http:\/\/vr-room.ch\/fr\/2017\/06\/09\/eine-stadt-wird-virtuell\/#respond"]}]},{"@type":"WebPage","@id":"http:\/\/vr-room.ch\/fr\/2017\/06\/09\/eine-stadt-wird-virtuell\/","url":"http:\/\/vr-room.ch\/fr\/2017\/06\/09\/eine-stadt-wird-virtuell\/","name":"Eine Stadt wird virtuell. - Schweizer Virtual Reality News","isPartOf":{"@id":"http:\/\/vr-room.ch\/en\/#website"},"primaryImageOfPage":{"@id":"http:\/\/vr-room.ch\/fr\/2017\/06\/09\/eine-stadt-wird-virtuell\/#primaryimage"},"image":{"@id":"http:\/\/vr-room.ch\/fr\/2017\/06\/09\/eine-stadt-wird-virtuell\/#primaryimage"},"thumbnailUrl":"https:\/\/vr-room.ch\/wp-content\/uploads\/2017\/06\/Bagger-Challenge-Teilnehmer1-scaled.jpg","datePublished":"2017-06-09T07:15:21+00:00","author":{"@id":"http:\/\/vr-room.ch\/en\/#\/schema\/person\/1a03b3a6ced429fb4831f60fa2b37599"},"breadcrumb":{"@id":"http:\/\/vr-room.ch\/fr\/2017\/06\/09\/eine-stadt-wird-virtuell\/#breadcrumb"},"inLanguage":"fr-FR","potentialAction":[{"@type":"ReadAction","target":["http:\/\/vr-room.ch\/fr\/2017\/06\/09\/eine-stadt-wird-virtuell\/"]}]},{"@type":"ImageObject","inLanguage":"fr-FR","@id":"http:\/\/vr-room.ch\/fr\/2017\/06\/09\/eine-stadt-wird-virtuell\/#primaryimage","url":"https:\/\/vr-room.ch\/wp-content\/uploads\/2017\/06\/Bagger-Challenge-Teilnehmer1-scaled.jpg","contentUrl":"https:\/\/vr-room.ch\/wp-content\/uploads\/2017\/06\/Bagger-Challenge-Teilnehmer1-scaled.jpg","width":2560,"height":2560},{"@type":"BreadcrumbList","@id":"http:\/\/vr-room.ch\/fr\/2017\/06\/09\/eine-stadt-wird-virtuell\/#breadcrumb","itemListElement":[{"@type":"ListItem","position":1,"name":"Startseite","item":"http:\/\/vr-room.ch\/en\/"},{"@type":"ListItem","position":2,"name":"Eine Stadt wird virtuell."}]},{"@type":"WebSite","@id":"http:\/\/vr-room.ch\/en\/#website","url":"http:\/\/vr-room.ch\/en\/","name":"Nouvelles de la r\u00e9alit\u00e9 virtuelle suisse","description":"","potentialAction":[{"@type":"SearchAction","target":{"@type":"EntryPoint","urlTemplate":"http:\/\/vr-room.ch\/en\/?s={search_term_string}"},"query-input":{"@type":"PropertyValueSpecification","valueRequired":true,"valueName":"search_term_string"}}],"inLanguage":"fr-FR"},{"@type":"Person","@id":"http:\/\/vr-room.ch\/en\/#\/schema\/person\/1a03b3a6ced429fb4831f60fa2b37599","name":"Nathalie","image":{"@type":"ImageObject","inLanguage":"fr-FR","@id":"https:\/\/vr-room.ch\/wp-content\/uploads\/2017\/01\/avatar_user_12_1484159890-96x96.jpg","url":"https:\/\/vr-room.ch\/wp-content\/uploads\/2017\/01\/avatar_user_12_1484159890-96x96.jpg","contentUrl":"https:\/\/vr-room.ch\/wp-content\/uploads\/2017\/01\/avatar_user_12_1484159890-96x96.jpg","caption":"Nathalie"},"url":"https:\/\/vr-room.ch\/fr\/author\/nathalie\/"}]}},"_links":{"self":[{"href":"https:\/\/vr-room.ch\/fr\/wp-json\/wp\/v2\/posts\/5733","targetHints":{"allow":["GET"]}}],"collection":[{"href":"https:\/\/vr-room.ch\/fr\/wp-json\/wp\/v2\/posts"}],"about":[{"href":"https:\/\/vr-room.ch\/fr\/wp-json\/wp\/v2\/types\/post"}],"author":[{"embeddable":true,"href":"https:\/\/vr-room.ch\/fr\/wp-json\/wp\/v2\/users\/12"}],"replies":[{"embeddable":true,"href":"https:\/\/vr-room.ch\/fr\/wp-json\/wp\/v2\/comments?post=5733"}],"version-history":[{"count":0,"href":"https:\/\/vr-room.ch\/fr\/wp-json\/wp\/v2\/posts\/5733\/revisions"}],"wp:featuredmedia":[{"embeddable":true,"href":"https:\/\/vr-room.ch\/fr\/wp-json\/wp\/v2\/media\/5734"}],"wp:attachment":[{"href":"https:\/\/vr-room.ch\/fr\/wp-json\/wp\/v2\/media?parent=5733"}],"wp:term":[{"taxonomy":"category","embeddable":true,"href":"https:\/\/vr-room.ch\/fr\/wp-json\/wp\/v2\/categories?post=5733"},{"taxonomy":"post_tag","embeddable":true,"href":"https:\/\/vr-room.ch\/fr\/wp-json\/wp\/v2\/tags?post=5733"}],"curies":[{"name":"wp","href":"https:\/\/api.w.org\/{rel}","templated":true}]}}