{"id":5672,"date":"2017-05-27T18:49:02","date_gmt":"2017-05-27T18:49:02","guid":{"rendered":"http:\/\/vr-room.ch\/?p=5672"},"modified":"2017-05-27T18:52:32","modified_gmt":"2017-05-27T18:52:32","slug":"videorueckblick-auf-die-fantasy-basel","status":"publish","type":"post","link":"https:\/\/vr-room.ch\/fr\/2017\/05\/27\/videorueckblick-auf-die-fantasy-basel\/","title":{"rendered":"VRROOM Vid\u00e9o r\u00e9trospective de Fantasy Basel"},"content":{"rendered":"<p>Es ist unglaublich, aber war. Die Fantasy Basel ist jetzt doch schon einen Monat her. Der Event hat alle Erwartungen \u00fcbertroffen. So besuchten 43000 Besucher die Messe an den 3 Tagen. Es gab unglaublich viel zu sehen. Dabei ist uns vor allem die Vielfalt und Qualit\u00e4t der vielen Kost\u00fcme der Besucher aufgefallen. Unglaublich wie viel M\u00fche sich die Cosplayer gegeben haben. Einige davon seht ihr in unserem Video. Nat\u00fcrlich gab es auch viel VR auszuprobieren. Bei unserem Stand haben wir die verschiedenen Facetten von VR mit Schweizer Firmen aufgezeigt. &#8218;Click on&#8216; zeigte, wie man L\u00f6sungen f\u00fcr Hololens schaffen und einsetzen kann, &#8218;Kenzan Studios&#8216; pr\u00e4sentierten ihre neusten Spiele und Manu Weiss zeigte mit ihren K\u00fcnstlern den kreativen Einsatz von VR. Es war ein toller Event und wir freuen uns schon auf das n\u00e4chste Jahr.<\/p>\n<p>Voici maintenant la r\u00e9trospective vid\u00e9o du m\u00e9ga-\u00e9v\u00e9nement.<\/p>\n<p><iframe loading=\"lazy\" title=\"VRROOM Fantasy B\u00e2le 2017\" width=\"1200\" height=\"675\" src=\"https:\/\/www.youtube.com\/embed\/RZXj_jpCofU?feature=oembed\" frameborder=\"0\" allow=\"accelerometer; autoplay; clipboard-write; encrypted-media; gyroscope; picture-in-picture\" allowfullscreen><\/iframe><\/p>\n<p>&nbsp;<\/p>","protected":false},"excerpt":{"rendered":"C'est incroyable, mais c'est vrai. Cela fait tout de m\u00eame un mois que Fantasy Basel a eu lieu. L'\u00e9v\u00e9nement a...","protected":false},"author":2,"featured_media":5678,"comment_status":"open","ping_status":"open","sticky":false,"template":"","format":"standard","meta":{"footnotes":""},"categories":[100,68],"tags":[],"class_list":{"0":"post-5672","1":"post","2":"type-post","3":"status-publish","4":"format-standard","5":"has-post-thumbnail","7":"category-events","8":"category-virtual-reality-schweiz","9":"cs-entry","10":"cs-video-wrap"},"yoast_head":"<!-- This site is optimized with the Yoast SEO plugin v27.4 - https:\/\/yoast.com\/product\/yoast-seo-wordpress\/ -->\n<title>VRROOM Video-R\u00fcckblick auf die Fantasy Basel - Schweizer Virtual Reality News<\/title>\n<meta name=\"robots\" content=\"index, follow, max-snippet:-1, max-image-preview:large, max-video-preview:-1\" \/>\n<link rel=\"canonical\" href=\"http:\/\/vr-room.ch\/fr\/2017\/05\/27\/videorueckblick-auf-die-fantasy-basel\/\" \/>\n<meta property=\"og:locale\" content=\"fr_FR\" \/>\n<meta property=\"og:type\" content=\"article\" \/>\n<meta property=\"og:title\" content=\"VRROOM Video-R\u00fcckblick auf die Fantasy Basel - Schweizer Virtual Reality News\" \/>\n<meta property=\"og:description\" content=\"Es ist unglaublich, aber war. Die Fantasy Basel ist jetzt doch schon einen Monat her. Der Event hat&hellip;\" \/>\n<meta property=\"og:url\" content=\"http:\/\/vr-room.ch\/fr\/2017\/05\/27\/videorueckblick-auf-die-fantasy-basel\/\" \/>\n<meta property=\"og:site_name\" content=\"Schweizer Virtual Reality News\" \/>\n<meta property=\"article:published_time\" content=\"2017-05-27T18:49:02+00:00\" \/>\n<meta property=\"article:modified_time\" content=\"2017-05-27T18:52:32+00:00\" \/>\n<meta property=\"og:image\" content=\"https:\/\/vr-room.ch\/wp-content\/uploads\/2017\/05\/Fantasy.jpg\" \/>\n\t<meta property=\"og:image:width\" content=\"867\" \/>\n\t<meta property=\"og:image:height\" content=\"489\" \/>\n\t<meta property=\"og:image:type\" content=\"image\/jpeg\" \/>\n<meta name=\"author\" content=\"Sascha\" \/>\n<meta name=\"twitter:card\" content=\"summary_large_image\" \/>\n<meta name=\"twitter:label1\" content=\"\u00c9crit par\" \/>\n\t<meta name=\"twitter:data1\" content=\"Sascha\" \/>\n\t<meta name=\"twitter:label2\" content=\"Dur\u00e9e de lecture estim\u00e9e\" \/>\n\t<meta name=\"twitter:data2\" content=\"1 minute\" \/>\n<script type=\"application\/ld+json\" class=\"yoast-schema-graph\">{\"@context\":\"https:\\\/\\\/schema.org\",\"@graph\":[{\"@type\":\"Article\",\"@id\":\"http:\\\/\\\/vr-room.ch\\\/en\\\/2017\\\/05\\\/27\\\/videorueckblick-auf-die-fantasy-basel\\\/#article\",\"isPartOf\":{\"@id\":\"http:\\\/\\\/vr-room.ch\\\/en\\\/2017\\\/05\\\/27\\\/videorueckblick-auf-die-fantasy-basel\\\/\"},\"author\":{\"name\":\"Sascha\",\"@id\":\"http:\\\/\\\/vr-room.ch\\\/en\\\/#\\\/schema\\\/person\\\/293e661a980709559283b39ebfb74758\"},\"headline\":\"VRROOM Video-R\u00fcckblick auf die Fantasy Basel\",\"datePublished\":\"2017-05-27T18:49:02+00:00\",\"dateModified\":\"2017-05-27T18:52:32+00:00\",\"mainEntityOfPage\":{\"@id\":\"http:\\\/\\\/vr-room.ch\\\/en\\\/2017\\\/05\\\/27\\\/videorueckblick-auf-die-fantasy-basel\\\/\"},\"wordCount\":161,\"commentCount\":0,\"image\":{\"@id\":\"http:\\\/\\\/vr-room.ch\\\/en\\\/2017\\\/05\\\/27\\\/videorueckblick-auf-die-fantasy-basel\\\/#primaryimage\"},\"thumbnailUrl\":\"https:\\\/\\\/vr-room.ch\\\/wp-content\\\/uploads\\\/2017\\\/05\\\/Fantasy.jpg\",\"articleSection\":[\"Events\",\"Schweiz\"],\"inLanguage\":\"fr-FR\",\"potentialAction\":[{\"@type\":\"CommentAction\",\"name\":\"Comment\",\"target\":[\"http:\\\/\\\/vr-room.ch\\\/en\\\/2017\\\/05\\\/27\\\/videorueckblick-auf-die-fantasy-basel\\\/#respond\"]}]},{\"@type\":\"WebPage\",\"@id\":\"http:\\\/\\\/vr-room.ch\\\/en\\\/2017\\\/05\\\/27\\\/videorueckblick-auf-die-fantasy-basel\\\/\",\"url\":\"http:\\\/\\\/vr-room.ch\\\/en\\\/2017\\\/05\\\/27\\\/videorueckblick-auf-die-fantasy-basel\\\/\",\"name\":\"VRROOM Video-R\u00fcckblick auf die Fantasy Basel - Schweizer Virtual Reality News\",\"isPartOf\":{\"@id\":\"http:\\\/\\\/vr-room.ch\\\/en\\\/#website\"},\"primaryImageOfPage\":{\"@id\":\"http:\\\/\\\/vr-room.ch\\\/en\\\/2017\\\/05\\\/27\\\/videorueckblick-auf-die-fantasy-basel\\\/#primaryimage\"},\"image\":{\"@id\":\"http:\\\/\\\/vr-room.ch\\\/en\\\/2017\\\/05\\\/27\\\/videorueckblick-auf-die-fantasy-basel\\\/#primaryimage\"},\"thumbnailUrl\":\"https:\\\/\\\/vr-room.ch\\\/wp-content\\\/uploads\\\/2017\\\/05\\\/Fantasy.jpg\",\"datePublished\":\"2017-05-27T18:49:02+00:00\",\"dateModified\":\"2017-05-27T18:52:32+00:00\",\"author\":{\"@id\":\"http:\\\/\\\/vr-room.ch\\\/en\\\/#\\\/schema\\\/person\\\/293e661a980709559283b39ebfb74758\"},\"breadcrumb\":{\"@id\":\"http:\\\/\\\/vr-room.ch\\\/en\\\/2017\\\/05\\\/27\\\/videorueckblick-auf-die-fantasy-basel\\\/#breadcrumb\"},\"inLanguage\":\"fr-FR\",\"potentialAction\":[{\"@type\":\"ReadAction\",\"target\":[\"http:\\\/\\\/vr-room.ch\\\/en\\\/2017\\\/05\\\/27\\\/videorueckblick-auf-die-fantasy-basel\\\/\"]}]},{\"@type\":\"ImageObject\",\"inLanguage\":\"fr-FR\",\"@id\":\"http:\\\/\\\/vr-room.ch\\\/en\\\/2017\\\/05\\\/27\\\/videorueckblick-auf-die-fantasy-basel\\\/#primaryimage\",\"url\":\"https:\\\/\\\/vr-room.ch\\\/wp-content\\\/uploads\\\/2017\\\/05\\\/Fantasy.jpg\",\"contentUrl\":\"https:\\\/\\\/vr-room.ch\\\/wp-content\\\/uploads\\\/2017\\\/05\\\/Fantasy.jpg\",\"width\":867,\"height\":489,\"caption\":\"Cosplayers pose at the Fantasy Basel 2016 - The Swiss Comic Con, in Basel, Switzerland, on Thursday May 5, 2016. The festival covers 30'000 square meters across five halls, with around 200 stands, shows, artist tables and activities ranging from games and game design to comics, cosplay, film and TV series. (KEYSTONE\\\/Georgios Kefalas)\"},{\"@type\":\"BreadcrumbList\",\"@id\":\"http:\\\/\\\/vr-room.ch\\\/en\\\/2017\\\/05\\\/27\\\/videorueckblick-auf-die-fantasy-basel\\\/#breadcrumb\",\"itemListElement\":[{\"@type\":\"ListItem\",\"position\":1,\"name\":\"Startseite\",\"item\":\"http:\\\/\\\/vr-room.ch\\\/en\\\/\"},{\"@type\":\"ListItem\",\"position\":2,\"name\":\"VRROOM Video-R\u00fcckblick auf die Fantasy Basel\"}]},{\"@type\":\"WebSite\",\"@id\":\"http:\\\/\\\/vr-room.ch\\\/en\\\/#website\",\"url\":\"http:\\\/\\\/vr-room.ch\\\/en\\\/\",\"name\":\"Schweizer Virtual Reality News\",\"description\":\"\",\"potentialAction\":[{\"@type\":\"SearchAction\",\"target\":{\"@type\":\"EntryPoint\",\"urlTemplate\":\"http:\\\/\\\/vr-room.ch\\\/en\\\/?s={search_term_string}\"},\"query-input\":{\"@type\":\"PropertyValueSpecification\",\"valueRequired\":true,\"valueName\":\"search_term_string\"}}],\"inLanguage\":\"fr-FR\"},{\"@type\":\"Person\",\"@id\":\"http:\\\/\\\/vr-room.ch\\\/en\\\/#\\\/schema\\\/person\\\/293e661a980709559283b39ebfb74758\",\"name\":\"Sascha\",\"image\":{\"@type\":\"ImageObject\",\"inLanguage\":\"fr-FR\",\"@id\":\"https:\\\/\\\/vr-room.ch\\\/wp-content\\\/uploads\\\/2017\\\/01\\\/Sascha_Avatar-96x96.jpg\",\"url\":\"https:\\\/\\\/vr-room.ch\\\/wp-content\\\/uploads\\\/2017\\\/01\\\/Sascha_Avatar-96x96.jpg\",\"contentUrl\":\"https:\\\/\\\/vr-room.ch\\\/wp-content\\\/uploads\\\/2017\\\/01\\\/Sascha_Avatar-96x96.jpg\",\"caption\":\"Sascha\"},\"url\":\"https:\\\/\\\/vr-room.ch\\\/fr\\\/author\\\/sascha\\\/\"}]}<\/script>\n<!-- \/ Yoast SEO plugin. -->","yoast_head_json":{"title":"VRROOM Video-R\u00fcckblick auf die Fantasy Basel - Schweizer Virtual Reality News","robots":{"index":"index","follow":"follow","max-snippet":"max-snippet:-1","max-image-preview":"max-image-preview:large","max-video-preview":"max-video-preview:-1"},"canonical":"http:\/\/vr-room.ch\/fr\/2017\/05\/27\/videorueckblick-auf-die-fantasy-basel\/","og_locale":"fr_FR","og_type":"article","og_title":"VRROOM Video-R\u00fcckblick auf die Fantasy Basel - Schweizer Virtual Reality News","og_description":"Es ist unglaublich, aber war. Die Fantasy Basel ist jetzt doch schon einen Monat her. Der Event hat&hellip;","og_url":"http:\/\/vr-room.ch\/fr\/2017\/05\/27\/videorueckblick-auf-die-fantasy-basel\/","og_site_name":"Schweizer Virtual Reality News","article_published_time":"2017-05-27T18:49:02+00:00","article_modified_time":"2017-05-27T18:52:32+00:00","og_image":[{"width":867,"height":489,"url":"https:\/\/vr-room.ch\/wp-content\/uploads\/2017\/05\/Fantasy.jpg","type":"image\/jpeg"}],"author":"Sascha","twitter_card":"summary_large_image","twitter_misc":{"\u00c9crit par":"Sascha","Dur\u00e9e de lecture estim\u00e9e":"1 minute"},"schema":{"@context":"https:\/\/schema.org","@graph":[{"@type":"Article","@id":"http:\/\/vr-room.ch\/en\/2017\/05\/27\/videorueckblick-auf-die-fantasy-basel\/#article","isPartOf":{"@id":"http:\/\/vr-room.ch\/en\/2017\/05\/27\/videorueckblick-auf-die-fantasy-basel\/"},"author":{"name":"Sascha","@id":"http:\/\/vr-room.ch\/en\/#\/schema\/person\/293e661a980709559283b39ebfb74758"},"headline":"VRROOM Video-R\u00fcckblick auf die Fantasy Basel","datePublished":"2017-05-27T18:49:02+00:00","dateModified":"2017-05-27T18:52:32+00:00","mainEntityOfPage":{"@id":"http:\/\/vr-room.ch\/en\/2017\/05\/27\/videorueckblick-auf-die-fantasy-basel\/"},"wordCount":161,"commentCount":0,"image":{"@id":"http:\/\/vr-room.ch\/en\/2017\/05\/27\/videorueckblick-auf-die-fantasy-basel\/#primaryimage"},"thumbnailUrl":"https:\/\/vr-room.ch\/wp-content\/uploads\/2017\/05\/Fantasy.jpg","articleSection":["Events","Schweiz"],"inLanguage":"fr-FR","potentialAction":[{"@type":"CommentAction","name":"Comment","target":["http:\/\/vr-room.ch\/en\/2017\/05\/27\/videorueckblick-auf-die-fantasy-basel\/#respond"]}]},{"@type":"WebPage","@id":"http:\/\/vr-room.ch\/en\/2017\/05\/27\/videorueckblick-auf-die-fantasy-basel\/","url":"http:\/\/vr-room.ch\/en\/2017\/05\/27\/videorueckblick-auf-die-fantasy-basel\/","name":"VRROOM Video-R\u00fcckblick auf die Fantasy Basel - Schweizer Virtual Reality News","isPartOf":{"@id":"http:\/\/vr-room.ch\/en\/#website"},"primaryImageOfPage":{"@id":"http:\/\/vr-room.ch\/en\/2017\/05\/27\/videorueckblick-auf-die-fantasy-basel\/#primaryimage"},"image":{"@id":"http:\/\/vr-room.ch\/en\/2017\/05\/27\/videorueckblick-auf-die-fantasy-basel\/#primaryimage"},"thumbnailUrl":"https:\/\/vr-room.ch\/wp-content\/uploads\/2017\/05\/Fantasy.jpg","datePublished":"2017-05-27T18:49:02+00:00","dateModified":"2017-05-27T18:52:32+00:00","author":{"@id":"http:\/\/vr-room.ch\/en\/#\/schema\/person\/293e661a980709559283b39ebfb74758"},"breadcrumb":{"@id":"http:\/\/vr-room.ch\/en\/2017\/05\/27\/videorueckblick-auf-die-fantasy-basel\/#breadcrumb"},"inLanguage":"fr-FR","potentialAction":[{"@type":"ReadAction","target":["http:\/\/vr-room.ch\/en\/2017\/05\/27\/videorueckblick-auf-die-fantasy-basel\/"]}]},{"@type":"ImageObject","inLanguage":"fr-FR","@id":"http:\/\/vr-room.ch\/en\/2017\/05\/27\/videorueckblick-auf-die-fantasy-basel\/#primaryimage","url":"https:\/\/vr-room.ch\/wp-content\/uploads\/2017\/05\/Fantasy.jpg","contentUrl":"https:\/\/vr-room.ch\/wp-content\/uploads\/2017\/05\/Fantasy.jpg","width":867,"height":489,"caption":"Cosplayers pose at the Fantasy Basel 2016 - The Swiss Comic Con, in Basel, Switzerland, on Thursday May 5, 2016. The festival covers 30'000 square meters across five halls, with around 200 stands, shows, artist tables and activities ranging from games and game design to comics, cosplay, film and TV series. (KEYSTONE\/Georgios Kefalas)"},{"@type":"BreadcrumbList","@id":"http:\/\/vr-room.ch\/en\/2017\/05\/27\/videorueckblick-auf-die-fantasy-basel\/#breadcrumb","itemListElement":[{"@type":"ListItem","position":1,"name":"Startseite","item":"http:\/\/vr-room.ch\/en\/"},{"@type":"ListItem","position":2,"name":"VRROOM Video-R\u00fcckblick auf die Fantasy Basel"}]},{"@type":"WebSite","@id":"http:\/\/vr-room.ch\/en\/#website","url":"http:\/\/vr-room.ch\/en\/","name":"Nouvelles de la r\u00e9alit\u00e9 virtuelle suisse","description":"","potentialAction":[{"@type":"SearchAction","target":{"@type":"EntryPoint","urlTemplate":"http:\/\/vr-room.ch\/en\/?s={search_term_string}"},"query-input":{"@type":"PropertyValueSpecification","valueRequired":true,"valueName":"search_term_string"}}],"inLanguage":"fr-FR"},{"@type":"Person","@id":"http:\/\/vr-room.ch\/en\/#\/schema\/person\/293e661a980709559283b39ebfb74758","name":"Sascha","image":{"@type":"ImageObject","inLanguage":"fr-FR","@id":"https:\/\/vr-room.ch\/wp-content\/uploads\/2017\/01\/Sascha_Avatar-96x96.jpg","url":"https:\/\/vr-room.ch\/wp-content\/uploads\/2017\/01\/Sascha_Avatar-96x96.jpg","contentUrl":"https:\/\/vr-room.ch\/wp-content\/uploads\/2017\/01\/Sascha_Avatar-96x96.jpg","caption":"Sascha"},"url":"https:\/\/vr-room.ch\/fr\/author\/sascha\/"}]}},"_links":{"self":[{"href":"https:\/\/vr-room.ch\/fr\/wp-json\/wp\/v2\/posts\/5672","targetHints":{"allow":["GET"]}}],"collection":[{"href":"https:\/\/vr-room.ch\/fr\/wp-json\/wp\/v2\/posts"}],"about":[{"href":"https:\/\/vr-room.ch\/fr\/wp-json\/wp\/v2\/types\/post"}],"author":[{"embeddable":true,"href":"https:\/\/vr-room.ch\/fr\/wp-json\/wp\/v2\/users\/2"}],"replies":[{"embeddable":true,"href":"https:\/\/vr-room.ch\/fr\/wp-json\/wp\/v2\/comments?post=5672"}],"version-history":[{"count":0,"href":"https:\/\/vr-room.ch\/fr\/wp-json\/wp\/v2\/posts\/5672\/revisions"}],"wp:featuredmedia":[{"embeddable":true,"href":"https:\/\/vr-room.ch\/fr\/wp-json\/wp\/v2\/media\/5678"}],"wp:attachment":[{"href":"https:\/\/vr-room.ch\/fr\/wp-json\/wp\/v2\/media?parent=5672"}],"wp:term":[{"taxonomy":"category","embeddable":true,"href":"https:\/\/vr-room.ch\/fr\/wp-json\/wp\/v2\/categories?post=5672"},{"taxonomy":"post_tag","embeddable":true,"href":"https:\/\/vr-room.ch\/fr\/wp-json\/wp\/v2\/tags?post=5672"}],"curies":[{"name":"wp","href":"https:\/\/api.w.org\/{rel}","templated":true}]}}