{"id":5536,"date":"2017-05-16T06:02:04","date_gmt":"2017-05-16T06:02:04","guid":{"rendered":"http:\/\/vr-room.ch\/?p=5536"},"modified":"2017-05-16T19:07:17","modified_gmt":"2017-05-16T19:07:17","slug":"schweizer-hochschulen-zeigten-am-world-vr-forum-ihr-koennen","status":"publish","type":"post","link":"https:\/\/vr-room.ch\/fr\/2017\/05\/16\/schweizer-hochschulen-zeigten-am-world-vr-forum-ihr-koennen\/","title":{"rendered":"Les hautes \u00e9coles suisses ont montr\u00e9 leur savoir-faire au World VR Forum"},"content":{"rendered":"<p>Sur le site <a href=\"http:\/\/vr-room.ch\/fr\/2017\/05\/15\/vr-in-allen-facetten-an-der-2-ausgabe-des-world-vr-forums\/\">Forum mondial VR<\/a> \u00e0 Crans-Montana, divers projets de hautes \u00e9coles suisses \u00e9taient \u00e9galement repr\u00e9sent\u00e9s.<\/p>\n<h3 id=\"intuitives-mini-game\">Mini jeu intuitif<\/h3>\n<p>Des \u00e9tudiants de la Haute \u00e9cole des arts de Zurich (<a href=\"https:\/\/www.zhdk.ch\/\">ZHdK<\/a>) ont pr\u00e9sent\u00e9 un mini-jeu appel\u00e9 <a href=\"http:\/\/www.nun-vr.ch\">Maintenant<\/a>Il s'agit d'arroser un jardin. L'utilisateur est guid\u00e9 par un arbre parlant pour planter et arroser les graines. Apr\u00e8s avoir pris de l'eau dans l'\u00e9tang de la VR, l'utilisateur voit, debout devant chaque graine, quel mouvement il doit effectuer avec les deux contr\u00f4leurs pour arroser la petite plante correspondante. Chaque plante peut pousser trois fois.<\/p>\n<p>En fait, c'est un jeu tr\u00e8s intuitif. <a href=\"http:\/\/dorisisabelbrunschweiler.com\/\">Doris Brunschweiler<\/a>qui m'a guid\u00e9, m'a donn\u00e9 quelques conseils au d\u00e9but, avec quelques interjections. Lors de la br\u00e8ve discussion qui a suivi, Chris Leisi, qui a \u00e9t\u00e9 <a href=\"http:\/\/archlevel.ch\/\">chez Arch Level<\/a> travaille sur le fait qu'ils doivent rendre les commandes du jeu encore plus claires pour que m\u00eame le dernier venu puisse comprendre. Un jeu sans stress et avec de beaux graphismes.<\/p>\n<p><img loading=\"lazy\" decoding=\"async\" class=\"wp-image-5523\" src=\"http:\/\/vr-room.ch\/wp-content\/uploads\/2017\/05\/N5120103-300x225.jpg\" alt=\"\" width=\"396\" height=\"297\" srcset=\"https:\/\/vr-room.ch\/wp-content\/uploads\/2017\/05\/N5120103-300x225.jpg 300w, https:\/\/vr-room.ch\/wp-content\/uploads\/2017\/05\/N5120103-768x576.jpg 768w, https:\/\/vr-room.ch\/wp-content\/uploads\/2017\/05\/N5120103-1024x768.jpg 1024w, https:\/\/vr-room.ch\/wp-content\/uploads\/2017\/05\/N5120103-1110x833.jpg 1110w, https:\/\/vr-room.ch\/wp-content\/uploads\/2017\/05\/N5120103-730x548.jpg 730w, https:\/\/vr-room.ch\/wp-content\/uploads\/2017\/05\/N5120103-539x404.jpg 539w, https:\/\/vr-room.ch\/wp-content\/uploads\/2017\/05\/N5120103-350x263.jpg 350w, https:\/\/vr-room.ch\/wp-content\/uploads\/2017\/05\/N5120103-254x191.jpg 254w, https:\/\/vr-room.ch\/wp-content\/uploads\/2017\/05\/N5120103-125x94.jpg 125w\" sizes=\"auto, (max-width: 396px) 100vw, 396px\" \/><\/p>\n<h3 id=\"multi-sensory-erlebnis\">Exp\u00e9rience multisensorielle<\/h3>\n<p>En haut, pr\u00e8s du bistrot, une autre \u00e9quipe de la ZHdK a lanc\u00e9 le projet nomm\u00e9 <a href=\"https:\/\/wvrf17.worldvrforum.com\/special-programmes\/\">Now : Z\u00e9ro<\/a> o\u00f9 il fallait ma\u00eetriser son vertige. Apr\u00e8s avoir pu manger une vraie guimauve, bien s\u00fbr \u00e9galement pr\u00e9sente dans la VR, on se fait r\u00e9tr\u00e9cir. L'effet de scaling est tr\u00e8s cool. Ensuite, il s'agit de passer d'une plateforme \u00e0 l'autre. D'autres plates-formes vertes apparaissent r\u00e9guli\u00e8rement apr\u00e8s que l'on se soit soit d\u00e9plac\u00e9 lat\u00e9ralement ou que l'on soit mont\u00e9 ou descendu. Des ventilateurs renforcent l'effet.<\/p>\n<p>Vu de l'ext\u00e9rieur, le tout a \u00e9galement l'air tr\u00e8s amusant. Un \u00e9tudiant derri\u00e8re l'ordinateur donne le signal et deux autres \u00e9tudiants courent autour de l'utilisateur avec les plaques et les placent en cons\u00e9quence. Une performance en temps r\u00e9el irr\u00e9prochable.<\/p>\n<p>M\u00eame si j'avais vu auparavant que l'on n'\u00e9tait qu'\u00e0 quelques centim\u00e8tres du sol, j'ai remarqu\u00e9 que mes jambes devenaient tout de m\u00eame un peu flasques \u00e0 cette hauteur virtuelle.<\/p>\n<p><img loading=\"lazy\" decoding=\"async\" class=\"alignnone wp-image-5520\" src=\"http:\/\/vr-room.ch\/wp-content\/uploads\/2017\/05\/IMG_8269-300x225.jpg\" alt=\"\" width=\"399\" height=\"299\" srcset=\"https:\/\/vr-room.ch\/wp-content\/uploads\/2017\/05\/IMG_8269-300x225.jpg 300w, https:\/\/vr-room.ch\/wp-content\/uploads\/2017\/05\/IMG_8269-768x576.jpg 768w, https:\/\/vr-room.ch\/wp-content\/uploads\/2017\/05\/IMG_8269-1024x768.jpg 1024w, https:\/\/vr-room.ch\/wp-content\/uploads\/2017\/05\/IMG_8269-1110x833.jpg 1110w, https:\/\/vr-room.ch\/wp-content\/uploads\/2017\/05\/IMG_8269-730x548.jpg 730w, https:\/\/vr-room.ch\/wp-content\/uploads\/2017\/05\/IMG_8269-539x404.jpg 539w, https:\/\/vr-room.ch\/wp-content\/uploads\/2017\/05\/IMG_8269-350x263.jpg 350w, https:\/\/vr-room.ch\/wp-content\/uploads\/2017\/05\/IMG_8269-254x191.jpg 254w, https:\/\/vr-room.ch\/wp-content\/uploads\/2017\/05\/IMG_8269-125x94.jpg 125w\" sizes=\"auto, (max-width: 399px) 100vw, 399px\" \/><\/p>\n<h3 id=\"eine-echte-zeitmaschine\">Une v\u00e9ritable machine \u00e0 remonter le temps<\/h3>\n<p>Juste \u00e0 c\u00f4t\u00e9, il y avait une exposition de l'EPFL+ECAL Lab. <a href=\"http:\/\/www.epfl-ecal-lab.ch\/work\/chronogram\/\">Chronogram<\/a> montre comment on peut archiver 260 ans d'histoire d'une mani\u00e8re passionnante. Bien que le th\u00e8me de l'horloger Vacheron Constantin ne m'ait pas du tout int\u00e9ress\u00e9, j'ai trouv\u00e9 l'aper\u00e7u et l'id\u00e9e de pr\u00e9senter un morceau d'histoire en VR tr\u00e8s int\u00e9ressants. Le casque VR sp\u00e9cial a \u00e9galement attir\u00e9 l'attention (voir photo de couverture).  Au moyen d'une ligne du temps, on peut non seulement se d\u00e9placer dans le temps, mais aussi voyager entre diff\u00e9rents pays. Pour moi, ce serait probablement les 50 ans d'histoire du <a href=\"http:\/\/www.epfl-ecal-lab.ch\/work\/montreux-jazz-heritage-lab-ii\/\">Montreux Jazz Festivals<\/a> aurait \u00e9t\u00e9 plus excitant.<\/p>\n<div style=\"width: 640px;\" class=\"wp-video\"><video class=\"wp-video-shortcode\" id=\"video-5536-1\" width=\"640\" height=\"360\" loop preload=\"metadata\" controls=\"controls\"><source type=\"video\/vimeo\" src=\"https:\/\/player.vimeo.com\/video\/153072861?loop=1&#038;_=1\" \/><a href=\"https:\/\/player.vimeo.com\/video\/153072861?loop=1\">https:\/\/player.vimeo.com\/video\/153072861?loop=1<\/a><\/video><\/div>\n<h3 id=\"gamification-mit-ar\">Gamification avec AR<\/h3>\n<p>Et aussi les <a href=\"http:\/\/www.gtc.inf.ethz.ch\/\">EPF<\/a> \u00e9tait pr\u00e9sent avec un stand. Ils ont pr\u00e9sent\u00e9 trois prototypes dans le domaine de la RA, qui sont particuli\u00e8rement int\u00e9ressants pour les enfants en tant qu'outils d'apprentissage. L'objectif \u00e9tait de montrer comment la RA permet de jeter un pont vers le monde r\u00e9el et comment elle peut augmenter la cr\u00e9ativit\u00e9 et l'envie d'apprendre.<\/p>\n<p>Lors de la premi\u00e8re application, on peut choisir une ou plusieurs cartes sur lesquelles sont repr\u00e9sent\u00e9s des instruments de musique. Si on les tient devant la cam\u00e9ra de l'Ipad, ils commencent \u00e0 \u00e9mettre des sons. Les enfants apprennent ainsi les instruments et peuvent cr\u00e9er leur propre chanson.<\/p>\n<p>La deuxi\u00e8me application permet, dans un premier temps, de colorier une image \u00e0 colorier \u00e0 sa guise. Dans un deuxi\u00e8me temps, on l'enregistre par cam\u00e9ra et on donne vie au personnage. Le motif ou les couleurs que l'on dessine sont report\u00e9s \u00e0 360\u00b0 sur l'ensemble du personnage.<\/p>\n<p>La troisi\u00e8me application a pour but d'impliquer davantage les enfants dans les expositions de tableaux dans les mus\u00e9es. En permettant aux utilisateurs de d\u00e9former et de recolorer l'image sur l'Ipad, les tableaux, qui pourraient sinon \u00eatre plut\u00f4t ennuyeux, sont rendus interactifs.  Ainsi, tout le monde devient un petit Picasso.<\/p>\n<p><img loading=\"lazy\" decoding=\"async\" class=\"alignnone wp-image-5537\" src=\"http:\/\/vr-room.ch\/wp-content\/uploads\/2017\/05\/eth-game-technology-center-300x150.jpg\" alt=\"\" width=\"386\" height=\"193\" srcset=\"https:\/\/vr-room.ch\/wp-content\/uploads\/2017\/05\/eth-game-technology-center-300x150.jpg 300w, https:\/\/vr-room.ch\/wp-content\/uploads\/2017\/05\/eth-game-technology-center-768x383.jpg 768w, https:\/\/vr-room.ch\/wp-content\/uploads\/2017\/05\/eth-game-technology-center-730x364.jpg 730w, https:\/\/vr-room.ch\/wp-content\/uploads\/2017\/05\/eth-game-technology-center-539x269.jpg 539w, https:\/\/vr-room.ch\/wp-content\/uploads\/2017\/05\/eth-game-technology-center-350x175.jpg 350w, https:\/\/vr-room.ch\/wp-content\/uploads\/2017\/05\/eth-game-technology-center-254x127.jpg 254w, https:\/\/vr-room.ch\/wp-content\/uploads\/2017\/05\/eth-game-technology-center-125x62.jpg 125w, https:\/\/vr-room.ch\/wp-content\/uploads\/2017\/05\/eth-game-technology-center.jpg 782w\" sizes=\"auto, (max-width: 386px) 100vw, 386px\" \/><\/p>\n<p>Source Image : ETH<\/p>","protected":false},"excerpt":{"rendered":"Divers projets de hautes \u00e9coles suisses \u00e9taient \u00e9galement repr\u00e9sent\u00e9s au World VR Forum \u00e0 Crans-Montana. Mini jeu intuitif \u00e9tudiants...","protected":false},"author":12,"featured_media":5519,"comment_status":"open","ping_status":"open","sticky":false,"template":"","format":"standard","meta":{"footnotes":""},"categories":[68],"tags":[],"class_list":{"0":"post-5536","1":"post","2":"type-post","3":"status-publish","4":"format-standard","5":"has-post-thumbnail","7":"category-virtual-reality-schweiz","8":"cs-entry","9":"cs-video-wrap"},"yoast_head":"<!-- This site is optimized with the Yoast SEO plugin v27.4 - https:\/\/yoast.com\/product\/yoast-seo-wordpress\/ -->\n<title>Schweizer Hochschulen zeigten am World VR Forum ihr K\u00f6nnen - Schweizer Virtual Reality News<\/title>\n<meta name=\"robots\" content=\"index, follow, max-snippet:-1, max-image-preview:large, max-video-preview:-1\" \/>\n<link rel=\"canonical\" href=\"https:\/\/vr-room.ch\/fr\/2017\/05\/16\/schweizer-hochschulen-zeigten-am-world-vr-forum-ihr-koennen\/\" \/>\n<meta property=\"og:locale\" content=\"fr_FR\" \/>\n<meta property=\"og:type\" content=\"article\" \/>\n<meta property=\"og:title\" content=\"Schweizer Hochschulen zeigten am World VR Forum ihr K\u00f6nnen - Schweizer Virtual Reality News\" \/>\n<meta property=\"og:description\" content=\"Am World VR Forum in Crans-Montana waren auch diverse Projekte von Schweizer Hochschulen vertreten. Intuitives Mini Game Studenten&hellip;\" \/>\n<meta property=\"og:url\" content=\"https:\/\/vr-room.ch\/fr\/2017\/05\/16\/schweizer-hochschulen-zeigten-am-world-vr-forum-ihr-koennen\/\" \/>\n<meta property=\"og:site_name\" content=\"Schweizer Virtual Reality News\" \/>\n<meta property=\"article:published_time\" content=\"2017-05-16T06:02:04+00:00\" \/>\n<meta property=\"article:modified_time\" content=\"2017-05-16T19:07:17+00:00\" \/>\n<meta property=\"og:image\" content=\"https:\/\/vr-room.ch\/wp-content\/uploads\/2017\/05\/N5130111-scaled.jpg\" \/>\n\t<meta property=\"og:image:width\" content=\"2560\" \/>\n\t<meta property=\"og:image:height\" content=\"1920\" \/>\n\t<meta property=\"og:image:type\" content=\"image\/jpeg\" \/>\n<meta name=\"author\" content=\"Nathalie\" \/>\n<meta name=\"twitter:card\" content=\"summary_large_image\" \/>\n<meta name=\"twitter:label1\" content=\"\u00c9crit par\" \/>\n\t<meta name=\"twitter:data1\" content=\"Nathalie\" \/>\n\t<meta name=\"twitter:label2\" content=\"Dur\u00e9e de lecture estim\u00e9e\" \/>\n\t<meta name=\"twitter:data2\" content=\"3 minutes\" \/>\n<script type=\"application\/ld+json\" class=\"yoast-schema-graph\">{\"@context\":\"https:\\\/\\\/schema.org\",\"@graph\":[{\"@type\":\"Article\",\"@id\":\"https:\\\/\\\/vr-room.ch\\\/2017\\\/05\\\/16\\\/schweizer-hochschulen-zeigten-am-world-vr-forum-ihr-koennen\\\/#article\",\"isPartOf\":{\"@id\":\"https:\\\/\\\/vr-room.ch\\\/2017\\\/05\\\/16\\\/schweizer-hochschulen-zeigten-am-world-vr-forum-ihr-koennen\\\/\"},\"author\":{\"name\":\"Nathalie\",\"@id\":\"http:\\\/\\\/vr-room.ch\\\/en\\\/#\\\/schema\\\/person\\\/1a03b3a6ced429fb4831f60fa2b37599\"},\"headline\":\"Schweizer Hochschulen zeigten am World VR Forum ihr K\u00f6nnen\",\"datePublished\":\"2017-05-16T06:02:04+00:00\",\"dateModified\":\"2017-05-16T19:07:17+00:00\",\"mainEntityOfPage\":{\"@id\":\"https:\\\/\\\/vr-room.ch\\\/2017\\\/05\\\/16\\\/schweizer-hochschulen-zeigten-am-world-vr-forum-ihr-koennen\\\/\"},\"wordCount\":631,\"commentCount\":0,\"image\":{\"@id\":\"https:\\\/\\\/vr-room.ch\\\/2017\\\/05\\\/16\\\/schweizer-hochschulen-zeigten-am-world-vr-forum-ihr-koennen\\\/#primaryimage\"},\"thumbnailUrl\":\"https:\\\/\\\/vr-room.ch\\\/wp-content\\\/uploads\\\/2017\\\/05\\\/N5130111-scaled.jpg\",\"articleSection\":[\"Schweiz\"],\"inLanguage\":\"fr-FR\",\"potentialAction\":[{\"@type\":\"CommentAction\",\"name\":\"Comment\",\"target\":[\"https:\\\/\\\/vr-room.ch\\\/2017\\\/05\\\/16\\\/schweizer-hochschulen-zeigten-am-world-vr-forum-ihr-koennen\\\/#respond\"]}]},{\"@type\":\"WebPage\",\"@id\":\"https:\\\/\\\/vr-room.ch\\\/2017\\\/05\\\/16\\\/schweizer-hochschulen-zeigten-am-world-vr-forum-ihr-koennen\\\/\",\"url\":\"https:\\\/\\\/vr-room.ch\\\/2017\\\/05\\\/16\\\/schweizer-hochschulen-zeigten-am-world-vr-forum-ihr-koennen\\\/\",\"name\":\"Schweizer Hochschulen zeigten am World VR Forum ihr K\u00f6nnen - Schweizer Virtual Reality News\",\"isPartOf\":{\"@id\":\"http:\\\/\\\/vr-room.ch\\\/en\\\/#website\"},\"primaryImageOfPage\":{\"@id\":\"https:\\\/\\\/vr-room.ch\\\/2017\\\/05\\\/16\\\/schweizer-hochschulen-zeigten-am-world-vr-forum-ihr-koennen\\\/#primaryimage\"},\"image\":{\"@id\":\"https:\\\/\\\/vr-room.ch\\\/2017\\\/05\\\/16\\\/schweizer-hochschulen-zeigten-am-world-vr-forum-ihr-koennen\\\/#primaryimage\"},\"thumbnailUrl\":\"https:\\\/\\\/vr-room.ch\\\/wp-content\\\/uploads\\\/2017\\\/05\\\/N5130111-scaled.jpg\",\"datePublished\":\"2017-05-16T06:02:04+00:00\",\"dateModified\":\"2017-05-16T19:07:17+00:00\",\"author\":{\"@id\":\"http:\\\/\\\/vr-room.ch\\\/en\\\/#\\\/schema\\\/person\\\/1a03b3a6ced429fb4831f60fa2b37599\"},\"breadcrumb\":{\"@id\":\"https:\\\/\\\/vr-room.ch\\\/2017\\\/05\\\/16\\\/schweizer-hochschulen-zeigten-am-world-vr-forum-ihr-koennen\\\/#breadcrumb\"},\"inLanguage\":\"fr-FR\",\"potentialAction\":[{\"@type\":\"ReadAction\",\"target\":[\"https:\\\/\\\/vr-room.ch\\\/2017\\\/05\\\/16\\\/schweizer-hochschulen-zeigten-am-world-vr-forum-ihr-koennen\\\/\"]}]},{\"@type\":\"ImageObject\",\"inLanguage\":\"fr-FR\",\"@id\":\"https:\\\/\\\/vr-room.ch\\\/2017\\\/05\\\/16\\\/schweizer-hochschulen-zeigten-am-world-vr-forum-ihr-koennen\\\/#primaryimage\",\"url\":\"https:\\\/\\\/vr-room.ch\\\/wp-content\\\/uploads\\\/2017\\\/05\\\/N5130111-scaled.jpg\",\"contentUrl\":\"https:\\\/\\\/vr-room.ch\\\/wp-content\\\/uploads\\\/2017\\\/05\\\/N5130111-scaled.jpg\",\"width\":2560,\"height\":1920,\"caption\":\"OLYMPUS DIGITAL CAMERA\"},{\"@type\":\"BreadcrumbList\",\"@id\":\"https:\\\/\\\/vr-room.ch\\\/2017\\\/05\\\/16\\\/schweizer-hochschulen-zeigten-am-world-vr-forum-ihr-koennen\\\/#breadcrumb\",\"itemListElement\":[{\"@type\":\"ListItem\",\"position\":1,\"name\":\"Startseite\",\"item\":\"http:\\\/\\\/vr-room.ch\\\/en\\\/\"},{\"@type\":\"ListItem\",\"position\":2,\"name\":\"Schweizer Hochschulen zeigten am World VR Forum ihr K\u00f6nnen\"}]},{\"@type\":\"WebSite\",\"@id\":\"http:\\\/\\\/vr-room.ch\\\/en\\\/#website\",\"url\":\"http:\\\/\\\/vr-room.ch\\\/en\\\/\",\"name\":\"Schweizer Virtual Reality News\",\"description\":\"\",\"potentialAction\":[{\"@type\":\"SearchAction\",\"target\":{\"@type\":\"EntryPoint\",\"urlTemplate\":\"http:\\\/\\\/vr-room.ch\\\/en\\\/?s={search_term_string}\"},\"query-input\":{\"@type\":\"PropertyValueSpecification\",\"valueRequired\":true,\"valueName\":\"search_term_string\"}}],\"inLanguage\":\"fr-FR\"},{\"@type\":\"Person\",\"@id\":\"http:\\\/\\\/vr-room.ch\\\/en\\\/#\\\/schema\\\/person\\\/1a03b3a6ced429fb4831f60fa2b37599\",\"name\":\"Nathalie\",\"image\":{\"@type\":\"ImageObject\",\"inLanguage\":\"fr-FR\",\"@id\":\"https:\\\/\\\/vr-room.ch\\\/wp-content\\\/uploads\\\/2017\\\/01\\\/avatar_user_12_1484159890-96x96.jpg\",\"url\":\"https:\\\/\\\/vr-room.ch\\\/wp-content\\\/uploads\\\/2017\\\/01\\\/avatar_user_12_1484159890-96x96.jpg\",\"contentUrl\":\"https:\\\/\\\/vr-room.ch\\\/wp-content\\\/uploads\\\/2017\\\/01\\\/avatar_user_12_1484159890-96x96.jpg\",\"caption\":\"Nathalie\"},\"url\":\"https:\\\/\\\/vr-room.ch\\\/fr\\\/author\\\/nathalie\\\/\"}]}<\/script>\n<!-- \/ Yoast SEO plugin. -->","yoast_head_json":{"title":"Schweizer Hochschulen zeigten am World VR Forum ihr K\u00f6nnen - Schweizer Virtual Reality News","robots":{"index":"index","follow":"follow","max-snippet":"max-snippet:-1","max-image-preview":"max-image-preview:large","max-video-preview":"max-video-preview:-1"},"canonical":"https:\/\/vr-room.ch\/fr\/2017\/05\/16\/schweizer-hochschulen-zeigten-am-world-vr-forum-ihr-koennen\/","og_locale":"fr_FR","og_type":"article","og_title":"Schweizer Hochschulen zeigten am World VR Forum ihr K\u00f6nnen - Schweizer Virtual Reality News","og_description":"Am World VR Forum in Crans-Montana waren auch diverse Projekte von Schweizer Hochschulen vertreten. Intuitives Mini Game Studenten&hellip;","og_url":"https:\/\/vr-room.ch\/fr\/2017\/05\/16\/schweizer-hochschulen-zeigten-am-world-vr-forum-ihr-koennen\/","og_site_name":"Schweizer Virtual Reality News","article_published_time":"2017-05-16T06:02:04+00:00","article_modified_time":"2017-05-16T19:07:17+00:00","og_image":[{"width":2560,"height":1920,"url":"https:\/\/vr-room.ch\/wp-content\/uploads\/2017\/05\/N5130111-scaled.jpg","type":"image\/jpeg"}],"author":"Nathalie","twitter_card":"summary_large_image","twitter_misc":{"\u00c9crit par":"Nathalie","Dur\u00e9e de lecture estim\u00e9e":"3 minutes"},"schema":{"@context":"https:\/\/schema.org","@graph":[{"@type":"Article","@id":"https:\/\/vr-room.ch\/2017\/05\/16\/schweizer-hochschulen-zeigten-am-world-vr-forum-ihr-koennen\/#article","isPartOf":{"@id":"https:\/\/vr-room.ch\/2017\/05\/16\/schweizer-hochschulen-zeigten-am-world-vr-forum-ihr-koennen\/"},"author":{"name":"Nathalie","@id":"http:\/\/vr-room.ch\/en\/#\/schema\/person\/1a03b3a6ced429fb4831f60fa2b37599"},"headline":"Schweizer Hochschulen zeigten am World VR Forum ihr K\u00f6nnen","datePublished":"2017-05-16T06:02:04+00:00","dateModified":"2017-05-16T19:07:17+00:00","mainEntityOfPage":{"@id":"https:\/\/vr-room.ch\/2017\/05\/16\/schweizer-hochschulen-zeigten-am-world-vr-forum-ihr-koennen\/"},"wordCount":631,"commentCount":0,"image":{"@id":"https:\/\/vr-room.ch\/2017\/05\/16\/schweizer-hochschulen-zeigten-am-world-vr-forum-ihr-koennen\/#primaryimage"},"thumbnailUrl":"https:\/\/vr-room.ch\/wp-content\/uploads\/2017\/05\/N5130111-scaled.jpg","articleSection":["Schweiz"],"inLanguage":"fr-FR","potentialAction":[{"@type":"CommentAction","name":"Comment","target":["https:\/\/vr-room.ch\/2017\/05\/16\/schweizer-hochschulen-zeigten-am-world-vr-forum-ihr-koennen\/#respond"]}]},{"@type":"WebPage","@id":"https:\/\/vr-room.ch\/2017\/05\/16\/schweizer-hochschulen-zeigten-am-world-vr-forum-ihr-koennen\/","url":"https:\/\/vr-room.ch\/2017\/05\/16\/schweizer-hochschulen-zeigten-am-world-vr-forum-ihr-koennen\/","name":"Schweizer Hochschulen zeigten am World VR Forum ihr K\u00f6nnen - Schweizer Virtual Reality News","isPartOf":{"@id":"http:\/\/vr-room.ch\/en\/#website"},"primaryImageOfPage":{"@id":"https:\/\/vr-room.ch\/2017\/05\/16\/schweizer-hochschulen-zeigten-am-world-vr-forum-ihr-koennen\/#primaryimage"},"image":{"@id":"https:\/\/vr-room.ch\/2017\/05\/16\/schweizer-hochschulen-zeigten-am-world-vr-forum-ihr-koennen\/#primaryimage"},"thumbnailUrl":"https:\/\/vr-room.ch\/wp-content\/uploads\/2017\/05\/N5130111-scaled.jpg","datePublished":"2017-05-16T06:02:04+00:00","dateModified":"2017-05-16T19:07:17+00:00","author":{"@id":"http:\/\/vr-room.ch\/en\/#\/schema\/person\/1a03b3a6ced429fb4831f60fa2b37599"},"breadcrumb":{"@id":"https:\/\/vr-room.ch\/2017\/05\/16\/schweizer-hochschulen-zeigten-am-world-vr-forum-ihr-koennen\/#breadcrumb"},"inLanguage":"fr-FR","potentialAction":[{"@type":"ReadAction","target":["https:\/\/vr-room.ch\/2017\/05\/16\/schweizer-hochschulen-zeigten-am-world-vr-forum-ihr-koennen\/"]}]},{"@type":"ImageObject","inLanguage":"fr-FR","@id":"https:\/\/vr-room.ch\/2017\/05\/16\/schweizer-hochschulen-zeigten-am-world-vr-forum-ihr-koennen\/#primaryimage","url":"https:\/\/vr-room.ch\/wp-content\/uploads\/2017\/05\/N5130111-scaled.jpg","contentUrl":"https:\/\/vr-room.ch\/wp-content\/uploads\/2017\/05\/N5130111-scaled.jpg","width":2560,"height":1920,"caption":"OLYMPUS DIGITAL CAMERA"},{"@type":"BreadcrumbList","@id":"https:\/\/vr-room.ch\/2017\/05\/16\/schweizer-hochschulen-zeigten-am-world-vr-forum-ihr-koennen\/#breadcrumb","itemListElement":[{"@type":"ListItem","position":1,"name":"Startseite","item":"http:\/\/vr-room.ch\/en\/"},{"@type":"ListItem","position":2,"name":"Schweizer Hochschulen zeigten am World VR Forum ihr K\u00f6nnen"}]},{"@type":"WebSite","@id":"http:\/\/vr-room.ch\/en\/#website","url":"http:\/\/vr-room.ch\/en\/","name":"Nouvelles de la r\u00e9alit\u00e9 virtuelle suisse","description":"","potentialAction":[{"@type":"SearchAction","target":{"@type":"EntryPoint","urlTemplate":"http:\/\/vr-room.ch\/en\/?s={search_term_string}"},"query-input":{"@type":"PropertyValueSpecification","valueRequired":true,"valueName":"search_term_string"}}],"inLanguage":"fr-FR"},{"@type":"Person","@id":"http:\/\/vr-room.ch\/en\/#\/schema\/person\/1a03b3a6ced429fb4831f60fa2b37599","name":"Nathalie","image":{"@type":"ImageObject","inLanguage":"fr-FR","@id":"https:\/\/vr-room.ch\/wp-content\/uploads\/2017\/01\/avatar_user_12_1484159890-96x96.jpg","url":"https:\/\/vr-room.ch\/wp-content\/uploads\/2017\/01\/avatar_user_12_1484159890-96x96.jpg","contentUrl":"https:\/\/vr-room.ch\/wp-content\/uploads\/2017\/01\/avatar_user_12_1484159890-96x96.jpg","caption":"Nathalie"},"url":"https:\/\/vr-room.ch\/fr\/author\/nathalie\/"}]}},"_links":{"self":[{"href":"https:\/\/vr-room.ch\/fr\/wp-json\/wp\/v2\/posts\/5536","targetHints":{"allow":["GET"]}}],"collection":[{"href":"https:\/\/vr-room.ch\/fr\/wp-json\/wp\/v2\/posts"}],"about":[{"href":"https:\/\/vr-room.ch\/fr\/wp-json\/wp\/v2\/types\/post"}],"author":[{"embeddable":true,"href":"https:\/\/vr-room.ch\/fr\/wp-json\/wp\/v2\/users\/12"}],"replies":[{"embeddable":true,"href":"https:\/\/vr-room.ch\/fr\/wp-json\/wp\/v2\/comments?post=5536"}],"version-history":[{"count":0,"href":"https:\/\/vr-room.ch\/fr\/wp-json\/wp\/v2\/posts\/5536\/revisions"}],"wp:featuredmedia":[{"embeddable":true,"href":"https:\/\/vr-room.ch\/fr\/wp-json\/wp\/v2\/media\/5519"}],"wp:attachment":[{"href":"https:\/\/vr-room.ch\/fr\/wp-json\/wp\/v2\/media?parent=5536"}],"wp:term":[{"taxonomy":"category","embeddable":true,"href":"https:\/\/vr-room.ch\/fr\/wp-json\/wp\/v2\/categories?post=5536"},{"taxonomy":"post_tag","embeddable":true,"href":"https:\/\/vr-room.ch\/fr\/wp-json\/wp\/v2\/tags?post=5536"}],"curies":[{"name":"wp","href":"https:\/\/api.w.org\/{rel}","templated":true}]}}