{"id":5232,"date":"2017-04-12T10:38:41","date_gmt":"2017-04-12T10:38:41","guid":{"rendered":"http:\/\/vr-room.ch\/?p=5232"},"modified":"2017-04-12T10:40:36","modified_gmt":"2017-04-12T10:40:36","slug":"die-welt-aus-der-sicht-eines-babys-erleben","status":"publish","type":"post","link":"https:\/\/vr-room.ch\/fr\/2017\/04\/12\/die-welt-aus-der-sicht-eines-babys-erleben\/","title":{"rendered":"D\u00e9couvrir le monde du point de vue d'un b\u00e9b\u00e9"},"content":{"rendered":"<p>&#8222;The Guardian&#8220; erweitert seinen Journalismus bereits seit einiger Zeit auf die virtuelle Realit\u00e4t und hat nun ein weiteres <a href=\"http:\/\/vr-room.ch\/fr\/virtual-reality-glossar\/\">Vid\u00e9o \u00e0 360 degr\u00e9s<\/a> ver\u00f6ffentlicht. In &#8222;First Impressions&#8220; geht es darum, die Welt aus der Sicht eines Babys zu erleben. Wir werden uns nicht mehr daran erinnern, aber so haben auch wir unsere Umgebung wahrgenommen. Das Video wurde auf der Basis wissenschaftlicher Forschung rekonstruiert. Zuerst realisiert das Kind nur Konturen, anschliessend kommen Farben hinzu. Am Ende folgt die Tiefenwahrnehmung und das Kind kann seine Eltern, andere Personen und Objekte erkennen.<\/p>\n<p>Weil Vernachl\u00e4ssigung schwere negative Folgen f\u00fcr das Gehirn eines Neugeborenen haben kann, soll das 360-Grad-Video deutlich machen, wie wichtig soziale Interaktionen sind. Charles Nelson, Harvard-Professor f\u00fcr P\u00e4diatrie, begleitet die VR-Zuschauer und berichtet \u00fcber das Thema. &#8222;First Impressions&#8220; ist nur ein Video aus einer <a href=\"https:\/\/www.theguardian.com\/technology\/ng-interactive\/2016\/nov\/10\/virtual-reality-by-the-guardian#\">toute la s\u00e9rie<\/a> (siehe Link), die &#8222;The Guardian&#8220; bisher f\u00fcr Google Daydream produziert hat. In anderen Werken kann man die Kanalisation von London erforschen oder die Klimaerw\u00e4rmung erleben. Das hier angeh\u00e4ngte Video ist nur ein Trailer. F\u00fcr das komplette Erlebnis wird die &#8222;Guardian VR&#8220;-App ben\u00f6tigt, die \u00fcber den <a href=\"https:\/\/play.google.com\/store\/apps\/details?id=com.guardian.gvr\">Google Play Store<\/a> peut \u00eatre charg\u00e9.<\/p>\n<div style=\"width: 640px;\" class=\"wp-video\"><video class=\"wp-video-shortcode\" id=\"video-5232-1\" width=\"640\" height=\"360\" loop preload=\"metadata\" controls=\"controls\"><source type=\"video\/youtube\" src=\"https:\/\/www.youtube.com\/watch?v=QKhZYZfq8Zk&#038;_=1\" \/><a href=\"https:\/\/www.youtube.com\/watch?v=QKhZYZfq8Zk\">https:\/\/www.youtube.com\/watch?v=QKhZYZfq8Zk<\/a><\/video><\/div>\n<p>Source : VRODO<\/p>","protected":false},"excerpt":{"rendered":"&#8222;The Guardian&#8220; erweitert seinen Journalismus bereits seit einiger Zeit auf die virtuelle Realit\u00e4t und hat nun ein weiteres&hellip;","protected":false},"author":11,"featured_media":5234,"comment_status":"open","ping_status":"open","sticky":false,"template":"","format":"standard","meta":{"footnotes":""},"categories":[67],"tags":[],"class_list":{"0":"post-5232","1":"post","2":"type-post","3":"status-publish","4":"format-standard","5":"has-post-thumbnail","7":"category-virtual-reality-gesellschaft","8":"cs-entry","9":"cs-video-wrap"},"yoast_head":"<!-- This site is optimized with the Yoast SEO plugin v27.4 - https:\/\/yoast.com\/product\/yoast-seo-wordpress\/ -->\n<title>Die Welt aus der Sicht eines Babys erleben - Schweizer Virtual Reality News<\/title>\n<meta name=\"robots\" content=\"index, follow, max-snippet:-1, max-image-preview:large, max-video-preview:-1\" \/>\n<link rel=\"canonical\" href=\"https:\/\/vr-room.ch\/fr\/2017\/04\/12\/die-welt-aus-der-sicht-eines-babys-erleben\/\" \/>\n<meta property=\"og:locale\" content=\"fr_FR\" \/>\n<meta property=\"og:type\" content=\"article\" \/>\n<meta property=\"og:title\" content=\"Die Welt aus der Sicht eines Babys erleben - Schweizer Virtual Reality News\" \/>\n<meta property=\"og:description\" content=\"&#8222;The Guardian&#8220; erweitert seinen Journalismus bereits seit einiger Zeit auf die virtuelle Realit\u00e4t und hat nun ein weiteres&hellip;\" \/>\n<meta property=\"og:url\" content=\"https:\/\/vr-room.ch\/fr\/2017\/04\/12\/die-welt-aus-der-sicht-eines-babys-erleben\/\" \/>\n<meta property=\"og:site_name\" content=\"Schweizer Virtual Reality News\" \/>\n<meta property=\"article:published_time\" content=\"2017-04-12T10:38:41+00:00\" \/>\n<meta property=\"article:modified_time\" content=\"2017-04-12T10:40:36+00:00\" \/>\n<meta property=\"og:image\" content=\"https:\/\/vr-room.ch\/wp-content\/uploads\/2017\/04\/BabyVR.jpg\" \/>\n\t<meta property=\"og:image:width\" content=\"1600\" \/>\n\t<meta property=\"og:image:height\" content=\"900\" \/>\n\t<meta property=\"og:image:type\" content=\"image\/jpeg\" \/>\n<meta name=\"author\" content=\"Michael\" \/>\n<meta name=\"twitter:card\" content=\"summary_large_image\" \/>\n<meta name=\"twitter:label1\" content=\"\u00c9crit par\" \/>\n\t<meta name=\"twitter:data1\" content=\"Michael\" \/>\n\t<meta name=\"twitter:label2\" content=\"Dur\u00e9e de lecture estim\u00e9e\" \/>\n\t<meta name=\"twitter:data2\" content=\"1 minute\" \/>\n<script type=\"application\/ld+json\" class=\"yoast-schema-graph\">{\"@context\":\"https:\\\/\\\/schema.org\",\"@graph\":[{\"@type\":\"Article\",\"@id\":\"https:\\\/\\\/vr-room.ch\\\/2017\\\/04\\\/12\\\/die-welt-aus-der-sicht-eines-babys-erleben\\\/#article\",\"isPartOf\":{\"@id\":\"https:\\\/\\\/vr-room.ch\\\/2017\\\/04\\\/12\\\/die-welt-aus-der-sicht-eines-babys-erleben\\\/\"},\"author\":{\"name\":\"Michael\",\"@id\":\"http:\\\/\\\/vr-room.ch\\\/en\\\/#\\\/schema\\\/person\\\/4022b4e1fba06681ac263b25c0f1e3d2\"},\"headline\":\"Die Welt aus der Sicht eines Babys erleben\",\"datePublished\":\"2017-04-12T10:38:41+00:00\",\"dateModified\":\"2017-04-12T10:40:36+00:00\",\"mainEntityOfPage\":{\"@id\":\"https:\\\/\\\/vr-room.ch\\\/2017\\\/04\\\/12\\\/die-welt-aus-der-sicht-eines-babys-erleben\\\/\"},\"wordCount\":217,\"commentCount\":0,\"image\":{\"@id\":\"https:\\\/\\\/vr-room.ch\\\/2017\\\/04\\\/12\\\/die-welt-aus-der-sicht-eines-babys-erleben\\\/#primaryimage\"},\"thumbnailUrl\":\"https:\\\/\\\/vr-room.ch\\\/wp-content\\\/uploads\\\/2017\\\/04\\\/BabyVR.jpg\",\"articleSection\":[\"Gesellschaft\"],\"inLanguage\":\"fr-FR\",\"potentialAction\":[{\"@type\":\"CommentAction\",\"name\":\"Comment\",\"target\":[\"https:\\\/\\\/vr-room.ch\\\/2017\\\/04\\\/12\\\/die-welt-aus-der-sicht-eines-babys-erleben\\\/#respond\"]}]},{\"@type\":\"WebPage\",\"@id\":\"https:\\\/\\\/vr-room.ch\\\/2017\\\/04\\\/12\\\/die-welt-aus-der-sicht-eines-babys-erleben\\\/\",\"url\":\"https:\\\/\\\/vr-room.ch\\\/2017\\\/04\\\/12\\\/die-welt-aus-der-sicht-eines-babys-erleben\\\/\",\"name\":\"Die Welt aus der Sicht eines Babys erleben - Schweizer Virtual Reality News\",\"isPartOf\":{\"@id\":\"http:\\\/\\\/vr-room.ch\\\/en\\\/#website\"},\"primaryImageOfPage\":{\"@id\":\"https:\\\/\\\/vr-room.ch\\\/2017\\\/04\\\/12\\\/die-welt-aus-der-sicht-eines-babys-erleben\\\/#primaryimage\"},\"image\":{\"@id\":\"https:\\\/\\\/vr-room.ch\\\/2017\\\/04\\\/12\\\/die-welt-aus-der-sicht-eines-babys-erleben\\\/#primaryimage\"},\"thumbnailUrl\":\"https:\\\/\\\/vr-room.ch\\\/wp-content\\\/uploads\\\/2017\\\/04\\\/BabyVR.jpg\",\"datePublished\":\"2017-04-12T10:38:41+00:00\",\"dateModified\":\"2017-04-12T10:40:36+00:00\",\"author\":{\"@id\":\"http:\\\/\\\/vr-room.ch\\\/en\\\/#\\\/schema\\\/person\\\/4022b4e1fba06681ac263b25c0f1e3d2\"},\"breadcrumb\":{\"@id\":\"https:\\\/\\\/vr-room.ch\\\/2017\\\/04\\\/12\\\/die-welt-aus-der-sicht-eines-babys-erleben\\\/#breadcrumb\"},\"inLanguage\":\"fr-FR\",\"potentialAction\":[{\"@type\":\"ReadAction\",\"target\":[\"https:\\\/\\\/vr-room.ch\\\/2017\\\/04\\\/12\\\/die-welt-aus-der-sicht-eines-babys-erleben\\\/\"]}]},{\"@type\":\"ImageObject\",\"inLanguage\":\"fr-FR\",\"@id\":\"https:\\\/\\\/vr-room.ch\\\/2017\\\/04\\\/12\\\/die-welt-aus-der-sicht-eines-babys-erleben\\\/#primaryimage\",\"url\":\"https:\\\/\\\/vr-room.ch\\\/wp-content\\\/uploads\\\/2017\\\/04\\\/BabyVR.jpg\",\"contentUrl\":\"https:\\\/\\\/vr-room.ch\\\/wp-content\\\/uploads\\\/2017\\\/04\\\/BabyVR.jpg\",\"width\":1600,\"height\":900},{\"@type\":\"BreadcrumbList\",\"@id\":\"https:\\\/\\\/vr-room.ch\\\/2017\\\/04\\\/12\\\/die-welt-aus-der-sicht-eines-babys-erleben\\\/#breadcrumb\",\"itemListElement\":[{\"@type\":\"ListItem\",\"position\":1,\"name\":\"Startseite\",\"item\":\"http:\\\/\\\/vr-room.ch\\\/en\\\/\"},{\"@type\":\"ListItem\",\"position\":2,\"name\":\"Die Welt aus der Sicht eines Babys erleben\"}]},{\"@type\":\"WebSite\",\"@id\":\"http:\\\/\\\/vr-room.ch\\\/en\\\/#website\",\"url\":\"http:\\\/\\\/vr-room.ch\\\/en\\\/\",\"name\":\"Schweizer Virtual Reality News\",\"description\":\"\",\"potentialAction\":[{\"@type\":\"SearchAction\",\"target\":{\"@type\":\"EntryPoint\",\"urlTemplate\":\"http:\\\/\\\/vr-room.ch\\\/en\\\/?s={search_term_string}\"},\"query-input\":{\"@type\":\"PropertyValueSpecification\",\"valueRequired\":true,\"valueName\":\"search_term_string\"}}],\"inLanguage\":\"fr-FR\"},{\"@type\":\"Person\",\"@id\":\"http:\\\/\\\/vr-room.ch\\\/en\\\/#\\\/schema\\\/person\\\/4022b4e1fba06681ac263b25c0f1e3d2\",\"name\":\"Michael\",\"image\":{\"@type\":\"ImageObject\",\"inLanguage\":\"fr-FR\",\"@id\":\"https:\\\/\\\/vr-room.ch\\\/wp-content\\\/uploads\\\/2019\\\/05\\\/avatar_user_11_1558711168-96x96.jpg\",\"url\":\"https:\\\/\\\/vr-room.ch\\\/wp-content\\\/uploads\\\/2019\\\/05\\\/avatar_user_11_1558711168-96x96.jpg\",\"contentUrl\":\"https:\\\/\\\/vr-room.ch\\\/wp-content\\\/uploads\\\/2019\\\/05\\\/avatar_user_11_1558711168-96x96.jpg\",\"caption\":\"Michael\"},\"url\":\"https:\\\/\\\/vr-room.ch\\\/fr\\\/author\\\/michael\\\/\"}]}<\/script>\n<!-- \/ Yoast SEO plugin. -->","yoast_head_json":{"title":"Die Welt aus der Sicht eines Babys erleben - Schweizer Virtual Reality News","robots":{"index":"index","follow":"follow","max-snippet":"max-snippet:-1","max-image-preview":"max-image-preview:large","max-video-preview":"max-video-preview:-1"},"canonical":"https:\/\/vr-room.ch\/fr\/2017\/04\/12\/die-welt-aus-der-sicht-eines-babys-erleben\/","og_locale":"fr_FR","og_type":"article","og_title":"Die Welt aus der Sicht eines Babys erleben - Schweizer Virtual Reality News","og_description":"&#8222;The Guardian&#8220; erweitert seinen Journalismus bereits seit einiger Zeit auf die virtuelle Realit\u00e4t und hat nun ein weiteres&hellip;","og_url":"https:\/\/vr-room.ch\/fr\/2017\/04\/12\/die-welt-aus-der-sicht-eines-babys-erleben\/","og_site_name":"Schweizer Virtual Reality News","article_published_time":"2017-04-12T10:38:41+00:00","article_modified_time":"2017-04-12T10:40:36+00:00","og_image":[{"width":1600,"height":900,"url":"https:\/\/vr-room.ch\/wp-content\/uploads\/2017\/04\/BabyVR.jpg","type":"image\/jpeg"}],"author":"Michael","twitter_card":"summary_large_image","twitter_misc":{"\u00c9crit par":"Michael","Dur\u00e9e de lecture estim\u00e9e":"1 minute"},"schema":{"@context":"https:\/\/schema.org","@graph":[{"@type":"Article","@id":"https:\/\/vr-room.ch\/2017\/04\/12\/die-welt-aus-der-sicht-eines-babys-erleben\/#article","isPartOf":{"@id":"https:\/\/vr-room.ch\/2017\/04\/12\/die-welt-aus-der-sicht-eines-babys-erleben\/"},"author":{"name":"Michael","@id":"http:\/\/vr-room.ch\/en\/#\/schema\/person\/4022b4e1fba06681ac263b25c0f1e3d2"},"headline":"Die Welt aus der Sicht eines Babys erleben","datePublished":"2017-04-12T10:38:41+00:00","dateModified":"2017-04-12T10:40:36+00:00","mainEntityOfPage":{"@id":"https:\/\/vr-room.ch\/2017\/04\/12\/die-welt-aus-der-sicht-eines-babys-erleben\/"},"wordCount":217,"commentCount":0,"image":{"@id":"https:\/\/vr-room.ch\/2017\/04\/12\/die-welt-aus-der-sicht-eines-babys-erleben\/#primaryimage"},"thumbnailUrl":"https:\/\/vr-room.ch\/wp-content\/uploads\/2017\/04\/BabyVR.jpg","articleSection":["Gesellschaft"],"inLanguage":"fr-FR","potentialAction":[{"@type":"CommentAction","name":"Comment","target":["https:\/\/vr-room.ch\/2017\/04\/12\/die-welt-aus-der-sicht-eines-babys-erleben\/#respond"]}]},{"@type":"WebPage","@id":"https:\/\/vr-room.ch\/2017\/04\/12\/die-welt-aus-der-sicht-eines-babys-erleben\/","url":"https:\/\/vr-room.ch\/2017\/04\/12\/die-welt-aus-der-sicht-eines-babys-erleben\/","name":"Die Welt aus der Sicht eines Babys erleben - Schweizer Virtual Reality News","isPartOf":{"@id":"http:\/\/vr-room.ch\/en\/#website"},"primaryImageOfPage":{"@id":"https:\/\/vr-room.ch\/2017\/04\/12\/die-welt-aus-der-sicht-eines-babys-erleben\/#primaryimage"},"image":{"@id":"https:\/\/vr-room.ch\/2017\/04\/12\/die-welt-aus-der-sicht-eines-babys-erleben\/#primaryimage"},"thumbnailUrl":"https:\/\/vr-room.ch\/wp-content\/uploads\/2017\/04\/BabyVR.jpg","datePublished":"2017-04-12T10:38:41+00:00","dateModified":"2017-04-12T10:40:36+00:00","author":{"@id":"http:\/\/vr-room.ch\/en\/#\/schema\/person\/4022b4e1fba06681ac263b25c0f1e3d2"},"breadcrumb":{"@id":"https:\/\/vr-room.ch\/2017\/04\/12\/die-welt-aus-der-sicht-eines-babys-erleben\/#breadcrumb"},"inLanguage":"fr-FR","potentialAction":[{"@type":"ReadAction","target":["https:\/\/vr-room.ch\/2017\/04\/12\/die-welt-aus-der-sicht-eines-babys-erleben\/"]}]},{"@type":"ImageObject","inLanguage":"fr-FR","@id":"https:\/\/vr-room.ch\/2017\/04\/12\/die-welt-aus-der-sicht-eines-babys-erleben\/#primaryimage","url":"https:\/\/vr-room.ch\/wp-content\/uploads\/2017\/04\/BabyVR.jpg","contentUrl":"https:\/\/vr-room.ch\/wp-content\/uploads\/2017\/04\/BabyVR.jpg","width":1600,"height":900},{"@type":"BreadcrumbList","@id":"https:\/\/vr-room.ch\/2017\/04\/12\/die-welt-aus-der-sicht-eines-babys-erleben\/#breadcrumb","itemListElement":[{"@type":"ListItem","position":1,"name":"Startseite","item":"http:\/\/vr-room.ch\/en\/"},{"@type":"ListItem","position":2,"name":"Die Welt aus der Sicht eines Babys erleben"}]},{"@type":"WebSite","@id":"http:\/\/vr-room.ch\/en\/#website","url":"http:\/\/vr-room.ch\/en\/","name":"Nouvelles de la r\u00e9alit\u00e9 virtuelle suisse","description":"","potentialAction":[{"@type":"SearchAction","target":{"@type":"EntryPoint","urlTemplate":"http:\/\/vr-room.ch\/en\/?s={search_term_string}"},"query-input":{"@type":"PropertyValueSpecification","valueRequired":true,"valueName":"search_term_string"}}],"inLanguage":"fr-FR"},{"@type":"Person","@id":"http:\/\/vr-room.ch\/en\/#\/schema\/person\/4022b4e1fba06681ac263b25c0f1e3d2","name":"Michael","image":{"@type":"ImageObject","inLanguage":"fr-FR","@id":"https:\/\/vr-room.ch\/wp-content\/uploads\/2019\/05\/avatar_user_11_1558711168-96x96.jpg","url":"https:\/\/vr-room.ch\/wp-content\/uploads\/2019\/05\/avatar_user_11_1558711168-96x96.jpg","contentUrl":"https:\/\/vr-room.ch\/wp-content\/uploads\/2019\/05\/avatar_user_11_1558711168-96x96.jpg","caption":"Michael"},"url":"https:\/\/vr-room.ch\/fr\/author\/michael\/"}]}},"_links":{"self":[{"href":"https:\/\/vr-room.ch\/fr\/wp-json\/wp\/v2\/posts\/5232","targetHints":{"allow":["GET"]}}],"collection":[{"href":"https:\/\/vr-room.ch\/fr\/wp-json\/wp\/v2\/posts"}],"about":[{"href":"https:\/\/vr-room.ch\/fr\/wp-json\/wp\/v2\/types\/post"}],"author":[{"embeddable":true,"href":"https:\/\/vr-room.ch\/fr\/wp-json\/wp\/v2\/users\/11"}],"replies":[{"embeddable":true,"href":"https:\/\/vr-room.ch\/fr\/wp-json\/wp\/v2\/comments?post=5232"}],"version-history":[{"count":0,"href":"https:\/\/vr-room.ch\/fr\/wp-json\/wp\/v2\/posts\/5232\/revisions"}],"wp:featuredmedia":[{"embeddable":true,"href":"https:\/\/vr-room.ch\/fr\/wp-json\/wp\/v2\/media\/5234"}],"wp:attachment":[{"href":"https:\/\/vr-room.ch\/fr\/wp-json\/wp\/v2\/media?parent=5232"}],"wp:term":[{"taxonomy":"category","embeddable":true,"href":"https:\/\/vr-room.ch\/fr\/wp-json\/wp\/v2\/categories?post=5232"},{"taxonomy":"post_tag","embeddable":true,"href":"https:\/\/vr-room.ch\/fr\/wp-json\/wp\/v2\/tags?post=5232"}],"curies":[{"name":"wp","href":"https:\/\/api.w.org\/{rel}","templated":true}]}}