{"id":4902,"date":"2017-03-20T08:23:54","date_gmt":"2017-03-20T08:23:54","guid":{"rendered":"http:\/\/vr-room.ch\/?p=4902"},"modified":"2017-03-20T08:31:36","modified_gmt":"2017-03-20T08:31:36","slug":"mit-artheon-vr-ins-kunstmuseum","status":"publish","type":"post","link":"https:\/\/vr-room.ch\/fr\/2017\/03\/20\/mit-artheon-vr-ins-kunstmuseum\/","title":{"rendered":"Au mus\u00e9e d'art avec Artheon VR"},"content":{"rendered":"<p>Wer nicht das Geld und die Zeit hat, die Museen dieser Welt zu besuchen, f\u00fcr den d\u00fcrfte &#8222;Artheon&#8220; interessant sein. Die VR-Anwendung simuliert n\u00e4mlich ein kunsthistorisches Museum, weswegen man zum Beispiel die B\u00fcste der Nofretete oder Leonardo da Vincis Mona Lisa ganz genau betrachten darf. Besonders interessant ist die Tatsache, dass man die Ausstellungsst\u00fccke im Museum selbst bestimmen darf. Man ruft die integrierte Suchfunktion auf und l\u00e4sst die virtuellen R\u00e4umlichkeiten neu ausstatten. Auf diese Weise kann man ganz schnell sein eigenes Kunstmuseum organisieren.<\/p>\n<p>In der Datenbank sind offensichtlich mehr als 486.000 Kunstwerke verf\u00fcgbar. Diese wurden unter anderem aus dem &#8222;Metropolitan Museum of Arts&#8220;, dem &#8222;Rijksmuseum Amsterdam&#8220; und dem &#8222;British Museum&#8220; entnommen. In dem VR-Museum bewegt man sich mit einer Teleportfunktion von einem Ausstellungsst\u00fcck zum n\u00e4chsten. Mit der rechten Hand ist es m\u00f6glich, nach dem Kunstwerk zu greifen, was in einem echten Museum v\u00f6llig ausgeschlossen w\u00e4re. In der linken Hand h\u00e4lt man gleichzeitig eine Infotafel, um sich weiter dar\u00fcber zu informieren. Ausserdem werden verf\u00fcgbare YouTube-Videos eingeblendet.<\/p>\n<p>En outre, pour le <a href=\"http:\/\/artheon.co\/\">&#8222;Artheon VR Museum&#8220;<\/a> zus\u00e4tzlich auch kuratierte Ausstellungen geplant. So sind beispielsweise Sammlungen zu Vincent Van Gogh und der alt\u00e4gyptischen Kunst in Vorbereitung. In dem Video k\u00f6nnen einige Eindr\u00fccke von &#8222;Artheon&#8220; gesammelt werden. &#8222;Artheon&#8220; wird vom kalifornischen Studio Impossibility Lab entwickelt und soll schon bald kostenlos f\u00fcr HTC Vive \u00fcber <a href=\"http:\/\/store.steampowered.com\/?l=german\">Steam<\/a> seront disponibles. Des adaptations pour Oculus Rift, PlayStation VR et Google Daydream sont \u00e9galement pr\u00e9vues.<\/p>\n<div style=\"width: 640px;\" class=\"wp-video\"><video class=\"wp-video-shortcode\" id=\"video-4902-1\" width=\"640\" height=\"360\" loop preload=\"metadata\" controls=\"controls\"><source type=\"video\/youtube\" src=\"https:\/\/www.youtube.com\/watch?v=H7TXVJZ7Prs&#038;_=1\" \/><a href=\"https:\/\/www.youtube.com\/watch?v=H7TXVJZ7Prs\">https:\/\/www.youtube.com\/watch?v=H7TXVJZ7Prs<\/a><\/video><\/div>\n<p>Source:VRODO<\/p>","protected":false},"excerpt":{"rendered":"Wer nicht das Geld und die Zeit hat, die Museen dieser Welt zu besuchen, f\u00fcr den d\u00fcrfte &#8222;Artheon&#8220;&hellip;","protected":false},"author":11,"featured_media":4903,"comment_status":"open","ping_status":"open","sticky":false,"template":"","format":"standard","meta":{"footnotes":""},"categories":[3],"tags":[],"class_list":{"0":"post-4902","1":"post","2":"type-post","3":"status-publish","4":"format-standard","5":"has-post-thumbnail","7":"category-virtual-reality-kunst","8":"cs-entry","9":"cs-video-wrap"},"yoast_head":"<!-- This site is optimized with the Yoast SEO plugin v27.4 - https:\/\/yoast.com\/product\/yoast-seo-wordpress\/ -->\n<title>Mit Artheon VR ins Kunstmuseum - Schweizer Virtual Reality News<\/title>\n<meta name=\"robots\" content=\"index, follow, max-snippet:-1, max-image-preview:large, max-video-preview:-1\" \/>\n<link rel=\"canonical\" href=\"https:\/\/vr-room.ch\/fr\/2017\/03\/20\/mit-artheon-vr-ins-kunstmuseum\/\" \/>\n<meta property=\"og:locale\" content=\"fr_FR\" \/>\n<meta property=\"og:type\" content=\"article\" \/>\n<meta property=\"og:title\" content=\"Mit Artheon VR ins Kunstmuseum - Schweizer Virtual Reality News\" \/>\n<meta property=\"og:description\" content=\"Wer nicht das Geld und die Zeit hat, die Museen dieser Welt zu besuchen, f\u00fcr den d\u00fcrfte &#8222;Artheon&#8220;&hellip;\" \/>\n<meta property=\"og:url\" content=\"https:\/\/vr-room.ch\/fr\/2017\/03\/20\/mit-artheon-vr-ins-kunstmuseum\/\" \/>\n<meta property=\"og:site_name\" content=\"Schweizer Virtual Reality News\" \/>\n<meta property=\"article:published_time\" content=\"2017-03-20T08:23:54+00:00\" \/>\n<meta property=\"article:modified_time\" content=\"2017-03-20T08:31:36+00:00\" \/>\n<meta property=\"og:image\" content=\"https:\/\/vr-room.ch\/wp-content\/uploads\/2017\/03\/Artheon.jpg\" \/>\n\t<meta property=\"og:image:width\" content=\"953\" \/>\n\t<meta property=\"og:image:height\" content=\"645\" \/>\n\t<meta property=\"og:image:type\" content=\"image\/jpeg\" \/>\n<meta name=\"author\" content=\"Michael\" \/>\n<meta name=\"twitter:card\" content=\"summary_large_image\" \/>\n<meta name=\"twitter:label1\" content=\"\u00c9crit par\" \/>\n\t<meta name=\"twitter:data1\" content=\"Michael\" \/>\n\t<meta name=\"twitter:label2\" content=\"Dur\u00e9e de lecture estim\u00e9e\" \/>\n\t<meta name=\"twitter:data2\" content=\"1 minute\" \/>\n<script type=\"application\/ld+json\" class=\"yoast-schema-graph\">{\"@context\":\"https:\\\/\\\/schema.org\",\"@graph\":[{\"@type\":\"Article\",\"@id\":\"https:\\\/\\\/vr-room.ch\\\/2017\\\/03\\\/20\\\/mit-artheon-vr-ins-kunstmuseum\\\/#article\",\"isPartOf\":{\"@id\":\"https:\\\/\\\/vr-room.ch\\\/2017\\\/03\\\/20\\\/mit-artheon-vr-ins-kunstmuseum\\\/\"},\"author\":{\"name\":\"Michael\",\"@id\":\"http:\\\/\\\/vr-room.ch\\\/en\\\/#\\\/schema\\\/person\\\/4022b4e1fba06681ac263b25c0f1e3d2\"},\"headline\":\"Mit Artheon VR ins Kunstmuseum\",\"datePublished\":\"2017-03-20T08:23:54+00:00\",\"dateModified\":\"2017-03-20T08:31:36+00:00\",\"mainEntityOfPage\":{\"@id\":\"https:\\\/\\\/vr-room.ch\\\/2017\\\/03\\\/20\\\/mit-artheon-vr-ins-kunstmuseum\\\/\"},\"wordCount\":278,\"commentCount\":0,\"image\":{\"@id\":\"https:\\\/\\\/vr-room.ch\\\/2017\\\/03\\\/20\\\/mit-artheon-vr-ins-kunstmuseum\\\/#primaryimage\"},\"thumbnailUrl\":\"https:\\\/\\\/vr-room.ch\\\/wp-content\\\/uploads\\\/2017\\\/03\\\/Artheon.jpg\",\"articleSection\":[\"Kunst\"],\"inLanguage\":\"fr-FR\",\"potentialAction\":[{\"@type\":\"CommentAction\",\"name\":\"Comment\",\"target\":[\"https:\\\/\\\/vr-room.ch\\\/2017\\\/03\\\/20\\\/mit-artheon-vr-ins-kunstmuseum\\\/#respond\"]}]},{\"@type\":\"WebPage\",\"@id\":\"https:\\\/\\\/vr-room.ch\\\/2017\\\/03\\\/20\\\/mit-artheon-vr-ins-kunstmuseum\\\/\",\"url\":\"https:\\\/\\\/vr-room.ch\\\/2017\\\/03\\\/20\\\/mit-artheon-vr-ins-kunstmuseum\\\/\",\"name\":\"Mit Artheon VR ins Kunstmuseum - Schweizer Virtual Reality News\",\"isPartOf\":{\"@id\":\"http:\\\/\\\/vr-room.ch\\\/en\\\/#website\"},\"primaryImageOfPage\":{\"@id\":\"https:\\\/\\\/vr-room.ch\\\/2017\\\/03\\\/20\\\/mit-artheon-vr-ins-kunstmuseum\\\/#primaryimage\"},\"image\":{\"@id\":\"https:\\\/\\\/vr-room.ch\\\/2017\\\/03\\\/20\\\/mit-artheon-vr-ins-kunstmuseum\\\/#primaryimage\"},\"thumbnailUrl\":\"https:\\\/\\\/vr-room.ch\\\/wp-content\\\/uploads\\\/2017\\\/03\\\/Artheon.jpg\",\"datePublished\":\"2017-03-20T08:23:54+00:00\",\"dateModified\":\"2017-03-20T08:31:36+00:00\",\"author\":{\"@id\":\"http:\\\/\\\/vr-room.ch\\\/en\\\/#\\\/schema\\\/person\\\/4022b4e1fba06681ac263b25c0f1e3d2\"},\"breadcrumb\":{\"@id\":\"https:\\\/\\\/vr-room.ch\\\/2017\\\/03\\\/20\\\/mit-artheon-vr-ins-kunstmuseum\\\/#breadcrumb\"},\"inLanguage\":\"fr-FR\",\"potentialAction\":[{\"@type\":\"ReadAction\",\"target\":[\"https:\\\/\\\/vr-room.ch\\\/2017\\\/03\\\/20\\\/mit-artheon-vr-ins-kunstmuseum\\\/\"]}]},{\"@type\":\"ImageObject\",\"inLanguage\":\"fr-FR\",\"@id\":\"https:\\\/\\\/vr-room.ch\\\/2017\\\/03\\\/20\\\/mit-artheon-vr-ins-kunstmuseum\\\/#primaryimage\",\"url\":\"https:\\\/\\\/vr-room.ch\\\/wp-content\\\/uploads\\\/2017\\\/03\\\/Artheon.jpg\",\"contentUrl\":\"https:\\\/\\\/vr-room.ch\\\/wp-content\\\/uploads\\\/2017\\\/03\\\/Artheon.jpg\",\"width\":953,\"height\":645},{\"@type\":\"BreadcrumbList\",\"@id\":\"https:\\\/\\\/vr-room.ch\\\/2017\\\/03\\\/20\\\/mit-artheon-vr-ins-kunstmuseum\\\/#breadcrumb\",\"itemListElement\":[{\"@type\":\"ListItem\",\"position\":1,\"name\":\"Startseite\",\"item\":\"http:\\\/\\\/vr-room.ch\\\/en\\\/\"},{\"@type\":\"ListItem\",\"position\":2,\"name\":\"Mit Artheon VR ins Kunstmuseum\"}]},{\"@type\":\"WebSite\",\"@id\":\"http:\\\/\\\/vr-room.ch\\\/en\\\/#website\",\"url\":\"http:\\\/\\\/vr-room.ch\\\/en\\\/\",\"name\":\"Schweizer Virtual Reality News\",\"description\":\"\",\"potentialAction\":[{\"@type\":\"SearchAction\",\"target\":{\"@type\":\"EntryPoint\",\"urlTemplate\":\"http:\\\/\\\/vr-room.ch\\\/en\\\/?s={search_term_string}\"},\"query-input\":{\"@type\":\"PropertyValueSpecification\",\"valueRequired\":true,\"valueName\":\"search_term_string\"}}],\"inLanguage\":\"fr-FR\"},{\"@type\":\"Person\",\"@id\":\"http:\\\/\\\/vr-room.ch\\\/en\\\/#\\\/schema\\\/person\\\/4022b4e1fba06681ac263b25c0f1e3d2\",\"name\":\"Michael\",\"image\":{\"@type\":\"ImageObject\",\"inLanguage\":\"fr-FR\",\"@id\":\"https:\\\/\\\/vr-room.ch\\\/wp-content\\\/uploads\\\/2019\\\/05\\\/avatar_user_11_1558711168-96x96.jpg\",\"url\":\"https:\\\/\\\/vr-room.ch\\\/wp-content\\\/uploads\\\/2019\\\/05\\\/avatar_user_11_1558711168-96x96.jpg\",\"contentUrl\":\"https:\\\/\\\/vr-room.ch\\\/wp-content\\\/uploads\\\/2019\\\/05\\\/avatar_user_11_1558711168-96x96.jpg\",\"caption\":\"Michael\"},\"url\":\"https:\\\/\\\/vr-room.ch\\\/fr\\\/author\\\/michael\\\/\"}]}<\/script>\n<!-- \/ Yoast SEO plugin. -->","yoast_head_json":{"title":"Mit Artheon VR ins Kunstmuseum - Schweizer Virtual Reality News","robots":{"index":"index","follow":"follow","max-snippet":"max-snippet:-1","max-image-preview":"max-image-preview:large","max-video-preview":"max-video-preview:-1"},"canonical":"https:\/\/vr-room.ch\/fr\/2017\/03\/20\/mit-artheon-vr-ins-kunstmuseum\/","og_locale":"fr_FR","og_type":"article","og_title":"Mit Artheon VR ins Kunstmuseum - Schweizer Virtual Reality News","og_description":"Wer nicht das Geld und die Zeit hat, die Museen dieser Welt zu besuchen, f\u00fcr den d\u00fcrfte &#8222;Artheon&#8220;&hellip;","og_url":"https:\/\/vr-room.ch\/fr\/2017\/03\/20\/mit-artheon-vr-ins-kunstmuseum\/","og_site_name":"Schweizer Virtual Reality News","article_published_time":"2017-03-20T08:23:54+00:00","article_modified_time":"2017-03-20T08:31:36+00:00","og_image":[{"width":953,"height":645,"url":"https:\/\/vr-room.ch\/wp-content\/uploads\/2017\/03\/Artheon.jpg","type":"image\/jpeg"}],"author":"Michael","twitter_card":"summary_large_image","twitter_misc":{"\u00c9crit par":"Michael","Dur\u00e9e de lecture estim\u00e9e":"1 minute"},"schema":{"@context":"https:\/\/schema.org","@graph":[{"@type":"Article","@id":"https:\/\/vr-room.ch\/2017\/03\/20\/mit-artheon-vr-ins-kunstmuseum\/#article","isPartOf":{"@id":"https:\/\/vr-room.ch\/2017\/03\/20\/mit-artheon-vr-ins-kunstmuseum\/"},"author":{"name":"Michael","@id":"http:\/\/vr-room.ch\/en\/#\/schema\/person\/4022b4e1fba06681ac263b25c0f1e3d2"},"headline":"Mit Artheon VR ins Kunstmuseum","datePublished":"2017-03-20T08:23:54+00:00","dateModified":"2017-03-20T08:31:36+00:00","mainEntityOfPage":{"@id":"https:\/\/vr-room.ch\/2017\/03\/20\/mit-artheon-vr-ins-kunstmuseum\/"},"wordCount":278,"commentCount":0,"image":{"@id":"https:\/\/vr-room.ch\/2017\/03\/20\/mit-artheon-vr-ins-kunstmuseum\/#primaryimage"},"thumbnailUrl":"https:\/\/vr-room.ch\/wp-content\/uploads\/2017\/03\/Artheon.jpg","articleSection":["Kunst"],"inLanguage":"fr-FR","potentialAction":[{"@type":"CommentAction","name":"Comment","target":["https:\/\/vr-room.ch\/2017\/03\/20\/mit-artheon-vr-ins-kunstmuseum\/#respond"]}]},{"@type":"WebPage","@id":"https:\/\/vr-room.ch\/2017\/03\/20\/mit-artheon-vr-ins-kunstmuseum\/","url":"https:\/\/vr-room.ch\/2017\/03\/20\/mit-artheon-vr-ins-kunstmuseum\/","name":"Mit Artheon VR ins Kunstmuseum - Schweizer Virtual Reality News","isPartOf":{"@id":"http:\/\/vr-room.ch\/en\/#website"},"primaryImageOfPage":{"@id":"https:\/\/vr-room.ch\/2017\/03\/20\/mit-artheon-vr-ins-kunstmuseum\/#primaryimage"},"image":{"@id":"https:\/\/vr-room.ch\/2017\/03\/20\/mit-artheon-vr-ins-kunstmuseum\/#primaryimage"},"thumbnailUrl":"https:\/\/vr-room.ch\/wp-content\/uploads\/2017\/03\/Artheon.jpg","datePublished":"2017-03-20T08:23:54+00:00","dateModified":"2017-03-20T08:31:36+00:00","author":{"@id":"http:\/\/vr-room.ch\/en\/#\/schema\/person\/4022b4e1fba06681ac263b25c0f1e3d2"},"breadcrumb":{"@id":"https:\/\/vr-room.ch\/2017\/03\/20\/mit-artheon-vr-ins-kunstmuseum\/#breadcrumb"},"inLanguage":"fr-FR","potentialAction":[{"@type":"ReadAction","target":["https:\/\/vr-room.ch\/2017\/03\/20\/mit-artheon-vr-ins-kunstmuseum\/"]}]},{"@type":"ImageObject","inLanguage":"fr-FR","@id":"https:\/\/vr-room.ch\/2017\/03\/20\/mit-artheon-vr-ins-kunstmuseum\/#primaryimage","url":"https:\/\/vr-room.ch\/wp-content\/uploads\/2017\/03\/Artheon.jpg","contentUrl":"https:\/\/vr-room.ch\/wp-content\/uploads\/2017\/03\/Artheon.jpg","width":953,"height":645},{"@type":"BreadcrumbList","@id":"https:\/\/vr-room.ch\/2017\/03\/20\/mit-artheon-vr-ins-kunstmuseum\/#breadcrumb","itemListElement":[{"@type":"ListItem","position":1,"name":"Startseite","item":"http:\/\/vr-room.ch\/en\/"},{"@type":"ListItem","position":2,"name":"Mit Artheon VR ins Kunstmuseum"}]},{"@type":"WebSite","@id":"http:\/\/vr-room.ch\/en\/#website","url":"http:\/\/vr-room.ch\/en\/","name":"Nouvelles de la r\u00e9alit\u00e9 virtuelle suisse","description":"","potentialAction":[{"@type":"SearchAction","target":{"@type":"EntryPoint","urlTemplate":"http:\/\/vr-room.ch\/en\/?s={search_term_string}"},"query-input":{"@type":"PropertyValueSpecification","valueRequired":true,"valueName":"search_term_string"}}],"inLanguage":"fr-FR"},{"@type":"Person","@id":"http:\/\/vr-room.ch\/en\/#\/schema\/person\/4022b4e1fba06681ac263b25c0f1e3d2","name":"Michael","image":{"@type":"ImageObject","inLanguage":"fr-FR","@id":"https:\/\/vr-room.ch\/wp-content\/uploads\/2019\/05\/avatar_user_11_1558711168-96x96.jpg","url":"https:\/\/vr-room.ch\/wp-content\/uploads\/2019\/05\/avatar_user_11_1558711168-96x96.jpg","contentUrl":"https:\/\/vr-room.ch\/wp-content\/uploads\/2019\/05\/avatar_user_11_1558711168-96x96.jpg","caption":"Michael"},"url":"https:\/\/vr-room.ch\/fr\/author\/michael\/"}]}},"_links":{"self":[{"href":"https:\/\/vr-room.ch\/fr\/wp-json\/wp\/v2\/posts\/4902","targetHints":{"allow":["GET"]}}],"collection":[{"href":"https:\/\/vr-room.ch\/fr\/wp-json\/wp\/v2\/posts"}],"about":[{"href":"https:\/\/vr-room.ch\/fr\/wp-json\/wp\/v2\/types\/post"}],"author":[{"embeddable":true,"href":"https:\/\/vr-room.ch\/fr\/wp-json\/wp\/v2\/users\/11"}],"replies":[{"embeddable":true,"href":"https:\/\/vr-room.ch\/fr\/wp-json\/wp\/v2\/comments?post=4902"}],"version-history":[{"count":0,"href":"https:\/\/vr-room.ch\/fr\/wp-json\/wp\/v2\/posts\/4902\/revisions"}],"wp:featuredmedia":[{"embeddable":true,"href":"https:\/\/vr-room.ch\/fr\/wp-json\/wp\/v2\/media\/4903"}],"wp:attachment":[{"href":"https:\/\/vr-room.ch\/fr\/wp-json\/wp\/v2\/media?parent=4902"}],"wp:term":[{"taxonomy":"category","embeddable":true,"href":"https:\/\/vr-room.ch\/fr\/wp-json\/wp\/v2\/categories?post=4902"},{"taxonomy":"post_tag","embeddable":true,"href":"https:\/\/vr-room.ch\/fr\/wp-json\/wp\/v2\/tags?post=4902"}],"curies":[{"name":"wp","href":"https:\/\/api.w.org\/{rel}","templated":true}]}}