{"id":4410,"date":"2017-02-08T12:28:17","date_gmt":"2017-02-08T12:28:17","guid":{"rendered":"http:\/\/vr-room.ch\/?p=4410"},"modified":"2017-02-08T12:39:58","modified_gmt":"2017-02-08T12:39:58","slug":"termin-fuer-rock-band-vr","status":"publish","type":"post","link":"https:\/\/vr-room.ch\/fr\/2017\/02\/08\/termin-fuer-rock-band-vr\/","title":{"rendered":"Date limite pour Rock Band VR &amp; Trailer"},"content":{"rendered":"<p>Der Entwickler Harmonix hat bekannt gegeben, dass &#8222;Rock Band VR&#8220; am 23. M\u00e4rz 2017 f\u00fcr Oculus Rift erscheinen wird, unter anderem im Paket mit einem Original-Fender-Stratocaster-Controller. W\u00e4hrend sich die bisherigen &#8222;Rock Band&#8220;-Spiele darauf konzentrierten, Studioaufnahmen korrekt nachzuspielen, liefert &#8222;Rock Band VR&#8220; das Gef\u00fchl, auf der B\u00fchne vor ausverkauftem Haus aufzutreten. Dabei wird auch die Interaktion mit den Bandmitgliedern gest\u00e4rkt. Der Trailer am Ende der News demonstriert ganz gut, wie das gemeint ist.<\/p>\n<p>&#8222;Der in Rift integrierten Audio-L\u00f6sung gelingt es auf ph\u00e4nomenale Art, die Sounds um die Spieler herum r\u00e4umlich zu verorten,&#8220; erkl\u00e4rt der Komponist und Sound-Designer Steve Pardo. &#8222;Wenn man sich an verschiedene Orte auf der B\u00fchne teleportiert, ver\u00e4ndert sich der Mix und passt sich dem neuen Standort an. F\u00fcr den Spieler f\u00fchlt es sich so an, als w\u00e4re er wirklich dort, das Publikum vor, das Schlagzeug hinter ihm und der Verst\u00e4rker auf 11.&#8220;<\/p>\n<p>Mittels des Tremolo-Hebels am Controller k\u00f6nnen Effektger\u00e4te genutzt werden und jede Button-Kombination erzeugt einzigartige Sounds, so zumindest das Versprechen der Entwickler, was daf\u00fcr sorgt, dass man ausgefallene Gitarrensoli in Echtzeit einspielen kann. &#8222;Rock Band VR&#8220; wird dar\u00fcber hinaus einen Kampagnen-Modus mit einer interaktiven Story sowie Multiplayer-Leaderboards enthalten.<\/p>\n<p>&#8222;Um die Rock-Band-Erfahrung in die Virtuelle Realit\u00e4t zu \u00fcbertragen, mussten wir den Kern unseres Gameplays komplett neu erfinden. Und dabei haben wir unsere Erwartungen komplett selbst \u00fcbertroffen,&#8220; so der Creative Lead Greg LoPiccolo. &#8222;Rock Band VR f\u00fchlt sich st\u00e4rker danach an, live auf der B\u00fchne zu stehen, als alles was ich bisher f\u00fcr m\u00f6glich gehalten hatte. Die Idee, dass Spieler ihre eigenen Gitarren-Parts in Echtzeit einspielen k\u00f6nnen ist \u00fcberw\u00e4ltigend. Soli in Rock Band VR zu spielen ist eines der befriedigendsten Dinge, die ich jemals in einem Videospiel getan habe.&#8220; Weitere Infos findet ihr \u00fcbrigens in einer <a href=\"http:\/\/vr-room.ch\/fr\/2017\/01\/11\/mit-rock-band-vr-die-speaker-zum-gluehen-bringen\/\">actualit\u00e9s pr\u00e9c\u00e9dentes<\/a> et dans le <a href=\"https:\/\/www.oculus.com\/blog\/rock-band-vr-pre-orders-now-live\/\">blog officiel<\/a>.<\/p>\n<div style=\"width: 640px;\" class=\"wp-video\"><video class=\"wp-video-shortcode\" id=\"video-4410-1\" width=\"640\" height=\"360\" loop preload=\"metadata\" controls=\"controls\"><source type=\"video\/youtube\" src=\"https:\/\/www.youtube.com\/watch?v=Y8u403Tt_Mk&#038;_=1\" \/><a href=\"https:\/\/www.youtube.com\/watch?v=Y8u403Tt_Mk\">https:\/\/www.youtube.com\/watch?v=Y8u403Tt_Mk<\/a><\/video><\/div>\n<p>Source : communiqu\u00e9 de presse<\/p>","protected":false},"excerpt":{"rendered":"Der Entwickler Harmonix hat bekannt gegeben, dass &#8222;Rock Band VR&#8220; am 23. M\u00e4rz 2017 f\u00fcr Oculus Rift erscheinen&hellip;","protected":false},"author":11,"featured_media":4411,"comment_status":"open","ping_status":"open","sticky":false,"template":"","format":"standard","meta":{"footnotes":""},"categories":[2],"tags":[],"class_list":{"0":"post-4410","1":"post","2":"type-post","3":"status-publish","4":"format-standard","5":"has-post-thumbnail","7":"category-virtual-reality-games","8":"cs-entry","9":"cs-video-wrap"},"yoast_head":"<!-- This site is optimized with the Yoast SEO plugin v27.4 - https:\/\/yoast.com\/product\/yoast-seo-wordpress\/ -->\n<title>Termin f\u00fcr Rock Band VR &amp; Trailer - Schweizer Virtual Reality News<\/title>\n<meta name=\"robots\" content=\"index, follow, max-snippet:-1, max-image-preview:large, max-video-preview:-1\" \/>\n<link rel=\"canonical\" href=\"https:\/\/vr-room.ch\/fr\/2017\/02\/08\/termin-fuer-rock-band-vr\/\" \/>\n<meta property=\"og:locale\" content=\"fr_FR\" \/>\n<meta property=\"og:type\" content=\"article\" \/>\n<meta property=\"og:title\" content=\"Termin f\u00fcr Rock Band VR &amp; Trailer - Schweizer Virtual Reality News\" \/>\n<meta property=\"og:description\" content=\"Der Entwickler Harmonix hat bekannt gegeben, dass &#8222;Rock Band VR&#8220; am 23. M\u00e4rz 2017 f\u00fcr Oculus Rift erscheinen&hellip;\" \/>\n<meta property=\"og:url\" content=\"https:\/\/vr-room.ch\/fr\/2017\/02\/08\/termin-fuer-rock-band-vr\/\" \/>\n<meta property=\"og:site_name\" content=\"Schweizer Virtual Reality News\" \/>\n<meta property=\"article:published_time\" content=\"2017-02-08T12:28:17+00:00\" \/>\n<meta property=\"article:modified_time\" content=\"2017-02-08T12:39:58+00:00\" \/>\n<meta property=\"og:image\" content=\"https:\/\/vr-room.ch\/wp-content\/uploads\/2017\/02\/rock_band_vr.png\" \/>\n\t<meta property=\"og:image:width\" content=\"653\" \/>\n\t<meta property=\"og:image:height\" content=\"364\" \/>\n\t<meta property=\"og:image:type\" content=\"image\/png\" \/>\n<meta name=\"author\" content=\"Michael\" \/>\n<meta name=\"twitter:card\" content=\"summary_large_image\" \/>\n<meta name=\"twitter:label1\" content=\"\u00c9crit par\" \/>\n\t<meta name=\"twitter:data1\" content=\"Michael\" \/>\n\t<meta name=\"twitter:label2\" content=\"Dur\u00e9e de lecture estim\u00e9e\" \/>\n\t<meta name=\"twitter:data2\" content=\"2 minutes\" \/>\n<script type=\"application\/ld+json\" class=\"yoast-schema-graph\">{\"@context\":\"https:\\\/\\\/schema.org\",\"@graph\":[{\"@type\":\"Article\",\"@id\":\"https:\\\/\\\/vr-room.ch\\\/en\\\/2017\\\/02\\\/08\\\/termin-fuer-rock-band-vr\\\/#article\",\"isPartOf\":{\"@id\":\"https:\\\/\\\/vr-room.ch\\\/en\\\/2017\\\/02\\\/08\\\/termin-fuer-rock-band-vr\\\/\"},\"author\":{\"name\":\"Michael\",\"@id\":\"http:\\\/\\\/vr-room.ch\\\/en\\\/#\\\/schema\\\/person\\\/4022b4e1fba06681ac263b25c0f1e3d2\"},\"headline\":\"Termin f\u00fcr Rock Band VR &amp; Trailer\",\"datePublished\":\"2017-02-08T12:28:17+00:00\",\"dateModified\":\"2017-02-08T12:39:58+00:00\",\"mainEntityOfPage\":{\"@id\":\"https:\\\/\\\/vr-room.ch\\\/en\\\/2017\\\/02\\\/08\\\/termin-fuer-rock-band-vr\\\/\"},\"wordCount\":345,\"commentCount\":0,\"image\":{\"@id\":\"https:\\\/\\\/vr-room.ch\\\/en\\\/2017\\\/02\\\/08\\\/termin-fuer-rock-band-vr\\\/#primaryimage\"},\"thumbnailUrl\":\"https:\\\/\\\/vr-room.ch\\\/wp-content\\\/uploads\\\/2017\\\/02\\\/rock_band_vr.png\",\"articleSection\":[\"Games\"],\"inLanguage\":\"fr-FR\",\"potentialAction\":[{\"@type\":\"CommentAction\",\"name\":\"Comment\",\"target\":[\"https:\\\/\\\/vr-room.ch\\\/en\\\/2017\\\/02\\\/08\\\/termin-fuer-rock-band-vr\\\/#respond\"]}]},{\"@type\":\"WebPage\",\"@id\":\"https:\\\/\\\/vr-room.ch\\\/en\\\/2017\\\/02\\\/08\\\/termin-fuer-rock-band-vr\\\/\",\"url\":\"https:\\\/\\\/vr-room.ch\\\/en\\\/2017\\\/02\\\/08\\\/termin-fuer-rock-band-vr\\\/\",\"name\":\"Termin f\u00fcr Rock Band VR &amp; Trailer - Schweizer Virtual Reality News\",\"isPartOf\":{\"@id\":\"http:\\\/\\\/vr-room.ch\\\/en\\\/#website\"},\"primaryImageOfPage\":{\"@id\":\"https:\\\/\\\/vr-room.ch\\\/en\\\/2017\\\/02\\\/08\\\/termin-fuer-rock-band-vr\\\/#primaryimage\"},\"image\":{\"@id\":\"https:\\\/\\\/vr-room.ch\\\/en\\\/2017\\\/02\\\/08\\\/termin-fuer-rock-band-vr\\\/#primaryimage\"},\"thumbnailUrl\":\"https:\\\/\\\/vr-room.ch\\\/wp-content\\\/uploads\\\/2017\\\/02\\\/rock_band_vr.png\",\"datePublished\":\"2017-02-08T12:28:17+00:00\",\"dateModified\":\"2017-02-08T12:39:58+00:00\",\"author\":{\"@id\":\"http:\\\/\\\/vr-room.ch\\\/en\\\/#\\\/schema\\\/person\\\/4022b4e1fba06681ac263b25c0f1e3d2\"},\"breadcrumb\":{\"@id\":\"https:\\\/\\\/vr-room.ch\\\/en\\\/2017\\\/02\\\/08\\\/termin-fuer-rock-band-vr\\\/#breadcrumb\"},\"inLanguage\":\"fr-FR\",\"potentialAction\":[{\"@type\":\"ReadAction\",\"target\":[\"https:\\\/\\\/vr-room.ch\\\/en\\\/2017\\\/02\\\/08\\\/termin-fuer-rock-band-vr\\\/\"]}]},{\"@type\":\"ImageObject\",\"inLanguage\":\"fr-FR\",\"@id\":\"https:\\\/\\\/vr-room.ch\\\/en\\\/2017\\\/02\\\/08\\\/termin-fuer-rock-band-vr\\\/#primaryimage\",\"url\":\"https:\\\/\\\/vr-room.ch\\\/wp-content\\\/uploads\\\/2017\\\/02\\\/rock_band_vr.png\",\"contentUrl\":\"https:\\\/\\\/vr-room.ch\\\/wp-content\\\/uploads\\\/2017\\\/02\\\/rock_band_vr.png\",\"width\":653,\"height\":364},{\"@type\":\"BreadcrumbList\",\"@id\":\"https:\\\/\\\/vr-room.ch\\\/en\\\/2017\\\/02\\\/08\\\/termin-fuer-rock-band-vr\\\/#breadcrumb\",\"itemListElement\":[{\"@type\":\"ListItem\",\"position\":1,\"name\":\"Startseite\",\"item\":\"http:\\\/\\\/vr-room.ch\\\/en\\\/\"},{\"@type\":\"ListItem\",\"position\":2,\"name\":\"Termin f\u00fcr Rock Band VR &amp; Trailer\"}]},{\"@type\":\"WebSite\",\"@id\":\"http:\\\/\\\/vr-room.ch\\\/en\\\/#website\",\"url\":\"http:\\\/\\\/vr-room.ch\\\/en\\\/\",\"name\":\"Schweizer Virtual Reality News\",\"description\":\"\",\"potentialAction\":[{\"@type\":\"SearchAction\",\"target\":{\"@type\":\"EntryPoint\",\"urlTemplate\":\"http:\\\/\\\/vr-room.ch\\\/en\\\/?s={search_term_string}\"},\"query-input\":{\"@type\":\"PropertyValueSpecification\",\"valueRequired\":true,\"valueName\":\"search_term_string\"}}],\"inLanguage\":\"fr-FR\"},{\"@type\":\"Person\",\"@id\":\"http:\\\/\\\/vr-room.ch\\\/en\\\/#\\\/schema\\\/person\\\/4022b4e1fba06681ac263b25c0f1e3d2\",\"name\":\"Michael\",\"image\":{\"@type\":\"ImageObject\",\"inLanguage\":\"fr-FR\",\"@id\":\"https:\\\/\\\/vr-room.ch\\\/wp-content\\\/uploads\\\/2019\\\/05\\\/avatar_user_11_1558711168-96x96.jpg\",\"url\":\"https:\\\/\\\/vr-room.ch\\\/wp-content\\\/uploads\\\/2019\\\/05\\\/avatar_user_11_1558711168-96x96.jpg\",\"contentUrl\":\"https:\\\/\\\/vr-room.ch\\\/wp-content\\\/uploads\\\/2019\\\/05\\\/avatar_user_11_1558711168-96x96.jpg\",\"caption\":\"Michael\"},\"url\":\"https:\\\/\\\/vr-room.ch\\\/fr\\\/author\\\/michael\\\/\"}]}<\/script>\n<!-- \/ Yoast SEO plugin. -->","yoast_head_json":{"title":"Termin f\u00fcr Rock Band VR &amp; Trailer - Schweizer Virtual Reality News","robots":{"index":"index","follow":"follow","max-snippet":"max-snippet:-1","max-image-preview":"max-image-preview:large","max-video-preview":"max-video-preview:-1"},"canonical":"https:\/\/vr-room.ch\/fr\/2017\/02\/08\/termin-fuer-rock-band-vr\/","og_locale":"fr_FR","og_type":"article","og_title":"Termin f\u00fcr Rock Band VR &amp; Trailer - Schweizer Virtual Reality News","og_description":"Der Entwickler Harmonix hat bekannt gegeben, dass &#8222;Rock Band VR&#8220; am 23. M\u00e4rz 2017 f\u00fcr Oculus Rift erscheinen&hellip;","og_url":"https:\/\/vr-room.ch\/fr\/2017\/02\/08\/termin-fuer-rock-band-vr\/","og_site_name":"Schweizer Virtual Reality News","article_published_time":"2017-02-08T12:28:17+00:00","article_modified_time":"2017-02-08T12:39:58+00:00","og_image":[{"width":653,"height":364,"url":"https:\/\/vr-room.ch\/wp-content\/uploads\/2017\/02\/rock_band_vr.png","type":"image\/png"}],"author":"Michael","twitter_card":"summary_large_image","twitter_misc":{"\u00c9crit par":"Michael","Dur\u00e9e de lecture estim\u00e9e":"2 minutes"},"schema":{"@context":"https:\/\/schema.org","@graph":[{"@type":"Article","@id":"https:\/\/vr-room.ch\/en\/2017\/02\/08\/termin-fuer-rock-band-vr\/#article","isPartOf":{"@id":"https:\/\/vr-room.ch\/en\/2017\/02\/08\/termin-fuer-rock-band-vr\/"},"author":{"name":"Michael","@id":"http:\/\/vr-room.ch\/en\/#\/schema\/person\/4022b4e1fba06681ac263b25c0f1e3d2"},"headline":"Termin f\u00fcr Rock Band VR &amp; Trailer","datePublished":"2017-02-08T12:28:17+00:00","dateModified":"2017-02-08T12:39:58+00:00","mainEntityOfPage":{"@id":"https:\/\/vr-room.ch\/en\/2017\/02\/08\/termin-fuer-rock-band-vr\/"},"wordCount":345,"commentCount":0,"image":{"@id":"https:\/\/vr-room.ch\/en\/2017\/02\/08\/termin-fuer-rock-band-vr\/#primaryimage"},"thumbnailUrl":"https:\/\/vr-room.ch\/wp-content\/uploads\/2017\/02\/rock_band_vr.png","articleSection":["Games"],"inLanguage":"fr-FR","potentialAction":[{"@type":"CommentAction","name":"Comment","target":["https:\/\/vr-room.ch\/en\/2017\/02\/08\/termin-fuer-rock-band-vr\/#respond"]}]},{"@type":"WebPage","@id":"https:\/\/vr-room.ch\/en\/2017\/02\/08\/termin-fuer-rock-band-vr\/","url":"https:\/\/vr-room.ch\/en\/2017\/02\/08\/termin-fuer-rock-band-vr\/","name":"Termin f\u00fcr Rock Band VR &amp; Trailer - Schweizer Virtual Reality News","isPartOf":{"@id":"http:\/\/vr-room.ch\/en\/#website"},"primaryImageOfPage":{"@id":"https:\/\/vr-room.ch\/en\/2017\/02\/08\/termin-fuer-rock-band-vr\/#primaryimage"},"image":{"@id":"https:\/\/vr-room.ch\/en\/2017\/02\/08\/termin-fuer-rock-band-vr\/#primaryimage"},"thumbnailUrl":"https:\/\/vr-room.ch\/wp-content\/uploads\/2017\/02\/rock_band_vr.png","datePublished":"2017-02-08T12:28:17+00:00","dateModified":"2017-02-08T12:39:58+00:00","author":{"@id":"http:\/\/vr-room.ch\/en\/#\/schema\/person\/4022b4e1fba06681ac263b25c0f1e3d2"},"breadcrumb":{"@id":"https:\/\/vr-room.ch\/en\/2017\/02\/08\/termin-fuer-rock-band-vr\/#breadcrumb"},"inLanguage":"fr-FR","potentialAction":[{"@type":"ReadAction","target":["https:\/\/vr-room.ch\/en\/2017\/02\/08\/termin-fuer-rock-band-vr\/"]}]},{"@type":"ImageObject","inLanguage":"fr-FR","@id":"https:\/\/vr-room.ch\/en\/2017\/02\/08\/termin-fuer-rock-band-vr\/#primaryimage","url":"https:\/\/vr-room.ch\/wp-content\/uploads\/2017\/02\/rock_band_vr.png","contentUrl":"https:\/\/vr-room.ch\/wp-content\/uploads\/2017\/02\/rock_band_vr.png","width":653,"height":364},{"@type":"BreadcrumbList","@id":"https:\/\/vr-room.ch\/en\/2017\/02\/08\/termin-fuer-rock-band-vr\/#breadcrumb","itemListElement":[{"@type":"ListItem","position":1,"name":"Startseite","item":"http:\/\/vr-room.ch\/en\/"},{"@type":"ListItem","position":2,"name":"Termin f\u00fcr Rock Band VR &amp; Trailer"}]},{"@type":"WebSite","@id":"http:\/\/vr-room.ch\/en\/#website","url":"http:\/\/vr-room.ch\/en\/","name":"Nouvelles de la r\u00e9alit\u00e9 virtuelle suisse","description":"","potentialAction":[{"@type":"SearchAction","target":{"@type":"EntryPoint","urlTemplate":"http:\/\/vr-room.ch\/en\/?s={search_term_string}"},"query-input":{"@type":"PropertyValueSpecification","valueRequired":true,"valueName":"search_term_string"}}],"inLanguage":"fr-FR"},{"@type":"Person","@id":"http:\/\/vr-room.ch\/en\/#\/schema\/person\/4022b4e1fba06681ac263b25c0f1e3d2","name":"Michael","image":{"@type":"ImageObject","inLanguage":"fr-FR","@id":"https:\/\/vr-room.ch\/wp-content\/uploads\/2019\/05\/avatar_user_11_1558711168-96x96.jpg","url":"https:\/\/vr-room.ch\/wp-content\/uploads\/2019\/05\/avatar_user_11_1558711168-96x96.jpg","contentUrl":"https:\/\/vr-room.ch\/wp-content\/uploads\/2019\/05\/avatar_user_11_1558711168-96x96.jpg","caption":"Michael"},"url":"https:\/\/vr-room.ch\/fr\/author\/michael\/"}]}},"_links":{"self":[{"href":"https:\/\/vr-room.ch\/fr\/wp-json\/wp\/v2\/posts\/4410","targetHints":{"allow":["GET"]}}],"collection":[{"href":"https:\/\/vr-room.ch\/fr\/wp-json\/wp\/v2\/posts"}],"about":[{"href":"https:\/\/vr-room.ch\/fr\/wp-json\/wp\/v2\/types\/post"}],"author":[{"embeddable":true,"href":"https:\/\/vr-room.ch\/fr\/wp-json\/wp\/v2\/users\/11"}],"replies":[{"embeddable":true,"href":"https:\/\/vr-room.ch\/fr\/wp-json\/wp\/v2\/comments?post=4410"}],"version-history":[{"count":0,"href":"https:\/\/vr-room.ch\/fr\/wp-json\/wp\/v2\/posts\/4410\/revisions"}],"wp:featuredmedia":[{"embeddable":true,"href":"https:\/\/vr-room.ch\/fr\/wp-json\/wp\/v2\/media\/4411"}],"wp:attachment":[{"href":"https:\/\/vr-room.ch\/fr\/wp-json\/wp\/v2\/media?parent=4410"}],"wp:term":[{"taxonomy":"category","embeddable":true,"href":"https:\/\/vr-room.ch\/fr\/wp-json\/wp\/v2\/categories?post=4410"},{"taxonomy":"post_tag","embeddable":true,"href":"https:\/\/vr-room.ch\/fr\/wp-json\/wp\/v2\/tags?post=4410"}],"curies":[{"name":"wp","href":"https:\/\/api.w.org\/{rel}","templated":true}]}}