{"id":20807,"date":"2022-09-25T10:20:27","date_gmt":"2022-09-25T10:20:27","guid":{"rendered":"https:\/\/vr-room.ch\/?p=20807"},"modified":"2022-09-15T11:35:04","modified_gmt":"2022-09-15T11:35:04","slug":"rent-a-pr-macht-pressekonferenzen-im-metaverse-erschwinglich","status":"publish","type":"post","link":"https:\/\/vr-room.ch\/fr\/2022\/09\/25\/rent-a-pr-macht-pressekonferenzen-im-metaverse-erschwinglich\/","title":{"rendered":"Rent a PR rend les conf\u00e9rences de presse au Metaverse abordables"},"content":{"rendered":"<h3 id=\"der-zugang-zum-metaverse-ist-aufwaendig-und-kostenintensiv-entsprechend-sind-bisher-fast-nur-grossunternehmen-vertreten-die-in-zuerich-und-verbier-ansaessige-pr-agentur-rent-a-pr-setzt-mit-der-koop\">L'acc\u00e8s au Metaverse est complexe et co\u00fbteux, c'est pourquoi seules les grandes entreprises y sont repr\u00e9sent\u00e9es jusqu'\u00e0 pr\u00e9sent. L'agence de relations publiques bas\u00e9e \u00e0 Zurich et \u00e0 Verbier <b> <a class=\"uri-ext outbound\" href=\"http:\/\/www.rentapr.ch\/\" target=\"_blank\" rel=\"noopener\">Louer une RP <\/a><\/b>pose un nouveau jalon avec la coop\u00e9ration et les conf\u00e9rences de presse au Metaverse.<\/h3>\n<p>La nouvelle offre de l'agence de relations publiques Rent a PR couvre tous les processus utilis\u00e9s par les entreprises pour entrer en contact avec leurs diff\u00e9rentes parties prenantes. Qu'il s'agisse de conf\u00e9rences de presse, d'assembl\u00e9es g\u00e9n\u00e9rales ou de pr\u00e9sentations de produits : Ce qui se faisait jusqu'\u00e0 pr\u00e9sent sur place est d\u00e9sormais \u00e9galement possible dans le Metaverse. \"Je suis tr\u00e8s heureuse que nous ayons pu gagner Zreality comme partenaire de coop\u00e9ration et je me r\u00e9jouis de la future collaboration avec cette \u00e9quipe professionnelle et internationale\", d\u00e9clare Brigitte Kaps, CEO &amp; fondatrice de Rent a PR.<\/p>\n<p>Partenaire technologique <a class=\"uri-ext outbound\" href=\"http:\/\/www.zreality.com\/\" target=\"_blank\" rel=\"noopener\">Zreality<\/a> est une entreprise allemande sp\u00e9cialis\u00e9e dans les \u00e9v\u00e9nements, la communication et la collaboration dans l'espace virtuel. \"Le m\u00e9tavers n'est pas seulement une tendance, mais est d\u00e9j\u00e0 utilis\u00e9 de mani\u00e8re productive depuis un certain temps par les entreprises sous la forme de solutions de r\u00e9alit\u00e9 virtuelle et augment\u00e9e pour de nombreux domaines d'application tels que la vente ou la formation. Les conf\u00e9rences de presse sont d\u00e9sormais une autre occasion passionnante pour les entreprises d'entrer en contact avec le march\u00e9\", explique Michael Neidh\u00f6fer, CEO &amp; co-fondateur de Zreality. \"Nous sommes tr\u00e8s heureux de travailler avec Rent a PR, qui est un pionnier dans ce domaine\".<\/p>\n<h3 id=\"pressekonferenzen-effizienter-groessere-zielgruppe-nachhaltiger-und-zeitlos\">Conf\u00e9rences de presse : plus efficaces, un plus grand groupe cible, plus durables - et intemporelles<\/h3>\n<p>Les conf\u00e9rences de presse organis\u00e9es en m\u00e9taverse pr\u00e9sentent de nombreux avantages, tant pour les entreprises que pour les participants. \"Le fait que de nombreuses entreprises aient du mal \u00e0 convaincre les journalistes d'assister \u00e0 leurs conf\u00e9rences de presse est \u00e9galement d\u00fb au temps qu'elles y consacrent\", explique Kaps. Lors d'une <a class=\"uri-ext outbound\" href=\"https:\/\/www.rentapr.ch\/metaverse\/\" target=\"_blank\" rel=\"noopener\">Conf\u00e9rence de presse au Metaverse<\/a> les d\u00e9placements sont supprim\u00e9s, les personnes int\u00e9ress\u00e9es peuvent se connecter o\u00f9 qu'elles se trouvent, m\u00eame sans lunettes de r\u00e9alit\u00e9 virtuelle, et participer \u00e0 l'\u00e9v\u00e9nement via un avatar. Il est en outre possible d'enregistrer l'\u00e9v\u00e9nement afin de pouvoir y assister par la suite. Il va de soi que le nombre de visiteurs dans l'espace virtuel n'est pas limit\u00e9. Le potentiel de la marque ou d'un produit est rendu palpable.<\/p>\n<p>Un conseil RP sur mesure et \u00e0 la demande plut\u00f4t que de co\u00fbteux retainers Comme toujours chez Rent a PR, la nouvelle offre s'applique \u00e9galement aux entreprises qui ne paient que pour ce dont elles ont besoin. Gr\u00e2ce aux offres sur mesure, que ce soit sous forme de packages ou d'abonnements, les start-ups et les PME peuvent maintenir la charge de travail ou les co\u00fbts dans des limites raisonnables, explique Kaps. \"Avec notre offre, nous permettons, en collaboration avec Zreality, \u00e0 des entreprises de faire leurs premiers pas dans le m\u00e9tavers et d'\u00e9veiller l'int\u00e9r\u00eat de journalistes* internationaux\".<\/p>\n<p>Source : presseportal<\/p>","protected":false},"excerpt":{"rendered":"L'acc\u00e8s \u00e0 Metaverse est complexe et co\u00fbteux, c'est pourquoi seules les grandes entreprises sont repr\u00e9sent\u00e9es jusqu'\u00e0 pr\u00e9sent. La soci\u00e9t\u00e9 bas\u00e9e \u00e0 Zurich...","protected":false},"author":12,"featured_media":20808,"comment_status":"closed","ping_status":"closed","sticky":false,"template":"","format":"standard","meta":{"footnotes":""},"categories":[68],"tags":[],"class_list":{"0":"post-20807","1":"post","2":"type-post","3":"status-publish","4":"format-standard","5":"has-post-thumbnail","7":"category-virtual-reality-schweiz","8":"cs-entry","9":"cs-video-wrap"},"yoast_head":"<!-- This site is optimized with the Yoast SEO plugin v27.4 - https:\/\/yoast.com\/product\/yoast-seo-wordpress\/ -->\n<title>Rent a PR macht Pressekonferenzen im Metaverse erschwinglich - Schweizer Virtual Reality News<\/title>\n<meta name=\"robots\" content=\"index, follow, max-snippet:-1, max-image-preview:large, max-video-preview:-1\" \/>\n<link rel=\"canonical\" href=\"https:\/\/vr-room.ch\/fr\/2022\/09\/25\/rent-a-pr-macht-pressekonferenzen-im-metaverse-erschwinglich\/\" \/>\n<meta property=\"og:locale\" content=\"fr_FR\" \/>\n<meta property=\"og:type\" content=\"article\" \/>\n<meta property=\"og:title\" content=\"Rent a PR macht Pressekonferenzen im Metaverse erschwinglich - Schweizer Virtual Reality News\" \/>\n<meta property=\"og:description\" content=\"Der Zugang zum Metaverse ist aufw\u00e4ndig und kostenintensiv, entsprechend sind bisher fast nur Grossunternehmen vertreten. Die in Z\u00fcrich&hellip;\" \/>\n<meta property=\"og:url\" content=\"https:\/\/vr-room.ch\/fr\/2022\/09\/25\/rent-a-pr-macht-pressekonferenzen-im-metaverse-erschwinglich\/\" \/>\n<meta property=\"og:site_name\" content=\"Schweizer Virtual Reality News\" \/>\n<meta property=\"article:published_time\" content=\"2022-09-25T10:20:27+00:00\" \/>\n<meta property=\"og:image\" content=\"https:\/\/vr-room.ch\/wp-content\/uploads\/2022\/09\/Screenshot-2022-09-13-at-16-23-27-Metaverse-Rent-a-PR.png\" \/>\n\t<meta property=\"og:image:width\" content=\"1460\" \/>\n\t<meta property=\"og:image:height\" content=\"543\" \/>\n\t<meta property=\"og:image:type\" content=\"image\/png\" \/>\n<meta name=\"author\" content=\"Nathalie\" \/>\n<meta name=\"twitter:card\" content=\"summary_large_image\" \/>\n<meta name=\"twitter:label1\" content=\"\u00c9crit par\" \/>\n\t<meta name=\"twitter:data1\" content=\"Nathalie\" \/>\n\t<meta name=\"twitter:label2\" content=\"Dur\u00e9e de lecture estim\u00e9e\" \/>\n\t<meta name=\"twitter:data2\" content=\"2 minutes\" \/>\n<script type=\"application\/ld+json\" class=\"yoast-schema-graph\">{\"@context\":\"https:\\\/\\\/schema.org\",\"@graph\":[{\"@type\":\"Article\",\"@id\":\"https:\\\/\\\/vr-room.ch\\\/2022\\\/09\\\/25\\\/rent-a-pr-macht-pressekonferenzen-im-metaverse-erschwinglich\\\/#article\",\"isPartOf\":{\"@id\":\"https:\\\/\\\/vr-room.ch\\\/2022\\\/09\\\/25\\\/rent-a-pr-macht-pressekonferenzen-im-metaverse-erschwinglich\\\/\"},\"author\":{\"name\":\"Nathalie\",\"@id\":\"http:\\\/\\\/vr-room.ch\\\/en\\\/#\\\/schema\\\/person\\\/1a03b3a6ced429fb4831f60fa2b37599\"},\"headline\":\"Rent a PR macht Pressekonferenzen im Metaverse erschwinglich\",\"datePublished\":\"2022-09-25T10:20:27+00:00\",\"mainEntityOfPage\":{\"@id\":\"https:\\\/\\\/vr-room.ch\\\/2022\\\/09\\\/25\\\/rent-a-pr-macht-pressekonferenzen-im-metaverse-erschwinglich\\\/\"},\"wordCount\":427,\"image\":{\"@id\":\"https:\\\/\\\/vr-room.ch\\\/2022\\\/09\\\/25\\\/rent-a-pr-macht-pressekonferenzen-im-metaverse-erschwinglich\\\/#primaryimage\"},\"thumbnailUrl\":\"https:\\\/\\\/vr-room.ch\\\/wp-content\\\/uploads\\\/2022\\\/09\\\/Screenshot-2022-09-13-at-16-23-27-Metaverse-Rent-a-PR.png\",\"articleSection\":[\"Schweiz\"],\"inLanguage\":\"fr-FR\"},{\"@type\":\"WebPage\",\"@id\":\"https:\\\/\\\/vr-room.ch\\\/2022\\\/09\\\/25\\\/rent-a-pr-macht-pressekonferenzen-im-metaverse-erschwinglich\\\/\",\"url\":\"https:\\\/\\\/vr-room.ch\\\/2022\\\/09\\\/25\\\/rent-a-pr-macht-pressekonferenzen-im-metaverse-erschwinglich\\\/\",\"name\":\"Rent a PR macht Pressekonferenzen im Metaverse erschwinglich - Schweizer Virtual Reality News\",\"isPartOf\":{\"@id\":\"http:\\\/\\\/vr-room.ch\\\/en\\\/#website\"},\"primaryImageOfPage\":{\"@id\":\"https:\\\/\\\/vr-room.ch\\\/2022\\\/09\\\/25\\\/rent-a-pr-macht-pressekonferenzen-im-metaverse-erschwinglich\\\/#primaryimage\"},\"image\":{\"@id\":\"https:\\\/\\\/vr-room.ch\\\/2022\\\/09\\\/25\\\/rent-a-pr-macht-pressekonferenzen-im-metaverse-erschwinglich\\\/#primaryimage\"},\"thumbnailUrl\":\"https:\\\/\\\/vr-room.ch\\\/wp-content\\\/uploads\\\/2022\\\/09\\\/Screenshot-2022-09-13-at-16-23-27-Metaverse-Rent-a-PR.png\",\"datePublished\":\"2022-09-25T10:20:27+00:00\",\"author\":{\"@id\":\"http:\\\/\\\/vr-room.ch\\\/en\\\/#\\\/schema\\\/person\\\/1a03b3a6ced429fb4831f60fa2b37599\"},\"breadcrumb\":{\"@id\":\"https:\\\/\\\/vr-room.ch\\\/2022\\\/09\\\/25\\\/rent-a-pr-macht-pressekonferenzen-im-metaverse-erschwinglich\\\/#breadcrumb\"},\"inLanguage\":\"fr-FR\",\"potentialAction\":[{\"@type\":\"ReadAction\",\"target\":[\"https:\\\/\\\/vr-room.ch\\\/2022\\\/09\\\/25\\\/rent-a-pr-macht-pressekonferenzen-im-metaverse-erschwinglich\\\/\"]}]},{\"@type\":\"ImageObject\",\"inLanguage\":\"fr-FR\",\"@id\":\"https:\\\/\\\/vr-room.ch\\\/2022\\\/09\\\/25\\\/rent-a-pr-macht-pressekonferenzen-im-metaverse-erschwinglich\\\/#primaryimage\",\"url\":\"https:\\\/\\\/vr-room.ch\\\/wp-content\\\/uploads\\\/2022\\\/09\\\/Screenshot-2022-09-13-at-16-23-27-Metaverse-Rent-a-PR.png\",\"contentUrl\":\"https:\\\/\\\/vr-room.ch\\\/wp-content\\\/uploads\\\/2022\\\/09\\\/Screenshot-2022-09-13-at-16-23-27-Metaverse-Rent-a-PR.png\",\"width\":1460,\"height\":543,\"caption\":\"Pressekonferenz im Metaverse\"},{\"@type\":\"BreadcrumbList\",\"@id\":\"https:\\\/\\\/vr-room.ch\\\/2022\\\/09\\\/25\\\/rent-a-pr-macht-pressekonferenzen-im-metaverse-erschwinglich\\\/#breadcrumb\",\"itemListElement\":[{\"@type\":\"ListItem\",\"position\":1,\"name\":\"Startseite\",\"item\":\"http:\\\/\\\/vr-room.ch\\\/en\\\/\"},{\"@type\":\"ListItem\",\"position\":2,\"name\":\"Rent a PR macht Pressekonferenzen im Metaverse erschwinglich\"}]},{\"@type\":\"WebSite\",\"@id\":\"http:\\\/\\\/vr-room.ch\\\/en\\\/#website\",\"url\":\"http:\\\/\\\/vr-room.ch\\\/en\\\/\",\"name\":\"Schweizer Virtual Reality News\",\"description\":\"\",\"potentialAction\":[{\"@type\":\"SearchAction\",\"target\":{\"@type\":\"EntryPoint\",\"urlTemplate\":\"http:\\\/\\\/vr-room.ch\\\/en\\\/?s={search_term_string}\"},\"query-input\":{\"@type\":\"PropertyValueSpecification\",\"valueRequired\":true,\"valueName\":\"search_term_string\"}}],\"inLanguage\":\"fr-FR\"},{\"@type\":\"Person\",\"@id\":\"http:\\\/\\\/vr-room.ch\\\/en\\\/#\\\/schema\\\/person\\\/1a03b3a6ced429fb4831f60fa2b37599\",\"name\":\"Nathalie\",\"image\":{\"@type\":\"ImageObject\",\"inLanguage\":\"fr-FR\",\"@id\":\"https:\\\/\\\/vr-room.ch\\\/wp-content\\\/uploads\\\/2017\\\/01\\\/avatar_user_12_1484159890-96x96.jpg\",\"url\":\"https:\\\/\\\/vr-room.ch\\\/wp-content\\\/uploads\\\/2017\\\/01\\\/avatar_user_12_1484159890-96x96.jpg\",\"contentUrl\":\"https:\\\/\\\/vr-room.ch\\\/wp-content\\\/uploads\\\/2017\\\/01\\\/avatar_user_12_1484159890-96x96.jpg\",\"caption\":\"Nathalie\"},\"url\":\"https:\\\/\\\/vr-room.ch\\\/fr\\\/author\\\/nathalie\\\/\"}]}<\/script>\n<!-- \/ Yoast SEO plugin. -->","yoast_head_json":{"title":"Rent a PR macht Pressekonferenzen im Metaverse erschwinglich - Schweizer Virtual Reality News","robots":{"index":"index","follow":"follow","max-snippet":"max-snippet:-1","max-image-preview":"max-image-preview:large","max-video-preview":"max-video-preview:-1"},"canonical":"https:\/\/vr-room.ch\/fr\/2022\/09\/25\/rent-a-pr-macht-pressekonferenzen-im-metaverse-erschwinglich\/","og_locale":"fr_FR","og_type":"article","og_title":"Rent a PR macht Pressekonferenzen im Metaverse erschwinglich - Schweizer Virtual Reality News","og_description":"Der Zugang zum Metaverse ist aufw\u00e4ndig und kostenintensiv, entsprechend sind bisher fast nur Grossunternehmen vertreten. Die in Z\u00fcrich&hellip;","og_url":"https:\/\/vr-room.ch\/fr\/2022\/09\/25\/rent-a-pr-macht-pressekonferenzen-im-metaverse-erschwinglich\/","og_site_name":"Schweizer Virtual Reality News","article_published_time":"2022-09-25T10:20:27+00:00","og_image":[{"width":1460,"height":543,"url":"https:\/\/vr-room.ch\/wp-content\/uploads\/2022\/09\/Screenshot-2022-09-13-at-16-23-27-Metaverse-Rent-a-PR.png","type":"image\/png"}],"author":"Nathalie","twitter_card":"summary_large_image","twitter_misc":{"\u00c9crit par":"Nathalie","Dur\u00e9e de lecture estim\u00e9e":"2 minutes"},"schema":{"@context":"https:\/\/schema.org","@graph":[{"@type":"Article","@id":"https:\/\/vr-room.ch\/2022\/09\/25\/rent-a-pr-macht-pressekonferenzen-im-metaverse-erschwinglich\/#article","isPartOf":{"@id":"https:\/\/vr-room.ch\/2022\/09\/25\/rent-a-pr-macht-pressekonferenzen-im-metaverse-erschwinglich\/"},"author":{"name":"Nathalie","@id":"http:\/\/vr-room.ch\/en\/#\/schema\/person\/1a03b3a6ced429fb4831f60fa2b37599"},"headline":"Rent a PR macht Pressekonferenzen im Metaverse erschwinglich","datePublished":"2022-09-25T10:20:27+00:00","mainEntityOfPage":{"@id":"https:\/\/vr-room.ch\/2022\/09\/25\/rent-a-pr-macht-pressekonferenzen-im-metaverse-erschwinglich\/"},"wordCount":427,"image":{"@id":"https:\/\/vr-room.ch\/2022\/09\/25\/rent-a-pr-macht-pressekonferenzen-im-metaverse-erschwinglich\/#primaryimage"},"thumbnailUrl":"https:\/\/vr-room.ch\/wp-content\/uploads\/2022\/09\/Screenshot-2022-09-13-at-16-23-27-Metaverse-Rent-a-PR.png","articleSection":["Schweiz"],"inLanguage":"fr-FR"},{"@type":"WebPage","@id":"https:\/\/vr-room.ch\/2022\/09\/25\/rent-a-pr-macht-pressekonferenzen-im-metaverse-erschwinglich\/","url":"https:\/\/vr-room.ch\/2022\/09\/25\/rent-a-pr-macht-pressekonferenzen-im-metaverse-erschwinglich\/","name":"Rent a PR macht Pressekonferenzen im Metaverse erschwinglich - Schweizer Virtual Reality News","isPartOf":{"@id":"http:\/\/vr-room.ch\/en\/#website"},"primaryImageOfPage":{"@id":"https:\/\/vr-room.ch\/2022\/09\/25\/rent-a-pr-macht-pressekonferenzen-im-metaverse-erschwinglich\/#primaryimage"},"image":{"@id":"https:\/\/vr-room.ch\/2022\/09\/25\/rent-a-pr-macht-pressekonferenzen-im-metaverse-erschwinglich\/#primaryimage"},"thumbnailUrl":"https:\/\/vr-room.ch\/wp-content\/uploads\/2022\/09\/Screenshot-2022-09-13-at-16-23-27-Metaverse-Rent-a-PR.png","datePublished":"2022-09-25T10:20:27+00:00","author":{"@id":"http:\/\/vr-room.ch\/en\/#\/schema\/person\/1a03b3a6ced429fb4831f60fa2b37599"},"breadcrumb":{"@id":"https:\/\/vr-room.ch\/2022\/09\/25\/rent-a-pr-macht-pressekonferenzen-im-metaverse-erschwinglich\/#breadcrumb"},"inLanguage":"fr-FR","potentialAction":[{"@type":"ReadAction","target":["https:\/\/vr-room.ch\/2022\/09\/25\/rent-a-pr-macht-pressekonferenzen-im-metaverse-erschwinglich\/"]}]},{"@type":"ImageObject","inLanguage":"fr-FR","@id":"https:\/\/vr-room.ch\/2022\/09\/25\/rent-a-pr-macht-pressekonferenzen-im-metaverse-erschwinglich\/#primaryimage","url":"https:\/\/vr-room.ch\/wp-content\/uploads\/2022\/09\/Screenshot-2022-09-13-at-16-23-27-Metaverse-Rent-a-PR.png","contentUrl":"https:\/\/vr-room.ch\/wp-content\/uploads\/2022\/09\/Screenshot-2022-09-13-at-16-23-27-Metaverse-Rent-a-PR.png","width":1460,"height":543,"caption":"Pressekonferenz im Metaverse"},{"@type":"BreadcrumbList","@id":"https:\/\/vr-room.ch\/2022\/09\/25\/rent-a-pr-macht-pressekonferenzen-im-metaverse-erschwinglich\/#breadcrumb","itemListElement":[{"@type":"ListItem","position":1,"name":"Startseite","item":"http:\/\/vr-room.ch\/en\/"},{"@type":"ListItem","position":2,"name":"Rent a PR macht Pressekonferenzen im Metaverse erschwinglich"}]},{"@type":"WebSite","@id":"http:\/\/vr-room.ch\/en\/#website","url":"http:\/\/vr-room.ch\/en\/","name":"Nouvelles de la r\u00e9alit\u00e9 virtuelle suisse","description":"","potentialAction":[{"@type":"SearchAction","target":{"@type":"EntryPoint","urlTemplate":"http:\/\/vr-room.ch\/en\/?s={search_term_string}"},"query-input":{"@type":"PropertyValueSpecification","valueRequired":true,"valueName":"search_term_string"}}],"inLanguage":"fr-FR"},{"@type":"Person","@id":"http:\/\/vr-room.ch\/en\/#\/schema\/person\/1a03b3a6ced429fb4831f60fa2b37599","name":"Nathalie","image":{"@type":"ImageObject","inLanguage":"fr-FR","@id":"https:\/\/vr-room.ch\/wp-content\/uploads\/2017\/01\/avatar_user_12_1484159890-96x96.jpg","url":"https:\/\/vr-room.ch\/wp-content\/uploads\/2017\/01\/avatar_user_12_1484159890-96x96.jpg","contentUrl":"https:\/\/vr-room.ch\/wp-content\/uploads\/2017\/01\/avatar_user_12_1484159890-96x96.jpg","caption":"Nathalie"},"url":"https:\/\/vr-room.ch\/fr\/author\/nathalie\/"}]}},"_links":{"self":[{"href":"https:\/\/vr-room.ch\/fr\/wp-json\/wp\/v2\/posts\/20807","targetHints":{"allow":["GET"]}}],"collection":[{"href":"https:\/\/vr-room.ch\/fr\/wp-json\/wp\/v2\/posts"}],"about":[{"href":"https:\/\/vr-room.ch\/fr\/wp-json\/wp\/v2\/types\/post"}],"author":[{"embeddable":true,"href":"https:\/\/vr-room.ch\/fr\/wp-json\/wp\/v2\/users\/12"}],"replies":[{"embeddable":true,"href":"https:\/\/vr-room.ch\/fr\/wp-json\/wp\/v2\/comments?post=20807"}],"version-history":[{"count":2,"href":"https:\/\/vr-room.ch\/fr\/wp-json\/wp\/v2\/posts\/20807\/revisions"}],"predecessor-version":[{"id":20810,"href":"https:\/\/vr-room.ch\/fr\/wp-json\/wp\/v2\/posts\/20807\/revisions\/20810"}],"wp:featuredmedia":[{"embeddable":true,"href":"https:\/\/vr-room.ch\/fr\/wp-json\/wp\/v2\/media\/20808"}],"wp:attachment":[{"href":"https:\/\/vr-room.ch\/fr\/wp-json\/wp\/v2\/media?parent=20807"}],"wp:term":[{"taxonomy":"category","embeddable":true,"href":"https:\/\/vr-room.ch\/fr\/wp-json\/wp\/v2\/categories?post=20807"},{"taxonomy":"post_tag","embeddable":true,"href":"https:\/\/vr-room.ch\/fr\/wp-json\/wp\/v2\/tags?post=20807"}],"curies":[{"name":"wp","href":"https:\/\/api.w.org\/{rel}","templated":true}]}}