{"id":18807,"date":"2021-02-04T10:03:52","date_gmt":"2021-02-04T10:03:52","guid":{"rendered":"https:\/\/vr-room.ch\/?p=18807"},"modified":"2021-02-04T10:07:16","modified_gmt":"2021-02-04T10:07:16","slug":"oculus-quest-2-legt-rekordquartal-hin","status":"publish","type":"post","link":"https:\/\/vr-room.ch\/fr\/2021\/02\/04\/oculus-quest-2-legt-rekordquartal-hin\/","title":{"rendered":"Oculus Quest 2 r\u00e9alise un trimestre record"},"content":{"rendered":"<p>Selon les \u00e9tudes de march\u00e9 de SuperData, le casque VR autonome Oculus Quest 2 a r\u00e9alis\u00e9 un trimestre record. Selon cette \u00e9tude, l'appareil VR a connu un grand succ\u00e8s lors des f\u00eates de fin d'ann\u00e9e 2020.<\/p>\n<p>Selon SuperData, l'Oculus Quest 2 s'est vendu \u00e0 1,098 million d'exemplaires dans le monde au quatri\u00e8me trimestre 2020, suivi du PlayStation VR (125.000), de Valve Index (61.000) et de l'Oculus Rift\/Rift S (55.000). L'Oculus Quest 2 a vendu plus d'unit\u00e9s en un seul trimestre que tout autre appareil VR qui n'est pas aliment\u00e9 par un smartphone. Le Samsung Gear VR d\u00e9tient encore ici le record g\u00e9n\u00e9ral avec 1,4 million d'exemplaires au quatri\u00e8me trimestre 2016.<\/p>\n<p>\"Le Quest 2 a b\u00e9n\u00e9fici\u00e9 d'un prix inf\u00e9rieur \u00e0 celui de son pr\u00e9d\u00e9cesseur, mais aussi de la demande accumul\u00e9e par ceux qui souhaitent entrer dans le segment de la VR\", indique le rapport. \"Le Quest 2 a \u00e9galement \u00e9t\u00e9 le premier casque Oculus \u00e0 \u00eatre commercialis\u00e9 autour de la p\u00e9riode de No\u00ebl, de sorte que le groupe cible comprenait non seulement des passionn\u00e9s de RV, mais aussi des personnes souhaitant offrir des cadeaux\".<\/p>\n<p>SuperData pr\u00e9voit que les casques autonomes comme le Quest 2 repr\u00e9senteront 87% du march\u00e9 VR en termes de ventes de mat\u00e9riel en 2021. Le bureau d'\u00e9tudes explique : \"\u00c9tant donn\u00e9 que le Quest 2 peut \u00eatre utilis\u00e9 pour jouer \u00e0 des titres VR sur PC, on s'attend \u00e0 ce qu'une proportion significative de joueurs PC choisissent le Quest et des appareils hybrides similaires lorsqu'ils ach\u00e8teront un casque VR \u00e0 l'avenir. Les passionn\u00e9s les plus assidus continueront probablement \u00e0 pr\u00e9f\u00e9rer les appareils haut de gamme comme Valve Index et HP Reverb G2\".<\/p>\n<p>Source : <a href=\"https:\/\/www.superdataresearch.com\/blog\/superdata-xr-update\">SuperData<\/a><\/p>","protected":false},"excerpt":{"rendered":"Selon les \u00e9tudes de march\u00e9 de SuperData, le casque VR autonome Oculus Quest 2 a r\u00e9alis\u00e9 un trimestre record. Selon cette \u00e9tude, l'appareil VR...","protected":false},"author":11,"featured_media":18810,"comment_status":"open","ping_status":"open","sticky":false,"template":"","format":"standard","meta":{"footnotes":""},"categories":[11],"tags":[],"class_list":{"0":"post-18807","1":"post","2":"type-post","3":"status-publish","4":"format-standard","5":"has-post-thumbnail","7":"category-virtual-reality-industrie","8":"cs-entry","9":"cs-video-wrap"},"yoast_head":"<!-- This site is optimized with the Yoast SEO plugin v27.4 - https:\/\/yoast.com\/product\/yoast-seo-wordpress\/ -->\n<title>Oculus Quest 2 legt Rekordquartal hin - Schweizer Virtual Reality News<\/title>\n<meta name=\"robots\" content=\"index, follow, max-snippet:-1, max-image-preview:large, max-video-preview:-1\" \/>\n<link rel=\"canonical\" href=\"https:\/\/vr-room.ch\/fr\/2021\/02\/04\/oculus-quest-2-legt-rekordquartal-hin\/\" \/>\n<meta property=\"og:locale\" content=\"fr_FR\" \/>\n<meta property=\"og:type\" content=\"article\" \/>\n<meta property=\"og:title\" content=\"Oculus Quest 2 legt Rekordquartal hin - Schweizer Virtual Reality News\" \/>\n<meta property=\"og:description\" content=\"Laut den Marktforschern bei SuperData hat das Standalone-VR-Headset Oculus Quest 2 ein Rekordquartal hingelegt. Demnach war das VR-Ger\u00e4t&hellip;\" \/>\n<meta property=\"og:url\" content=\"https:\/\/vr-room.ch\/fr\/2021\/02\/04\/oculus-quest-2-legt-rekordquartal-hin\/\" \/>\n<meta property=\"og:site_name\" content=\"Schweizer Virtual Reality News\" \/>\n<meta property=\"article:published_time\" content=\"2021-02-04T10:03:52+00:00\" \/>\n<meta property=\"article:modified_time\" content=\"2021-02-04T10:07:16+00:00\" \/>\n<meta property=\"og:image\" content=\"https:\/\/vr-room.ch\/wp-content\/uploads\/2021\/02\/Oculus-Quest-2.jpg\" \/>\n\t<meta property=\"og:image:width\" content=\"1500\" \/>\n\t<meta property=\"og:image:height\" content=\"660\" \/>\n\t<meta property=\"og:image:type\" content=\"image\/jpeg\" \/>\n<meta name=\"author\" content=\"Michael\" \/>\n<meta name=\"twitter:card\" content=\"summary_large_image\" \/>\n<meta name=\"twitter:label1\" content=\"\u00c9crit par\" \/>\n\t<meta name=\"twitter:data1\" content=\"Michael\" \/>\n\t<meta name=\"twitter:label2\" content=\"Dur\u00e9e de lecture estim\u00e9e\" \/>\n\t<meta name=\"twitter:data2\" content=\"1 minute\" \/>\n<script type=\"application\/ld+json\" class=\"yoast-schema-graph\">{\"@context\":\"https:\\\/\\\/schema.org\",\"@graph\":[{\"@type\":\"Article\",\"@id\":\"https:\\\/\\\/vr-room.ch\\\/en\\\/2021\\\/02\\\/04\\\/oculus-quest-2-legt-rekordquartal-hin\\\/#article\",\"isPartOf\":{\"@id\":\"https:\\\/\\\/vr-room.ch\\\/en\\\/2021\\\/02\\\/04\\\/oculus-quest-2-legt-rekordquartal-hin\\\/\"},\"author\":{\"name\":\"Michael\",\"@id\":\"http:\\\/\\\/vr-room.ch\\\/en\\\/#\\\/schema\\\/person\\\/4022b4e1fba06681ac263b25c0f1e3d2\"},\"headline\":\"Oculus Quest 2 legt Rekordquartal hin\",\"datePublished\":\"2021-02-04T10:03:52+00:00\",\"dateModified\":\"2021-02-04T10:07:16+00:00\",\"mainEntityOfPage\":{\"@id\":\"https:\\\/\\\/vr-room.ch\\\/en\\\/2021\\\/02\\\/04\\\/oculus-quest-2-legt-rekordquartal-hin\\\/\"},\"wordCount\":226,\"commentCount\":0,\"image\":{\"@id\":\"https:\\\/\\\/vr-room.ch\\\/en\\\/2021\\\/02\\\/04\\\/oculus-quest-2-legt-rekordquartal-hin\\\/#primaryimage\"},\"thumbnailUrl\":\"https:\\\/\\\/vr-room.ch\\\/wp-content\\\/uploads\\\/2021\\\/02\\\/Oculus-Quest-2.jpg\",\"articleSection\":[\"Industrie\"],\"inLanguage\":\"fr-FR\",\"potentialAction\":[{\"@type\":\"CommentAction\",\"name\":\"Comment\",\"target\":[\"https:\\\/\\\/vr-room.ch\\\/en\\\/2021\\\/02\\\/04\\\/oculus-quest-2-legt-rekordquartal-hin\\\/#respond\"]}]},{\"@type\":\"WebPage\",\"@id\":\"https:\\\/\\\/vr-room.ch\\\/en\\\/2021\\\/02\\\/04\\\/oculus-quest-2-legt-rekordquartal-hin\\\/\",\"url\":\"https:\\\/\\\/vr-room.ch\\\/en\\\/2021\\\/02\\\/04\\\/oculus-quest-2-legt-rekordquartal-hin\\\/\",\"name\":\"Oculus Quest 2 legt Rekordquartal hin - Schweizer Virtual Reality News\",\"isPartOf\":{\"@id\":\"http:\\\/\\\/vr-room.ch\\\/en\\\/#website\"},\"primaryImageOfPage\":{\"@id\":\"https:\\\/\\\/vr-room.ch\\\/en\\\/2021\\\/02\\\/04\\\/oculus-quest-2-legt-rekordquartal-hin\\\/#primaryimage\"},\"image\":{\"@id\":\"https:\\\/\\\/vr-room.ch\\\/en\\\/2021\\\/02\\\/04\\\/oculus-quest-2-legt-rekordquartal-hin\\\/#primaryimage\"},\"thumbnailUrl\":\"https:\\\/\\\/vr-room.ch\\\/wp-content\\\/uploads\\\/2021\\\/02\\\/Oculus-Quest-2.jpg\",\"datePublished\":\"2021-02-04T10:03:52+00:00\",\"dateModified\":\"2021-02-04T10:07:16+00:00\",\"author\":{\"@id\":\"http:\\\/\\\/vr-room.ch\\\/en\\\/#\\\/schema\\\/person\\\/4022b4e1fba06681ac263b25c0f1e3d2\"},\"breadcrumb\":{\"@id\":\"https:\\\/\\\/vr-room.ch\\\/en\\\/2021\\\/02\\\/04\\\/oculus-quest-2-legt-rekordquartal-hin\\\/#breadcrumb\"},\"inLanguage\":\"fr-FR\",\"potentialAction\":[{\"@type\":\"ReadAction\",\"target\":[\"https:\\\/\\\/vr-room.ch\\\/en\\\/2021\\\/02\\\/04\\\/oculus-quest-2-legt-rekordquartal-hin\\\/\"]}]},{\"@type\":\"ImageObject\",\"inLanguage\":\"fr-FR\",\"@id\":\"https:\\\/\\\/vr-room.ch\\\/en\\\/2021\\\/02\\\/04\\\/oculus-quest-2-legt-rekordquartal-hin\\\/#primaryimage\",\"url\":\"https:\\\/\\\/vr-room.ch\\\/wp-content\\\/uploads\\\/2021\\\/02\\\/Oculus-Quest-2.jpg\",\"contentUrl\":\"https:\\\/\\\/vr-room.ch\\\/wp-content\\\/uploads\\\/2021\\\/02\\\/Oculus-Quest-2.jpg\",\"width\":1500,\"height\":660,\"caption\":\"Oculus Quest 2 legt Rekordquartal hin\"},{\"@type\":\"BreadcrumbList\",\"@id\":\"https:\\\/\\\/vr-room.ch\\\/en\\\/2021\\\/02\\\/04\\\/oculus-quest-2-legt-rekordquartal-hin\\\/#breadcrumb\",\"itemListElement\":[{\"@type\":\"ListItem\",\"position\":1,\"name\":\"Startseite\",\"item\":\"http:\\\/\\\/vr-room.ch\\\/en\\\/\"},{\"@type\":\"ListItem\",\"position\":2,\"name\":\"Oculus Quest 2 legt Rekordquartal hin\"}]},{\"@type\":\"WebSite\",\"@id\":\"http:\\\/\\\/vr-room.ch\\\/en\\\/#website\",\"url\":\"http:\\\/\\\/vr-room.ch\\\/en\\\/\",\"name\":\"Schweizer Virtual Reality News\",\"description\":\"\",\"potentialAction\":[{\"@type\":\"SearchAction\",\"target\":{\"@type\":\"EntryPoint\",\"urlTemplate\":\"http:\\\/\\\/vr-room.ch\\\/en\\\/?s={search_term_string}\"},\"query-input\":{\"@type\":\"PropertyValueSpecification\",\"valueRequired\":true,\"valueName\":\"search_term_string\"}}],\"inLanguage\":\"fr-FR\"},{\"@type\":\"Person\",\"@id\":\"http:\\\/\\\/vr-room.ch\\\/en\\\/#\\\/schema\\\/person\\\/4022b4e1fba06681ac263b25c0f1e3d2\",\"name\":\"Michael\",\"image\":{\"@type\":\"ImageObject\",\"inLanguage\":\"fr-FR\",\"@id\":\"https:\\\/\\\/vr-room.ch\\\/wp-content\\\/uploads\\\/2019\\\/05\\\/avatar_user_11_1558711168-96x96.jpg\",\"url\":\"https:\\\/\\\/vr-room.ch\\\/wp-content\\\/uploads\\\/2019\\\/05\\\/avatar_user_11_1558711168-96x96.jpg\",\"contentUrl\":\"https:\\\/\\\/vr-room.ch\\\/wp-content\\\/uploads\\\/2019\\\/05\\\/avatar_user_11_1558711168-96x96.jpg\",\"caption\":\"Michael\"},\"url\":\"https:\\\/\\\/vr-room.ch\\\/fr\\\/author\\\/michael\\\/\"}]}<\/script>\n<!-- \/ Yoast SEO plugin. -->","yoast_head_json":{"title":"Oculus Quest 2 legt Rekordquartal hin - Schweizer Virtual Reality News","robots":{"index":"index","follow":"follow","max-snippet":"max-snippet:-1","max-image-preview":"max-image-preview:large","max-video-preview":"max-video-preview:-1"},"canonical":"https:\/\/vr-room.ch\/fr\/2021\/02\/04\/oculus-quest-2-legt-rekordquartal-hin\/","og_locale":"fr_FR","og_type":"article","og_title":"Oculus Quest 2 legt Rekordquartal hin - Schweizer Virtual Reality News","og_description":"Laut den Marktforschern bei SuperData hat das Standalone-VR-Headset Oculus Quest 2 ein Rekordquartal hingelegt. Demnach war das VR-Ger\u00e4t&hellip;","og_url":"https:\/\/vr-room.ch\/fr\/2021\/02\/04\/oculus-quest-2-legt-rekordquartal-hin\/","og_site_name":"Schweizer Virtual Reality News","article_published_time":"2021-02-04T10:03:52+00:00","article_modified_time":"2021-02-04T10:07:16+00:00","og_image":[{"width":1500,"height":660,"url":"https:\/\/vr-room.ch\/wp-content\/uploads\/2021\/02\/Oculus-Quest-2.jpg","type":"image\/jpeg"}],"author":"Michael","twitter_card":"summary_large_image","twitter_misc":{"\u00c9crit par":"Michael","Dur\u00e9e de lecture estim\u00e9e":"1 minute"},"schema":{"@context":"https:\/\/schema.org","@graph":[{"@type":"Article","@id":"https:\/\/vr-room.ch\/en\/2021\/02\/04\/oculus-quest-2-legt-rekordquartal-hin\/#article","isPartOf":{"@id":"https:\/\/vr-room.ch\/en\/2021\/02\/04\/oculus-quest-2-legt-rekordquartal-hin\/"},"author":{"name":"Michael","@id":"http:\/\/vr-room.ch\/en\/#\/schema\/person\/4022b4e1fba06681ac263b25c0f1e3d2"},"headline":"Oculus Quest 2 legt Rekordquartal hin","datePublished":"2021-02-04T10:03:52+00:00","dateModified":"2021-02-04T10:07:16+00:00","mainEntityOfPage":{"@id":"https:\/\/vr-room.ch\/en\/2021\/02\/04\/oculus-quest-2-legt-rekordquartal-hin\/"},"wordCount":226,"commentCount":0,"image":{"@id":"https:\/\/vr-room.ch\/en\/2021\/02\/04\/oculus-quest-2-legt-rekordquartal-hin\/#primaryimage"},"thumbnailUrl":"https:\/\/vr-room.ch\/wp-content\/uploads\/2021\/02\/Oculus-Quest-2.jpg","articleSection":["Industrie"],"inLanguage":"fr-FR","potentialAction":[{"@type":"CommentAction","name":"Comment","target":["https:\/\/vr-room.ch\/en\/2021\/02\/04\/oculus-quest-2-legt-rekordquartal-hin\/#respond"]}]},{"@type":"WebPage","@id":"https:\/\/vr-room.ch\/en\/2021\/02\/04\/oculus-quest-2-legt-rekordquartal-hin\/","url":"https:\/\/vr-room.ch\/en\/2021\/02\/04\/oculus-quest-2-legt-rekordquartal-hin\/","name":"Oculus Quest 2 legt Rekordquartal hin - Schweizer Virtual Reality News","isPartOf":{"@id":"http:\/\/vr-room.ch\/en\/#website"},"primaryImageOfPage":{"@id":"https:\/\/vr-room.ch\/en\/2021\/02\/04\/oculus-quest-2-legt-rekordquartal-hin\/#primaryimage"},"image":{"@id":"https:\/\/vr-room.ch\/en\/2021\/02\/04\/oculus-quest-2-legt-rekordquartal-hin\/#primaryimage"},"thumbnailUrl":"https:\/\/vr-room.ch\/wp-content\/uploads\/2021\/02\/Oculus-Quest-2.jpg","datePublished":"2021-02-04T10:03:52+00:00","dateModified":"2021-02-04T10:07:16+00:00","author":{"@id":"http:\/\/vr-room.ch\/en\/#\/schema\/person\/4022b4e1fba06681ac263b25c0f1e3d2"},"breadcrumb":{"@id":"https:\/\/vr-room.ch\/en\/2021\/02\/04\/oculus-quest-2-legt-rekordquartal-hin\/#breadcrumb"},"inLanguage":"fr-FR","potentialAction":[{"@type":"ReadAction","target":["https:\/\/vr-room.ch\/en\/2021\/02\/04\/oculus-quest-2-legt-rekordquartal-hin\/"]}]},{"@type":"ImageObject","inLanguage":"fr-FR","@id":"https:\/\/vr-room.ch\/en\/2021\/02\/04\/oculus-quest-2-legt-rekordquartal-hin\/#primaryimage","url":"https:\/\/vr-room.ch\/wp-content\/uploads\/2021\/02\/Oculus-Quest-2.jpg","contentUrl":"https:\/\/vr-room.ch\/wp-content\/uploads\/2021\/02\/Oculus-Quest-2.jpg","width":1500,"height":660,"caption":"Oculus Quest 2 legt Rekordquartal hin"},{"@type":"BreadcrumbList","@id":"https:\/\/vr-room.ch\/en\/2021\/02\/04\/oculus-quest-2-legt-rekordquartal-hin\/#breadcrumb","itemListElement":[{"@type":"ListItem","position":1,"name":"Startseite","item":"http:\/\/vr-room.ch\/en\/"},{"@type":"ListItem","position":2,"name":"Oculus Quest 2 legt Rekordquartal hin"}]},{"@type":"WebSite","@id":"http:\/\/vr-room.ch\/en\/#website","url":"http:\/\/vr-room.ch\/en\/","name":"Nouvelles de la r\u00e9alit\u00e9 virtuelle suisse","description":"","potentialAction":[{"@type":"SearchAction","target":{"@type":"EntryPoint","urlTemplate":"http:\/\/vr-room.ch\/en\/?s={search_term_string}"},"query-input":{"@type":"PropertyValueSpecification","valueRequired":true,"valueName":"search_term_string"}}],"inLanguage":"fr-FR"},{"@type":"Person","@id":"http:\/\/vr-room.ch\/en\/#\/schema\/person\/4022b4e1fba06681ac263b25c0f1e3d2","name":"Michael","image":{"@type":"ImageObject","inLanguage":"fr-FR","@id":"https:\/\/vr-room.ch\/wp-content\/uploads\/2019\/05\/avatar_user_11_1558711168-96x96.jpg","url":"https:\/\/vr-room.ch\/wp-content\/uploads\/2019\/05\/avatar_user_11_1558711168-96x96.jpg","contentUrl":"https:\/\/vr-room.ch\/wp-content\/uploads\/2019\/05\/avatar_user_11_1558711168-96x96.jpg","caption":"Michael"},"url":"https:\/\/vr-room.ch\/fr\/author\/michael\/"}]}},"_links":{"self":[{"href":"https:\/\/vr-room.ch\/fr\/wp-json\/wp\/v2\/posts\/18807","targetHints":{"allow":["GET"]}}],"collection":[{"href":"https:\/\/vr-room.ch\/fr\/wp-json\/wp\/v2\/posts"}],"about":[{"href":"https:\/\/vr-room.ch\/fr\/wp-json\/wp\/v2\/types\/post"}],"author":[{"embeddable":true,"href":"https:\/\/vr-room.ch\/fr\/wp-json\/wp\/v2\/users\/11"}],"replies":[{"embeddable":true,"href":"https:\/\/vr-room.ch\/fr\/wp-json\/wp\/v2\/comments?post=18807"}],"version-history":[{"count":0,"href":"https:\/\/vr-room.ch\/fr\/wp-json\/wp\/v2\/posts\/18807\/revisions"}],"wp:featuredmedia":[{"embeddable":true,"href":"https:\/\/vr-room.ch\/fr\/wp-json\/wp\/v2\/media\/18810"}],"wp:attachment":[{"href":"https:\/\/vr-room.ch\/fr\/wp-json\/wp\/v2\/media?parent=18807"}],"wp:term":[{"taxonomy":"category","embeddable":true,"href":"https:\/\/vr-room.ch\/fr\/wp-json\/wp\/v2\/categories?post=18807"},{"taxonomy":"post_tag","embeddable":true,"href":"https:\/\/vr-room.ch\/fr\/wp-json\/wp\/v2\/tags?post=18807"}],"curies":[{"name":"wp","href":"https:\/\/api.w.org\/{rel}","templated":true}]}}