{"id":17989,"date":"2020-09-30T07:57:34","date_gmt":"2020-09-30T07:57:34","guid":{"rendered":"https:\/\/vr-room.ch\/?p=17989"},"modified":"2020-10-01T11:39:54","modified_gmt":"2020-10-01T11:39:54","slug":"paetch-steht-unter-dem-credo-es-bitzli-olma","status":"publish","type":"post","link":"https:\/\/vr-room.ch\/fr\/2020\/09\/30\/paetch-steht-unter-dem-credo-es-bitzli-olma\/","title":{"rendered":"\"P\u00e4tch\" a pour credo : \"Es bitzli OLMA\" (un peu d'OLMA)"},"content":{"rendered":"<h3 id=\"vom-9-11-oktober-und-vom-16-18-oktober-oeffnen-sich-fuer-die-besucherinnen-und-besucher-die-tore-des-olma-gelaendes-fuer-paetch-getreu-des-covid-19-schutzkonzeptes-maximal-5000-personen-pro-tag\">Du 9 au 11 octobre et du 16 au 18 octobre, les portes du site de l'Olma s'ouvriront aux visiteurs pour <a href=\"http:\/\/www.p\u00e4tch.ch\">P\u00e4tch<\/a>. Fid\u00e8le au concept de protection Covid-19 : 5000 personnes par jour au maximum. On entend de la part de la population qu'elle se r\u00e9jouit de \"es bitzli OLMA\". Les 150 exposants sont eux aussi impatients de pr\u00e9senter leurs produits et services, dont le jeu de dodgeball AR HADO.<\/h3>\n<p>L'un des points forts est le jeu de r\u00e9alit\u00e9 augment\u00e9e \"HADO\" dans le hall 9.1.2, que nous avions d\u00e9j\u00e0 pr\u00e9sent\u00e9 l'ann\u00e9e derni\u00e8re. <a href=\"https:\/\/vr-room.ch\/fr\/2019\/08\/18\/hado-st-gallen-im-test-teil-1\/\">test\u00e9<\/a> ont. Comme dans la balle au prisonnier, chaque joueur a un certain nombre de vies. Si l'on touche son adversaire avec la balle virtuelle, il perd une vie. On joue \u00e0 trois contre trois et l'environnement r\u00e9el est compl\u00e9t\u00e9 par des effets virtuels. HADO est le premier sport d'\u00e9quipe en r\u00e9alit\u00e9 augment\u00e9e au monde et attirera les visiteurs de P\u00e4tch - soit comme spectateurs, soit comme joueurs.<\/p>\n<p>Bien s\u00fbr, il y a aussi beaucoup d'autres attractions comme la gastronomie, la musique et la f\u00eate foraine. \"Un peu d'OLMA\", en somme.<\/p>\n<p>Source : olma-messen.ch \/ Die Ostschweiz<\/p>","protected":false},"excerpt":{"rendered":"Du 9 au 11 octobre et du 16 au 18 octobre, les portes du site de l'Olma s'ouvriront aux visiteurs...","protected":false},"author":12,"featured_media":17990,"comment_status":"open","ping_status":"open","sticky":false,"template":"","format":"standard","meta":{"footnotes":""},"categories":[68],"tags":[],"class_list":{"0":"post-17989","1":"post","2":"type-post","3":"status-publish","4":"format-standard","5":"has-post-thumbnail","7":"category-virtual-reality-schweiz","8":"cs-entry","9":"cs-video-wrap"},"yoast_head":"<!-- This site is optimized with the Yoast SEO plugin v27.4 - https:\/\/yoast.com\/product\/yoast-seo-wordpress\/ -->\n<title>\u00abP\u00e4tch\u00bb steht unter dem Credo: \u00abEs bitzli OLMA\u00bb - Schweizer Virtual Reality News<\/title>\n<meta name=\"robots\" content=\"index, follow, max-snippet:-1, max-image-preview:large, max-video-preview:-1\" \/>\n<link rel=\"canonical\" href=\"http:\/\/vr-room.ch\/fr\/2020\/09\/30\/paetch-steht-unter-dem-credo-es-bitzli-olma\/\" \/>\n<meta property=\"og:locale\" content=\"fr_FR\" \/>\n<meta property=\"og:type\" content=\"article\" \/>\n<meta property=\"og:title\" content=\"\u00abP\u00e4tch\u00bb steht unter dem Credo: \u00abEs bitzli OLMA\u00bb - Schweizer Virtual Reality News\" \/>\n<meta property=\"og:description\" content=\"Vom 9.-11. Oktober und vom 16.-18. Oktober \u00f6ffnen sich f\u00fcr die Besucherinnen und Besucher die Tore des Olma-Gel\u00e4ndes&hellip;\" \/>\n<meta property=\"og:url\" content=\"http:\/\/vr-room.ch\/fr\/2020\/09\/30\/paetch-steht-unter-dem-credo-es-bitzli-olma\/\" \/>\n<meta property=\"og:site_name\" content=\"Schweizer Virtual Reality News\" \/>\n<meta property=\"article:published_time\" content=\"2020-09-30T07:57:34+00:00\" \/>\n<meta property=\"article:modified_time\" content=\"2020-10-01T11:39:54+00:00\" \/>\n<meta property=\"og:image\" content=\"https:\/\/vr-room.ch\/wp-content\/uploads\/2020\/09\/Screenshot_2020-09-29-P\u00e4tch.png\" \/>\n\t<meta property=\"og:image:width\" content=\"1838\" \/>\n\t<meta property=\"og:image:height\" content=\"505\" \/>\n\t<meta property=\"og:image:type\" content=\"image\/png\" \/>\n<meta name=\"author\" content=\"Nathalie\" \/>\n<meta name=\"twitter:card\" content=\"summary_large_image\" \/>\n<meta name=\"twitter:label1\" content=\"\u00c9crit par\" \/>\n\t<meta name=\"twitter:data1\" content=\"Nathalie\" \/>\n\t<meta name=\"twitter:label2\" content=\"Dur\u00e9e de lecture estim\u00e9e\" \/>\n\t<meta name=\"twitter:data2\" content=\"1 minute\" \/>\n<script type=\"application\/ld+json\" class=\"yoast-schema-graph\">{\"@context\":\"https:\\\/\\\/schema.org\",\"@graph\":[{\"@type\":\"Article\",\"@id\":\"http:\\\/\\\/vr-room.ch\\\/en\\\/2020\\\/09\\\/30\\\/paetch-steht-unter-dem-credo-es-bitzli-olma\\\/#article\",\"isPartOf\":{\"@id\":\"http:\\\/\\\/vr-room.ch\\\/en\\\/2020\\\/09\\\/30\\\/paetch-steht-unter-dem-credo-es-bitzli-olma\\\/\"},\"author\":{\"name\":\"Nathalie\",\"@id\":\"http:\\\/\\\/vr-room.ch\\\/en\\\/#\\\/schema\\\/person\\\/1a03b3a6ced429fb4831f60fa2b37599\"},\"headline\":\"\u00abP\u00e4tch\u00bb steht unter dem Credo: \u00abEs bitzli OLMA\u00bb\",\"datePublished\":\"2020-09-30T07:57:34+00:00\",\"dateModified\":\"2020-10-01T11:39:54+00:00\",\"mainEntityOfPage\":{\"@id\":\"http:\\\/\\\/vr-room.ch\\\/en\\\/2020\\\/09\\\/30\\\/paetch-steht-unter-dem-credo-es-bitzli-olma\\\/\"},\"wordCount\":184,\"commentCount\":0,\"image\":{\"@id\":\"http:\\\/\\\/vr-room.ch\\\/en\\\/2020\\\/09\\\/30\\\/paetch-steht-unter-dem-credo-es-bitzli-olma\\\/#primaryimage\"},\"thumbnailUrl\":\"https:\\\/\\\/vr-room.ch\\\/wp-content\\\/uploads\\\/2020\\\/09\\\/Screenshot_2020-09-29-P\u00e4tch.png\",\"articleSection\":[\"Schweiz\"],\"inLanguage\":\"fr-FR\",\"potentialAction\":[{\"@type\":\"CommentAction\",\"name\":\"Comment\",\"target\":[\"http:\\\/\\\/vr-room.ch\\\/en\\\/2020\\\/09\\\/30\\\/paetch-steht-unter-dem-credo-es-bitzli-olma\\\/#respond\"]}]},{\"@type\":\"WebPage\",\"@id\":\"http:\\\/\\\/vr-room.ch\\\/en\\\/2020\\\/09\\\/30\\\/paetch-steht-unter-dem-credo-es-bitzli-olma\\\/\",\"url\":\"http:\\\/\\\/vr-room.ch\\\/en\\\/2020\\\/09\\\/30\\\/paetch-steht-unter-dem-credo-es-bitzli-olma\\\/\",\"name\":\"\u00abP\u00e4tch\u00bb steht unter dem Credo: \u00abEs bitzli OLMA\u00bb - Schweizer Virtual Reality News\",\"isPartOf\":{\"@id\":\"http:\\\/\\\/vr-room.ch\\\/en\\\/#website\"},\"primaryImageOfPage\":{\"@id\":\"http:\\\/\\\/vr-room.ch\\\/en\\\/2020\\\/09\\\/30\\\/paetch-steht-unter-dem-credo-es-bitzli-olma\\\/#primaryimage\"},\"image\":{\"@id\":\"http:\\\/\\\/vr-room.ch\\\/en\\\/2020\\\/09\\\/30\\\/paetch-steht-unter-dem-credo-es-bitzli-olma\\\/#primaryimage\"},\"thumbnailUrl\":\"https:\\\/\\\/vr-room.ch\\\/wp-content\\\/uploads\\\/2020\\\/09\\\/Screenshot_2020-09-29-P\u00e4tch.png\",\"datePublished\":\"2020-09-30T07:57:34+00:00\",\"dateModified\":\"2020-10-01T11:39:54+00:00\",\"author\":{\"@id\":\"http:\\\/\\\/vr-room.ch\\\/en\\\/#\\\/schema\\\/person\\\/1a03b3a6ced429fb4831f60fa2b37599\"},\"breadcrumb\":{\"@id\":\"http:\\\/\\\/vr-room.ch\\\/en\\\/2020\\\/09\\\/30\\\/paetch-steht-unter-dem-credo-es-bitzli-olma\\\/#breadcrumb\"},\"inLanguage\":\"fr-FR\",\"potentialAction\":[{\"@type\":\"ReadAction\",\"target\":[\"http:\\\/\\\/vr-room.ch\\\/en\\\/2020\\\/09\\\/30\\\/paetch-steht-unter-dem-credo-es-bitzli-olma\\\/\"]}]},{\"@type\":\"ImageObject\",\"inLanguage\":\"fr-FR\",\"@id\":\"http:\\\/\\\/vr-room.ch\\\/en\\\/2020\\\/09\\\/30\\\/paetch-steht-unter-dem-credo-es-bitzli-olma\\\/#primaryimage\",\"url\":\"https:\\\/\\\/vr-room.ch\\\/wp-content\\\/uploads\\\/2020\\\/09\\\/Screenshot_2020-09-29-P\u00e4tch.png\",\"contentUrl\":\"https:\\\/\\\/vr-room.ch\\\/wp-content\\\/uploads\\\/2020\\\/09\\\/Screenshot_2020-09-29-P\u00e4tch.png\",\"width\":1838,\"height\":505,\"caption\":\"P\u00e4tch\"},{\"@type\":\"BreadcrumbList\",\"@id\":\"http:\\\/\\\/vr-room.ch\\\/en\\\/2020\\\/09\\\/30\\\/paetch-steht-unter-dem-credo-es-bitzli-olma\\\/#breadcrumb\",\"itemListElement\":[{\"@type\":\"ListItem\",\"position\":1,\"name\":\"Startseite\",\"item\":\"http:\\\/\\\/vr-room.ch\\\/en\\\/\"},{\"@type\":\"ListItem\",\"position\":2,\"name\":\"\u00abP\u00e4tch\u00bb steht unter dem Credo: \u00abEs bitzli OLMA\u00bb\"}]},{\"@type\":\"WebSite\",\"@id\":\"http:\\\/\\\/vr-room.ch\\\/en\\\/#website\",\"url\":\"http:\\\/\\\/vr-room.ch\\\/en\\\/\",\"name\":\"Schweizer Virtual Reality News\",\"description\":\"\",\"potentialAction\":[{\"@type\":\"SearchAction\",\"target\":{\"@type\":\"EntryPoint\",\"urlTemplate\":\"http:\\\/\\\/vr-room.ch\\\/en\\\/?s={search_term_string}\"},\"query-input\":{\"@type\":\"PropertyValueSpecification\",\"valueRequired\":true,\"valueName\":\"search_term_string\"}}],\"inLanguage\":\"fr-FR\"},{\"@type\":\"Person\",\"@id\":\"http:\\\/\\\/vr-room.ch\\\/en\\\/#\\\/schema\\\/person\\\/1a03b3a6ced429fb4831f60fa2b37599\",\"name\":\"Nathalie\",\"image\":{\"@type\":\"ImageObject\",\"inLanguage\":\"fr-FR\",\"@id\":\"https:\\\/\\\/vr-room.ch\\\/wp-content\\\/uploads\\\/2017\\\/01\\\/avatar_user_12_1484159890-96x96.jpg\",\"url\":\"https:\\\/\\\/vr-room.ch\\\/wp-content\\\/uploads\\\/2017\\\/01\\\/avatar_user_12_1484159890-96x96.jpg\",\"contentUrl\":\"https:\\\/\\\/vr-room.ch\\\/wp-content\\\/uploads\\\/2017\\\/01\\\/avatar_user_12_1484159890-96x96.jpg\",\"caption\":\"Nathalie\"},\"url\":\"https:\\\/\\\/vr-room.ch\\\/fr\\\/author\\\/nathalie\\\/\"}]}<\/script>\n<!-- \/ Yoast SEO plugin. -->","yoast_head_json":{"title":"\u00abP\u00e4tch\u00bb steht unter dem Credo: \u00abEs bitzli OLMA\u00bb - Schweizer Virtual Reality News","robots":{"index":"index","follow":"follow","max-snippet":"max-snippet:-1","max-image-preview":"max-image-preview:large","max-video-preview":"max-video-preview:-1"},"canonical":"http:\/\/vr-room.ch\/fr\/2020\/09\/30\/paetch-steht-unter-dem-credo-es-bitzli-olma\/","og_locale":"fr_FR","og_type":"article","og_title":"\u00abP\u00e4tch\u00bb steht unter dem Credo: \u00abEs bitzli OLMA\u00bb - Schweizer Virtual Reality News","og_description":"Vom 9.-11. Oktober und vom 16.-18. Oktober \u00f6ffnen sich f\u00fcr die Besucherinnen und Besucher die Tore des Olma-Gel\u00e4ndes&hellip;","og_url":"http:\/\/vr-room.ch\/fr\/2020\/09\/30\/paetch-steht-unter-dem-credo-es-bitzli-olma\/","og_site_name":"Schweizer Virtual Reality News","article_published_time":"2020-09-30T07:57:34+00:00","article_modified_time":"2020-10-01T11:39:54+00:00","og_image":[{"width":1838,"height":505,"url":"https:\/\/vr-room.ch\/wp-content\/uploads\/2020\/09\/Screenshot_2020-09-29-P\u00e4tch.png","type":"image\/png"}],"author":"Nathalie","twitter_card":"summary_large_image","twitter_misc":{"\u00c9crit par":"Nathalie","Dur\u00e9e de lecture estim\u00e9e":"1 minute"},"schema":{"@context":"https:\/\/schema.org","@graph":[{"@type":"Article","@id":"http:\/\/vr-room.ch\/en\/2020\/09\/30\/paetch-steht-unter-dem-credo-es-bitzli-olma\/#article","isPartOf":{"@id":"http:\/\/vr-room.ch\/en\/2020\/09\/30\/paetch-steht-unter-dem-credo-es-bitzli-olma\/"},"author":{"name":"Nathalie","@id":"http:\/\/vr-room.ch\/en\/#\/schema\/person\/1a03b3a6ced429fb4831f60fa2b37599"},"headline":"\u00abP\u00e4tch\u00bb steht unter dem Credo: \u00abEs bitzli OLMA\u00bb","datePublished":"2020-09-30T07:57:34+00:00","dateModified":"2020-10-01T11:39:54+00:00","mainEntityOfPage":{"@id":"http:\/\/vr-room.ch\/en\/2020\/09\/30\/paetch-steht-unter-dem-credo-es-bitzli-olma\/"},"wordCount":184,"commentCount":0,"image":{"@id":"http:\/\/vr-room.ch\/en\/2020\/09\/30\/paetch-steht-unter-dem-credo-es-bitzli-olma\/#primaryimage"},"thumbnailUrl":"https:\/\/vr-room.ch\/wp-content\/uploads\/2020\/09\/Screenshot_2020-09-29-P\u00e4tch.png","articleSection":["Schweiz"],"inLanguage":"fr-FR","potentialAction":[{"@type":"CommentAction","name":"Comment","target":["http:\/\/vr-room.ch\/en\/2020\/09\/30\/paetch-steht-unter-dem-credo-es-bitzli-olma\/#respond"]}]},{"@type":"WebPage","@id":"http:\/\/vr-room.ch\/en\/2020\/09\/30\/paetch-steht-unter-dem-credo-es-bitzli-olma\/","url":"http:\/\/vr-room.ch\/en\/2020\/09\/30\/paetch-steht-unter-dem-credo-es-bitzli-olma\/","name":"\u00abP\u00e4tch\u00bb steht unter dem Credo: \u00abEs bitzli OLMA\u00bb - Schweizer Virtual Reality News","isPartOf":{"@id":"http:\/\/vr-room.ch\/en\/#website"},"primaryImageOfPage":{"@id":"http:\/\/vr-room.ch\/en\/2020\/09\/30\/paetch-steht-unter-dem-credo-es-bitzli-olma\/#primaryimage"},"image":{"@id":"http:\/\/vr-room.ch\/en\/2020\/09\/30\/paetch-steht-unter-dem-credo-es-bitzli-olma\/#primaryimage"},"thumbnailUrl":"https:\/\/vr-room.ch\/wp-content\/uploads\/2020\/09\/Screenshot_2020-09-29-P\u00e4tch.png","datePublished":"2020-09-30T07:57:34+00:00","dateModified":"2020-10-01T11:39:54+00:00","author":{"@id":"http:\/\/vr-room.ch\/en\/#\/schema\/person\/1a03b3a6ced429fb4831f60fa2b37599"},"breadcrumb":{"@id":"http:\/\/vr-room.ch\/en\/2020\/09\/30\/paetch-steht-unter-dem-credo-es-bitzli-olma\/#breadcrumb"},"inLanguage":"fr-FR","potentialAction":[{"@type":"ReadAction","target":["http:\/\/vr-room.ch\/en\/2020\/09\/30\/paetch-steht-unter-dem-credo-es-bitzli-olma\/"]}]},{"@type":"ImageObject","inLanguage":"fr-FR","@id":"http:\/\/vr-room.ch\/en\/2020\/09\/30\/paetch-steht-unter-dem-credo-es-bitzli-olma\/#primaryimage","url":"https:\/\/vr-room.ch\/wp-content\/uploads\/2020\/09\/Screenshot_2020-09-29-P\u00e4tch.png","contentUrl":"https:\/\/vr-room.ch\/wp-content\/uploads\/2020\/09\/Screenshot_2020-09-29-P\u00e4tch.png","width":1838,"height":505,"caption":"P\u00e4tch"},{"@type":"BreadcrumbList","@id":"http:\/\/vr-room.ch\/en\/2020\/09\/30\/paetch-steht-unter-dem-credo-es-bitzli-olma\/#breadcrumb","itemListElement":[{"@type":"ListItem","position":1,"name":"Startseite","item":"http:\/\/vr-room.ch\/en\/"},{"@type":"ListItem","position":2,"name":"\u00abP\u00e4tch\u00bb steht unter dem Credo: \u00abEs bitzli OLMA\u00bb"}]},{"@type":"WebSite","@id":"http:\/\/vr-room.ch\/en\/#website","url":"http:\/\/vr-room.ch\/en\/","name":"Nouvelles de la r\u00e9alit\u00e9 virtuelle suisse","description":"","potentialAction":[{"@type":"SearchAction","target":{"@type":"EntryPoint","urlTemplate":"http:\/\/vr-room.ch\/en\/?s={search_term_string}"},"query-input":{"@type":"PropertyValueSpecification","valueRequired":true,"valueName":"search_term_string"}}],"inLanguage":"fr-FR"},{"@type":"Person","@id":"http:\/\/vr-room.ch\/en\/#\/schema\/person\/1a03b3a6ced429fb4831f60fa2b37599","name":"Nathalie","image":{"@type":"ImageObject","inLanguage":"fr-FR","@id":"https:\/\/vr-room.ch\/wp-content\/uploads\/2017\/01\/avatar_user_12_1484159890-96x96.jpg","url":"https:\/\/vr-room.ch\/wp-content\/uploads\/2017\/01\/avatar_user_12_1484159890-96x96.jpg","contentUrl":"https:\/\/vr-room.ch\/wp-content\/uploads\/2017\/01\/avatar_user_12_1484159890-96x96.jpg","caption":"Nathalie"},"url":"https:\/\/vr-room.ch\/fr\/author\/nathalie\/"}]}},"_links":{"self":[{"href":"https:\/\/vr-room.ch\/fr\/wp-json\/wp\/v2\/posts\/17989","targetHints":{"allow":["GET"]}}],"collection":[{"href":"https:\/\/vr-room.ch\/fr\/wp-json\/wp\/v2\/posts"}],"about":[{"href":"https:\/\/vr-room.ch\/fr\/wp-json\/wp\/v2\/types\/post"}],"author":[{"embeddable":true,"href":"https:\/\/vr-room.ch\/fr\/wp-json\/wp\/v2\/users\/12"}],"replies":[{"embeddable":true,"href":"https:\/\/vr-room.ch\/fr\/wp-json\/wp\/v2\/comments?post=17989"}],"version-history":[{"count":0,"href":"https:\/\/vr-room.ch\/fr\/wp-json\/wp\/v2\/posts\/17989\/revisions"}],"wp:featuredmedia":[{"embeddable":true,"href":"https:\/\/vr-room.ch\/fr\/wp-json\/wp\/v2\/media\/17990"}],"wp:attachment":[{"href":"https:\/\/vr-room.ch\/fr\/wp-json\/wp\/v2\/media?parent=17989"}],"wp:term":[{"taxonomy":"category","embeddable":true,"href":"https:\/\/vr-room.ch\/fr\/wp-json\/wp\/v2\/categories?post=17989"},{"taxonomy":"post_tag","embeddable":true,"href":"https:\/\/vr-room.ch\/fr\/wp-json\/wp\/v2\/tags?post=17989"}],"curies":[{"name":"wp","href":"https:\/\/api.w.org\/{rel}","templated":true}]}}