{"id":17662,"date":"2020-08-13T12:26:44","date_gmt":"2020-08-13T12:26:44","guid":{"rendered":"https:\/\/vr-room.ch\/?p=17662"},"modified":"2020-08-13T12:26:44","modified_gmt":"2020-08-13T12:26:44","slug":"nestle-pusht-augmented-reality-in-den-fabriken","status":"publish","type":"post","link":"https:\/\/vr-room.ch\/fr\/2020\/08\/13\/nestle-pusht-augmented-reality-in-den-fabriken\/","title":{"rendered":"Nestl\u00e9 pousse la r\u00e9alit\u00e9 augment\u00e9e dans ses usines"},"content":{"rendered":"<h3 id=\"nestle-setzt-waehrend-corona-vermehrt-auf-augmented-reality-um-technischen-support-zu-leisten-auch-nach-der-pandemie-will-das-unternehmen-diesen-weg-weiter-beschreiten\">Nestl\u00e9 setzt w\u00e4hrend Corona vermehrt auf Augmented Reality, um technischen Support zu leisten. Auch nach der Pandemie will das Unternehmen diesen Weg weiter beschreiten.<!--more--><\/h3>\n<div class=\"clearfix text-formatted field field--name-body field--type-text-with-summary field--label-hidden field__item\">\n<div id=\"C32A827E-170A-5360-2D95-9BC447E7758A\" class=\"story story_body\">\n<p class=\"para para_$ID\/NormalParagraphStyle\"><span class=\"char char_$ID\/[No_character_style]\">Aufgrund der Einschr\u00e4nkungen in Zusammenhang mit Covid-19 hat Nestl\u00e9 die technische Unterst\u00fctzung mittels Augmented Reality weiter ausgebaut. Der Nahrungsmittelkonzern hatte zwar Projekte zur technischen Fernunterst\u00fctzung bereits vor der Pandemie in Angriff genommen; die Coronakrise verlieh diesen Projekten nun zus\u00e4tzlichen Antrieb.<br \/>\n<\/span><\/p>\n<h3 id=\"fernunterstuetzng-mit-ar\">Fernunterst\u00fctzng mit AR<\/h3>\n<p class=\"para para_$ID\/NormalParagraphStyle\"><span class=\"char char_$ID\/[No_character_style]\">Mit Hilfe von smarten Brillen und 360-Grad-Kameras k\u00f6nnen Nestl\u00e9-Experten ihre Produktionsst\u00e4tten, Forschungs- und Entwicklungsstandorte sowie externe Lieferanten aus der Ferne unterst\u00fctzen. Das multinationale Unternehmen mit Hauptsitz in der Schweiz nutzt diese Technologien etwa beim Aufbau oder der Neukonfiguration von Fabrikanlagen, f\u00fcr kritische Wartungsarbeiten und zur \u00dcberpr\u00fcfung der Ausr\u00fcstung von Lieferanten.<\/span><\/p>\n<p><span class=\"char char_$ID\/[No_character_style]\">\u00ab<\/span>Der Schutz unserer Mitarbeiter hat f\u00fcr Nestl\u00e9 oberste Priorit\u00e4t. Die Einf\u00fchrung von beispielsweise Augmented-Reality-Technologie hilft uns dabei, Geschwindigkeit und Effizienz in unseren Fabriken zu steigern und unsere Reiset\u00e4tigkeiten insgesamt zur\u00fcckzufahren<span class=\"char char_$ID\/[No_character_style]\">\u00bb<\/span>, so David Findlay, Global Head of Manufacturing bei Nestl\u00e9. Und weiter <span class=\"char char_$ID\/[No_character_style]\">\u00ab<\/span>Ich bin sehr stolz darauf, dass unsere Teams den Einsatz dieser Technologie so schnell ausgeweitet haben. Das hat unsere Fabriken auch w\u00e4hrend COVID-19 reibungslos am Laufen gehalten und uns dabei geholfen, neue Investitionsprojekte p\u00fcnktlich umzusetzen.<span class=\"char char_$ID\/[No_character_style]\">\u00bb<\/span><\/p>\n<h3 id=\"mehr-als-die-antwort-auf-corona\">Mehr als die Antwort auf Corona<\/h3>\n<p>Nestl\u00e9 arbeitet fortlaufen daran, ihre Betriebsabl\u00e4ufe umzugestalten und Lieferketten und Produktion weiter zu digitalisieren. Ziel ist, durch Daten, k\u00fcnstliche Intelligenz, Automatisierung und vorausschauende Analysen einen Wettbewerbsvorteil zu schaffen. Gleichzeitig tr\u00e4gt die Digitalisierung dazu bei, Umweltziele wie die Reduzierung von CO2- Emissionen zu erreichen, zum Beispiel wenn Reisen vermieden werden k\u00f6nnen. So meint Findlay auch: <span class=\"char char_$ID\/[No_character_style]\">\u00abFernunterst\u00fctzung ist nicht nur eine Antwort auf Covid-19. In Zukunft wird sie zu einer neuen Arbeitsweise werden. Dank ihr werden Installationen schneller und effizienter, und es sind weniger Reisen zu den Nestl\u00e9-Standorten notwendig, was uns helfen wird, die CO2-Emissionen in unserem gesamten Unternehmen zu reduzieren.\u00bb<\/span><\/p>\n<p class=\"para para_$ID\/NormalParagraphStyle\"><span class=\"char char_$ID\/[No_character_style]\">Dank Augmented Reality konnten die Forschungs- und Entwicklungsteams in der Schweiz beispielsweise die Installation einer neuen Produktionslinie f\u00fcr eine Milchfabrik in Thailand unterst\u00fctzen. Zudem sei die Technologie unter anderem bei Wartungsarbeiten in seinen Fabriken in Kolumbien und Ecuador sowie bei der Installation einer neuen Tierfutterproduktion in den USA eingesetzt worden.<\/span><\/p>\n<p><iframe loading=\"lazy\" title=\"Nestl\u00e9 Remote Factory Assistance\" width=\"1200\" height=\"675\" src=\"https:\/\/www.youtube.com\/embed\/urturNtD4c8?feature=oembed\" frameborder=\"0\" allow=\"accelerometer; autoplay; clipboard-write; encrypted-media; gyroscope; picture-in-picture\" allowfullscreen><\/iframe><\/p>\n<\/div>\n<\/div>\n<p>Quelle: it-markt \/ Presseportal \/ Youtube<\/p>\n","protected":false},"excerpt":{"rendered":"Pendant Corona, Nestl\u00e9 mise de plus en plus sur la r\u00e9alit\u00e9 augment\u00e9e pour fournir une assistance technique. M\u00eame apr\u00e8s la pand\u00e9mie,...","protected":false},"author":12,"featured_media":17665,"comment_status":"open","ping_status":"open","sticky":false,"template":"","format":"standard","meta":{"footnotes":""},"categories":[68],"tags":[],"class_list":{"0":"post-17662","1":"post","2":"type-post","3":"status-publish","4":"format-standard","5":"has-post-thumbnail","7":"category-virtual-reality-schweiz","8":"cs-entry","9":"cs-video-wrap"},"yoast_head":"<!-- This site is optimized with the Yoast SEO plugin v27.4 - https:\/\/yoast.com\/product\/yoast-seo-wordpress\/ -->\n<title>Nestl\u00e9 pusht Augmented Reality in den Fabriken - Schweizer Virtual Reality News<\/title>\n<meta name=\"robots\" content=\"index, follow, max-snippet:-1, max-image-preview:large, max-video-preview:-1\" \/>\n<link rel=\"canonical\" href=\"https:\/\/vr-room.ch\/fr\/2020\/08\/13\/nestle-pusht-augmented-reality-in-den-fabriken\/\" \/>\n<meta property=\"og:locale\" content=\"fr_FR\" \/>\n<meta property=\"og:type\" content=\"article\" \/>\n<meta property=\"og:title\" content=\"Nestl\u00e9 pusht Augmented Reality in den Fabriken - Schweizer Virtual Reality News\" \/>\n<meta property=\"og:description\" content=\"Nestl\u00e9 setzt w\u00e4hrend Corona vermehrt auf Augmented Reality, um technischen Support zu leisten. Auch nach der Pandemie will&hellip;\" \/>\n<meta property=\"og:url\" content=\"https:\/\/vr-room.ch\/fr\/2020\/08\/13\/nestle-pusht-augmented-reality-in-den-fabriken\/\" \/>\n<meta property=\"og:site_name\" content=\"Schweizer Virtual Reality News\" \/>\n<meta property=\"article:published_time\" content=\"2020-08-13T12:26:44+00:00\" \/>\n<meta property=\"og:image\" content=\"https:\/\/vr-room.ch\/wp-content\/uploads\/2020\/08\/Smart-Glasses.jpg\" \/>\n\t<meta property=\"og:image:width\" content=\"1751\" \/>\n\t<meta property=\"og:image:height\" content=\"976\" \/>\n\t<meta property=\"og:image:type\" content=\"image\/jpeg\" \/>\n<meta name=\"author\" content=\"Nathalie\" \/>\n<meta name=\"twitter:card\" content=\"summary_large_image\" \/>\n<meta name=\"twitter:label1\" content=\"\u00c9crit par\" \/>\n\t<meta name=\"twitter:data1\" content=\"Nathalie\" \/>\n\t<meta name=\"twitter:label2\" content=\"Dur\u00e9e de lecture estim\u00e9e\" \/>\n\t<meta name=\"twitter:data2\" content=\"2 minutes\" \/>\n<script type=\"application\/ld+json\" class=\"yoast-schema-graph\">{\"@context\":\"https:\\\/\\\/schema.org\",\"@graph\":[{\"@type\":\"Article\",\"@id\":\"https:\\\/\\\/vr-room.ch\\\/en\\\/2020\\\/08\\\/13\\\/nestle-pusht-augmented-reality-in-den-fabriken\\\/#article\",\"isPartOf\":{\"@id\":\"https:\\\/\\\/vr-room.ch\\\/en\\\/2020\\\/08\\\/13\\\/nestle-pusht-augmented-reality-in-den-fabriken\\\/\"},\"author\":{\"name\":\"Nathalie\",\"@id\":\"http:\\\/\\\/vr-room.ch\\\/en\\\/#\\\/schema\\\/person\\\/1a03b3a6ced429fb4831f60fa2b37599\"},\"headline\":\"Nestl\u00e9 pusht Augmented Reality in den Fabriken\",\"datePublished\":\"2020-08-13T12:26:44+00:00\",\"mainEntityOfPage\":{\"@id\":\"https:\\\/\\\/vr-room.ch\\\/en\\\/2020\\\/08\\\/13\\\/nestle-pusht-augmented-reality-in-den-fabriken\\\/\"},\"wordCount\":394,\"commentCount\":0,\"image\":{\"@id\":\"https:\\\/\\\/vr-room.ch\\\/en\\\/2020\\\/08\\\/13\\\/nestle-pusht-augmented-reality-in-den-fabriken\\\/#primaryimage\"},\"thumbnailUrl\":\"https:\\\/\\\/vr-room.ch\\\/wp-content\\\/uploads\\\/2020\\\/08\\\/Smart-Glasses.jpg\",\"articleSection\":[\"Schweiz\"],\"inLanguage\":\"fr-FR\",\"potentialAction\":[{\"@type\":\"CommentAction\",\"name\":\"Comment\",\"target\":[\"https:\\\/\\\/vr-room.ch\\\/en\\\/2020\\\/08\\\/13\\\/nestle-pusht-augmented-reality-in-den-fabriken\\\/#respond\"]}]},{\"@type\":\"WebPage\",\"@id\":\"https:\\\/\\\/vr-room.ch\\\/en\\\/2020\\\/08\\\/13\\\/nestle-pusht-augmented-reality-in-den-fabriken\\\/\",\"url\":\"https:\\\/\\\/vr-room.ch\\\/en\\\/2020\\\/08\\\/13\\\/nestle-pusht-augmented-reality-in-den-fabriken\\\/\",\"name\":\"Nestl\u00e9 pusht Augmented Reality in den Fabriken - Schweizer Virtual Reality News\",\"isPartOf\":{\"@id\":\"http:\\\/\\\/vr-room.ch\\\/en\\\/#website\"},\"primaryImageOfPage\":{\"@id\":\"https:\\\/\\\/vr-room.ch\\\/en\\\/2020\\\/08\\\/13\\\/nestle-pusht-augmented-reality-in-den-fabriken\\\/#primaryimage\"},\"image\":{\"@id\":\"https:\\\/\\\/vr-room.ch\\\/en\\\/2020\\\/08\\\/13\\\/nestle-pusht-augmented-reality-in-den-fabriken\\\/#primaryimage\"},\"thumbnailUrl\":\"https:\\\/\\\/vr-room.ch\\\/wp-content\\\/uploads\\\/2020\\\/08\\\/Smart-Glasses.jpg\",\"datePublished\":\"2020-08-13T12:26:44+00:00\",\"author\":{\"@id\":\"http:\\\/\\\/vr-room.ch\\\/en\\\/#\\\/schema\\\/person\\\/1a03b3a6ced429fb4831f60fa2b37599\"},\"breadcrumb\":{\"@id\":\"https:\\\/\\\/vr-room.ch\\\/en\\\/2020\\\/08\\\/13\\\/nestle-pusht-augmented-reality-in-den-fabriken\\\/#breadcrumb\"},\"inLanguage\":\"fr-FR\",\"potentialAction\":[{\"@type\":\"ReadAction\",\"target\":[\"https:\\\/\\\/vr-room.ch\\\/en\\\/2020\\\/08\\\/13\\\/nestle-pusht-augmented-reality-in-den-fabriken\\\/\"]}]},{\"@type\":\"ImageObject\",\"inLanguage\":\"fr-FR\",\"@id\":\"https:\\\/\\\/vr-room.ch\\\/en\\\/2020\\\/08\\\/13\\\/nestle-pusht-augmented-reality-in-den-fabriken\\\/#primaryimage\",\"url\":\"https:\\\/\\\/vr-room.ch\\\/wp-content\\\/uploads\\\/2020\\\/08\\\/Smart-Glasses.jpg\",\"contentUrl\":\"https:\\\/\\\/vr-room.ch\\\/wp-content\\\/uploads\\\/2020\\\/08\\\/Smart-Glasses.jpg\",\"width\":1751,\"height\":976,\"caption\":\"Nestle AR\"},{\"@type\":\"BreadcrumbList\",\"@id\":\"https:\\\/\\\/vr-room.ch\\\/en\\\/2020\\\/08\\\/13\\\/nestle-pusht-augmented-reality-in-den-fabriken\\\/#breadcrumb\",\"itemListElement\":[{\"@type\":\"ListItem\",\"position\":1,\"name\":\"Startseite\",\"item\":\"http:\\\/\\\/vr-room.ch\\\/en\\\/\"},{\"@type\":\"ListItem\",\"position\":2,\"name\":\"Nestl\u00e9 pusht Augmented Reality in den Fabriken\"}]},{\"@type\":\"WebSite\",\"@id\":\"http:\\\/\\\/vr-room.ch\\\/en\\\/#website\",\"url\":\"http:\\\/\\\/vr-room.ch\\\/en\\\/\",\"name\":\"Schweizer Virtual Reality News\",\"description\":\"\",\"potentialAction\":[{\"@type\":\"SearchAction\",\"target\":{\"@type\":\"EntryPoint\",\"urlTemplate\":\"http:\\\/\\\/vr-room.ch\\\/en\\\/?s={search_term_string}\"},\"query-input\":{\"@type\":\"PropertyValueSpecification\",\"valueRequired\":true,\"valueName\":\"search_term_string\"}}],\"inLanguage\":\"fr-FR\"},{\"@type\":\"Person\",\"@id\":\"http:\\\/\\\/vr-room.ch\\\/en\\\/#\\\/schema\\\/person\\\/1a03b3a6ced429fb4831f60fa2b37599\",\"name\":\"Nathalie\",\"image\":{\"@type\":\"ImageObject\",\"inLanguage\":\"fr-FR\",\"@id\":\"https:\\\/\\\/vr-room.ch\\\/wp-content\\\/uploads\\\/2017\\\/01\\\/avatar_user_12_1484159890-96x96.jpg\",\"url\":\"https:\\\/\\\/vr-room.ch\\\/wp-content\\\/uploads\\\/2017\\\/01\\\/avatar_user_12_1484159890-96x96.jpg\",\"contentUrl\":\"https:\\\/\\\/vr-room.ch\\\/wp-content\\\/uploads\\\/2017\\\/01\\\/avatar_user_12_1484159890-96x96.jpg\",\"caption\":\"Nathalie\"},\"url\":\"https:\\\/\\\/vr-room.ch\\\/fr\\\/author\\\/nathalie\\\/\"}]}<\/script>\n<!-- \/ Yoast SEO plugin. -->","yoast_head_json":{"title":"Nestl\u00e9 pusht Augmented Reality in den Fabriken - Schweizer Virtual Reality News","robots":{"index":"index","follow":"follow","max-snippet":"max-snippet:-1","max-image-preview":"max-image-preview:large","max-video-preview":"max-video-preview:-1"},"canonical":"https:\/\/vr-room.ch\/fr\/2020\/08\/13\/nestle-pusht-augmented-reality-in-den-fabriken\/","og_locale":"fr_FR","og_type":"article","og_title":"Nestl\u00e9 pusht Augmented Reality in den Fabriken - Schweizer Virtual Reality News","og_description":"Nestl\u00e9 setzt w\u00e4hrend Corona vermehrt auf Augmented Reality, um technischen Support zu leisten. Auch nach der Pandemie will&hellip;","og_url":"https:\/\/vr-room.ch\/fr\/2020\/08\/13\/nestle-pusht-augmented-reality-in-den-fabriken\/","og_site_name":"Schweizer Virtual Reality News","article_published_time":"2020-08-13T12:26:44+00:00","og_image":[{"width":1751,"height":976,"url":"https:\/\/vr-room.ch\/wp-content\/uploads\/2020\/08\/Smart-Glasses.jpg","type":"image\/jpeg"}],"author":"Nathalie","twitter_card":"summary_large_image","twitter_misc":{"\u00c9crit par":"Nathalie","Dur\u00e9e de lecture estim\u00e9e":"2 minutes"},"schema":{"@context":"https:\/\/schema.org","@graph":[{"@type":"Article","@id":"https:\/\/vr-room.ch\/en\/2020\/08\/13\/nestle-pusht-augmented-reality-in-den-fabriken\/#article","isPartOf":{"@id":"https:\/\/vr-room.ch\/en\/2020\/08\/13\/nestle-pusht-augmented-reality-in-den-fabriken\/"},"author":{"name":"Nathalie","@id":"http:\/\/vr-room.ch\/en\/#\/schema\/person\/1a03b3a6ced429fb4831f60fa2b37599"},"headline":"Nestl\u00e9 pusht Augmented Reality in den Fabriken","datePublished":"2020-08-13T12:26:44+00:00","mainEntityOfPage":{"@id":"https:\/\/vr-room.ch\/en\/2020\/08\/13\/nestle-pusht-augmented-reality-in-den-fabriken\/"},"wordCount":394,"commentCount":0,"image":{"@id":"https:\/\/vr-room.ch\/en\/2020\/08\/13\/nestle-pusht-augmented-reality-in-den-fabriken\/#primaryimage"},"thumbnailUrl":"https:\/\/vr-room.ch\/wp-content\/uploads\/2020\/08\/Smart-Glasses.jpg","articleSection":["Schweiz"],"inLanguage":"fr-FR","potentialAction":[{"@type":"CommentAction","name":"Comment","target":["https:\/\/vr-room.ch\/en\/2020\/08\/13\/nestle-pusht-augmented-reality-in-den-fabriken\/#respond"]}]},{"@type":"WebPage","@id":"https:\/\/vr-room.ch\/en\/2020\/08\/13\/nestle-pusht-augmented-reality-in-den-fabriken\/","url":"https:\/\/vr-room.ch\/en\/2020\/08\/13\/nestle-pusht-augmented-reality-in-den-fabriken\/","name":"Nestl\u00e9 pusht Augmented Reality in den Fabriken - Schweizer Virtual Reality News","isPartOf":{"@id":"http:\/\/vr-room.ch\/en\/#website"},"primaryImageOfPage":{"@id":"https:\/\/vr-room.ch\/en\/2020\/08\/13\/nestle-pusht-augmented-reality-in-den-fabriken\/#primaryimage"},"image":{"@id":"https:\/\/vr-room.ch\/en\/2020\/08\/13\/nestle-pusht-augmented-reality-in-den-fabriken\/#primaryimage"},"thumbnailUrl":"https:\/\/vr-room.ch\/wp-content\/uploads\/2020\/08\/Smart-Glasses.jpg","datePublished":"2020-08-13T12:26:44+00:00","author":{"@id":"http:\/\/vr-room.ch\/en\/#\/schema\/person\/1a03b3a6ced429fb4831f60fa2b37599"},"breadcrumb":{"@id":"https:\/\/vr-room.ch\/en\/2020\/08\/13\/nestle-pusht-augmented-reality-in-den-fabriken\/#breadcrumb"},"inLanguage":"fr-FR","potentialAction":[{"@type":"ReadAction","target":["https:\/\/vr-room.ch\/en\/2020\/08\/13\/nestle-pusht-augmented-reality-in-den-fabriken\/"]}]},{"@type":"ImageObject","inLanguage":"fr-FR","@id":"https:\/\/vr-room.ch\/en\/2020\/08\/13\/nestle-pusht-augmented-reality-in-den-fabriken\/#primaryimage","url":"https:\/\/vr-room.ch\/wp-content\/uploads\/2020\/08\/Smart-Glasses.jpg","contentUrl":"https:\/\/vr-room.ch\/wp-content\/uploads\/2020\/08\/Smart-Glasses.jpg","width":1751,"height":976,"caption":"Nestle AR"},{"@type":"BreadcrumbList","@id":"https:\/\/vr-room.ch\/en\/2020\/08\/13\/nestle-pusht-augmented-reality-in-den-fabriken\/#breadcrumb","itemListElement":[{"@type":"ListItem","position":1,"name":"Startseite","item":"http:\/\/vr-room.ch\/en\/"},{"@type":"ListItem","position":2,"name":"Nestl\u00e9 pusht Augmented Reality in den Fabriken"}]},{"@type":"WebSite","@id":"http:\/\/vr-room.ch\/en\/#website","url":"http:\/\/vr-room.ch\/en\/","name":"Nouvelles de la r\u00e9alit\u00e9 virtuelle suisse","description":"","potentialAction":[{"@type":"SearchAction","target":{"@type":"EntryPoint","urlTemplate":"http:\/\/vr-room.ch\/en\/?s={search_term_string}"},"query-input":{"@type":"PropertyValueSpecification","valueRequired":true,"valueName":"search_term_string"}}],"inLanguage":"fr-FR"},{"@type":"Person","@id":"http:\/\/vr-room.ch\/en\/#\/schema\/person\/1a03b3a6ced429fb4831f60fa2b37599","name":"Nathalie","image":{"@type":"ImageObject","inLanguage":"fr-FR","@id":"https:\/\/vr-room.ch\/wp-content\/uploads\/2017\/01\/avatar_user_12_1484159890-96x96.jpg","url":"https:\/\/vr-room.ch\/wp-content\/uploads\/2017\/01\/avatar_user_12_1484159890-96x96.jpg","contentUrl":"https:\/\/vr-room.ch\/wp-content\/uploads\/2017\/01\/avatar_user_12_1484159890-96x96.jpg","caption":"Nathalie"},"url":"https:\/\/vr-room.ch\/fr\/author\/nathalie\/"}]}},"_links":{"self":[{"href":"https:\/\/vr-room.ch\/fr\/wp-json\/wp\/v2\/posts\/17662","targetHints":{"allow":["GET"]}}],"collection":[{"href":"https:\/\/vr-room.ch\/fr\/wp-json\/wp\/v2\/posts"}],"about":[{"href":"https:\/\/vr-room.ch\/fr\/wp-json\/wp\/v2\/types\/post"}],"author":[{"embeddable":true,"href":"https:\/\/vr-room.ch\/fr\/wp-json\/wp\/v2\/users\/12"}],"replies":[{"embeddable":true,"href":"https:\/\/vr-room.ch\/fr\/wp-json\/wp\/v2\/comments?post=17662"}],"version-history":[{"count":0,"href":"https:\/\/vr-room.ch\/fr\/wp-json\/wp\/v2\/posts\/17662\/revisions"}],"wp:featuredmedia":[{"embeddable":true,"href":"https:\/\/vr-room.ch\/fr\/wp-json\/wp\/v2\/media\/17665"}],"wp:attachment":[{"href":"https:\/\/vr-room.ch\/fr\/wp-json\/wp\/v2\/media?parent=17662"}],"wp:term":[{"taxonomy":"category","embeddable":true,"href":"https:\/\/vr-room.ch\/fr\/wp-json\/wp\/v2\/categories?post=17662"},{"taxonomy":"post_tag","embeddable":true,"href":"https:\/\/vr-room.ch\/fr\/wp-json\/wp\/v2\/tags?post=17662"}],"curies":[{"name":"wp","href":"https:\/\/api.w.org\/{rel}","templated":true}]}}